{"id":77055,"date":"2025-07-17T08:18:00","date_gmt":"2025-07-17T11:18:00","guid":{"rendered":"https:\/\/www.em.com.br\/emfoco\/?p=77055"},"modified":"2025-07-16T17:09:14","modified_gmt":"2025-07-16T20:09:14","slug":"bolsa-familia-garante-comida-dignidade-e-futuro-melhor","status":"publish","type":"post","link":"https:\/\/www.em.com.br\/emfoco\/2025\/07\/17\/bolsa-familia-garante-comida-dignidade-e-futuro-melhor\/","title":{"rendered":"Bolsa Fam\u00edlia garante comida, dignidade e futuro melhor!"},"content":{"rendered":"\n<p>A implementa\u00e7\u00e3o de programas sociais voltados para o combate \u00e0 pobreza \u00e9 uma estrat\u00e9gia comum em diversos pa\u00edses, inclusive no <strong>Brasil<\/strong>. Atualmente, o <strong><a href=\"https:\/\/www.em.com.br\/emfoco\/2025\/07\/16\/seu-nis-vale-ouro-veja-quando-cai-o-bolsa-familia-em-julho\/\" target=\"_blank\" rel=\"noreferrer noopener\">Bolsa Fam\u00edlia<\/a><\/strong> surge como um dos principais pilares do sistema de prote\u00e7\u00e3o social, proporcionando assist\u00eancia financeira aos lares em situa\u00e7\u00e3o de vulnerabilidade. No contexto atual, o programa foi atualizado com novas categorias de benef\u00edcios, visando uma cobertura mais abrangente e eficiente.<\/p>\n\n\n\n<p>Para fam\u00edlias em situa\u00e7\u00e3o de vulnerabilidade econ\u00f4mica, a distribui\u00e7\u00e3o de valores atrav\u00e9s do <strong>Bolsa Fam\u00edlia<\/strong> tem se mostrado fundamental. A estrutura do programa compreende diversos benef\u00edcios, cada um atendendo a necessidades espec\u00edficas da popula\u00e7\u00e3o. A aposta \u00e9 que, ao focar em componentes demogr\u00e1ficos como a inf\u00e2ncia, a gravidez e a condi\u00e7\u00e3o social, as pol\u00edticas p\u00fablicas alcancem um maior impacto social.<\/p>\n\n\n\n<h2 class=\"wp-block-heading\">Como funcionam os componentes do Bolsa Fam\u00edlia?<\/h2>\n\n\n<div class=\"wp-block-image\">\n<figure class=\"aligncenter size-large\"><img loading=\"lazy\" decoding=\"async\" width=\"1024\" height=\"576\" src=\"https:\/\/www.em.com.br\/emfoco\/wp-content\/uploads\/2025\/06\/beneficio-brasil_1750889236618-1024x576.jpg\" alt=\"Pagamento adicional no Bolsa Fam\u00edlia surpreende benefici\u00e1rios\" class=\"wp-image-67039\" srcset=\"https:\/\/www.em.com.br\/emfoco\/wp-content\/uploads\/2025\/06\/beneficio-brasil_1750889236618-1024x576.jpg 1024w, https:\/\/www.em.com.br\/emfoco\/wp-content\/uploads\/2025\/06\/beneficio-brasil_1750889236618-300x169.jpg 300w, https:\/\/www.em.com.br\/emfoco\/wp-content\/uploads\/2025\/06\/beneficio-brasil_1750889236618-768x432.jpg 768w, https:\/\/www.em.com.br\/emfoco\/wp-content\/uploads\/2025\/06\/beneficio-brasil_1750889236618-750x422.jpg 750w, https:\/\/www.em.com.br\/emfoco\/wp-content\/uploads\/2025\/06\/beneficio-brasil_1750889236618-1140x641.jpg 1140w, https:\/\/www.em.com.br\/emfoco\/wp-content\/uploads\/2025\/06\/beneficio-brasil_1750889236618.jpg 1280w\" sizes=\"auto, (max-width: 1024px) 100vw, 1024px\" \/><figcaption class=\"wp-element-caption\">Cart\u00e3o do Bolsa fam\u00edlia com notas de cem ao fundo &#8211; Cr\u00e9ditos: depositphotos.com \/ rafapress<\/figcaption><\/figure><\/div>\n\n\n<p>O <strong>Bolsa Fam\u00edlia<\/strong> \u00e9 composto por m\u00faltiplos benef\u00edcios. O <strong>Benef\u00edcio de Renda de Cidadania<\/strong> (BRC) prov\u00ea um valor de R$ 142 mensais para cada membro da fam\u00edlia, garantindo um suporte financeiro b\u00e1sico. Al\u00e9m desse, o <strong>Benef\u00edcio Complementar<\/strong> (<a href=\"https:\/\/www.gov.br\/mds\/pt-br\/auxilio-brasil\/beneficiocompensatorio#:~:text=O%20que%20%C3%A9%3F,renda%20para%20o%20Aux%C3%ADlio%20Brasil.\" target=\"_blank\" rel=\"noreferrer noopener\">BCO<\/a>) assegura que nenhuma fam\u00edlia receba menos de R$ 600 mensais, abordando assim desigualdades entre os diferentes lares brasileiros.<\/p>\n\n\n\n<p>Outra vertente do programa \u00e9 voltada para crian\u00e7as pequenas. O <strong>Benef\u00edcio Primeira Inf\u00e2ncia<\/strong> (BPI) destina R$ 150 para cada crian\u00e7a menor de 7 anos, ressaltando a import\u00e2ncia de prover recursos adicionais durante os primeiros anos de vida. Adicionalmente, o <strong>Benef\u00edcio Vari\u00e1vel Familiar<\/strong> (BVF) beneficia gestantes e jovens entre 7 a 17 anos, com um incremento de R$ 50, reiterando o apoio em momentos cruciais do desenvolvimento infantil.<\/p>\n\n\n\n<h2 class=\"wp-block-heading\">Como acessar e manter o Bolsa Fam\u00edlia?<\/h2>\n\n\n\n<p>Para se inscrever no <strong>Bolsa Fam\u00edlia<\/strong>, as fam\u00edlias devem estar registradas no <strong>Cadastro \u00danico para Programas Sociais do Governo Federal<\/strong> (<a href=\"https:\/\/www.gov.br\/pt-br\/servicos\/consultar-dados-do-cadastro-unico-cadunico\" target=\"_blank\" rel=\"noreferrer noopener\">Cad\u00danico<\/a>), apresentando informa\u00e7\u00f5es sobre a composi\u00e7\u00e3o familiar e renda. A inscri\u00e7\u00e3o pode ser feita nos <strong>Centros de Refer\u00eancia de Assist\u00eancia Social<\/strong> (CRAS) das cidades, onde os dados s\u00e3o verificados para confirmar a elegibilidade.<\/p>\n\n\n\n<p>Para assegurar a continuidade no recebimento dos benef\u00edcios, as fam\u00edlias devem cumprir certos requisitos relacionados \u00e0 sa\u00fade e \u00e0 educa\u00e7\u00e3o. Estas condi\u00e7\u00f5es incluem a manuten\u00e7\u00e3o da frequ\u00eancia escolar para jovens e acompanhamento de sa\u00fade para crian\u00e7as e gestantes. Essas exig\u00eancias refor\u00e7am o car\u00e1ter inclusivo e de fortalecimento social do programa, incentivando a busca por educa\u00e7\u00e3o e sa\u00fade de qualidade nas camadas mais vulner\u00e1veis da popula\u00e7\u00e3o.<\/p>\n\n\n\n<h2 class=\"wp-block-heading\">Impactos sociais do Bolsa Fam\u00edlia<\/h2>\n\n\n\n<p>A import\u00e2ncia do <strong>Bolsa Fam\u00edlia<\/strong> transcende a simples transfer\u00eancia de renda. O programa desempenha um papel essencial na promo\u00e7\u00e3o da igualdade e no combate \u00e0 pobreza extrema. Ao direcionar os recursos de forma equitativa e estrat\u00e9gica, ele colabora para a inclus\u00e3o socioecon\u00f4mica de milhares de brasileiros.<\/p>\n\n\n\n<p>Diversas pesquisas apontam que o <strong>Bolsa Fam\u00edlia<\/strong> contribui para a redu\u00e7\u00e3o da evas\u00e3o escolar, diminui\u00e7\u00e3o da mortalidade infantil e melhoria das condi\u00e7\u00f5es de vida nas periferias. A participa\u00e7\u00e3o da popula\u00e7\u00e3o vulner\u00e1vel em a\u00e7\u00f5es de sa\u00fade e educa\u00e7\u00e3o tem crescido, mostrando resultados positivos a m\u00e9dio e longo prazo nos \u00edndices sociais brasileiros.<\/p>\n\n\n\n<h2 class=\"wp-block-heading\">Contribui\u00e7\u00e3o para a economia local<\/h2>\n\n\n\n<p>Al\u00e9m de melhorar as condi\u00e7\u00f5es de vida dos benefici\u00e1rios, o <strong>Bolsa Fam\u00edlia<\/strong> tamb\u00e9m desempenha um papel importante na economia das pequenas cidades e comunidades. Com os recursos circulando localmente, h\u00e1 o est\u00edmulo do com\u00e9rcio, gera\u00e7\u00e3o de empregos indiretos e fortalecimento da economia regional.<\/p>\n\n\n\n<p>Muitos comerciantes e empreendedores nas regi\u00f5es atendidas pelo programa relatam aumento no volume de vendas de produtos essenciais, como alimentos e itens de higiene. Esse ciclo virtuoso de investimentos incrementa as receitas municipais e incentiva o desenvolvimento de neg\u00f3cios locais, mostrando que a assist\u00eancia social pode ser uma poderosa ferramenta de dinamiza\u00e7\u00e3o econ\u00f4mica.<\/p>\n\n\n\n<h2 class=\"wp-block-heading\">Desafios e perspectivas do programa<\/h2>\n\n\n\n<p>Apesar do \u00eaxito, o <strong>Bolsa Fam\u00edlia<\/strong> enfrenta desafios como o combate \u00e0 fraude, atualiza\u00e7\u00e3o constante das informa\u00e7\u00f5es e alcance de popula\u00e7\u00f5es em \u00e1reas de dif\u00edcil acesso. Garantir que o benef\u00edcio chegue a todas as fam\u00edlias eleg\u00edveis requer aperfei\u00e7oamento cont\u00ednuo dos mecanismos de fiscaliza\u00e7\u00e3o e capilaridade dos servi\u00e7os p\u00fablicos.<\/p>\n\n\n\n<p>Para o futuro, a tend\u00eancia \u00e9 que o programa incorpore novas tecnologias para gest\u00e3o de dados e aprimoramento do monitoramento das condi\u00e7\u00f5es exigidas. Al\u00e9m disso, ampliar parcerias com estados e munic\u00edpios pode tornar os processos mais eficientes, refor\u00e7ando o compromisso de reduzir a pobreza e promover a justi\u00e7a social em todo o territ\u00f3rio nacional.<\/p>\n","protected":false},"excerpt":{"rendered":"<p>A implementa\u00e7\u00e3o de programas sociais voltados para o combate \u00e0 pobreza \u00e9 uma estrat\u00e9gia comum em diversos pa\u00edses, inclusive no Brasil. Atualmente, o Bolsa Fam\u00edlia surge como um dos principais pilares do sistema de prote\u00e7\u00e3o social, proporcionando assist\u00eancia financeira aos lares em situa\u00e7\u00e3o de vulnerabilidade. No contexto atual, o programa foi atualizado com novas categorias [&hellip;]<\/p>\n","protected":false},"author":20,"featured_media":54997,"comment_status":"open","ping_status":"open","sticky":false,"template":"","format":"standard","meta":{"jnews-multi-image_gallery":[],"jnews_single_post":{"format":"standard"},"jnews_primary_category":[],"jnews_social_meta":[],"jnews_override_counter":[],"footnotes":""},"categories":[28,1],"tags":[259,209,757],"class_list":["post-77055","post","type-post","status-publish","format-standard","has-post-thumbnail","hentry","category-economia","category-noticias","tag-beneficio","tag-bolsa-familia","tag-cras"],"yoast_head":"<!-- This site is optimized with the Yoast SEO plugin v23.8 - https:\/\/yoast.com\/wordpress\/plugins\/seo\/ -->\n<title>Bolsa Fam\u00edlia garante comida, dignidade e futuro melhor! - Estado de Minas - Em foco<\/title>\n<meta name=\"description\" content=\"Mudan\u00e7as no Bolsa Fam\u00edlia trazem mais dinheiro e prote\u00e7\u00e3o. Saiba como acessar benef\u00edcios e garantir seguran\u00e7a para sua fam\u00edlia.\" \/>\n<meta name=\"robots\" content=\"index, follow, max-snippet:-1, max-image-preview:large, max-video-preview:-1\" \/>\n<link rel=\"canonical\" href=\"https:\/\/www.em.com.br\/emfoco\/2025\/07\/17\/bolsa-familia-garante-comida-dignidade-e-futuro-melhor\/\" \/>\n<meta property=\"og:locale\" content=\"pt_BR\" \/>\n<meta property=\"og:type\" content=\"article\" \/>\n<meta property=\"og:title\" content=\"Bolsa Fam\u00edlia garante comida, dignidade e futuro melhor! - Estado de Minas - Em foco\" \/>\n<meta property=\"og:description\" content=\"Mudan\u00e7as no Bolsa Fam\u00edlia trazem mais dinheiro e prote\u00e7\u00e3o. Saiba como acessar benef\u00edcios e garantir seguran\u00e7a para sua fam\u00edlia.\" \/>\n<meta property=\"og:url\" content=\"https:\/\/www.em.com.br\/emfoco\/2025\/07\/17\/bolsa-familia-garante-comida-dignidade-e-futuro-melhor\/\" \/>\n<meta property=\"og:site_name\" content=\"Estado de Minas - Em foco\" \/>\n<meta property=\"article:published_time\" content=\"2025-07-17T11:18:00+00:00\" \/>\n<meta property=\"article:modified_time\" content=\"2025-07-16T20:09:14+00:00\" \/>\n<meta property=\"og:image\" content=\"https:\/\/www.em.com.br\/emfoco\/wp-content\/uploads\/2025\/06\/bolsa-familia_1748976702558.jpg\" \/>\n\t<meta property=\"og:image:width\" content=\"1280\" \/>\n\t<meta property=\"og:image:height\" content=\"720\" \/>\n\t<meta property=\"og:image:type\" content=\"image\/jpeg\" \/>\n<meta name=\"author\" content=\"Ingrid Diniz\" \/>\n<meta name=\"twitter:card\" content=\"summary_large_image\" \/>\n<meta name=\"twitter:label1\" content=\"Escrito por\" \/>\n\t<meta name=\"twitter:data1\" content=\"Ingrid Diniz\" \/>\n\t<meta name=\"twitter:label2\" content=\"Est. tempo de leitura\" \/>\n\t<meta name=\"twitter:data2\" content=\"5 minutos\" \/>\n<!-- \/ Yoast SEO plugin. -->","yoast_head_json":{"title":"Bolsa Fam\u00edlia garante comida, dignidade e futuro melhor! - Estado de Minas - Em foco","description":"Mudan\u00e7as no Bolsa Fam\u00edlia trazem mais dinheiro e prote\u00e7\u00e3o. Saiba como acessar benef\u00edcios e garantir seguran\u00e7a para sua fam\u00edlia.","robots":{"index":"index","follow":"follow","max-snippet":"max-snippet:-1","max-image-preview":"max-image-preview:large","max-video-preview":"max-video-preview:-1"},"canonical":"https:\/\/www.em.com.br\/emfoco\/2025\/07\/17\/bolsa-familia-garante-comida-dignidade-e-futuro-melhor\/","og_locale":"pt_BR","og_type":"article","og_title":"Bolsa Fam\u00edlia garante comida, dignidade e futuro melhor! - Estado de Minas - Em foco","og_description":"Mudan\u00e7as no Bolsa Fam\u00edlia trazem mais dinheiro e prote\u00e7\u00e3o. Saiba como acessar benef\u00edcios e garantir seguran\u00e7a para sua fam\u00edlia.","og_url":"https:\/\/www.em.com.br\/emfoco\/2025\/07\/17\/bolsa-familia-garante-comida-dignidade-e-futuro-melhor\/","og_site_name":"Estado de Minas - Em foco","article_published_time":"2025-07-17T11:18:00+00:00","article_modified_time":"2025-07-16T20:09:14+00:00","og_image":[{"width":1280,"height":720,"url":"https:\/\/www.em.com.br\/emfoco\/wp-content\/uploads\/2025\/06\/bolsa-familia_1748976702558.jpg","type":"image\/jpeg"}],"author":"Ingrid Diniz","twitter_card":"summary_large_image","twitter_misc":{"Escrito por":"Ingrid Diniz","Est. tempo de leitura":"5 minutos"},"schema":{"@context":"https:\/\/schema.org","@graph":[{"@type":"WebPage","@id":"https:\/\/www.em.com.br\/emfoco\/2025\/07\/17\/bolsa-familia-garante-comida-dignidade-e-futuro-melhor\/","url":"https:\/\/www.em.com.br\/emfoco\/2025\/07\/17\/bolsa-familia-garante-comida-dignidade-e-futuro-melhor\/","name":"Bolsa Fam\u00edlia garante comida, dignidade e futuro melhor! - Estado de Minas - Em foco","isPartOf":{"@id":"https:\/\/www.em.com.br\/emfoco\/#website"},"primaryImageOfPage":{"@id":"https:\/\/www.em.com.br\/emfoco\/2025\/07\/17\/bolsa-familia-garante-comida-dignidade-e-futuro-melhor\/#primaryimage"},"image":{"@id":"https:\/\/www.em.com.br\/emfoco\/2025\/07\/17\/bolsa-familia-garante-comida-dignidade-e-futuro-melhor\/#primaryimage"},"thumbnailUrl":"https:\/\/www.em.com.br\/emfoco\/wp-content\/uploads\/2025\/06\/bolsa-familia_1748976702558.jpg","datePublished":"2025-07-17T11:18:00+00:00","dateModified":"2025-07-16T20:09:14+00:00","author":{"@id":"https:\/\/www.em.com.br\/emfoco\/#\/schema\/person\/649e610b4eb8fff87ff394e54fe17b2b"},"description":"Mudan\u00e7as no Bolsa Fam\u00edlia trazem mais dinheiro e prote\u00e7\u00e3o. Saiba como acessar benef\u00edcios e garantir seguran\u00e7a para sua fam\u00edlia.","breadcrumb":{"@id":"https:\/\/www.em.com.br\/emfoco\/2025\/07\/17\/bolsa-familia-garante-comida-dignidade-e-futuro-melhor\/#breadcrumb"},"inLanguage":"pt-BR","potentialAction":[{"@type":"ReadAction","target":["https:\/\/www.em.com.br\/emfoco\/2025\/07\/17\/bolsa-familia-garante-comida-dignidade-e-futuro-melhor\/"]}]},{"@type":"ImageObject","inLanguage":"pt-BR","@id":"https:\/\/www.em.com.br\/emfoco\/2025\/07\/17\/bolsa-familia-garante-comida-dignidade-e-futuro-melhor\/#primaryimage","url":"https:\/\/www.em.com.br\/emfoco\/wp-content\/uploads\/2025\/06\/bolsa-familia_1748976702558.jpg","contentUrl":"https:\/\/www.em.com.br\/emfoco\/wp-content\/uploads\/2025\/06\/bolsa-familia_1748976702558.jpg","width":1280,"height":720,"caption":"Bolsa Fam\u00edlia de dezembro pode passar de R$ 900 - Cr\u00e9ditos: depositphotos.com \/ Photografeus"},{"@type":"BreadcrumbList","@id":"https:\/\/www.em.com.br\/emfoco\/2025\/07\/17\/bolsa-familia-garante-comida-dignidade-e-futuro-melhor\/#breadcrumb","itemListElement":[{"@type":"ListItem","position":1,"name":"In\u00edcio","item":"https:\/\/www.em.com.br\/emfoco\/"},{"@type":"ListItem","position":2,"name":"Bolsa Fam\u00edlia garante comida, dignidade e futuro melhor!"}]},{"@type":"WebSite","@id":"https:\/\/www.em.com.br\/emfoco\/#website","url":"https:\/\/www.em.com.br\/emfoco\/","name":"Estado de Minas - Em foco","description":"Acompanhe as \u00faltimas not\u00edcias e fique bem informado sobre tudo o que acontece em Minas Gerais, Brasil e no mundo.","potentialAction":[{"@type":"SearchAction","target":{"@type":"EntryPoint","urlTemplate":"https:\/\/www.em.com.br\/emfoco\/?s={search_term_string}"},"query-input":{"@type":"PropertyValueSpecification","valueRequired":true,"valueName":"search_term_string"}}],"inLanguage":"pt-BR"},{"@type":"Person","@id":"https:\/\/www.em.com.br\/emfoco\/#\/schema\/person\/649e610b4eb8fff87ff394e54fe17b2b","name":"Ingrid Diniz","image":{"@type":"ImageObject","inLanguage":"pt-BR","@id":"https:\/\/www.em.com.br\/emfoco\/#\/schema\/person\/image\/","url":"https:\/\/secure.gravatar.com\/avatar\/a3baa1449ec5c39b4c42babc9d4f3951?s=96&d=mm&r=g","contentUrl":"https:\/\/secure.gravatar.com\/avatar\/a3baa1449ec5c39b4c42babc9d4f3951?s=96&d=mm&r=g","caption":"Ingrid Diniz"},"sameAs":["https:\/\/www.em.com.br\/"],"url":"https:\/\/www.em.com.br\/emfoco\/author\/ingridmyth\/"}]}},"_links":{"self":[{"href":"https:\/\/www.em.com.br\/emfoco\/wp-json\/wp\/v2\/posts\/77055","targetHints":{"allow":["GET"]}}],"collection":[{"href":"https:\/\/www.em.com.br\/emfoco\/wp-json\/wp\/v2\/posts"}],"about":[{"href":"https:\/\/www.em.com.br\/emfoco\/wp-json\/wp\/v2\/types\/post"}],"author":[{"embeddable":true,"href":"https:\/\/www.em.com.br\/emfoco\/wp-json\/wp\/v2\/users\/20"}],"replies":[{"embeddable":true,"href":"https:\/\/www.em.com.br\/emfoco\/wp-json\/wp\/v2\/comments?post=77055"}],"version-history":[{"count":1,"href":"https:\/\/www.em.com.br\/emfoco\/wp-json\/wp\/v2\/posts\/77055\/revisions"}],"predecessor-version":[{"id":77091,"href":"https:\/\/www.em.com.br\/emfoco\/wp-json\/wp\/v2\/posts\/77055\/revisions\/77091"}],"wp:featuredmedia":[{"embeddable":true,"href":"https:\/\/www.em.com.br\/emfoco\/wp-json\/wp\/v2\/media\/54997"}],"wp:attachment":[{"href":"https:\/\/www.em.com.br\/emfoco\/wp-json\/wp\/v2\/media?parent=77055"}],"wp:term":[{"taxonomy":"category","embeddable":true,"href":"https:\/\/www.em.com.br\/emfoco\/wp-json\/wp\/v2\/categories?post=77055"},{"taxonomy":"post_tag","embeddable":true,"href":"https:\/\/www.em.com.br\/emfoco\/wp-json\/wp\/v2\/tags?post=77055"}],"curies":[{"name":"wp","href":"https:\/\/api.w.org\/{rel}","templated":true}]}}