{"id":7698,"date":"2024-12-31T07:20:00","date_gmt":"2024-12-31T10:20:00","guid":{"rendered":"https:\/\/www.em.com.br\/emfoco\/?p=7698"},"modified":"2024-12-30T21:08:43","modified_gmt":"2024-12-31T00:08:43","slug":"tem-novidade-no-bolsa-familia-confira","status":"publish","type":"post","link":"https:\/\/www.em.com.br\/emfoco\/2024\/12\/31\/tem-novidade-no-bolsa-familia-confira\/","title":{"rendered":"Tem novidade no Bolsa Fam\u00edlia? Confira!"},"content":{"rendered":"\n<p>O in\u00edcio de 2025 traz consigo a expectativa para as fam\u00edlias benefici\u00e1rias do <a href=\"https:\/\/www.em.com.br\/emfoco\/2024\/12\/29\/bolsa-familia-um-programa-so-para-maes-solteiras-confira\/\" target=\"_blank\" rel=\"noreferrer noopener\">Bolsa Fam\u00edlia<\/a>, com o cronograma de pagamentos j\u00e1 definido pelo Governo Federal. Mantendo o modelo dos anos anteriores, os benefici\u00e1rios poder\u00e3o organizar suas finan\u00e7as conforme as datas estabelecidas em janeiro, as quais s\u00e3o determinadas pelo \u00faltimo d\u00edgito do N\u00famero de Identifica\u00e7\u00e3o Social (<a href=\"https:\/\/www.gov.br\/pt-br\/servicos\/consultar-dados-do-cadastro-unico-cadunico\" target=\"_blank\" rel=\"noreferrer noopener\">NIS<\/a>).<\/p>\n\n\n\n<p>O programa continua a ofertar um <strong>valor m\u00ednimo de R$ 600<\/strong> por fam\u00edlia, al\u00e9m de poss\u00edveis complementos, como o <em>Aux\u00edlio G\u00e1s<\/em> e benef\u00edcios adicionais baseados na quantidade de crian\u00e7as ou gestantes na fam\u00edlia. Essa ajuda \u00e9 essencial para reduzir as desigualdades econ\u00f4micas enfrentadas por milhares de fam\u00edlias brasileiras.<\/p>\n\n\n\n<h2 class=\"wp-block-heading\">Como o calend\u00e1rio do Bolsa Fam\u00edlia \u00e9 organizado?<\/h2>\n\n\n\n<p>O processo de pagamento do Bolsa Fam\u00edlia \u00e9 estruturado de forma a garantir a ordem e a previsibilidade na libera\u00e7\u00e3o dos recursos. Cada benefici\u00e1rio possui um cronograma baseado no \u00faltimo d\u00edgito de seu NIS, um sistema que distribui os pagamentos ao longo do m\u00eas, come\u00e7ando no dia 20 e terminando no dia 31 de janeiro de 2025.<\/p>\n\n\n\n<p>Por exemplo, aqueles cujo NIS termina em 1 t\u00eam o benef\u00edcio liberado j\u00e1 no in\u00edcio do cronograma. Esse m\u00e9todo ajuda a evitar aglomera\u00e7\u00f5es e garante que todos os benefici\u00e1rios possam acessar seus recursos em tempo h\u00e1bil.<\/p>\n\n\n<div class=\"wp-block-image\">\n<figure class=\"aligncenter size-large\"><img loading=\"lazy\" decoding=\"async\" width=\"1024\" height=\"576\" src=\"https:\/\/www.em.com.br\/emfoco\/wp-content\/uploads\/2024\/12\/INSS_1733328979004-1024x576.jpg\" alt=\"\" class=\"wp-image-3210\" srcset=\"https:\/\/www.em.com.br\/emfoco\/wp-content\/uploads\/2024\/12\/INSS_1733328979004-1024x576.jpg 1024w, https:\/\/www.em.com.br\/emfoco\/wp-content\/uploads\/2024\/12\/INSS_1733328979004-300x169.jpg 300w, https:\/\/www.em.com.br\/emfoco\/wp-content\/uploads\/2024\/12\/INSS_1733328979004-768x432.jpg 768w, https:\/\/www.em.com.br\/emfoco\/wp-content\/uploads\/2024\/12\/INSS_1733328979004-750x422.jpg 750w, https:\/\/www.em.com.br\/emfoco\/wp-content\/uploads\/2024\/12\/INSS_1733328979004-1140x641.jpg 1140w, https:\/\/www.em.com.br\/emfoco\/wp-content\/uploads\/2024\/12\/INSS_1733328979004.jpg 1280w\" sizes=\"auto, (max-width: 1024px) 100vw, 1024px\" \/><figcaption class=\"wp-element-caption\">Beneficio para Idosos &#8211; Cr\u00e9ditos: depositphotos.com \/ emissu<\/figcaption><\/figure><\/div>\n\n\n<h2 class=\"wp-block-heading\">Qual \u00e9 o cronograma de pagamentos para janeiro de 2025?<\/h2>\n\n\n\n<p>O calend\u00e1rio de pagamentos para o m\u00eas de janeiro de 2025 \u00e9 distribu\u00eddo de forma linear, de acordo com o final do NIS. Aqui est\u00e3o as datas espec\u00edficas:<\/p>\n\n\n\n<ul class=\"wp-block-list\">\n<li>NIS final 1: 20 de janeiro de 2025<\/li>\n\n\n\n<li>NIS final 2: 21 de janeiro de 2025<\/li>\n\n\n\n<li>NIS final 3: 22 de janeiro de 2025<\/li>\n\n\n\n<li>NIS final 4: 23 de janeiro de 2025<\/li>\n\n\n\n<li>NIS final 5: 24 de janeiro de 2025<\/li>\n\n\n\n<li>NIS final 6: 27 de janeiro de 2025<\/li>\n\n\n\n<li>NIS final 7: 28 de janeiro de 2025<\/li>\n\n\n\n<li>NIS final 8: 29 de janeiro de 2025<\/li>\n\n\n\n<li>NIS final 9: 30 de janeiro de 2025<\/li>\n\n\n\n<li>NIS final 0: 31 de janeiro de 2025<\/li>\n<\/ul>\n\n\n\n<h2 class=\"wp-block-heading\">O que \u00e9 necess\u00e1rio para receber o Bolsa Fam\u00edlia?<\/h2>\n\n\n\n<p>Para ter direito ao Bolsa Fam\u00edlia, algumas <strong>condi\u00e7\u00f5es fundamentais<\/strong> precisam ser observadas. Primeiramente, a fam\u00edlia deve estar devidamente cadastrada no Cadastro \u00danico (Cad\u00danico) para Programas Sociais do Governo Federal. A atualiza\u00e7\u00e3o dos dados no Cad\u00danico \u00e9 crucial para a manuten\u00e7\u00e3o do benef\u00edcio.<\/p>\n\n\n\n<p>Outro ponto importante \u00e9 o limite de renda familiar, que n\u00e3o deve ultrapassar R$ 218 por pessoa. O programa visa apoiar as fam\u00edlias em situa\u00e7\u00e3o de vulnerabilidade econ\u00f4mica, e por isso, a renda \u00e9 um dos crit\u00e9rios essenciais de elegibilidade.<\/p>\n\n\n\n<h2 class=\"wp-block-heading\">Como \u00e9 realizado o saque do benef\u00edcio?<\/h2>\n\n\n\n<p>O saque do Bolsa Fam\u00edlia pode ser efetuado de maneira pr\u00e1tica por meio de <strong>Caixas Eletr\u00f4nicos da Caixa Econ\u00f4mica Federal<\/strong> ou usando o aplicativo Caixa Tem, que oferece uma alternativa digital e acess\u00edvel. Os benefici\u00e1rios devem se certificar de que seus dados est\u00e3o corretos e atualizados para evitar transtornos na hora de sacar o benef\u00edcio.<\/p>\n\n\n\n<p>Essas op\u00e7\u00f5es visam facilitar o acesso ao recurso, permitindo que as fam\u00edlias utilizem o benef\u00edcio da forma mais conveniente para elas, seja por meio do saque f\u00edsico ou do uso dos recursos via aplicativo.<\/p>\n","protected":false},"excerpt":{"rendered":"<p>O in\u00edcio de 2025 traz consigo a expectativa para as fam\u00edlias benefici\u00e1rias do Bolsa Fam\u00edlia, com o cronograma de pagamentos j\u00e1 definido pelo Governo Federal. Mantendo o modelo dos anos anteriores, os benefici\u00e1rios poder\u00e3o organizar suas finan\u00e7as conforme as datas estabelecidas em janeiro, as quais s\u00e3o determinadas pelo \u00faltimo d\u00edgito do N\u00famero de Identifica\u00e7\u00e3o Social [&hellip;]<\/p>\n","protected":false},"author":7,"featured_media":0,"comment_status":"open","ping_status":"open","sticky":false,"template":"","format":"standard","meta":{"jnews-multi-image_gallery":[],"jnews_single_post":{"format":"standard"},"jnews_primary_category":[],"jnews_social_meta":[],"jnews_override_counter":[],"footnotes":""},"categories":[28],"tags":[782,1311,209,1393,658,261],"class_list":["post-7698","post","type-post","status-publish","format-standard","hentry","category-economia","tag-782","tag-auxilio","tag-bolsa-familia","tag-calendario-de-pagamentos","tag-pagamentos","tag-renda"],"yoast_head":"<!-- This site is optimized with the Yoast SEO plugin v23.8 - https:\/\/yoast.com\/wordpress\/plugins\/seo\/ -->\n<title>Tem novidade no Bolsa Fam\u00edlia? Confira! - Estado de Minas - Em foco<\/title>\n<meta name=\"description\" content=\"O calend\u00e1rio de pagamentos do Bolsa Fam\u00edlia para 2025 j\u00e1 est\u00e1 dispon\u00edvel e os pagamentos come\u00e7am no dia 20 de janeiro.\" \/>\n<meta name=\"robots\" content=\"index, follow, max-snippet:-1, max-image-preview:large, max-video-preview:-1\" \/>\n<link rel=\"canonical\" href=\"https:\/\/www.em.com.br\/emfoco\/2024\/12\/31\/tem-novidade-no-bolsa-familia-confira\/\" \/>\n<meta property=\"og:locale\" content=\"pt_BR\" \/>\n<meta property=\"og:type\" content=\"article\" \/>\n<meta property=\"og:title\" content=\"Tem novidade no Bolsa Fam\u00edlia? Confira! - Estado de Minas - Em foco\" \/>\n<meta property=\"og:description\" content=\"O calend\u00e1rio de pagamentos do Bolsa Fam\u00edlia para 2025 j\u00e1 est\u00e1 dispon\u00edvel e os pagamentos come\u00e7am no dia 20 de janeiro.\" \/>\n<meta property=\"og:url\" content=\"https:\/\/www.em.com.br\/emfoco\/2024\/12\/31\/tem-novidade-no-bolsa-familia-confira\/\" \/>\n<meta property=\"og:site_name\" content=\"Estado de Minas - Em foco\" \/>\n<meta property=\"article:published_time\" content=\"2024-12-31T10:20:00+00:00\" \/>\n<meta property=\"article:modified_time\" content=\"2024-12-31T00:08:43+00:00\" \/>\n<meta property=\"og:image\" content=\"https:\/\/www.em.com.br\/emfoco\/wp-content\/uploads\/2024\/12\/45859885662_763e196378_b.jpg\" \/>\n\t<meta property=\"og:image:width\" content=\"1200\" \/>\n\t<meta property=\"og:image:height\" content=\"797\" \/>\n\t<meta property=\"og:image:type\" content=\"image\/jpeg\" \/>\n<meta name=\"author\" content=\"Kelvin\" \/>\n<meta name=\"twitter:card\" content=\"summary_large_image\" \/>\n<meta name=\"twitter:label1\" content=\"Escrito por\" \/>\n\t<meta name=\"twitter:data1\" content=\"Kelvin\" \/>\n\t<meta name=\"twitter:label2\" content=\"Est. tempo de leitura\" \/>\n\t<meta name=\"twitter:data2\" content=\"4 minutos\" \/>\n<!-- \/ Yoast SEO plugin. -->","yoast_head_json":{"title":"Tem novidade no Bolsa Fam\u00edlia? Confira! - Estado de Minas - Em foco","description":"O calend\u00e1rio de pagamentos do Bolsa Fam\u00edlia para 2025 j\u00e1 est\u00e1 dispon\u00edvel e os pagamentos come\u00e7am no dia 20 de janeiro.","robots":{"index":"index","follow":"follow","max-snippet":"max-snippet:-1","max-image-preview":"max-image-preview:large","max-video-preview":"max-video-preview:-1"},"canonical":"https:\/\/www.em.com.br\/emfoco\/2024\/12\/31\/tem-novidade-no-bolsa-familia-confira\/","og_locale":"pt_BR","og_type":"article","og_title":"Tem novidade no Bolsa Fam\u00edlia? Confira! - Estado de Minas - Em foco","og_description":"O calend\u00e1rio de pagamentos do Bolsa Fam\u00edlia para 2025 j\u00e1 est\u00e1 dispon\u00edvel e os pagamentos come\u00e7am no dia 20 de janeiro.","og_url":"https:\/\/www.em.com.br\/emfoco\/2024\/12\/31\/tem-novidade-no-bolsa-familia-confira\/","og_site_name":"Estado de Minas - Em foco","article_published_time":"2024-12-31T10:20:00+00:00","article_modified_time":"2024-12-31T00:08:43+00:00","og_image":[{"width":1200,"height":797,"url":"https:\/\/www.em.com.br\/emfoco\/wp-content\/uploads\/2024\/12\/45859885662_763e196378_b.jpg","type":"image\/jpeg"}],"author":"Kelvin","twitter_card":"summary_large_image","twitter_misc":{"Escrito por":"Kelvin","Est. tempo de leitura":"4 minutos"},"schema":{"@context":"https:\/\/schema.org","@graph":[{"@type":"WebPage","@id":"https:\/\/www.em.com.br\/emfoco\/2024\/12\/31\/tem-novidade-no-bolsa-familia-confira\/","url":"https:\/\/www.em.com.br\/emfoco\/2024\/12\/31\/tem-novidade-no-bolsa-familia-confira\/","name":"Tem novidade no Bolsa Fam\u00edlia? Confira! - Estado de Minas - Em foco","isPartOf":{"@id":"https:\/\/www.em.com.br\/emfoco\/#website"},"primaryImageOfPage":{"@id":"https:\/\/www.em.com.br\/emfoco\/2024\/12\/31\/tem-novidade-no-bolsa-familia-confira\/#primaryimage"},"image":{"@id":"https:\/\/www.em.com.br\/emfoco\/2024\/12\/31\/tem-novidade-no-bolsa-familia-confira\/#primaryimage"},"thumbnailUrl":"https:\/\/www.em.com.br\/emfoco\/wp-content\/uploads\/2024\/12\/INSS_1733328979004-1024x576.jpg","datePublished":"2024-12-31T10:20:00+00:00","dateModified":"2024-12-31T00:08:43+00:00","author":{"@id":"https:\/\/www.em.com.br\/emfoco\/#\/schema\/person\/fb0a7f48c6fbb94b83f413a80f61917d"},"description":"O calend\u00e1rio de pagamentos do Bolsa Fam\u00edlia para 2025 j\u00e1 est\u00e1 dispon\u00edvel e os pagamentos come\u00e7am no dia 20 de janeiro.","breadcrumb":{"@id":"https:\/\/www.em.com.br\/emfoco\/2024\/12\/31\/tem-novidade-no-bolsa-familia-confira\/#breadcrumb"},"inLanguage":"pt-BR","potentialAction":[{"@type":"ReadAction","target":["https:\/\/www.em.com.br\/emfoco\/2024\/12\/31\/tem-novidade-no-bolsa-familia-confira\/"]}]},{"@type":"ImageObject","inLanguage":"pt-BR","@id":"https:\/\/www.em.com.br\/emfoco\/2024\/12\/31\/tem-novidade-no-bolsa-familia-confira\/#primaryimage","url":"https:\/\/www.em.com.br\/emfoco\/wp-content\/uploads\/2024\/12\/INSS_1733328979004.jpg","contentUrl":"https:\/\/www.em.com.br\/emfoco\/wp-content\/uploads\/2024\/12\/INSS_1733328979004.jpg","width":1280,"height":720,"caption":"Beneficio para Idosos - Cr\u00e9ditos: depositphotos.com \/ emissu"},{"@type":"BreadcrumbList","@id":"https:\/\/www.em.com.br\/emfoco\/2024\/12\/31\/tem-novidade-no-bolsa-familia-confira\/#breadcrumb","itemListElement":[{"@type":"ListItem","position":1,"name":"In\u00edcio","item":"https:\/\/www.em.com.br\/emfoco\/"},{"@type":"ListItem","position":2,"name":"Tem novidade no Bolsa Fam\u00edlia? Confira!"}]},{"@type":"WebSite","@id":"https:\/\/www.em.com.br\/emfoco\/#website","url":"https:\/\/www.em.com.br\/emfoco\/","name":"Estado de Minas - Em foco","description":"Acompanhe as \u00faltimas not\u00edcias e fique bem informado sobre tudo o que acontece em Minas Gerais, Brasil e no mundo.","potentialAction":[{"@type":"SearchAction","target":{"@type":"EntryPoint","urlTemplate":"https:\/\/www.em.com.br\/emfoco\/?s={search_term_string}"},"query-input":{"@type":"PropertyValueSpecification","valueRequired":true,"valueName":"search_term_string"}}],"inLanguage":"pt-BR"},{"@type":"Person","@id":"https:\/\/www.em.com.br\/emfoco\/#\/schema\/person\/fb0a7f48c6fbb94b83f413a80f61917d","name":"Kelvin","image":{"@type":"ImageObject","inLanguage":"pt-BR","@id":"https:\/\/www.em.com.br\/emfoco\/#\/schema\/person\/image\/","url":"https:\/\/secure.gravatar.com\/avatar\/e74f84337e6bf6c4c5e88fbdffa05270?s=96&d=mm&r=g","contentUrl":"https:\/\/secure.gravatar.com\/avatar\/e74f84337e6bf6c4c5e88fbdffa05270?s=96&d=mm&r=g","caption":"Kelvin"},"sameAs":["https:\/\/www.em.com.br\/emfoco"],"url":"https:\/\/www.em.com.br\/emfoco\/author\/kelvinmyth\/"}]}},"_links":{"self":[{"href":"https:\/\/www.em.com.br\/emfoco\/wp-json\/wp\/v2\/posts\/7698","targetHints":{"allow":["GET"]}}],"collection":[{"href":"https:\/\/www.em.com.br\/emfoco\/wp-json\/wp\/v2\/posts"}],"about":[{"href":"https:\/\/www.em.com.br\/emfoco\/wp-json\/wp\/v2\/types\/post"}],"author":[{"embeddable":true,"href":"https:\/\/www.em.com.br\/emfoco\/wp-json\/wp\/v2\/users\/7"}],"replies":[{"embeddable":true,"href":"https:\/\/www.em.com.br\/emfoco\/wp-json\/wp\/v2\/comments?post=7698"}],"version-history":[{"count":2,"href":"https:\/\/www.em.com.br\/emfoco\/wp-json\/wp\/v2\/posts\/7698\/revisions"}],"predecessor-version":[{"id":7703,"href":"https:\/\/www.em.com.br\/emfoco\/wp-json\/wp\/v2\/posts\/7698\/revisions\/7703"}],"wp:attachment":[{"href":"https:\/\/www.em.com.br\/emfoco\/wp-json\/wp\/v2\/media?parent=7698"}],"wp:term":[{"taxonomy":"category","embeddable":true,"href":"https:\/\/www.em.com.br\/emfoco\/wp-json\/wp\/v2\/categories?post=7698"},{"taxonomy":"post_tag","embeddable":true,"href":"https:\/\/www.em.com.br\/emfoco\/wp-json\/wp\/v2\/tags?post=7698"}],"curies":[{"name":"wp","href":"https:\/\/api.w.org\/{rel}","templated":true}]}}