{"id":76965,"date":"2025-07-19T21:28:00","date_gmt":"2025-07-20T00:28:00","guid":{"rendered":"https:\/\/www.em.com.br\/emfoco\/?p=76965"},"modified":"2025-07-18T19:31:47","modified_gmt":"2025-07-18T22:31:47","slug":"o-que-faz-essa-cidade-ser-considerada-a-mais-feliz-do-mundo","status":"publish","type":"post","link":"https:\/\/www.em.com.br\/emfoco\/2025\/07\/19\/o-que-faz-essa-cidade-ser-considerada-a-mais-feliz-do-mundo\/","title":{"rendered":"O que faz essa cidade ser considerada a mais feliz do mundo?"},"content":{"rendered":"\n<p><strong>Copenhague<\/strong>, capital da <strong>Dinamarca<\/strong>, frequentemente \u00e9 homenageada como a cidade mais feliz do mundo. A pesquisa global da felicidade e a qualidade de vida apontam essa metr\u00f3pole escandinava entre as melhores para se viver. Mas o que faz dessa cidade um modelo de bem-estar? Aspectos como a infraestrutura urbana, a pol\u00edtica social e a conectividade oferecem pistas valiosas.<\/p>\n\n\n\n<p>A felicidade em Copenhague n\u00e3o \u00e9 apenas uma quest\u00e3o de estat\u00edsticas; ela se reflete no cotidiano e nas intera\u00e7\u00f5es sociais. <strong>O equil\u00edbrio perfeito entre vida profissional e pessoal, <a href=\"https:\/\/www.em.com.br\/emfoco\/2025\/07\/14\/como-dormir-melhor-pode-salvar-sua-saude-mental-segundo-especialistas\/\" target=\"_blank\" rel=\"noreferrer noopener\">sa\u00fade mental<\/a> e seguran\u00e7a nutrem um ambiente onde a satisfa\u00e7\u00e3o \u00e9 palp\u00e1vel.<\/strong> Vamos explorar as raz\u00f5es pelas quais essa cidade se destaca como a melhor escolha para desfrutar de uma vida plena e feliz.<\/p>\n\n\n\n<h2 class=\"wp-block-heading\">Por que as pol\u00edticas p\u00fablicas de Copenhague impactam tanto na felicidade dos cidad\u00e3os?<\/h2>\n\n\n\n<p><strong>A pol\u00edtica p\u00fablica dinamarquesa prioriza o bem-estar social, abordando temas fundamentais como a educa\u00e7\u00e3o de qualidade, habita\u00e7\u00e3o acess\u00edvel e sa\u00fade universal.<\/strong> Esses fatores s\u00e3o engrenagens essenciais no motor de bem-estar que move Copenhague. A cidade investe em infraestrutura que atende n\u00e3o apenas \u00e0s necessidades b\u00e1sicas, mas tamb\u00e9m promove ambientes sustent\u00e1veis e culturalmente ricos.<\/p>\n\n\n\n<p><strong>Outro ponto crucial \u00e9 a seguran\u00e7a.<\/strong> Copenhague \u00e9 extremamente segura, permitindo que fam\u00edlias, estudantes e indiv\u00edduos se sintam protegidos em todas as \u00e1reas da cidade. A democracia participativa assegura que os cidad\u00e3os tenham voz e influenciem as decis\u00f5es locais, aumentando a sensa\u00e7\u00e3o de pertencimento e poder na popula\u00e7\u00e3o.<\/p>\n\n\n\n<figure class=\"wp-block-image size-large\"><img loading=\"lazy\" decoding=\"async\" width=\"1024\" height=\"576\" src=\"https:\/\/www.em.com.br\/emfoco\/wp-content\/uploads\/2025\/04\/Copenhagen-Denmark_1745328058655-1024x576.jpg\" alt=\"As cidades com maior qualidade de vida para se viver em 2025\" class=\"wp-image-40389\" srcset=\"https:\/\/www.em.com.br\/emfoco\/wp-content\/uploads\/2025\/04\/Copenhagen-Denmark_1745328058655-1024x576.jpg 1024w, https:\/\/www.em.com.br\/emfoco\/wp-content\/uploads\/2025\/04\/Copenhagen-Denmark_1745328058655-300x169.jpg 300w, https:\/\/www.em.com.br\/emfoco\/wp-content\/uploads\/2025\/04\/Copenhagen-Denmark_1745328058655-768x432.jpg 768w, https:\/\/www.em.com.br\/emfoco\/wp-content\/uploads\/2025\/04\/Copenhagen-Denmark_1745328058655-750x422.jpg 750w, https:\/\/www.em.com.br\/emfoco\/wp-content\/uploads\/2025\/04\/Copenhagen-Denmark_1745328058655-1140x641.jpg 1140w, https:\/\/www.em.com.br\/emfoco\/wp-content\/uploads\/2025\/04\/Copenhagen-Denmark_1745328058655.jpg 1280w\" sizes=\"auto, (max-width: 1024px) 100vw, 1024px\" \/><figcaption class=\"wp-element-caption\">Copenhague, Dinamarca &#8211; Cr\u00e9ditos: depositphotos.com \/ MarusiaBO<\/figcaption><\/figure>\n\n\n\n<h2 class=\"wp-block-heading\">Como a infraestrutura de Copenhague favorece uma vida mais feliz?<\/h2>\n\n\n\n<p><strong>A cidade \u00e9 famosa por sua infraestrutura amig\u00e1vel para bicicletas, incentivando um estilo de vida ativo e ambientalmente consciente.<\/strong> Ruas bem planejadas, extensas ciclovias e um transporte p\u00fablico eficiente oferecem alternativas saud\u00e1veis e sustent\u00e1veis para a mobilidade urbana. Esse enfoque reduz o estresse relacionado ao tr\u00e2nsito, o que contribui significativamente para a felicidade dos moradores.<\/p>\n\n\n\n<p><strong>Al\u00e9m disso, Copenhague \u00e9 uma cidade planejada que oferece espa\u00e7os verdes abundantes.<\/strong> Parques e \u00e1reas de lazer est\u00e3o acess\u00edveis a todas as faixas et\u00e1rias, promovendo o conv\u00edvio social e incentivando atividades ao ar livre. O contato com a natureza \u00e9 uma pedra angular na busca pelo bem-estar e a sensa\u00e7\u00e3o de plenitude.<\/p>\n\n\n\n<h2 class=\"wp-block-heading\">O que Copenhague nos ensina sobre o equil\u00edbrio entre vida pessoal e profissional?<\/h2>\n\n\n\n<p>Os moradores de Copenhague gozam de uma das melhores rela\u00e7\u00f5es entre vida pessoal e profissional do mundo. <strong>A jornada de trabalho flex\u00edvel e pol\u00edticas de equil\u00edbrio promovem uma cultura em que se valoriza fortemente o tempo livre.<\/strong> Isso permite \u00e0s pessoas se engajarem em <strong><a href=\"https:\/\/semprebem.paguemenos.com.br\/posts\/mente-e-comportamento\/lista-de-hobbies\" target=\"_blank\" rel=\"noreferrer noopener\">hobbies<\/a><\/strong>, passarem mais tempo com a fam\u00edlia e melhorarem a qualidade das rela\u00e7\u00f5es interpessoais.<\/p>\n\n\n\n<p>Empresas em Copenhague geralmente incentivam per\u00edodos sab\u00e1ticos e home office, algo que se alinha bem com o desejo crescente de flexibilidade. <strong>Trabalhadores s\u00e3o mais produtivos e saud\u00e1veis quando t\u00eam a liberdade de equilibrar trabalho e vida pessoal de acordo com suas necessidades, um princ\u00edpio que Copenhague aplica com efic\u00e1cia e que serve de inspira\u00e7\u00e3o global.<\/strong><\/p>\n\n\n\n<h2 class=\"wp-block-heading\">Qual \u00e9 o papel da comunidade e da cultura local na felicidade de Copenhague?<\/h2>\n\n\n\n<p><strong>A forte coes\u00e3o comunit\u00e1ria e uma rica cena cultural s\u00e3o alicerces da felicidade em Copenhague.<\/strong> Festivais, museus e eventos culturais enriquecem a vida dos cidad\u00e3os, enquanto tradi\u00e7\u00f5es locais, como o conceito de &#8220;hygge&#8221;, promovem a simplicidade e o conforto em momentos cotidianos.<\/p>\n\n\n\n<p>No cerne da cultura est\u00e1 a inclus\u00e3o social; <strong>pessoas de diferentes origens t\u00eam acesso \u00e0s mesmas oportunidades, promovendo um ambiente culturalmente diversificado e acolhedor.<\/strong> Este esp\u00edrito de comunidade fortalece la\u00e7os sociais e oferece suporte emocional, contribuindo para o estado duradouro de felicidade que Copenhague desfruta.<\/p>\n","protected":false},"excerpt":{"rendered":"<p>Copenhague, capital da Dinamarca, frequentemente \u00e9 homenageada como a cidade mais feliz do mundo. A pesquisa global da felicidade e a qualidade de vida apontam essa metr\u00f3pole escandinava entre as melhores para se viver. Mas o que faz dessa cidade um modelo de bem-estar? Aspectos como a infraestrutura urbana, a pol\u00edtica social e a conectividade [&hellip;]<\/p>\n","protected":false},"author":13,"featured_media":51871,"comment_status":"open","ping_status":"open","sticky":false,"template":"","format":"standard","meta":{"jnews-multi-image_gallery":[],"jnews_single_post":{"format":"standard"},"jnews_primary_category":[],"jnews_social_meta":[],"jnews_override_counter":[],"footnotes":""},"categories":[26,1],"tags":[711,3288,2244,5058],"class_list":["post-76965","post","type-post","status-publish","format-standard","has-post-thumbnail","hentry","category-cidades","category-noticias","tag-bem-estar","tag-copenhague","tag-dinamarca","tag-felicidade"],"yoast_head":"<!-- This site is optimized with the Yoast SEO plugin v23.8 - https:\/\/yoast.com\/wordpress\/plugins\/seo\/ -->\n<title>O que faz essa cidade ser considerada a mais feliz do mundo? - Estado de Minas - Em foco<\/title>\n<meta name=\"description\" content=\"Transporte sustent\u00e1vel, seguran\u00e7a e pol\u00edticas p\u00fablicas s\u00e3o parte do segredo da cidade mais feliz do planeta. Entenda por qu\u00ea.\" \/>\n<meta name=\"robots\" content=\"index, follow, max-snippet:-1, max-image-preview:large, max-video-preview:-1\" \/>\n<link rel=\"canonical\" href=\"https:\/\/www.em.com.br\/emfoco\/2025\/07\/19\/o-que-faz-essa-cidade-ser-considerada-a-mais-feliz-do-mundo\/\" \/>\n<meta property=\"og:locale\" content=\"pt_BR\" \/>\n<meta property=\"og:type\" content=\"article\" \/>\n<meta property=\"og:title\" content=\"O que faz essa cidade ser considerada a mais feliz do mundo? - Estado de Minas - Em foco\" \/>\n<meta property=\"og:description\" content=\"Transporte sustent\u00e1vel, seguran\u00e7a e pol\u00edticas p\u00fablicas s\u00e3o parte do segredo da cidade mais feliz do planeta. Entenda por qu\u00ea.\" \/>\n<meta property=\"og:url\" content=\"https:\/\/www.em.com.br\/emfoco\/2025\/07\/19\/o-que-faz-essa-cidade-ser-considerada-a-mais-feliz-do-mundo\/\" \/>\n<meta property=\"og:site_name\" content=\"Estado de Minas - Em foco\" \/>\n<meta property=\"article:published_time\" content=\"2025-07-20T00:28:00+00:00\" \/>\n<meta property=\"article:modified_time\" content=\"2025-07-18T22:31:47+00:00\" \/>\n<meta property=\"og:image\" content=\"https:\/\/www.em.com.br\/emfoco\/wp-content\/uploads\/2025\/05\/Copenhague-dinamarca_1748354064124.jpg\" \/>\n\t<meta property=\"og:image:width\" content=\"1280\" \/>\n\t<meta property=\"og:image:height\" content=\"720\" \/>\n\t<meta property=\"og:image:type\" content=\"image\/jpeg\" \/>\n<meta name=\"author\" content=\"Gabriel Martins\" \/>\n<meta name=\"twitter:card\" content=\"summary_large_image\" \/>\n<meta name=\"twitter:label1\" content=\"Escrito por\" \/>\n\t<meta name=\"twitter:data1\" content=\"Gabriel Martins\" \/>\n\t<meta name=\"twitter:label2\" content=\"Est. tempo de leitura\" \/>\n\t<meta name=\"twitter:data2\" content=\"4 minutos\" \/>\n<!-- \/ Yoast SEO plugin. -->","yoast_head_json":{"title":"O que faz essa cidade ser considerada a mais feliz do mundo? - Estado de Minas - Em foco","description":"Transporte sustent\u00e1vel, seguran\u00e7a e pol\u00edticas p\u00fablicas s\u00e3o parte do segredo da cidade mais feliz do planeta. Entenda por qu\u00ea.","robots":{"index":"index","follow":"follow","max-snippet":"max-snippet:-1","max-image-preview":"max-image-preview:large","max-video-preview":"max-video-preview:-1"},"canonical":"https:\/\/www.em.com.br\/emfoco\/2025\/07\/19\/o-que-faz-essa-cidade-ser-considerada-a-mais-feliz-do-mundo\/","og_locale":"pt_BR","og_type":"article","og_title":"O que faz essa cidade ser considerada a mais feliz do mundo? - Estado de Minas - Em foco","og_description":"Transporte sustent\u00e1vel, seguran\u00e7a e pol\u00edticas p\u00fablicas s\u00e3o parte do segredo da cidade mais feliz do planeta. Entenda por qu\u00ea.","og_url":"https:\/\/www.em.com.br\/emfoco\/2025\/07\/19\/o-que-faz-essa-cidade-ser-considerada-a-mais-feliz-do-mundo\/","og_site_name":"Estado de Minas - Em foco","article_published_time":"2025-07-20T00:28:00+00:00","article_modified_time":"2025-07-18T22:31:47+00:00","og_image":[{"width":1280,"height":720,"url":"https:\/\/www.em.com.br\/emfoco\/wp-content\/uploads\/2025\/05\/Copenhague-dinamarca_1748354064124.jpg","type":"image\/jpeg"}],"author":"Gabriel Martins","twitter_card":"summary_large_image","twitter_misc":{"Escrito por":"Gabriel Martins","Est. tempo de leitura":"4 minutos"},"schema":{"@context":"https:\/\/schema.org","@graph":[{"@type":"WebPage","@id":"https:\/\/www.em.com.br\/emfoco\/2025\/07\/19\/o-que-faz-essa-cidade-ser-considerada-a-mais-feliz-do-mundo\/","url":"https:\/\/www.em.com.br\/emfoco\/2025\/07\/19\/o-que-faz-essa-cidade-ser-considerada-a-mais-feliz-do-mundo\/","name":"O que faz essa cidade ser considerada a mais feliz do mundo? - Estado de Minas - Em foco","isPartOf":{"@id":"https:\/\/www.em.com.br\/emfoco\/#website"},"primaryImageOfPage":{"@id":"https:\/\/www.em.com.br\/emfoco\/2025\/07\/19\/o-que-faz-essa-cidade-ser-considerada-a-mais-feliz-do-mundo\/#primaryimage"},"image":{"@id":"https:\/\/www.em.com.br\/emfoco\/2025\/07\/19\/o-que-faz-essa-cidade-ser-considerada-a-mais-feliz-do-mundo\/#primaryimage"},"thumbnailUrl":"https:\/\/www.em.com.br\/emfoco\/wp-content\/uploads\/2025\/05\/Copenhague-dinamarca_1748354064124.jpg","datePublished":"2025-07-20T00:28:00+00:00","dateModified":"2025-07-18T22:31:47+00:00","author":{"@id":"https:\/\/www.em.com.br\/emfoco\/#\/schema\/person\/1c9ddeab18b98abeffef834667bcf08a"},"description":"Transporte sustent\u00e1vel, seguran\u00e7a e pol\u00edticas p\u00fablicas s\u00e3o parte do segredo da cidade mais feliz do planeta. Entenda por qu\u00ea.","breadcrumb":{"@id":"https:\/\/www.em.com.br\/emfoco\/2025\/07\/19\/o-que-faz-essa-cidade-ser-considerada-a-mais-feliz-do-mundo\/#breadcrumb"},"inLanguage":"pt-BR","potentialAction":[{"@type":"ReadAction","target":["https:\/\/www.em.com.br\/emfoco\/2025\/07\/19\/o-que-faz-essa-cidade-ser-considerada-a-mais-feliz-do-mundo\/"]}]},{"@type":"ImageObject","inLanguage":"pt-BR","@id":"https:\/\/www.em.com.br\/emfoco\/2025\/07\/19\/o-que-faz-essa-cidade-ser-considerada-a-mais-feliz-do-mundo\/#primaryimage","url":"https:\/\/www.em.com.br\/emfoco\/wp-content\/uploads\/2025\/05\/Copenhague-dinamarca_1748354064124.jpg","contentUrl":"https:\/\/www.em.com.br\/emfoco\/wp-content\/uploads\/2025\/05\/Copenhague-dinamarca_1748354064124.jpg","width":1280,"height":720,"caption":"Copenhague, Dinamarca - Cr\u00e9ditos: depositphotos.com \/ AlexShadyuk"},{"@type":"BreadcrumbList","@id":"https:\/\/www.em.com.br\/emfoco\/2025\/07\/19\/o-que-faz-essa-cidade-ser-considerada-a-mais-feliz-do-mundo\/#breadcrumb","itemListElement":[{"@type":"ListItem","position":1,"name":"In\u00edcio","item":"https:\/\/www.em.com.br\/emfoco\/"},{"@type":"ListItem","position":2,"name":"O que faz essa cidade ser considerada a mais feliz do mundo?"}]},{"@type":"WebSite","@id":"https:\/\/www.em.com.br\/emfoco\/#website","url":"https:\/\/www.em.com.br\/emfoco\/","name":"Estado de Minas - Em foco","description":"Acompanhe as \u00faltimas not\u00edcias e fique bem informado sobre tudo o que acontece em Minas Gerais, Brasil e no mundo.","potentialAction":[{"@type":"SearchAction","target":{"@type":"EntryPoint","urlTemplate":"https:\/\/www.em.com.br\/emfoco\/?s={search_term_string}"},"query-input":{"@type":"PropertyValueSpecification","valueRequired":true,"valueName":"search_term_string"}}],"inLanguage":"pt-BR"},{"@type":"Person","@id":"https:\/\/www.em.com.br\/emfoco\/#\/schema\/person\/1c9ddeab18b98abeffef834667bcf08a","name":"Gabriel Martins","image":{"@type":"ImageObject","inLanguage":"pt-BR","@id":"https:\/\/www.em.com.br\/emfoco\/#\/schema\/person\/image\/","url":"https:\/\/secure.gravatar.com\/avatar\/f0f1e2efdfd88f1ad2cb08c5c2731e50?s=96&d=mm&r=g","contentUrl":"https:\/\/secure.gravatar.com\/avatar\/f0f1e2efdfd88f1ad2cb08c5c2731e50?s=96&d=mm&r=g","caption":"Gabriel Martins"},"sameAs":["https:\/\/www.em.com.br\/emfoco\/"],"url":"https:\/\/www.em.com.br\/emfoco\/author\/gabrielmartinsmyth\/"}]}},"_links":{"self":[{"href":"https:\/\/www.em.com.br\/emfoco\/wp-json\/wp\/v2\/posts\/76965","targetHints":{"allow":["GET"]}}],"collection":[{"href":"https:\/\/www.em.com.br\/emfoco\/wp-json\/wp\/v2\/posts"}],"about":[{"href":"https:\/\/www.em.com.br\/emfoco\/wp-json\/wp\/v2\/types\/post"}],"author":[{"embeddable":true,"href":"https:\/\/www.em.com.br\/emfoco\/wp-json\/wp\/v2\/users\/13"}],"replies":[{"embeddable":true,"href":"https:\/\/www.em.com.br\/emfoco\/wp-json\/wp\/v2\/comments?post=76965"}],"version-history":[{"count":2,"href":"https:\/\/www.em.com.br\/emfoco\/wp-json\/wp\/v2\/posts\/76965\/revisions"}],"predecessor-version":[{"id":76973,"href":"https:\/\/www.em.com.br\/emfoco\/wp-json\/wp\/v2\/posts\/76965\/revisions\/76973"}],"wp:featuredmedia":[{"embeddable":true,"href":"https:\/\/www.em.com.br\/emfoco\/wp-json\/wp\/v2\/media\/51871"}],"wp:attachment":[{"href":"https:\/\/www.em.com.br\/emfoco\/wp-json\/wp\/v2\/media?parent=76965"}],"wp:term":[{"taxonomy":"category","embeddable":true,"href":"https:\/\/www.em.com.br\/emfoco\/wp-json\/wp\/v2\/categories?post=76965"},{"taxonomy":"post_tag","embeddable":true,"href":"https:\/\/www.em.com.br\/emfoco\/wp-json\/wp\/v2\/tags?post=76965"}],"curies":[{"name":"wp","href":"https:\/\/api.w.org\/{rel}","templated":true}]}}