{"id":76744,"date":"2025-07-18T06:48:00","date_gmt":"2025-07-18T09:48:00","guid":{"rendered":"https:\/\/www.em.com.br\/emfoco\/?p=76744"},"modified":"2025-07-17T19:26:16","modified_gmt":"2025-07-17T22:26:16","slug":"esse-habito-diario-esta-transformando-a-rotina-de-quem-sofre-com-ansiedade","status":"publish","type":"post","link":"https:\/\/www.em.com.br\/emfoco\/2025\/07\/18\/esse-habito-diario-esta-transformando-a-rotina-de-quem-sofre-com-ansiedade\/","title":{"rendered":"Esse h\u00e1bito di\u00e1rio est\u00e1 transformando a rotina de quem sofre com ansiedade"},"content":{"rendered":"\n<p><strong>O alongamento \u00e9 uma pr\u00e1tica importante que pode ter um impacto significativo no humor di\u00e1rio.<\/strong> Quando se realiza alongamentos, o corpo libera uma dose de endorfina, conhecida como o horm\u00f4nio da felicidade. Esta subst\u00e2ncia auxilia na redu\u00e7\u00e3o do estresse, proporcionando uma sensa\u00e7\u00e3o de bem-estar e relaxamento. Estudos apontam ainda que sess\u00f5es regulares de alongamento podem atuar na preven\u00e7\u00e3o de sintomas de ansiedade leve, al\u00e9m de favorecer atitudes mais positivas durante a rotina.<\/p>\n\n\n\n<p>Al\u00e9m disso, o alongamento contribui para a melhoria da circula\u00e7\u00e3o sangu\u00ednea, o que ajuda a oxigenar o c\u00e9rebro e promover um estado mental mais alerta e preparado. Isso pode resultar em um aumento da capacidade de concentra\u00e7\u00e3o e, por consequ\u00eancia, um melhor humor durante o dia.<\/p>\n\n\n\n<h2 class=\"wp-block-heading\">Quais t\u00e9cnicas de alongamento s\u00e3o recomendadas para aliviar a tens\u00e3o?<\/h2>\n\n\n\n<p><strong>Existem v\u00e1rias t\u00e9cnicas de alongamento recomendadas para aliviar a tens\u00e3o muscular acumulada ao longo do dia.<\/strong> Uma delas \u00e9 o alongamento de pesco\u00e7o, que \u00e9 simples e eficaz. Para realiz\u00e1-lo: incline a cabe\u00e7a suavemente para um lado enquanto segura a posi\u00e7\u00e3o por cerca de 30 segundos, depois repita do outro lado.<\/p>\n\n\n\n<p>Outra t\u00e9cnica popular \u00e9 o alongamento de ombros. Para execut\u00e1-lo, posicione um bra\u00e7o cruzado \u00e0 frente do corpo e use a outra m\u00e3o para pux\u00e1-lo em dire\u00e7\u00e3o ao corpo. Mantenha a posi\u00e7\u00e3o por alguns segundos e mude de lado. Esses movimentos ajudam a soltar a tens\u00e3o armazenada nos m\u00fasculos dessas \u00e1reas. Outras varia\u00e7\u00f5es, como o alongamento de tronco e membros inferiores, tamb\u00e9m t\u00eam papel relevante na libera\u00e7\u00e3o do estresse f\u00edsico causado por maus h\u00e1bitos posturais.<\/p>\n\n\n\n<figure class=\"wp-block-image size-large\"><img loading=\"lazy\" decoding=\"async\" width=\"1024\" height=\"576\" src=\"https:\/\/www.em.com.br\/emfoco\/wp-content\/uploads\/2025\/05\/stretching_1747924251821-1024x576.jpg\" alt=\"Saiba como diminuir a perda de flexibilidade na terceira idade e aumentar a qualidade de vida\" class=\"wp-image-50162\" srcset=\"https:\/\/www.em.com.br\/emfoco\/wp-content\/uploads\/2025\/05\/stretching_1747924251821-1024x576.jpg 1024w, https:\/\/www.em.com.br\/emfoco\/wp-content\/uploads\/2025\/05\/stretching_1747924251821-300x169.jpg 300w, https:\/\/www.em.com.br\/emfoco\/wp-content\/uploads\/2025\/05\/stretching_1747924251821-768x432.jpg 768w, https:\/\/www.em.com.br\/emfoco\/wp-content\/uploads\/2025\/05\/stretching_1747924251821-750x422.jpg 750w, https:\/\/www.em.com.br\/emfoco\/wp-content\/uploads\/2025\/05\/stretching_1747924251821-1140x641.jpg 1140w, https:\/\/www.em.com.br\/emfoco\/wp-content\/uploads\/2025\/05\/stretching_1747924251821.jpg 1280w\" sizes=\"auto, (max-width: 1024px) 100vw, 1024px\" \/><figcaption class=\"wp-element-caption\">Pessoas se alongando &#8211; Cr\u00e9ditos: depositphotos.com \/ AndrewLozovyi<\/figcaption><\/figure>\n\n\n\n<h2 class=\"wp-block-heading\">O alongamento pode realmente combater o estresse?<\/h2>\n\n\n\n<p><strong>Sim, o alongamento pode ser uma forma eficaz de combater o estresse.<\/strong> Durante a pr\u00e1tica de alongamentos, como a pose de &#8220;flex\u00e3o frontal&#8221; em p\u00e9 ou sentado, o corpo tende a relaxar os <strong><a href=\"https:\/\/www.em.com.br\/emfoco\/2025\/07\/10\/dr-alexandre-duarte-fisiologista-quanto-mais-musculos-voce-tem-maiores-as-tuas-chances\/\" target=\"_blank\" rel=\"noreferrer noopener\">m\u00fasculos<\/a><\/strong>, o que ajuda a reduzir a tens\u00e3o f\u00edsica. Essa libera\u00e7\u00e3o de tens\u00e3o f\u00edsica \u00e9 crucial para aliviar sintomas de estresse cr\u00f4nico.<\/p>\n\n\n\n<p>Al\u00e9m disso, focar intencionalmente na respira\u00e7\u00e3o durante os alongamentos pode acalmar a mente e promover um estado de tranquilidade. Respirar profundamente enquanto se alonga estimula a resposta de relaxamento do corpo, um mecanismo natural que contrabalan\u00e7a o estresse. T\u00e9cnicas de mindfulness integradas \u00e0 pr\u00e1tica podem intensificar ainda mais esses benef\u00edcios.<\/p>\n\n\n\n<h2 class=\"wp-block-heading\">Por que investir tempo em alongamento diariamente?<\/h2>\n\n\n\n<p><strong>Investir tempo em alongamentos di\u00e1rios traz diversos benef\u00edcios al\u00e9m do al\u00edvio da tens\u00e3o e melhora do humor.<\/strong> A pr\u00e1tica regular contribui para o aumento da flexibilidade e amplitude de movimentos, o que pode prevenir les\u00f5es em atividades do dia a dia e exerc\u00edcios f\u00edsicos.<\/p>\n\n\n\n<p>Al\u00e9m disso, alocar alguns minutos di\u00e1rios para alongamentos pode estabelecer uma pausa importante no ritmo agitado, servindo como um momento de autocuidado e introspec\u00e7\u00e3o. Este h\u00e1bito pode eventualmente se transformar em uma pr\u00e1tica meditativa, proporcionando um equil\u00edbrio entre corpo e mente. A longo prazo, esse ritual di\u00e1rio auxilia a promover qualidade de vida e diminui\u00e7\u00e3o de dores cr\u00f4nicas relacionadas ao <strong><a href=\"https:\/\/brasilescola.uol.com.br\/saude\/sedentarismo.htm\" target=\"_blank\" rel=\"noreferrer noopener\">sedentarismo<\/a><\/strong>.<\/p>\n","protected":false},"excerpt":{"rendered":"<p>O alongamento \u00e9 uma pr\u00e1tica importante que pode ter um impacto significativo no humor di\u00e1rio. Quando se realiza alongamentos, o corpo libera uma dose de endorfina, conhecida como o horm\u00f4nio da felicidade. Esta subst\u00e2ncia auxilia na redu\u00e7\u00e3o do estresse, proporcionando uma sensa\u00e7\u00e3o de bem-estar e relaxamento. Estudos apontam ainda que sess\u00f5es regulares de alongamento podem [&hellip;]<\/p>\n","protected":false},"author":13,"featured_media":66693,"comment_status":"open","ping_status":"open","sticky":false,"template":"","format":"standard","meta":{"jnews-multi-image_gallery":[],"jnews_single_post":{"format":"standard"},"jnews_primary_category":[],"jnews_social_meta":[],"jnews_override_counter":[],"footnotes":""},"categories":[8691,1],"tags":[11064,4946,8956,373],"class_list":["post-76744","post","type-post","status-publish","format-standard","has-post-thumbnail","hentry","category-bem-estar","category-noticias","tag-alongamento","tag-estresse","tag-humor","tag-relaxamento"],"yoast_head":"<!-- This site is optimized with the Yoast SEO plugin v23.8 - https:\/\/yoast.com\/wordpress\/plugins\/seo\/ -->\n<title>Esse h\u00e1bito di\u00e1rio est\u00e1 transformando a rotina de quem sofre com ansiedade - Estado de Minas - Em foco<\/title>\n<meta name=\"description\" content=\"Alongar diariamente pode reduzir estresse, melhorar o humor e at\u00e9 turbinar sua concentra\u00e7\u00e3o. Conhe\u00e7a as melhores t\u00e9cnicas.\" \/>\n<meta name=\"robots\" content=\"index, follow, max-snippet:-1, max-image-preview:large, max-video-preview:-1\" \/>\n<link rel=\"canonical\" href=\"https:\/\/www.em.com.br\/emfoco\/2025\/07\/18\/esse-habito-diario-esta-transformando-a-rotina-de-quem-sofre-com-ansiedade\/\" \/>\n<meta property=\"og:locale\" content=\"pt_BR\" \/>\n<meta property=\"og:type\" content=\"article\" \/>\n<meta property=\"og:title\" content=\"Esse h\u00e1bito di\u00e1rio est\u00e1 transformando a rotina de quem sofre com ansiedade - Estado de Minas - Em foco\" \/>\n<meta property=\"og:description\" content=\"Alongar diariamente pode reduzir estresse, melhorar o humor e at\u00e9 turbinar sua concentra\u00e7\u00e3o. Conhe\u00e7a as melhores t\u00e9cnicas.\" \/>\n<meta property=\"og:url\" content=\"https:\/\/www.em.com.br\/emfoco\/2025\/07\/18\/esse-habito-diario-esta-transformando-a-rotina-de-quem-sofre-com-ansiedade\/\" \/>\n<meta property=\"og:site_name\" content=\"Estado de Minas - Em foco\" \/>\n<meta property=\"article:published_time\" content=\"2025-07-18T09:48:00+00:00\" \/>\n<meta property=\"article:modified_time\" content=\"2025-07-17T22:26:16+00:00\" \/>\n<meta property=\"og:image\" content=\"https:\/\/www.em.com.br\/emfoco\/wp-content\/uploads\/2025\/06\/alongamento_1750855906887.jpg\" \/>\n\t<meta property=\"og:image:width\" content=\"1280\" \/>\n\t<meta property=\"og:image:height\" content=\"720\" \/>\n\t<meta property=\"og:image:type\" content=\"image\/jpeg\" \/>\n<meta name=\"author\" content=\"Gabriel Martins\" \/>\n<meta name=\"twitter:card\" content=\"summary_large_image\" \/>\n<meta name=\"twitter:label1\" content=\"Escrito por\" \/>\n\t<meta name=\"twitter:data1\" content=\"Gabriel Martins\" \/>\n\t<meta name=\"twitter:label2\" content=\"Est. tempo de leitura\" \/>\n\t<meta name=\"twitter:data2\" content=\"4 minutos\" \/>\n<!-- \/ Yoast SEO plugin. -->","yoast_head_json":{"title":"Esse h\u00e1bito di\u00e1rio est\u00e1 transformando a rotina de quem sofre com ansiedade - Estado de Minas - Em foco","description":"Alongar diariamente pode reduzir estresse, melhorar o humor e at\u00e9 turbinar sua concentra\u00e7\u00e3o. Conhe\u00e7a as melhores t\u00e9cnicas.","robots":{"index":"index","follow":"follow","max-snippet":"max-snippet:-1","max-image-preview":"max-image-preview:large","max-video-preview":"max-video-preview:-1"},"canonical":"https:\/\/www.em.com.br\/emfoco\/2025\/07\/18\/esse-habito-diario-esta-transformando-a-rotina-de-quem-sofre-com-ansiedade\/","og_locale":"pt_BR","og_type":"article","og_title":"Esse h\u00e1bito di\u00e1rio est\u00e1 transformando a rotina de quem sofre com ansiedade - Estado de Minas - Em foco","og_description":"Alongar diariamente pode reduzir estresse, melhorar o humor e at\u00e9 turbinar sua concentra\u00e7\u00e3o. Conhe\u00e7a as melhores t\u00e9cnicas.","og_url":"https:\/\/www.em.com.br\/emfoco\/2025\/07\/18\/esse-habito-diario-esta-transformando-a-rotina-de-quem-sofre-com-ansiedade\/","og_site_name":"Estado de Minas - Em foco","article_published_time":"2025-07-18T09:48:00+00:00","article_modified_time":"2025-07-17T22:26:16+00:00","og_image":[{"width":1280,"height":720,"url":"https:\/\/www.em.com.br\/emfoco\/wp-content\/uploads\/2025\/06\/alongamento_1750855906887.jpg","type":"image\/jpeg"}],"author":"Gabriel Martins","twitter_card":"summary_large_image","twitter_misc":{"Escrito por":"Gabriel Martins","Est. tempo de leitura":"4 minutos"},"schema":{"@context":"https:\/\/schema.org","@graph":[{"@type":"WebPage","@id":"https:\/\/www.em.com.br\/emfoco\/2025\/07\/18\/esse-habito-diario-esta-transformando-a-rotina-de-quem-sofre-com-ansiedade\/","url":"https:\/\/www.em.com.br\/emfoco\/2025\/07\/18\/esse-habito-diario-esta-transformando-a-rotina-de-quem-sofre-com-ansiedade\/","name":"Esse h\u00e1bito di\u00e1rio est\u00e1 transformando a rotina de quem sofre com ansiedade - Estado de Minas - Em foco","isPartOf":{"@id":"https:\/\/www.em.com.br\/emfoco\/#website"},"primaryImageOfPage":{"@id":"https:\/\/www.em.com.br\/emfoco\/2025\/07\/18\/esse-habito-diario-esta-transformando-a-rotina-de-quem-sofre-com-ansiedade\/#primaryimage"},"image":{"@id":"https:\/\/www.em.com.br\/emfoco\/2025\/07\/18\/esse-habito-diario-esta-transformando-a-rotina-de-quem-sofre-com-ansiedade\/#primaryimage"},"thumbnailUrl":"https:\/\/www.em.com.br\/emfoco\/wp-content\/uploads\/2025\/06\/alongamento_1750855906887.jpg","datePublished":"2025-07-18T09:48:00+00:00","dateModified":"2025-07-17T22:26:16+00:00","author":{"@id":"https:\/\/www.em.com.br\/emfoco\/#\/schema\/person\/1c9ddeab18b98abeffef834667bcf08a"},"description":"Alongar diariamente pode reduzir estresse, melhorar o humor e at\u00e9 turbinar sua concentra\u00e7\u00e3o. Conhe\u00e7a as melhores t\u00e9cnicas.","breadcrumb":{"@id":"https:\/\/www.em.com.br\/emfoco\/2025\/07\/18\/esse-habito-diario-esta-transformando-a-rotina-de-quem-sofre-com-ansiedade\/#breadcrumb"},"inLanguage":"pt-BR","potentialAction":[{"@type":"ReadAction","target":["https:\/\/www.em.com.br\/emfoco\/2025\/07\/18\/esse-habito-diario-esta-transformando-a-rotina-de-quem-sofre-com-ansiedade\/"]}]},{"@type":"ImageObject","inLanguage":"pt-BR","@id":"https:\/\/www.em.com.br\/emfoco\/2025\/07\/18\/esse-habito-diario-esta-transformando-a-rotina-de-quem-sofre-com-ansiedade\/#primaryimage","url":"https:\/\/www.em.com.br\/emfoco\/wp-content\/uploads\/2025\/06\/alongamento_1750855906887.jpg","contentUrl":"https:\/\/www.em.com.br\/emfoco\/wp-content\/uploads\/2025\/06\/alongamento_1750855906887.jpg","width":1280,"height":720,"caption":"Mulher alongando - Cr\u00e9ditos: depositphotos.com \/ IgorVetushko"},{"@type":"BreadcrumbList","@id":"https:\/\/www.em.com.br\/emfoco\/2025\/07\/18\/esse-habito-diario-esta-transformando-a-rotina-de-quem-sofre-com-ansiedade\/#breadcrumb","itemListElement":[{"@type":"ListItem","position":1,"name":"In\u00edcio","item":"https:\/\/www.em.com.br\/emfoco\/"},{"@type":"ListItem","position":2,"name":"Esse h\u00e1bito di\u00e1rio est\u00e1 transformando a rotina de quem sofre com ansiedade"}]},{"@type":"WebSite","@id":"https:\/\/www.em.com.br\/emfoco\/#website","url":"https:\/\/www.em.com.br\/emfoco\/","name":"Estado de Minas - Em foco","description":"Acompanhe as \u00faltimas not\u00edcias e fique bem informado sobre tudo o que acontece em Minas Gerais, Brasil e no mundo.","potentialAction":[{"@type":"SearchAction","target":{"@type":"EntryPoint","urlTemplate":"https:\/\/www.em.com.br\/emfoco\/?s={search_term_string}"},"query-input":{"@type":"PropertyValueSpecification","valueRequired":true,"valueName":"search_term_string"}}],"inLanguage":"pt-BR"},{"@type":"Person","@id":"https:\/\/www.em.com.br\/emfoco\/#\/schema\/person\/1c9ddeab18b98abeffef834667bcf08a","name":"Gabriel Martins","image":{"@type":"ImageObject","inLanguage":"pt-BR","@id":"https:\/\/www.em.com.br\/emfoco\/#\/schema\/person\/image\/","url":"https:\/\/secure.gravatar.com\/avatar\/f0f1e2efdfd88f1ad2cb08c5c2731e50?s=96&d=mm&r=g","contentUrl":"https:\/\/secure.gravatar.com\/avatar\/f0f1e2efdfd88f1ad2cb08c5c2731e50?s=96&d=mm&r=g","caption":"Gabriel Martins"},"sameAs":["https:\/\/www.em.com.br\/emfoco\/"],"url":"https:\/\/www.em.com.br\/emfoco\/author\/gabrielmartinsmyth\/"}]}},"_links":{"self":[{"href":"https:\/\/www.em.com.br\/emfoco\/wp-json\/wp\/v2\/posts\/76744","targetHints":{"allow":["GET"]}}],"collection":[{"href":"https:\/\/www.em.com.br\/emfoco\/wp-json\/wp\/v2\/posts"}],"about":[{"href":"https:\/\/www.em.com.br\/emfoco\/wp-json\/wp\/v2\/types\/post"}],"author":[{"embeddable":true,"href":"https:\/\/www.em.com.br\/emfoco\/wp-json\/wp\/v2\/users\/13"}],"replies":[{"embeddable":true,"href":"https:\/\/www.em.com.br\/emfoco\/wp-json\/wp\/v2\/comments?post=76744"}],"version-history":[{"count":2,"href":"https:\/\/www.em.com.br\/emfoco\/wp-json\/wp\/v2\/posts\/76744\/revisions"}],"predecessor-version":[{"id":76762,"href":"https:\/\/www.em.com.br\/emfoco\/wp-json\/wp\/v2\/posts\/76744\/revisions\/76762"}],"wp:featuredmedia":[{"embeddable":true,"href":"https:\/\/www.em.com.br\/emfoco\/wp-json\/wp\/v2\/media\/66693"}],"wp:attachment":[{"href":"https:\/\/www.em.com.br\/emfoco\/wp-json\/wp\/v2\/media?parent=76744"}],"wp:term":[{"taxonomy":"category","embeddable":true,"href":"https:\/\/www.em.com.br\/emfoco\/wp-json\/wp\/v2\/categories?post=76744"},{"taxonomy":"post_tag","embeddable":true,"href":"https:\/\/www.em.com.br\/emfoco\/wp-json\/wp\/v2\/tags?post=76744"}],"curies":[{"name":"wp","href":"https:\/\/api.w.org\/{rel}","templated":true}]}}