{"id":76614,"date":"2025-07-16T18:58:00","date_gmt":"2025-07-16T21:58:00","guid":{"rendered":"https:\/\/www.em.com.br\/emfoco\/?p=76614"},"modified":"2025-07-15T21:05:23","modified_gmt":"2025-07-16T00:05:23","slug":"trabalhadores-ganham-mais-protecao-com-carteira-assinada","status":"publish","type":"post","link":"https:\/\/www.em.com.br\/emfoco\/2025\/07\/16\/trabalhadores-ganham-mais-protecao-com-carteira-assinada\/","title":{"rendered":"Trabalhadores ganham mais prote\u00e7\u00e3o com carteira assinada"},"content":{"rendered":"\n<p>A formaliza\u00e7\u00e3o do trabalho por meio do registro em carteira no <strong>Brasil <\/strong>tem revelado diversos impactos econ\u00f4micos. Esse mecanismo n\u00e3o apenas contribui para a arrecada\u00e7\u00e3o de tributos, como tamb\u00e9m desempenha um papel crucial na prote\u00e7\u00e3o social dos trabalhadores e na redu\u00e7\u00e3o da informalidade no mercado de trabalho. Ao registrar um empregado, o empregador passa a recolher contribui\u00e7\u00f5es previdenci\u00e1rias, o que incrementa o or\u00e7amento da seguridade social e fortalece a capacidade do <strong>Estado <\/strong>em oferecer benef\u00edcios como aposentadorias e aux\u00edlios diversos.<\/p>\n\n\n\n<p>Al\u00e9m disso, a formaliza\u00e7\u00e3o do emprego eleva a qualidade das rela\u00e7\u00f5es de trabalho ao proporcionar maior seguran\u00e7a jur\u00eddica tanto para empregadores quanto para empregados. Ela tamb\u00e9m viabiliza o acesso a linhas de cr\u00e9dito, pois trabalhadores formais t\u00eam mais facilidade para comprovar renda, movimentando outros setores da economia.<\/p>\n\n\n\n<h2 class=\"wp-block-heading\">O impacto da formaliza\u00e7\u00e3o na arrecada\u00e7\u00e3o de tributos<\/h2>\n\n\n<div class=\"wp-block-image\">\n<figure class=\"aligncenter size-large\"><img loading=\"lazy\" decoding=\"async\" width=\"1024\" height=\"576\" src=\"https:\/\/www.em.com.br\/emfoco\/wp-content\/uploads\/2025\/06\/trabalhador-carteira-de-trabalho-1024x576.png\" alt=\"Trabalhar registrado nunca foi t\u00e3o vantajoso no Brasil\" class=\"wp-image-68360\" srcset=\"https:\/\/www.em.com.br\/emfoco\/wp-content\/uploads\/2025\/06\/trabalhador-carteira-de-trabalho-1024x576.png 1024w, https:\/\/www.em.com.br\/emfoco\/wp-content\/uploads\/2025\/06\/trabalhador-carteira-de-trabalho-300x169.png 300w, https:\/\/www.em.com.br\/emfoco\/wp-content\/uploads\/2025\/06\/trabalhador-carteira-de-trabalho-768x432.png 768w, https:\/\/www.em.com.br\/emfoco\/wp-content\/uploads\/2025\/06\/trabalhador-carteira-de-trabalho-750x422.png 750w, https:\/\/www.em.com.br\/emfoco\/wp-content\/uploads\/2025\/06\/trabalhador-carteira-de-trabalho-1140x641.png 1140w, https:\/\/www.em.com.br\/emfoco\/wp-content\/uploads\/2025\/06\/trabalhador-carteira-de-trabalho.png 1280w\" sizes=\"auto, (max-width: 1024px) 100vw, 1024px\" \/><figcaption class=\"wp-element-caption\">Trabalhador feliz na esquerda com carteiras de trabalho na direita &#8211; Cr\u00e9dito: depositphotos.com \/ SarkisSeysian e depositphotos.com \/ moviafilmes<\/figcaption><\/figure><\/div>\n\n\n<p>O aumento na arrecada\u00e7\u00e3o de tributos adv\u00e9m principalmente das contribui\u00e7\u00f5es sociais e dos impostos <strong>incidentes <\/strong>sobre a folha de pagamento. Com a m\u00e3o de obra formalizada, h\u00e1 uma incid\u00eancia mais clara e direta de impostos como o <a href=\"https:\/\/www.em.com.br\/emfoco\/2025\/07\/15\/saque-do-fgts-ganha-nova-regra-e-trabalhadores-se-dividem\/\" target=\"_blank\" rel=\"noreferrer noopener\">FGTS <\/a>(Fundo de Garantia do Tempo de Servi\u00e7o) e o <strong><a href=\"https:\/\/meu.inss.gov.br\/\" target=\"_blank\" rel=\"noreferrer noopener\">INSS <\/a><\/strong>(Instituto Nacional do Seguro Social). Esses tributos s\u00e3o essenciais para financiar pol\u00edticas p\u00fablicas e garantir um m\u00ednimo de estabilidade financeira para aqueles que se afastam do mercado de trabalho por aposentadoria ou invalidez.<\/p>\n\n\n\n<p>Al\u00e9m do impacto direto nos cofres p\u00fablicos, essa arrecada\u00e7\u00e3o \u00e9 fundamental para a manuten\u00e7\u00e3o de programas sociais e investimentos em infraestrutura. A amplia\u00e7\u00e3o da base de contribuintes contribui para a sustentabilidade dos regimes de previd\u00eancia e de assist\u00eancia social, beneficiando toda a sociedade.<\/p>\n\n\n\n<h2 class=\"wp-block-heading\">Como a formaliza\u00e7\u00e3o do trabalho afeta a prote\u00e7\u00e3o social do trabalhador?<\/h2>\n\n\n\n<p>O registro em carteira assegura aos trabalhadores o direito a benef\u00edcios previdenci\u00e1rios e trabalhistas, que s\u00e3o fundamentais para a sua seguran\u00e7a social. Direitos como f\u00e9rias remuneradas, 13\u00ba sal\u00e1rio e licen\u00e7a-maternidade s\u00e3o alguns dos benef\u00edcios garantidos pela <strong>Carteira de Trabalho e Previd\u00eancia Social<\/strong> (<a href=\"https:\/\/www.gov.br\/pt-br\/servicos\/obter-a-carteira-de-trabalho\" target=\"_blank\" rel=\"noreferrer noopener\">CTPS<\/a>). Al\u00e9m disso, em caso de desligamento, o trabalhador formal tem direito ao seguro-desemprego, uma ajuda essencial para sua manuten\u00e7\u00e3o at\u00e9 a recoloca\u00e7\u00e3o no mercado.<\/p>\n\n\n\n<p>Essas garantias sociais t\u00eam um impacto direto na qualidade de vida do trabalhador, proporcionando maior seguran\u00e7a financeira e suporte em momentos de necessidade. Esse conjunto de benef\u00edcios cria um ambiente de trabalho mais protegido e sustent\u00e1vel, reduzindo a vulnerabilidade econ\u00f4mica dos cidad\u00e3os brasileiros.<\/p>\n\n\n\n<h2 class=\"wp-block-heading\">Qual o papel do registro em carteira na redu\u00e7\u00e3o da informalidade?<\/h2>\n\n\n\n<p>A formaliza\u00e7\u00e3o do trabalho contribui significativamente para a redu\u00e7\u00e3o da informalidade, um problema hist\u00f3rico no <strong>Brasil<\/strong>. A informalidade dificulta o planejamento econ\u00f4mico e a oferta de servi\u00e7os p\u00fablicos adequados, j\u00e1 que uma parcela expressiva da popula\u00e7\u00e3o econ\u00f4mica ativa n\u00e3o contribui diretamente com impostos ou contribui\u00e7\u00f5es sociais de maneira sistem\u00e1tica. Ao formalizar um trabalhador, n\u00e3o apenas se garante uma estabilidade maior para o mesmo, mas tamb\u00e9m se traz transpar\u00eancia e previsibilidade para as rela\u00e7\u00f5es de trabalho, melhorando tamb\u00e9m o ambiente de neg\u00f3cios no pa\u00eds.<\/p>\n\n\n\n<p>A redu\u00e7\u00e3o da informalidade implica em um mercado de trabalho mais justo e equilibrado, onde os trabalhadores t\u00eam acesso a direitos fundamentais e os empregadores enfrentam menos concorr\u00eancia desleal de empresas que driblam a legisla\u00e7\u00e3o trabalhista. Isso colabora para uma concorr\u00eancia mais saud\u00e1vel e estimula a profissionaliza\u00e7\u00e3o nos setores produtivos.<\/p>\n\n\n\n<h2 class=\"wp-block-heading\">Desafios que impedem a formaliza\u00e7\u00e3o completa<\/h2>\n\n\n\n<p>Apesar dos benef\u00edcios que a formaliza\u00e7\u00e3o traz, ainda existem gargalos que dificultam a total integra\u00e7\u00e3o dos trabalhadores informais no mercado formal. Entre esses desafios est\u00e3o a burocracia associada ao processo de formaliza\u00e7\u00e3o e os altos custos trabalhistas, que podem desincentivar pequenas e m\u00e9dias empresas de registrarem seus funcion\u00e1rios. O desconhecimento sobre direitos e deveres tamb\u00e9m \u00e9 um obst\u00e1culo para trabalhadores informais.<\/p>\n\n\n\n<p>Outra barreira importante \u00e9 a rigidez de algumas normas trabalhistas, que podem ser vistas como incompat\u00edveis com din\u00e2micas de trabalho mais flex\u00edveis, especialmente em setores sazonais ou com alta rotatividade. Isso demanda inova\u00e7\u00e3o nas pol\u00edticas p\u00fablicas e atualiza\u00e7\u00e3o das leis trabalhistas para contemplar novos arranjos de trabalho.<\/p>\n\n\n\n<h2 class=\"wp-block-heading\">Solu\u00e7\u00f5es para ampliar a formaliza\u00e7\u00e3o no pa\u00eds<\/h2>\n\n\n\n<p>Solu\u00e7\u00f5es para esses problemas podem incluir a simplifica\u00e7\u00e3o dos processos burocr\u00e1ticos e a revis\u00e3o da carga tribut\u00e1ria relativa \u00e0 folha de pagamento, tornando-a mais acess\u00edvel \u00e0s empresas. Programas de incentivo fiscal ou de redu\u00e7\u00e3o de al\u00edquotas para pequenos empres\u00e1rios que formalizam seus funcion\u00e1rios tamb\u00e9m podem ser eficazes e promover um ambiente mais favor\u00e1vel ao emprego formal.<\/p>\n\n\n\n<p>Campanhas educativas que informem trabalhadores e empregadores sobre os <strong>benef\u00edcios da formaliza\u00e7\u00e3o<\/strong> s\u00e3o essenciais. A digitaliza\u00e7\u00e3o de processos, atrav\u00e9s de plataformas online de contrata\u00e7\u00e3o e registro, pode facilitar o cumprimento das obriga\u00e7\u00f5es legais e estimular a regulariza\u00e7\u00e3o do emprego.<\/p>\n\n\n\n<h2 class=\"wp-block-heading\">Consequ\u00eancias econ\u00f4micas e sociais da formaliza\u00e7\u00e3o<\/h2>\n\n\n\n<p>A formaliza\u00e7\u00e3o do trabalho impacta positivamente indicadores macroecon\u00f4micos, como o aumento do consumo e da arrecada\u00e7\u00e3o fiscal, elevando o potencial de crescimento do pa\u00eds. Trabalhadores formais participam do mercado de cr\u00e9dito e impulsionam setores como habita\u00e7\u00e3o, transporte e varejo, multiplicando os efeitos econ\u00f4micos da estabilidade no emprego.<\/p>\n\n\n\n<p>No \u00e2mbito social, a formaliza\u00e7\u00e3o reduz a desigualdade, promove a inclus\u00e3o e combate pr\u00e1ticas abusivas no ambiente de trabalho. O desenvolvimento de uma cultura de direitos e deveres contribui para a constru\u00e7\u00e3o de uma sociedade mais cidad\u00e3 e consciente.<\/p>\n\n\n\n<h2 class=\"wp-block-heading\">Perspectivas futuras para o mercado de trabalho formal no Brasil<\/h2>\n\n\n\n<p>Neste contexto, o <strong>Brasil <\/strong>tem a oportunidade de seguir aprimorando o equil\u00edbrio entre a promo\u00e7\u00e3o de direitos trabalhistas e a cria\u00e7\u00e3o de condi\u00e7\u00f5es que facilitem a formaliza\u00e7\u00e3o do mercado, resultando em benef\u00edcios econ\u00f4micos e sociais significativos para o pa\u00eds. O avan\u00e7o de novas tecnologias e formas de trabalho demanda atualiza\u00e7\u00e3o constante das legisla\u00e7\u00f5es para acomodar diferentes realidades e garantir prote\u00e7\u00e3o social.<\/p>\n\n\n\n<p>O fortalecimento do di\u00e1logo entre governo, empregadores e trabalhadores ser\u00e1 crucial para encontrar solu\u00e7\u00f5es inovadoras e promover o desenvolvimento sustent\u00e1vel do mercado de trabalho brasileiro. A expectativa \u00e9 de que, com pol\u00edticas p\u00fablicas adequadas, o pa\u00eds alcance patamares crescentes de formaliza\u00e7\u00e3o, beneficiando toda a sociedade.<\/p>\n","protected":false},"excerpt":{"rendered":"<p>A formaliza\u00e7\u00e3o do trabalho por meio do registro em carteira no Brasil tem revelado diversos impactos econ\u00f4micos. Esse mecanismo n\u00e3o apenas contribui para a arrecada\u00e7\u00e3o de tributos, como tamb\u00e9m desempenha um papel crucial na prote\u00e7\u00e3o social dos trabalhadores e na redu\u00e7\u00e3o da informalidade no mercado de trabalho. Ao registrar um empregado, o empregador passa a [&hellip;]<\/p>\n","protected":false},"author":20,"featured_media":56497,"comment_status":"open","ping_status":"open","sticky":false,"template":"","format":"standard","meta":{"jnews-multi-image_gallery":[],"jnews_single_post":{"format":"standard"},"jnews_primary_category":[],"jnews_social_meta":[],"jnews_override_counter":[],"footnotes":""},"categories":[28,1],"tags":[158,1036,174,12240],"class_list":["post-76614","post","type-post","status-publish","format-standard","has-post-thumbnail","hentry","category-economia","category-noticias","tag-brasil","tag-fgts","tag-inss","tag-trabalho-formal"],"yoast_head":"<!-- This site is optimized with the Yoast SEO plugin v23.8 - https:\/\/yoast.com\/wordpress\/plugins\/seo\/ -->\n<title>Trabalhadores ganham mais prote\u00e7\u00e3o com carteira assinada - Estado de Minas - Em foco<\/title>\n<meta name=\"description\" content=\"Registro em carteira melhora a renda, ativa o cr\u00e9dito e fortalece a seguran\u00e7a social dos trabalhadores com impacto direto na economia.\" \/>\n<meta name=\"robots\" content=\"index, follow, max-snippet:-1, max-image-preview:large, max-video-preview:-1\" \/>\n<link rel=\"canonical\" href=\"https:\/\/www.em.com.br\/emfoco\/2025\/07\/16\/trabalhadores-ganham-mais-protecao-com-carteira-assinada\/\" \/>\n<meta property=\"og:locale\" content=\"pt_BR\" \/>\n<meta property=\"og:type\" content=\"article\" \/>\n<meta property=\"og:title\" content=\"Trabalhadores ganham mais prote\u00e7\u00e3o com carteira assinada - Estado de Minas - Em foco\" \/>\n<meta property=\"og:description\" content=\"Registro em carteira melhora a renda, ativa o cr\u00e9dito e fortalece a seguran\u00e7a social dos trabalhadores com impacto direto na economia.\" \/>\n<meta property=\"og:url\" content=\"https:\/\/www.em.com.br\/emfoco\/2025\/07\/16\/trabalhadores-ganham-mais-protecao-com-carteira-assinada\/\" \/>\n<meta property=\"og:site_name\" content=\"Estado de Minas - Em foco\" \/>\n<meta property=\"article:published_time\" content=\"2025-07-16T21:58:00+00:00\" \/>\n<meta property=\"article:modified_time\" content=\"2025-07-16T00:05:23+00:00\" \/>\n<meta property=\"og:image\" content=\"https:\/\/www.em.com.br\/emfoco\/wp-content\/uploads\/2025\/06\/FGTS_1749151248851.jpg\" \/>\n\t<meta property=\"og:image:width\" content=\"1280\" \/>\n\t<meta property=\"og:image:height\" content=\"720\" \/>\n\t<meta property=\"og:image:type\" content=\"image\/jpeg\" \/>\n<meta name=\"author\" content=\"Ingrid Diniz\" \/>\n<meta name=\"twitter:card\" content=\"summary_large_image\" \/>\n<meta name=\"twitter:label1\" content=\"Escrito por\" \/>\n\t<meta name=\"twitter:data1\" content=\"Ingrid Diniz\" \/>\n\t<meta name=\"twitter:label2\" content=\"Est. tempo de leitura\" \/>\n\t<meta name=\"twitter:data2\" content=\"6 minutos\" \/>\n<!-- \/ Yoast SEO plugin. -->","yoast_head_json":{"title":"Trabalhadores ganham mais prote\u00e7\u00e3o com carteira assinada - Estado de Minas - Em foco","description":"Registro em carteira melhora a renda, ativa o cr\u00e9dito e fortalece a seguran\u00e7a social dos trabalhadores com impacto direto na economia.","robots":{"index":"index","follow":"follow","max-snippet":"max-snippet:-1","max-image-preview":"max-image-preview:large","max-video-preview":"max-video-preview:-1"},"canonical":"https:\/\/www.em.com.br\/emfoco\/2025\/07\/16\/trabalhadores-ganham-mais-protecao-com-carteira-assinada\/","og_locale":"pt_BR","og_type":"article","og_title":"Trabalhadores ganham mais prote\u00e7\u00e3o com carteira assinada - Estado de Minas - Em foco","og_description":"Registro em carteira melhora a renda, ativa o cr\u00e9dito e fortalece a seguran\u00e7a social dos trabalhadores com impacto direto na economia.","og_url":"https:\/\/www.em.com.br\/emfoco\/2025\/07\/16\/trabalhadores-ganham-mais-protecao-com-carteira-assinada\/","og_site_name":"Estado de Minas - Em foco","article_published_time":"2025-07-16T21:58:00+00:00","article_modified_time":"2025-07-16T00:05:23+00:00","og_image":[{"width":1280,"height":720,"url":"https:\/\/www.em.com.br\/emfoco\/wp-content\/uploads\/2025\/06\/FGTS_1749151248851.jpg","type":"image\/jpeg"}],"author":"Ingrid Diniz","twitter_card":"summary_large_image","twitter_misc":{"Escrito por":"Ingrid Diniz","Est. tempo de leitura":"6 minutos"},"schema":{"@context":"https:\/\/schema.org","@graph":[{"@type":"WebPage","@id":"https:\/\/www.em.com.br\/emfoco\/2025\/07\/16\/trabalhadores-ganham-mais-protecao-com-carteira-assinada\/","url":"https:\/\/www.em.com.br\/emfoco\/2025\/07\/16\/trabalhadores-ganham-mais-protecao-com-carteira-assinada\/","name":"Trabalhadores ganham mais prote\u00e7\u00e3o com carteira assinada - Estado de Minas - Em foco","isPartOf":{"@id":"https:\/\/www.em.com.br\/emfoco\/#website"},"primaryImageOfPage":{"@id":"https:\/\/www.em.com.br\/emfoco\/2025\/07\/16\/trabalhadores-ganham-mais-protecao-com-carteira-assinada\/#primaryimage"},"image":{"@id":"https:\/\/www.em.com.br\/emfoco\/2025\/07\/16\/trabalhadores-ganham-mais-protecao-com-carteira-assinada\/#primaryimage"},"thumbnailUrl":"https:\/\/www.em.com.br\/emfoco\/wp-content\/uploads\/2025\/06\/FGTS_1749151248851.jpg","datePublished":"2025-07-16T21:58:00+00:00","dateModified":"2025-07-16T00:05:23+00:00","author":{"@id":"https:\/\/www.em.com.br\/emfoco\/#\/schema\/person\/649e610b4eb8fff87ff394e54fe17b2b"},"description":"Registro em carteira melhora a renda, ativa o cr\u00e9dito e fortalece a seguran\u00e7a social dos trabalhadores com impacto direto na economia.","breadcrumb":{"@id":"https:\/\/www.em.com.br\/emfoco\/2025\/07\/16\/trabalhadores-ganham-mais-protecao-com-carteira-assinada\/#breadcrumb"},"inLanguage":"pt-BR","potentialAction":[{"@type":"ReadAction","target":["https:\/\/www.em.com.br\/emfoco\/2025\/07\/16\/trabalhadores-ganham-mais-protecao-com-carteira-assinada\/"]}]},{"@type":"ImageObject","inLanguage":"pt-BR","@id":"https:\/\/www.em.com.br\/emfoco\/2025\/07\/16\/trabalhadores-ganham-mais-protecao-com-carteira-assinada\/#primaryimage","url":"https:\/\/www.em.com.br\/emfoco\/wp-content\/uploads\/2025\/06\/FGTS_1749151248851.jpg","contentUrl":"https:\/\/www.em.com.br\/emfoco\/wp-content\/uploads\/2025\/06\/FGTS_1749151248851.jpg","width":1280,"height":720,"caption":"Seguro-desemprego oferece apoio financeiro \u00e0 fam\u00edlia - Cr\u00e9ditos: depositphotos.com \/ moviafilmes"},{"@type":"BreadcrumbList","@id":"https:\/\/www.em.com.br\/emfoco\/2025\/07\/16\/trabalhadores-ganham-mais-protecao-com-carteira-assinada\/#breadcrumb","itemListElement":[{"@type":"ListItem","position":1,"name":"In\u00edcio","item":"https:\/\/www.em.com.br\/emfoco\/"},{"@type":"ListItem","position":2,"name":"Trabalhadores ganham mais prote\u00e7\u00e3o com carteira assinada"}]},{"@type":"WebSite","@id":"https:\/\/www.em.com.br\/emfoco\/#website","url":"https:\/\/www.em.com.br\/emfoco\/","name":"Estado de Minas - Em foco","description":"Acompanhe as \u00faltimas not\u00edcias e fique bem informado sobre tudo o que acontece em Minas Gerais, Brasil e no mundo.","potentialAction":[{"@type":"SearchAction","target":{"@type":"EntryPoint","urlTemplate":"https:\/\/www.em.com.br\/emfoco\/?s={search_term_string}"},"query-input":{"@type":"PropertyValueSpecification","valueRequired":true,"valueName":"search_term_string"}}],"inLanguage":"pt-BR"},{"@type":"Person","@id":"https:\/\/www.em.com.br\/emfoco\/#\/schema\/person\/649e610b4eb8fff87ff394e54fe17b2b","name":"Ingrid Diniz","image":{"@type":"ImageObject","inLanguage":"pt-BR","@id":"https:\/\/www.em.com.br\/emfoco\/#\/schema\/person\/image\/","url":"https:\/\/secure.gravatar.com\/avatar\/a3baa1449ec5c39b4c42babc9d4f3951?s=96&d=mm&r=g","contentUrl":"https:\/\/secure.gravatar.com\/avatar\/a3baa1449ec5c39b4c42babc9d4f3951?s=96&d=mm&r=g","caption":"Ingrid Diniz"},"sameAs":["https:\/\/www.em.com.br\/"],"url":"https:\/\/www.em.com.br\/emfoco\/author\/ingridmyth\/"}]}},"_links":{"self":[{"href":"https:\/\/www.em.com.br\/emfoco\/wp-json\/wp\/v2\/posts\/76614","targetHints":{"allow":["GET"]}}],"collection":[{"href":"https:\/\/www.em.com.br\/emfoco\/wp-json\/wp\/v2\/posts"}],"about":[{"href":"https:\/\/www.em.com.br\/emfoco\/wp-json\/wp\/v2\/types\/post"}],"author":[{"embeddable":true,"href":"https:\/\/www.em.com.br\/emfoco\/wp-json\/wp\/v2\/users\/20"}],"replies":[{"embeddable":true,"href":"https:\/\/www.em.com.br\/emfoco\/wp-json\/wp\/v2\/comments?post=76614"}],"version-history":[{"count":1,"href":"https:\/\/www.em.com.br\/emfoco\/wp-json\/wp\/v2\/posts\/76614\/revisions"}],"predecessor-version":[{"id":76622,"href":"https:\/\/www.em.com.br\/emfoco\/wp-json\/wp\/v2\/posts\/76614\/revisions\/76622"}],"wp:featuredmedia":[{"embeddable":true,"href":"https:\/\/www.em.com.br\/emfoco\/wp-json\/wp\/v2\/media\/56497"}],"wp:attachment":[{"href":"https:\/\/www.em.com.br\/emfoco\/wp-json\/wp\/v2\/media?parent=76614"}],"wp:term":[{"taxonomy":"category","embeddable":true,"href":"https:\/\/www.em.com.br\/emfoco\/wp-json\/wp\/v2\/categories?post=76614"},{"taxonomy":"post_tag","embeddable":true,"href":"https:\/\/www.em.com.br\/emfoco\/wp-json\/wp\/v2\/tags?post=76614"}],"curies":[{"name":"wp","href":"https:\/\/api.w.org\/{rel}","templated":true}]}}