{"id":76594,"date":"2025-07-16T08:20:00","date_gmt":"2025-07-16T11:20:00","guid":{"rendered":"https:\/\/www.em.com.br\/emfoco\/?p=76594"},"modified":"2025-07-15T23:51:36","modified_gmt":"2025-07-16T02:51:36","slug":"estudo-revela-que-esse-tipo-sanguineo-tem-28-de-morte-em-lesoes-graves","status":"publish","type":"post","link":"https:\/\/www.em.com.br\/emfoco\/2025\/07\/16\/estudo-revela-que-esse-tipo-sanguineo-tem-28-de-morte-em-lesoes-graves\/","title":{"rendered":"Estudo revela que esse tipo sangu\u00edneo tem 28% de morte em les\u00f5es graves"},"content":{"rendered":"\n<p>Pessoas com <strong>sangue tipo O<\/strong> apresentam maior vulnerabilidade a les\u00f5es graves, com uma taxa de mortalidade que chega a 28%, segundo estudo do <a href=\"https:\/\/ccforum.biomedcentral.com\/articles\/10.1186\/s13054-018-2022-0\" target=\"_blank\" rel=\"noreferrer noopener\">Hospital Universit\u00e1rio de T\u00f3quio<\/a>. Em compara\u00e7\u00e3o, indiv\u00edduos com outros tipos sangu\u00edneos enfrentam um risco de apenas 11%.<\/p>\n\n\n\n<p>Essa diferen\u00e7a pode ser explicada por fatores de coagula\u00e7\u00e3o. O sangue tipo O tem n\u00edveis mais baixos de prote\u00ednas como o fator von Willebrand e o fator VIII, essenciais para estancar sangramentos em situa\u00e7\u00f5es cr\u00edticas.<\/p>\n\n\n\n<h2 class=\"wp-block-heading\">Por que a coagula\u00e7\u00e3o sangu\u00ednea \u00e9 mais dif\u00edcil em quem tem sangue tipo O?<\/h2>\n\n\n\n<p>A dificuldade na <strong>coagula\u00e7\u00e3o do sangue tipo O<\/strong> est\u00e1 diretamente ligada \u00e0 aus\u00eancia de certas prote\u00ednas. Isso torna o organismo menos eficiente em conter hemorragias internas e externas, o que agrava quadros de trauma.<\/p>\n\n\n\n<p>Esse fator isolado j\u00e1 coloca essas pessoas em uma situa\u00e7\u00e3o de alerta em casos de acidentes ou cirurgias. A resposta do corpo se torna mais lenta e aumenta o risco de complica\u00e7\u00f5es fatais.<\/p>\n\n\n\n<h2 class=\"wp-block-heading\">Como a resposta inflamat\u00f3ria impacta na recupera\u00e7\u00e3o do sangue tipo O?<\/h2>\n\n\n\n<p>Estudos indicam que pessoas com <strong>tipo O<\/strong> podem ter uma resposta inflamat\u00f3ria diferenciada. Isso dificulta a recupera\u00e7\u00e3o ap\u00f3s les\u00f5es, j\u00e1 que o organismo responde de maneira menos eficiente \u00e0 inflama\u00e7\u00e3o.<\/p>\n\n\n\n<p>Essa peculiaridade pode aumentar o risco de infec\u00e7\u00f5es, fal\u00eancia de \u00f3rg\u00e3os e uma recupera\u00e7\u00e3o mais lenta, mesmo ap\u00f3s procedimentos m\u00e9dicos adequados.<\/p>\n\n\n\n<figure class=\"wp-block-image size-large\"><img loading=\"lazy\" decoding=\"async\" width=\"1024\" height=\"576\" src=\"https:\/\/www.em.com.br\/emfoco\/wp-content\/uploads\/2025\/07\/tipo-sanguineo_1752625900207-1024x576.jpg\" alt=\"\" class=\"wp-image-76603\" srcset=\"https:\/\/www.em.com.br\/emfoco\/wp-content\/uploads\/2025\/07\/tipo-sanguineo_1752625900207-1024x576.jpg 1024w, https:\/\/www.em.com.br\/emfoco\/wp-content\/uploads\/2025\/07\/tipo-sanguineo_1752625900207-300x169.jpg 300w, https:\/\/www.em.com.br\/emfoco\/wp-content\/uploads\/2025\/07\/tipo-sanguineo_1752625900207-768x432.jpg 768w, https:\/\/www.em.com.br\/emfoco\/wp-content\/uploads\/2025\/07\/tipo-sanguineo_1752625900207-750x422.jpg 750w, https:\/\/www.em.com.br\/emfoco\/wp-content\/uploads\/2025\/07\/tipo-sanguineo_1752625900207-1140x641.jpg 1140w, https:\/\/www.em.com.br\/emfoco\/wp-content\/uploads\/2025\/07\/tipo-sanguineo_1752625900207.jpg 1280w\" sizes=\"auto, (max-width: 1024px) 100vw, 1024px\" \/><figcaption class=\"wp-element-caption\">Tipo sangu\u00edneo &#8211; Cr\u00e9ditos: depositphotos.com \/ serezniy<\/figcaption><\/figure>\n\n\n\n<h2 class=\"wp-block-heading\">Por que o sangue O negativo \u00e9 considerado universal, mas tamb\u00e9m limitado?<\/h2>\n\n\n\n<p>O <strong>sangue O negativo<\/strong> \u00e9 conhecido por sua versatilidade como doador universal, podendo ser utilizado em emerg\u00eancias cr\u00edticas. No entanto, quem possui esse tipo s\u00f3 pode receber sangue do mesmo tipo, o que limita o atendimento em situa\u00e7\u00f5es urgentes.<\/p>\n\n\n\n<p>Esse detalhe \u00e9 crucial em hospitais e pronto-socorros, onde a disponibilidade imediata do tipo exato pode ser uma quest\u00e3o de vida ou morte.<\/p>\n\n\n\n<h2 class=\"wp-block-heading\">Quais as vantagens e desvantagens de ter sangue tipo O?<\/h2>\n\n\n\n<p>Ter <strong>tipo O<\/strong> pode oferecer prote\u00e7\u00e3o contra doen\u00e7as cardiovasculares, segundo diversos estudos. Por outro lado, h\u00e1 maior suscetibilidade a \u00falceras e alguns tipos de c\u00e2ncer gastrointestinal.<\/p>\n\n\n\n<p>Al\u00e9m disso, esse tipo sangu\u00edneo apresenta compatibilidade elevada em transplantes de \u00f3rg\u00e3os, o que pode representar uma vantagem decisiva em cirurgias de alta complexidade.<\/p>\n\n\n\n<ul class=\"wp-block-list\">\n<li><strong>Vantagens:<\/strong> menor risco card\u00edaco, maior compatibilidade em transplantes<\/li>\n\n\n\n<li><strong>Desvantagens:<\/strong> maior chance de \u00falceras, risco elevado em traumas<\/li>\n<\/ul>\n\n\n\n<h2 class=\"wp-block-heading\">O que muda com a descoberta do novo sistema sangu\u00edneo \u2018MAL\u2019?<\/h2>\n\n\n\n<p>Pesquisadores brit\u00e2nicos identificaram o sistema <strong>MAL<\/strong>, que inclui o ant\u00edgeno AnWj, ausente em algumas pessoas com doen\u00e7as espec\u00edficas. O fen\u00f3tipo AnWj-negativo \u00e9 extremamente raro, mas relevante para a medicina transfusional.<\/p>\n\n\n\n<p>Essa descoberta amplia o n\u00famero de sistemas sangu\u00edneos para 47, totalizando mais de 360 ant\u00edgenos j\u00e1 identificados. Com isso, ser\u00e1 poss\u00edvel realizar transfus\u00f5es ainda mais seguras e personalizadas.<\/p>\n\n\n\n<ol class=\"wp-block-list\">\n<li>O sistema \u2018MAL\u2019 pode evitar rea\u00e7\u00f5es adversas em transfus\u00f5es<\/li>\n\n\n\n<li>Facilita a identifica\u00e7\u00e3o de doadores altamente compat\u00edveis<\/li>\n<\/ol>\n\n\n\n<p><strong>Curiosidade:<\/strong> o sangue tipo O \u00e9 o mais comum no Brasil, presente em cerca de 47% da popula\u00e7\u00e3o \u2014 o que amplia ainda mais a relev\u00e2ncia de conhecer seus riscos e caracter\u00edsticas.<\/p>\n","protected":false},"excerpt":{"rendered":"<p>Pessoas com sangue tipo O apresentam maior vulnerabilidade a les\u00f5es graves, com uma taxa de mortalidade que chega a 28%, segundo estudo do Hospital Universit\u00e1rio de T\u00f3quio. Em compara\u00e7\u00e3o, indiv\u00edduos com outros tipos sangu\u00edneos enfrentam um risco de apenas 11%. Essa diferen\u00e7a pode ser explicada por fatores de coagula\u00e7\u00e3o. O sangue tipo O tem n\u00edveis [&hellip;]<\/p>\n","protected":false},"author":11,"featured_media":76604,"comment_status":"open","ping_status":"open","sticky":false,"template":"","format":"standard","meta":{"jnews-multi-image_gallery":[],"jnews_single_post":{"format":"standard"},"jnews_primary_category":[],"jnews_social_meta":[],"jnews_override_counter":[],"footnotes":""},"categories":[8819,1],"tags":[9234,415,12239],"class_list":["post-76594","post","type-post","status-publish","format-standard","has-post-thumbnail","hentry","category-curiosidades","category-noticias","tag-sangue","tag-saude","tag-tipo-sanguineo"],"yoast_head":"<!-- This site is optimized with the Yoast SEO plugin v23.8 - https:\/\/yoast.com\/wordpress\/plugins\/seo\/ -->\n<title>Estudo revela que esse tipo sangu\u00edneo tem 28% de morte em les\u00f5es graves - Estado de Minas - Em foco<\/title>\n<meta name=\"description\" content=\"Esse \u00e9 o tipo comum no Brasil, mas pode representar um perigo oculto em emerg\u00eancias m\u00e9dicas segundo especialistas.\" \/>\n<meta name=\"robots\" content=\"index, follow, max-snippet:-1, max-image-preview:large, max-video-preview:-1\" \/>\n<link rel=\"canonical\" href=\"https:\/\/www.em.com.br\/emfoco\/2025\/07\/16\/estudo-revela-que-esse-tipo-sanguineo-tem-28-de-morte-em-lesoes-graves\/\" \/>\n<meta property=\"og:locale\" content=\"pt_BR\" \/>\n<meta property=\"og:type\" content=\"article\" \/>\n<meta property=\"og:title\" content=\"Estudo revela que esse tipo sangu\u00edneo tem 28% de morte em les\u00f5es graves - Estado de Minas - Em foco\" \/>\n<meta property=\"og:description\" content=\"Esse \u00e9 o tipo comum no Brasil, mas pode representar um perigo oculto em emerg\u00eancias m\u00e9dicas segundo especialistas.\" \/>\n<meta property=\"og:url\" content=\"https:\/\/www.em.com.br\/emfoco\/2025\/07\/16\/estudo-revela-que-esse-tipo-sanguineo-tem-28-de-morte-em-lesoes-graves\/\" \/>\n<meta property=\"og:site_name\" content=\"Estado de Minas - Em foco\" \/>\n<meta property=\"article:published_time\" content=\"2025-07-16T11:20:00+00:00\" \/>\n<meta property=\"article:modified_time\" content=\"2025-07-16T02:51:36+00:00\" \/>\n<meta property=\"og:image\" content=\"https:\/\/www.em.com.br\/emfoco\/wp-content\/uploads\/2025\/07\/tipo-sanguineo_1752625945837.jpg\" \/>\n\t<meta property=\"og:image:width\" content=\"1280\" \/>\n\t<meta property=\"og:image:height\" content=\"720\" \/>\n\t<meta property=\"og:image:type\" content=\"image\/jpeg\" \/>\n<meta name=\"author\" content=\"Andre\u0301 Rangel\u00a0\" \/>\n<meta name=\"twitter:card\" content=\"summary_large_image\" \/>\n<meta name=\"twitter:label1\" content=\"Escrito por\" \/>\n\t<meta name=\"twitter:data1\" content=\"Andre\u0301 Rangel\u00a0\" \/>\n\t<meta name=\"twitter:label2\" content=\"Est. tempo de leitura\" \/>\n\t<meta name=\"twitter:data2\" content=\"4 minutos\" \/>\n<!-- \/ Yoast SEO plugin. -->","yoast_head_json":{"title":"Estudo revela que esse tipo sangu\u00edneo tem 28% de morte em les\u00f5es graves - Estado de Minas - Em foco","description":"Esse \u00e9 o tipo comum no Brasil, mas pode representar um perigo oculto em emerg\u00eancias m\u00e9dicas segundo especialistas.","robots":{"index":"index","follow":"follow","max-snippet":"max-snippet:-1","max-image-preview":"max-image-preview:large","max-video-preview":"max-video-preview:-1"},"canonical":"https:\/\/www.em.com.br\/emfoco\/2025\/07\/16\/estudo-revela-que-esse-tipo-sanguineo-tem-28-de-morte-em-lesoes-graves\/","og_locale":"pt_BR","og_type":"article","og_title":"Estudo revela que esse tipo sangu\u00edneo tem 28% de morte em les\u00f5es graves - Estado de Minas - Em foco","og_description":"Esse \u00e9 o tipo comum no Brasil, mas pode representar um perigo oculto em emerg\u00eancias m\u00e9dicas segundo especialistas.","og_url":"https:\/\/www.em.com.br\/emfoco\/2025\/07\/16\/estudo-revela-que-esse-tipo-sanguineo-tem-28-de-morte-em-lesoes-graves\/","og_site_name":"Estado de Minas - Em foco","article_published_time":"2025-07-16T11:20:00+00:00","article_modified_time":"2025-07-16T02:51:36+00:00","og_image":[{"width":1280,"height":720,"url":"https:\/\/www.em.com.br\/emfoco\/wp-content\/uploads\/2025\/07\/tipo-sanguineo_1752625945837.jpg","type":"image\/jpeg"}],"author":"Andre\u0301 Rangel\u00a0","twitter_card":"summary_large_image","twitter_misc":{"Escrito por":"Andre\u0301 Rangel\u00a0","Est. tempo de leitura":"4 minutos"},"schema":{"@context":"https:\/\/schema.org","@graph":[{"@type":"WebPage","@id":"https:\/\/www.em.com.br\/emfoco\/2025\/07\/16\/estudo-revela-que-esse-tipo-sanguineo-tem-28-de-morte-em-lesoes-graves\/","url":"https:\/\/www.em.com.br\/emfoco\/2025\/07\/16\/estudo-revela-que-esse-tipo-sanguineo-tem-28-de-morte-em-lesoes-graves\/","name":"Estudo revela que esse tipo sangu\u00edneo tem 28% de morte em les\u00f5es graves - Estado de Minas - Em foco","isPartOf":{"@id":"https:\/\/www.em.com.br\/emfoco\/#website"},"primaryImageOfPage":{"@id":"https:\/\/www.em.com.br\/emfoco\/2025\/07\/16\/estudo-revela-que-esse-tipo-sanguineo-tem-28-de-morte-em-lesoes-graves\/#primaryimage"},"image":{"@id":"https:\/\/www.em.com.br\/emfoco\/2025\/07\/16\/estudo-revela-que-esse-tipo-sanguineo-tem-28-de-morte-em-lesoes-graves\/#primaryimage"},"thumbnailUrl":"https:\/\/www.em.com.br\/emfoco\/wp-content\/uploads\/2025\/07\/tipo-sanguineo_1752625945837.jpg","datePublished":"2025-07-16T11:20:00+00:00","dateModified":"2025-07-16T02:51:36+00:00","author":{"@id":"https:\/\/www.em.com.br\/emfoco\/#\/schema\/person\/60eda09c1fedf0d6891f4cef4b60b8b8"},"description":"Esse \u00e9 o tipo comum no Brasil, mas pode representar um perigo oculto em emerg\u00eancias m\u00e9dicas segundo especialistas.","breadcrumb":{"@id":"https:\/\/www.em.com.br\/emfoco\/2025\/07\/16\/estudo-revela-que-esse-tipo-sanguineo-tem-28-de-morte-em-lesoes-graves\/#breadcrumb"},"inLanguage":"pt-BR","potentialAction":[{"@type":"ReadAction","target":["https:\/\/www.em.com.br\/emfoco\/2025\/07\/16\/estudo-revela-que-esse-tipo-sanguineo-tem-28-de-morte-em-lesoes-graves\/"]}]},{"@type":"ImageObject","inLanguage":"pt-BR","@id":"https:\/\/www.em.com.br\/emfoco\/2025\/07\/16\/estudo-revela-que-esse-tipo-sanguineo-tem-28-de-morte-em-lesoes-graves\/#primaryimage","url":"https:\/\/www.em.com.br\/emfoco\/wp-content\/uploads\/2025\/07\/tipo-sanguineo_1752625945837.jpg","contentUrl":"https:\/\/www.em.com.br\/emfoco\/wp-content\/uploads\/2025\/07\/tipo-sanguineo_1752625945837.jpg","width":1280,"height":720,"caption":"Sangue - Cr\u00e9ditos: depositphotos.com \/ yangtak"},{"@type":"BreadcrumbList","@id":"https:\/\/www.em.com.br\/emfoco\/2025\/07\/16\/estudo-revela-que-esse-tipo-sanguineo-tem-28-de-morte-em-lesoes-graves\/#breadcrumb","itemListElement":[{"@type":"ListItem","position":1,"name":"In\u00edcio","item":"https:\/\/www.em.com.br\/emfoco\/"},{"@type":"ListItem","position":2,"name":"Estudo revela que esse tipo sangu\u00edneo tem 28% de morte em les\u00f5es graves"}]},{"@type":"WebSite","@id":"https:\/\/www.em.com.br\/emfoco\/#website","url":"https:\/\/www.em.com.br\/emfoco\/","name":"Estado de Minas - Em foco","description":"Acompanhe as \u00faltimas not\u00edcias e fique bem informado sobre tudo o que acontece em Minas Gerais, Brasil e no mundo.","potentialAction":[{"@type":"SearchAction","target":{"@type":"EntryPoint","urlTemplate":"https:\/\/www.em.com.br\/emfoco\/?s={search_term_string}"},"query-input":{"@type":"PropertyValueSpecification","valueRequired":true,"valueName":"search_term_string"}}],"inLanguage":"pt-BR"},{"@type":"Person","@id":"https:\/\/www.em.com.br\/emfoco\/#\/schema\/person\/60eda09c1fedf0d6891f4cef4b60b8b8","name":"Andre\u0301 Rangel\u00a0","image":{"@type":"ImageObject","inLanguage":"pt-BR","@id":"https:\/\/www.em.com.br\/emfoco\/#\/schema\/person\/image\/","url":"https:\/\/secure.gravatar.com\/avatar\/6234dc814c77c8ef6d8bba622c787efc?s=96&d=mm&r=g","contentUrl":"https:\/\/secure.gravatar.com\/avatar\/6234dc814c77c8ef6d8bba622c787efc?s=96&d=mm&r=g","caption":"Andre\u0301 Rangel\u00a0"},"url":"https:\/\/www.em.com.br\/emfoco\/author\/luizmyth\/"}]}},"_links":{"self":[{"href":"https:\/\/www.em.com.br\/emfoco\/wp-json\/wp\/v2\/posts\/76594","targetHints":{"allow":["GET"]}}],"collection":[{"href":"https:\/\/www.em.com.br\/emfoco\/wp-json\/wp\/v2\/posts"}],"about":[{"href":"https:\/\/www.em.com.br\/emfoco\/wp-json\/wp\/v2\/types\/post"}],"author":[{"embeddable":true,"href":"https:\/\/www.em.com.br\/emfoco\/wp-json\/wp\/v2\/users\/11"}],"replies":[{"embeddable":true,"href":"https:\/\/www.em.com.br\/emfoco\/wp-json\/wp\/v2\/comments?post=76594"}],"version-history":[{"count":2,"href":"https:\/\/www.em.com.br\/emfoco\/wp-json\/wp\/v2\/posts\/76594\/revisions"}],"predecessor-version":[{"id":76605,"href":"https:\/\/www.em.com.br\/emfoco\/wp-json\/wp\/v2\/posts\/76594\/revisions\/76605"}],"wp:featuredmedia":[{"embeddable":true,"href":"https:\/\/www.em.com.br\/emfoco\/wp-json\/wp\/v2\/media\/76604"}],"wp:attachment":[{"href":"https:\/\/www.em.com.br\/emfoco\/wp-json\/wp\/v2\/media?parent=76594"}],"wp:term":[{"taxonomy":"category","embeddable":true,"href":"https:\/\/www.em.com.br\/emfoco\/wp-json\/wp\/v2\/categories?post=76594"},{"taxonomy":"post_tag","embeddable":true,"href":"https:\/\/www.em.com.br\/emfoco\/wp-json\/wp\/v2\/tags?post=76594"}],"curies":[{"name":"wp","href":"https:\/\/api.w.org\/{rel}","templated":true}]}}