{"id":76587,"date":"2025-07-16T16:38:00","date_gmt":"2025-07-16T19:38:00","guid":{"rendered":"https:\/\/www.em.com.br\/emfoco\/?p=76587"},"modified":"2025-07-15T20:47:04","modified_gmt":"2025-07-15T23:47:04","slug":"este-programa-paga-para-voce-estudar-garanta-ja-sua-vaga","status":"publish","type":"post","link":"https:\/\/www.em.com.br\/emfoco\/2025\/07\/16\/este-programa-paga-para-voce-estudar-garanta-ja-sua-vaga\/","title":{"rendered":"Este programa paga para voc\u00ea estudar, garanta j\u00e1 sua vaga!"},"content":{"rendered":"\n<p>O programa <strong><a href=\"https:\/\/www.em.com.br\/emfoco\/2025\/07\/13\/pe-de-meia-garante-ate-r-9-mil-para-estudantes-do-ensino-medio\/\" target=\"_blank\" rel=\"noreferrer noopener\">P\u00e9-de-Meia<\/a><\/strong> \u00e9 uma iniciativa do governo brasileiro voltada para a inclus\u00e3o e a perman\u00eancia de estudantes do ensino m\u00e9dio nas escolas p\u00fablicas. Ele foi criado com o objetivo de reduzir a desigualdade social, ao proporcionar suporte financeiro para jovens de fam\u00edlias em situa\u00e7\u00e3o de vulnerabilidade econ\u00f4mica. O foco principal \u00e9 auxiliar estudantes cujas fam\u00edlias est\u00e3o cadastradas no <strong>Cadastro \u00danico para Programas Sociais do Governo<\/strong> <strong>Federal <\/strong>(<a href=\"https:\/\/www.gov.br\/pt-br\/servicos\/consultar-dados-do-cadastro-unico-cadunico\" target=\"_blank\" rel=\"noreferrer noopener\">Cad\u00danico<\/a>).<\/p>\n\n\n\n<p>Recentemente, houve discuss\u00f5es sobre a amplia\u00e7\u00e3o do programa, com a inten\u00e7\u00e3o de alcan\u00e7ar um n\u00famero ainda maior de benefici\u00e1rios. Essas conversas est\u00e3o sendo conduzidas com l\u00edderes de importantes entidades pol\u00edticas e educacionais, visando expandir o p\u00fablico alvo do <strong>P\u00e9-de-Meia<\/strong>. Este artigo explora os detalhes do programa, seus crit\u00e9rios de elegibilidade e as perspectivas para o pr\u00f3ximo ano.<\/p>\n\n\n\n<h2 class=\"wp-block-heading\">Desenvolvimentos recentes e desafios<\/h2>\n\n\n<div class=\"wp-block-image\">\n<figure class=\"aligncenter size-large\"><img loading=\"lazy\" decoding=\"async\" width=\"1024\" height=\"576\" src=\"https:\/\/www.em.com.br\/emfoco\/wp-content\/uploads\/2025\/07\/desenvolvimento-sustentavel_1752529815807-1024x576.jpg\" alt=\"\" class=\"wp-image-75915\" srcset=\"https:\/\/www.em.com.br\/emfoco\/wp-content\/uploads\/2025\/07\/desenvolvimento-sustentavel_1752529815807-1024x576.jpg 1024w, https:\/\/www.em.com.br\/emfoco\/wp-content\/uploads\/2025\/07\/desenvolvimento-sustentavel_1752529815807-300x169.jpg 300w, https:\/\/www.em.com.br\/emfoco\/wp-content\/uploads\/2025\/07\/desenvolvimento-sustentavel_1752529815807-768x432.jpg 768w, https:\/\/www.em.com.br\/emfoco\/wp-content\/uploads\/2025\/07\/desenvolvimento-sustentavel_1752529815807-750x422.jpg 750w, https:\/\/www.em.com.br\/emfoco\/wp-content\/uploads\/2025\/07\/desenvolvimento-sustentavel_1752529815807-1140x641.jpg 1140w, https:\/\/www.em.com.br\/emfoco\/wp-content\/uploads\/2025\/07\/desenvolvimento-sustentavel_1752529815807.jpg 1280w\" sizes=\"auto, (max-width: 1024px) 100vw, 1024px\" \/><figcaption class=\"wp-element-caption\">Estudantes analisando o globo terrestre &#8211; Cr\u00e9ditos: depositphotos.com \/ HayDmitriy<\/figcaption><\/figure><\/div>\n\n\n<p>Durante a divulga\u00e7\u00e3o de um importante indicador de alfabetiza\u00e7\u00e3o em 2024, o ministro da <strong>Educa\u00e7\u00e3o<\/strong>, <strong>Camilo Santana<\/strong>, expressou a inten\u00e7\u00e3o de expandir o programa <strong>P\u00e9-de-Meia<\/strong>. Ele apontou que pequenas varia\u00e7\u00f5es na renda familiar podem excluir estudantes que necessitam do benef\u00edcio. Este aspecto tem sido uma barreira para muitos que poderiam ser beneficiados, mas ficam de fora devido a crit\u00e9rios financeiros r\u00edgidos.<\/p>\n\n\n\n<p>A expans\u00e3o do programa enfrenta desafios significativos. Segundo o <strong>Minist\u00e9rio da Educa\u00e7\u00e3o<\/strong> (<a href=\"https:\/\/www.gov.br\/mec\/pt-br\" target=\"_blank\" rel=\"noreferrer noopener\">MEC<\/a>), h\u00e1 uma necessidade de mais de R$ 5 bilh\u00f5es em investimentos adicionais para tornar o programa acess\u00edvel a todos os estudantes eleg\u00edveis. Assim, a quest\u00e3o or\u00e7ament\u00e1ria se apresenta como um obst\u00e1culo cr\u00edtico que precisa ser superado para a implementa\u00e7\u00e3o desse projeto ambicioso.<\/p>\n\n\n\n<h2 class=\"wp-block-heading\">Crit\u00e9rios de elegibilidade e processo de inscri\u00e7\u00e3o<\/h2>\n\n\n\n<p>Um dos diferenciais do <strong>P\u00e9-de-Meia<\/strong> \u00e9 que, ao contr\u00e1rio de outros programas como o <strong>Bolsa Fam\u00edlia<\/strong>, ele n\u00e3o exige um processo de inscri\u00e7\u00e3o por parte dos benefici\u00e1rios. O processo \u00e9 autom\u00e1tico, baseado em condi\u00e7\u00f5es que devem ser atendidas pelos estudantes e suas fam\u00edlias. Os seguintes crit\u00e9rios precisam ser observados:<\/p>\n\n\n\n<ul class=\"wp-block-list\">\n<li>Estar matriculado no ensino m\u00e9dio regular das redes p\u00fablicas e ter entre 14 e 24 anos de idade.<\/li>\n\n\n\n<li>Alternativamente, estar matriculado na educa\u00e7\u00e3o de jovens adultos (EJA) das redes p\u00fablicas, com idade entre 19 e 24 anos.<\/li>\n\n\n\n<li>Possuir <strong>Cadastro de Pessoa F\u00edsica<\/strong> (CPF) regularizado.<\/li>\n\n\n\n<li>Fazer parte de uma fam\u00edlia inscrita no Cad\u00danico com renda m\u00e9dia per capita de at\u00e9 meio sal\u00e1rio m\u00ednimo.<\/li>\n<\/ul>\n\n\n\n<p>Al\u00e9m desses crit\u00e9rios, \u00e9 crucial que os alunos mantenham uma frequ\u00eancia m\u00ednima de <strong>80% <\/strong>nas aulas para continuarem a receber o incentivo financeiro.<\/p>\n\n\n\n<h2 class=\"wp-block-heading\">Quais s\u00e3o os benef\u00edcios esperados?<\/h2>\n\n\n\n<p>Os incentivos oferecidos pelo <strong>P\u00e9-de-Meia<\/strong> s\u00e3o projetados para cobrir custos educacionais e auxiliar os estudantes em sua trajet\u00f3ria acad\u00eamica. Este suporte n\u00e3o apenas promove a continuidade nos estudos, mas tamb\u00e9m contribui para diminuir as taxas de evas\u00e3o escolar. Ao assegurar que os alunos possuam os recursos necess\u00e1rios para frequentar a escola regularmente, o programa desempenha um papel vital na melhoria das perspectivas acad\u00eamicas e profissionais dos jovens.<\/p>\n\n\n\n<p>Al\u00e9m disso, o programa proporciona um al\u00edvio financeiro significativo para fam\u00edlias de baixa renda, permitindo que concentrem seus recursos em outras necessidades b\u00e1sicas, enquanto o apoio educacional \u00e9 garantido pelo governo.<\/p>\n\n\n\n<h2 class=\"wp-block-heading\">Impactos sociais e econ\u00f4micos do P\u00e9-de-Meia<\/h2>\n\n\n\n<p>A implementa\u00e7\u00e3o do <strong>P\u00e9-de-Meia<\/strong> pode trazer diversos impactos sociais positivos, como a redu\u00e7\u00e3o das desigualdades educacionais e o est\u00edmulo \u00e0 mobilidade social. Ao incentivar a perman\u00eancia dos jovens na escola, o programa pode contribuir para uma gera\u00e7\u00e3o mais qualificada e preparada para o mercado de trabalho brasileiro.<\/p>\n\n\n\n<p>No \u00e2mbito econ\u00f4mico, o investimento em educa\u00e7\u00e3o tende a gerar efeitos multiplicadores, melhorando indicadores futuros como o aumento da renda m\u00e9dia e a redu\u00e7\u00e3o do desemprego juvenil. Assim, pol\u00edticas de transfer\u00eancia de renda para a educa\u00e7\u00e3o s\u00e3o essenciais para o desenvolvimento sustent\u00e1vel do pa\u00eds.<\/p>\n\n\n\n<h2 class=\"wp-block-heading\">Desafios na expans\u00e3o e inclus\u00e3o de novos benefici\u00e1rios<\/h2>\n\n\n\n<p>Apesar dos benef\u00edcios, a amplia\u00e7\u00e3o do programa enfrenta desafios estruturais, como a necessidade de atualizar o <strong>Cad\u00danico <\/strong>e garantir que todas as fam\u00edlias eleg\u00edveis sejam contempladas. Muitos estudantes ainda n\u00e3o recebem o benef\u00edcio por falta de atualiza\u00e7\u00e3o cadastral ou dificuldades de acesso \u00e0 documenta\u00e7\u00e3o.<\/p>\n\n\n\n<p>O debate sobre flexibilizar alguns crit\u00e9rios, principalmente em rela\u00e7\u00e3o \u00e0 varia\u00e7\u00e3o de renda, j\u00e1 est\u00e1 em andamento e pode representar um avan\u00e7o importante para atender um p\u00fablico mais amplo e justo, fortalecendo a fun\u00e7\u00e3o social do <strong>P\u00e9-de-Meia<\/strong>.<\/p>\n\n\n\n<h2 class=\"wp-block-heading\">O papel das escolas e da comunidade local<\/h2>\n\n\n\n<p>As escolas p\u00fablicas desempenham um papel fundamental no sucesso do programa, orientando alunos e familiares sobre a import\u00e2ncia da frequ\u00eancia escolar e monitorando o cumprimento dos requisitos. O envolvimento direto das institui\u00e7\u00f5es de ensino facilita a fiscaliza\u00e7\u00e3o e refor\u00e7a o compromisso de todos com a educa\u00e7\u00e3o.<\/p>\n\n\n\n<p>Al\u00e9m disso, a comunidade local pode atuar como uma rede de apoio, informando e auxiliando sobre direitos e deveres dos benefici\u00e1rios. Essa integra\u00e7\u00e3o potencializa n\u00e3o apenas o impacto do <strong>P\u00e9-de-Meia<\/strong>, mas tamb\u00e9m a qualidade do ambiente educacional.<\/p>\n\n\n\n<h2 class=\"wp-block-heading\">Perspectivas futuras e possibilidades<\/h2>\n\n\n\n<p>A expans\u00e3o do <strong>P\u00e9-de-Meia<\/strong> representa uma esperan\u00e7a para muitos estudantes que ainda n\u00e3o t\u00eam acesso a esse apoio. No entanto, o sucesso dessa amplia\u00e7\u00e3o depende de uma s\u00e9rie de fatores, entre os quais a aprova\u00e7\u00e3o de fundos adicionais necess\u00e1rios para cobrir os novos benefici\u00e1rios. O di\u00e1logo cont\u00ednuo com l\u00edderes pol\u00edticos e institui\u00e7\u00f5es de educa\u00e7\u00e3o \u00e9 crucial para garantir que esta expans\u00e3o seja n\u00e3o apenas implementada, mas tamb\u00e9m sustent\u00e1vel a longo prazo.<\/p>\n\n\n\n<p>Portanto, resta aguardar pelas decis\u00f5es futuras que poder\u00e3o determinar a trajet\u00f3ria deste importante programa voltado para a equidade educacional no <strong>Brasil<\/strong>. O investimento em pol\u00edticas como o <strong>P\u00e9-de-Meia<\/strong> pode ser o diferencial para transformar a realidade de milhares de jovens, contribuindo para um futuro mais justo e promissor.<\/p>\n","protected":false},"excerpt":{"rendered":"<p>O programa P\u00e9-de-Meia \u00e9 uma iniciativa do governo brasileiro voltada para a inclus\u00e3o e a perman\u00eancia de estudantes do ensino m\u00e9dio nas escolas p\u00fablicas. Ele foi criado com o objetivo de reduzir a desigualdade social, ao proporcionar suporte financeiro para jovens de fam\u00edlias em situa\u00e7\u00e3o de vulnerabilidade econ\u00f4mica. O foco principal \u00e9 auxiliar estudantes cujas [&hellip;]<\/p>\n","protected":false},"author":20,"featured_media":56517,"comment_status":"open","ping_status":"open","sticky":false,"template":"","format":"standard","meta":{"jnews-multi-image_gallery":[],"jnews_single_post":{"format":"standard"},"jnews_primary_category":[],"jnews_social_meta":[],"jnews_override_counter":[],"footnotes":""},"categories":[28,1],"tags":[12081,10675,8567],"class_list":["post-76587","post","type-post","status-publish","format-standard","has-post-thumbnail","hentry","category-economia","category-noticias","tag-cadastro-unico-2","tag-mec","tag-pe-de-meia"],"yoast_head":"<!-- This site is optimized with the Yoast SEO plugin v23.8 - https:\/\/yoast.com\/wordpress\/plugins\/seo\/ -->\n<title>Este programa paga para voc\u00ea estudar, garanta j\u00e1 sua vaga! - Estado de Minas - Em foco<\/title>\n<meta name=\"description\" content=\"Alunos do ensino m\u00e9dio p\u00fablico com baixa renda podem receber incentivo financeiro mensal. Veja como funciona.\" \/>\n<meta name=\"robots\" content=\"index, follow, max-snippet:-1, max-image-preview:large, max-video-preview:-1\" \/>\n<link rel=\"canonical\" href=\"https:\/\/www.em.com.br\/emfoco\/2025\/07\/16\/este-programa-paga-para-voce-estudar-garanta-ja-sua-vaga\/\" \/>\n<meta property=\"og:locale\" content=\"pt_BR\" \/>\n<meta property=\"og:type\" content=\"article\" \/>\n<meta property=\"og:title\" content=\"Este programa paga para voc\u00ea estudar, garanta j\u00e1 sua vaga! - Estado de Minas - Em foco\" \/>\n<meta property=\"og:description\" content=\"Alunos do ensino m\u00e9dio p\u00fablico com baixa renda podem receber incentivo financeiro mensal. Veja como funciona.\" \/>\n<meta property=\"og:url\" content=\"https:\/\/www.em.com.br\/emfoco\/2025\/07\/16\/este-programa-paga-para-voce-estudar-garanta-ja-sua-vaga\/\" \/>\n<meta property=\"og:site_name\" content=\"Estado de Minas - Em foco\" \/>\n<meta property=\"article:published_time\" content=\"2025-07-16T19:38:00+00:00\" \/>\n<meta property=\"article:modified_time\" content=\"2025-07-15T23:47:04+00:00\" \/>\n<meta property=\"og:image\" content=\"https:\/\/www.em.com.br\/emfoco\/wp-content\/uploads\/2025\/06\/estudantes_1749156016348.jpg\" \/>\n\t<meta property=\"og:image:width\" content=\"1280\" \/>\n\t<meta property=\"og:image:height\" content=\"720\" \/>\n\t<meta property=\"og:image:type\" content=\"image\/jpeg\" \/>\n<meta name=\"author\" content=\"Ingrid Diniz\" \/>\n<meta name=\"twitter:card\" content=\"summary_large_image\" \/>\n<meta name=\"twitter:label1\" content=\"Escrito por\" \/>\n\t<meta name=\"twitter:data1\" content=\"Ingrid Diniz\" \/>\n\t<meta name=\"twitter:label2\" content=\"Est. tempo de leitura\" \/>\n\t<meta name=\"twitter:data2\" content=\"6 minutos\" \/>\n<!-- \/ Yoast SEO plugin. -->","yoast_head_json":{"title":"Este programa paga para voc\u00ea estudar, garanta j\u00e1 sua vaga! - Estado de Minas - Em foco","description":"Alunos do ensino m\u00e9dio p\u00fablico com baixa renda podem receber incentivo financeiro mensal. Veja como funciona.","robots":{"index":"index","follow":"follow","max-snippet":"max-snippet:-1","max-image-preview":"max-image-preview:large","max-video-preview":"max-video-preview:-1"},"canonical":"https:\/\/www.em.com.br\/emfoco\/2025\/07\/16\/este-programa-paga-para-voce-estudar-garanta-ja-sua-vaga\/","og_locale":"pt_BR","og_type":"article","og_title":"Este programa paga para voc\u00ea estudar, garanta j\u00e1 sua vaga! - Estado de Minas - Em foco","og_description":"Alunos do ensino m\u00e9dio p\u00fablico com baixa renda podem receber incentivo financeiro mensal. Veja como funciona.","og_url":"https:\/\/www.em.com.br\/emfoco\/2025\/07\/16\/este-programa-paga-para-voce-estudar-garanta-ja-sua-vaga\/","og_site_name":"Estado de Minas - Em foco","article_published_time":"2025-07-16T19:38:00+00:00","article_modified_time":"2025-07-15T23:47:04+00:00","og_image":[{"width":1280,"height":720,"url":"https:\/\/www.em.com.br\/emfoco\/wp-content\/uploads\/2025\/06\/estudantes_1749156016348.jpg","type":"image\/jpeg"}],"author":"Ingrid Diniz","twitter_card":"summary_large_image","twitter_misc":{"Escrito por":"Ingrid Diniz","Est. tempo de leitura":"6 minutos"},"schema":{"@context":"https:\/\/schema.org","@graph":[{"@type":"WebPage","@id":"https:\/\/www.em.com.br\/emfoco\/2025\/07\/16\/este-programa-paga-para-voce-estudar-garanta-ja-sua-vaga\/","url":"https:\/\/www.em.com.br\/emfoco\/2025\/07\/16\/este-programa-paga-para-voce-estudar-garanta-ja-sua-vaga\/","name":"Este programa paga para voc\u00ea estudar, garanta j\u00e1 sua vaga! - Estado de Minas - Em foco","isPartOf":{"@id":"https:\/\/www.em.com.br\/emfoco\/#website"},"primaryImageOfPage":{"@id":"https:\/\/www.em.com.br\/emfoco\/2025\/07\/16\/este-programa-paga-para-voce-estudar-garanta-ja-sua-vaga\/#primaryimage"},"image":{"@id":"https:\/\/www.em.com.br\/emfoco\/2025\/07\/16\/este-programa-paga-para-voce-estudar-garanta-ja-sua-vaga\/#primaryimage"},"thumbnailUrl":"https:\/\/www.em.com.br\/emfoco\/wp-content\/uploads\/2025\/06\/estudantes_1749156016348.jpg","datePublished":"2025-07-16T19:38:00+00:00","dateModified":"2025-07-15T23:47:04+00:00","author":{"@id":"https:\/\/www.em.com.br\/emfoco\/#\/schema\/person\/649e610b4eb8fff87ff394e54fe17b2b"},"description":"Alunos do ensino m\u00e9dio p\u00fablico com baixa renda podem receber incentivo financeiro mensal. Veja como funciona.","breadcrumb":{"@id":"https:\/\/www.em.com.br\/emfoco\/2025\/07\/16\/este-programa-paga-para-voce-estudar-garanta-ja-sua-vaga\/#breadcrumb"},"inLanguage":"pt-BR","potentialAction":[{"@type":"ReadAction","target":["https:\/\/www.em.com.br\/emfoco\/2025\/07\/16\/este-programa-paga-para-voce-estudar-garanta-ja-sua-vaga\/"]}]},{"@type":"ImageObject","inLanguage":"pt-BR","@id":"https:\/\/www.em.com.br\/emfoco\/2025\/07\/16\/este-programa-paga-para-voce-estudar-garanta-ja-sua-vaga\/#primaryimage","url":"https:\/\/www.em.com.br\/emfoco\/wp-content\/uploads\/2025\/06\/estudantes_1749156016348.jpg","contentUrl":"https:\/\/www.em.com.br\/emfoco\/wp-content\/uploads\/2025\/06\/estudantes_1749156016348.jpg","width":1280,"height":720,"caption":"P\u00e9-de-Meia e seu impacto na redu\u00e7\u00e3o da evas\u00e3o escolar - Cr\u00e9ditos: depositphotos.com \/ ArturVerkhovetskiy"},{"@type":"BreadcrumbList","@id":"https:\/\/www.em.com.br\/emfoco\/2025\/07\/16\/este-programa-paga-para-voce-estudar-garanta-ja-sua-vaga\/#breadcrumb","itemListElement":[{"@type":"ListItem","position":1,"name":"In\u00edcio","item":"https:\/\/www.em.com.br\/emfoco\/"},{"@type":"ListItem","position":2,"name":"Este programa paga para voc\u00ea estudar, garanta j\u00e1 sua vaga!"}]},{"@type":"WebSite","@id":"https:\/\/www.em.com.br\/emfoco\/#website","url":"https:\/\/www.em.com.br\/emfoco\/","name":"Estado de Minas - Em foco","description":"Acompanhe as \u00faltimas not\u00edcias e fique bem informado sobre tudo o que acontece em Minas Gerais, Brasil e no mundo.","potentialAction":[{"@type":"SearchAction","target":{"@type":"EntryPoint","urlTemplate":"https:\/\/www.em.com.br\/emfoco\/?s={search_term_string}"},"query-input":{"@type":"PropertyValueSpecification","valueRequired":true,"valueName":"search_term_string"}}],"inLanguage":"pt-BR"},{"@type":"Person","@id":"https:\/\/www.em.com.br\/emfoco\/#\/schema\/person\/649e610b4eb8fff87ff394e54fe17b2b","name":"Ingrid Diniz","image":{"@type":"ImageObject","inLanguage":"pt-BR","@id":"https:\/\/www.em.com.br\/emfoco\/#\/schema\/person\/image\/","url":"https:\/\/secure.gravatar.com\/avatar\/a3baa1449ec5c39b4c42babc9d4f3951?s=96&d=mm&r=g","contentUrl":"https:\/\/secure.gravatar.com\/avatar\/a3baa1449ec5c39b4c42babc9d4f3951?s=96&d=mm&r=g","caption":"Ingrid Diniz"},"sameAs":["https:\/\/www.em.com.br\/"],"url":"https:\/\/www.em.com.br\/emfoco\/author\/ingridmyth\/"}]}},"_links":{"self":[{"href":"https:\/\/www.em.com.br\/emfoco\/wp-json\/wp\/v2\/posts\/76587","targetHints":{"allow":["GET"]}}],"collection":[{"href":"https:\/\/www.em.com.br\/emfoco\/wp-json\/wp\/v2\/posts"}],"about":[{"href":"https:\/\/www.em.com.br\/emfoco\/wp-json\/wp\/v2\/types\/post"}],"author":[{"embeddable":true,"href":"https:\/\/www.em.com.br\/emfoco\/wp-json\/wp\/v2\/users\/20"}],"replies":[{"embeddable":true,"href":"https:\/\/www.em.com.br\/emfoco\/wp-json\/wp\/v2\/comments?post=76587"}],"version-history":[{"count":1,"href":"https:\/\/www.em.com.br\/emfoco\/wp-json\/wp\/v2\/posts\/76587\/revisions"}],"predecessor-version":[{"id":76613,"href":"https:\/\/www.em.com.br\/emfoco\/wp-json\/wp\/v2\/posts\/76587\/revisions\/76613"}],"wp:featuredmedia":[{"embeddable":true,"href":"https:\/\/www.em.com.br\/emfoco\/wp-json\/wp\/v2\/media\/56517"}],"wp:attachment":[{"href":"https:\/\/www.em.com.br\/emfoco\/wp-json\/wp\/v2\/media?parent=76587"}],"wp:term":[{"taxonomy":"category","embeddable":true,"href":"https:\/\/www.em.com.br\/emfoco\/wp-json\/wp\/v2\/categories?post=76587"},{"taxonomy":"post_tag","embeddable":true,"href":"https:\/\/www.em.com.br\/emfoco\/wp-json\/wp\/v2\/tags?post=76587"}],"curies":[{"name":"wp","href":"https:\/\/api.w.org\/{rel}","templated":true}]}}