{"id":76585,"date":"2025-07-16T13:38:00","date_gmt":"2025-07-16T16:38:00","guid":{"rendered":"https:\/\/www.em.com.br\/emfoco\/?p=76585"},"modified":"2025-07-15T20:29:27","modified_gmt":"2025-07-15T23:29:27","slug":"seu-nis-vale-ouro-veja-quando-cai-o-bolsa-familia-em-julho","status":"publish","type":"post","link":"https:\/\/www.em.com.br\/emfoco\/2025\/07\/16\/seu-nis-vale-ouro-veja-quando-cai-o-bolsa-familia-em-julho\/","title":{"rendered":"Seu NIS vale ouro, veja quando cai o Bolsa Fam\u00edlia em julho!"},"content":{"rendered":"\n<p>Nos \u00faltimos anos, o <strong><a href=\"https:\/\/www.em.com.br\/emfoco\/2025\/07\/15\/bolsa-familia-paga-valor-extra-em-julho-com-auxilio-gas-garantido\/\" target=\"_blank\" rel=\"noreferrer noopener\">Bolsa Fam\u00edlia<\/a><\/strong> se mant\u00eam como um pilar fundamental para milhares de fam\u00edlias brasileiras, oferecendo suporte financeiro essencial. O programa, criado para ajudar aqueles em situa\u00e7\u00f5es econ\u00f4micas desafiadoras, garante uma renda m\u00ednima e seguran\u00e7a alimentar aos cidad\u00e3os em vulnerabilidade social. Com o in\u00edcio dos pagamentos de julho, os benefici\u00e1rios j\u00e1 devem se preparar para receber seus valores de acordo com a ordem definida pelo <strong>N\u00famero de Identifica\u00e7\u00e3o Social<\/strong> (NIS). Essa sistem\u00e1tica de pagamento \u00e9 essencial para garantir efici\u00eancia, organiza\u00e7\u00e3o e evitar grandes filas nos pontos de atendimento.<\/p>\n\n\n\n<p>Al\u00e9m da transfer\u00eancia direta de renda, o <strong>Bolsa Fam\u00edlia<\/strong> representa um verdadeiro compromisso do governo federal com a redu\u00e7\u00e3o da pobreza e promo\u00e7\u00e3o da cidadania. Ao longo dos anos, o programa se expandiu, incorporando novas funcionalidades e ampliando o alcance para atender um n\u00famero cada vez maior de brasileiros. Com isso, permanece em constante evolu\u00e7\u00e3o para contemplar as necessidades emergentes da popula\u00e7\u00e3o beneficiada.<\/p>\n\n\n\n<h2 class=\"wp-block-heading\">Como funciona o cronograma de pagamentos do Bolsa Fam\u00edlia?<\/h2>\n\n\n<div class=\"wp-block-image\">\n<figure class=\"aligncenter size-large\"><img loading=\"lazy\" decoding=\"async\" width=\"1024\" height=\"576\" src=\"https:\/\/www.em.com.br\/emfoco\/wp-content\/uploads\/2025\/06\/idoso-com-dinheiro-reais_1743473065115-1024x576.jpg\" alt=\"O maior acesso a programas sociais come\u00e7a com o Cadastro \u00danico\" class=\"wp-image-54991\" srcset=\"https:\/\/www.em.com.br\/emfoco\/wp-content\/uploads\/2025\/06\/idoso-com-dinheiro-reais_1743473065115-1024x576.jpg 1024w, https:\/\/www.em.com.br\/emfoco\/wp-content\/uploads\/2025\/06\/idoso-com-dinheiro-reais_1743473065115-300x169.jpg 300w, https:\/\/www.em.com.br\/emfoco\/wp-content\/uploads\/2025\/06\/idoso-com-dinheiro-reais_1743473065115-768x432.jpg 768w, https:\/\/www.em.com.br\/emfoco\/wp-content\/uploads\/2025\/06\/idoso-com-dinheiro-reais_1743473065115-750x422.jpg 750w, https:\/\/www.em.com.br\/emfoco\/wp-content\/uploads\/2025\/06\/idoso-com-dinheiro-reais_1743473065115-1140x641.jpg 1140w, https:\/\/www.em.com.br\/emfoco\/wp-content\/uploads\/2025\/06\/idoso-com-dinheiro-reais_1743473065115.jpg 1280w\" sizes=\"auto, (max-width: 1024px) 100vw, 1024px\" \/><figcaption class=\"wp-element-caption\">Pagamento &#8211; Cr\u00e9ditos: depositphotos.com \/ AngelaMacario<\/figcaption><\/figure><\/div>\n\n\n<p>O cronograma para julho especifica que os pagamentos do <strong>Bolsa Fam\u00edlia<\/strong> ocorrer\u00e3o a partir do dia 18, variando conforme o \u00faltimo d\u00edgito do <strong>NIS <\/strong>dos benefici\u00e1rios. A cada dia \u00fatil, grupos diferentes de titulares recebem o benef\u00edcio, facilitando o fluxo no sistema financeiro e evitando aglomera\u00e7\u00f5es nas ag\u00eancias banc\u00e1rias e terminais de saque. O governo divulga essas datas com anteced\u00eancia, para que todos os benefici\u00e1rios estejam bem informados e possam planejar o acesso ao benef\u00edcio com tranquilidade.<\/p>\n\n\n\n<p>Esse modelo escalonado, al\u00e9m de organizar o processo de pagamento, contribui para um atendimento mais \u00e1gil e seguro, especialmente nos per\u00edodos de maior demanda. A orienta\u00e7\u00e3o \u00e9 que os benefici\u00e1rios fiquem atentos ao calend\u00e1rio oficial, divulgado pelos canais da <strong><a href=\"https:\/\/www.caixa.gov.br\/\" target=\"_blank\" rel=\"noreferrer noopener\">Caixa <\/a><\/strong>e do pr\u00f3prio <strong>Governo Federal<\/strong>, para garantir o recebimento dentro do per\u00edodo correto e evitar imprevistos.<\/p>\n\n\n\n<h2 class=\"wp-block-heading\">Qual \u00e9 a import\u00e2ncia do NIS no procedimento do Bolsa Fam\u00edlia?<\/h2>\n\n\n\n<p>O <em>N\u00famero de Identifica\u00e7\u00e3o Social<\/em> (NIS) \u00e9 um dos principais instrumentos de organiza\u00e7\u00e3o no pagamento do <strong>Bolsa Fam\u00edlia<\/strong>. Ele define n\u00e3o apenas a data de recebimento, mas tamb\u00e9m funciona como um identificador \u00fanico para cada benefici\u00e1rio, permitindo maior controle e transpar\u00eancia nos repasses efetuados pelo programa. Assim, o <strong>NIS <\/strong>contribui para evitar fraudes e melhorar a distribui\u00e7\u00e3o dos recursos p\u00fablicos.<\/p>\n\n\n\n<p>O sistema inicia os pagamentos pelo <strong>NIS <\/strong>final 1 e segue at\u00e9 o <strong>NIS <\/strong>final 0, completando o ciclo at\u00e9 o fim do m\u00eas. Esse crit\u00e9rio foi concebido pensando na log\u00edstica e na efici\u00eancia do atendimento, garantindo que toda a opera\u00e7\u00e3o aconte\u00e7a de maneira ordenada e sem sobrecargas para o sistema financeiro nacional.<\/p>\n\n\n\n<h2 class=\"wp-block-heading\">Como os benefici\u00e1rios acessam os valores do Bolsa Fam\u00edlia?<\/h2>\n\n\n\n<p>Os valores do <strong>Bolsa Fam\u00edlia<\/strong> s\u00e3o disponibilizados pelo governo de forma acess\u00edvel aos benefici\u00e1rios, que podem sacar nas ag\u00eancias da <strong>Caixa Econ\u00f4mica Federal<\/strong>, em caixas eletr\u00f4nicos, casas lot\u00e9ricas e em unidades correspondentes <strong>Caixa Aqui<\/strong>. Essa diversidade de op\u00e7\u00f5es facilita o acesso mesmo para quem vive em regi\u00f5es mais afastadas dos grandes centros urbanos.<\/p>\n\n\n\n<p>Com o avan\u00e7o da inclus\u00e3o digital, existe tamb\u00e9m a possibilidade de utilizar o aplicativo <strong>Caixa Tem<\/strong>, que permite movimentar o saldo, fazer pagamentos e at\u00e9 transfer\u00eancias sem sair de casa. Essa facilidade trouxe mais comodidade aos benefici\u00e1rios e contribuiu para a redu\u00e7\u00e3o das filas presenciais nos bancos.<\/p>\n\n\n\n<h2 class=\"wp-block-heading\">Quais s\u00e3o os crit\u00e9rios para participa\u00e7\u00e3o no Bolsa Fam\u00edlia?<\/h2>\n\n\n\n<p>O <strong>Bolsa Fam\u00edlia<\/strong> \u00e9 direcionado a fam\u00edlias cuja renda per capita seja de <strong>at\u00e9 R$ 218 mensais<\/strong>. Para isso, considera-se a soma da renda de todos os membros do n\u00facleo familiar, dividida pelo n\u00famero de pessoas. O objetivo \u00e9 identificar as fam\u00edlias que realmente se encontram em situa\u00e7\u00e3o de pobreza ou extrema pobreza.<\/p>\n\n\n\n<p>Al\u00e9m do crit\u00e9rio de renda, existem condicionalidades importantes: manter crian\u00e7as e adolescentes frequentando a escola, seguir o calend\u00e1rio de vacina\u00e7\u00e3o e garantir o acompanhamento pr\u00e9-natal para gestantes. Essas exig\u00eancias v\u00e3o al\u00e9m da transfer\u00eancia de renda, buscando garantir acesso a direitos b\u00e1sicos e ampliar as oportunidades de desenvolvimento das fam\u00edlias.<\/p>\n\n\n\n<h2 class=\"wp-block-heading\">Quais benef\u00edcios extras o Bolsa Fam\u00edlia oferece?<\/h2>\n\n\n\n<p>O programa <strong>Bolsa Fam\u00edlia<\/strong> vai al\u00e9m do benef\u00edcio b\u00e1sico, incluindo repasses adicionais para fam\u00edlias com crian\u00e7as de at\u00e9 seis anos, adolescentes e gestantes, por meio dos benef\u00edcios vari\u00e1veis. Esses valores extras ajudam a suprir necessidades espec\u00edficas, como alimenta\u00e7\u00e3o infantil e despesas escolares.<\/p>\n\n\n\n<p>Al\u00e9m disso, em algumas situa\u00e7\u00f5es emergenciais, o governo pode autorizar pagamentos complementares ou antecipar benef\u00edcios, como ocorreu durante a pandemia. Sendo assim, o <strong>Bolsa Fam\u00edlia<\/strong> mostra-se flex\u00edvel e adapt\u00e1vel diante de novos desafios sociais, fortalecendo ainda mais seu papel de prote\u00e7\u00e3o social.<\/p>\n\n\n\n<h2 class=\"wp-block-heading\">Como consultar informa\u00e7\u00f5es e resolver d\u00favidas sobre o Bolsa Fam\u00edlia?<\/h2>\n\n\n<div class=\"wp-block-image\">\n<figure class=\"aligncenter size-large\"><img loading=\"lazy\" decoding=\"async\" width=\"1024\" height=\"576\" src=\"https:\/\/www.em.com.br\/emfoco\/wp-content\/uploads\/2025\/06\/8570314b-6e14-424b-9ff7-dba10bb136fb-1-1024x576.jpeg\" alt=\"Pagamentos do Bolsa Fam\u00edlia em julho come\u00e7am dia 18 com novo cronograma\" class=\"wp-image-55085\" srcset=\"https:\/\/www.em.com.br\/emfoco\/wp-content\/uploads\/2025\/06\/8570314b-6e14-424b-9ff7-dba10bb136fb-1-1024x576.jpeg 1024w, https:\/\/www.em.com.br\/emfoco\/wp-content\/uploads\/2025\/06\/8570314b-6e14-424b-9ff7-dba10bb136fb-1-300x169.jpeg 300w, https:\/\/www.em.com.br\/emfoco\/wp-content\/uploads\/2025\/06\/8570314b-6e14-424b-9ff7-dba10bb136fb-1-768x432.jpeg 768w, https:\/\/www.em.com.br\/emfoco\/wp-content\/uploads\/2025\/06\/8570314b-6e14-424b-9ff7-dba10bb136fb-1-750x422.jpeg 750w, https:\/\/www.em.com.br\/emfoco\/wp-content\/uploads\/2025\/06\/8570314b-6e14-424b-9ff7-dba10bb136fb-1-1140x641.jpeg 1140w, https:\/\/www.em.com.br\/emfoco\/wp-content\/uploads\/2025\/06\/8570314b-6e14-424b-9ff7-dba10bb136fb-1.jpeg 1280w\" sizes=\"auto, (max-width: 1024px) 100vw, 1024px\" \/><figcaption class=\"wp-element-caption\">Calend\u00e1rio Bolsa fam\u00edlia &#8211; Divulga\u00e7\u00e3o: GOV.BR<\/figcaption><\/figure><\/div>\n\n\n<p>Para garantir acesso r\u00e1pido e seguro \u00e0s informa\u00e7\u00f5es sobre o <strong>Bolsa Fam\u00edlia<\/strong>, os benefici\u00e1rios contam com diversos canais de atendimento, incluindo o aplicativo <strong>Caixa<\/strong> <strong>Tem<\/strong>, o site oficial do programa e a <strong>Central de Atendimento da Caixa<\/strong>, pelo telefone 111. Al\u00e9m disso, prefeituras locais e <strong>Centros de Refer\u00eancia de Assist\u00eancia Social<\/strong> (<a href=\"https:\/\/www.gov.br\/pt-br\/servicos\/acessar-o-cras-centro-de-referencia-da-assistencia-social\" target=\"_blank\" rel=\"noreferrer noopener\">CRAS<\/a>) tamb\u00e9m d\u00e3o suporte presencial.<\/p>\n\n\n\n<p>Esses canais facilitam a consulta de calend\u00e1rio de pagamento, atualiza\u00e7\u00e3o cadastral, esclarecimento de d\u00favidas sobre condicionalidades e resolu\u00e7\u00e3o de eventuais pend\u00eancias. A busca ativa por informa\u00e7\u00f5es confi\u00e1veis ajuda o benefici\u00e1rio a usufruir plenamente dos direitos garantidos pelo programa.<\/p>\n\n\n\n<h2 class=\"wp-block-heading\">Por que o Bolsa Fam\u00edlia \u00e9 essencial para a economia brasileira?<\/h2>\n\n\n\n<p>O impacto do <strong>Bolsa Fam\u00edlia<\/strong> vai al\u00e9m do repasse de valores: ao beneficiar mais de 20,5 milh\u00f5es de fam\u00edlias em junho de 2025, com m\u00e9dia de R$ 666,01 por fam\u00edlia e aporte total de R$ 13,6 bilh\u00f5es, o programa movimenta a economia local. Uma vez que o valor repassado circula no com\u00e9rcio das comunidades, fomenta pequenos neg\u00f3cios e contribui diretamente para o aquecimento da economia regional.<\/p>\n\n\n\n<p>Ao promover inclus\u00e3o, combater a desigualdade social e garantir o acesso a direitos b\u00e1sicos, o <strong>Bolsa Fam\u00edlia<\/strong> tamb\u00e9m reduz os \u00edndices de pobreza e extrema pobreza, tornando-se um fator crucial para o desenvolvimento social do pa\u00eds. Sua import\u00e2ncia transcende a assist\u00eancia financeira, sendo instrumento de transforma\u00e7\u00e3o e justi\u00e7a social no <strong>Brasil<\/strong>.<\/p>\n","protected":false},"excerpt":{"rendered":"<p>Nos \u00faltimos anos, o Bolsa Fam\u00edlia se mant\u00eam como um pilar fundamental para milhares de fam\u00edlias brasileiras, oferecendo suporte financeiro essencial. O programa, criado para ajudar aqueles em situa\u00e7\u00f5es econ\u00f4micas desafiadoras, garante uma renda m\u00ednima e seguran\u00e7a alimentar aos cidad\u00e3os em vulnerabilidade social. Com o in\u00edcio dos pagamentos de julho, os benefici\u00e1rios j\u00e1 devem se [&hellip;]<\/p>\n","protected":false},"author":20,"featured_media":56500,"comment_status":"open","ping_status":"open","sticky":false,"template":"","format":"standard","meta":{"jnews-multi-image_gallery":[],"jnews_single_post":{"format":"standard"},"jnews_primary_category":[],"jnews_social_meta":[],"jnews_override_counter":[],"footnotes":""},"categories":[28,1],"tags":[209,345,300],"class_list":["post-76585","post","type-post","status-publish","format-standard","has-post-thumbnail","hentry","category-economia","category-noticias","tag-bolsa-familia","tag-nis","tag-pagamento"],"yoast_head":"<!-- This site is optimized with the Yoast SEO plugin v23.8 - https:\/\/yoast.com\/wordpress\/plugins\/seo\/ -->\n<title>Seu NIS vale ouro, veja quando cai o Bolsa Fam\u00edlia em julho! - Estado de Minas - Em foco<\/title>\n<meta name=\"description\" content=\"Descubra quando receber o Bolsa Fam\u00edlia em julho e como sacar com seguran\u00e7a nas lot\u00e9ricas, Caixa Aqui ou pelo aplicativo Caixa Tem.\" \/>\n<meta name=\"robots\" content=\"index, follow, max-snippet:-1, max-image-preview:large, max-video-preview:-1\" \/>\n<link rel=\"canonical\" href=\"https:\/\/www.em.com.br\/emfoco\/2025\/07\/16\/seu-nis-vale-ouro-veja-quando-cai-o-bolsa-familia-em-julho\/\" \/>\n<meta property=\"og:locale\" content=\"pt_BR\" \/>\n<meta property=\"og:type\" content=\"article\" \/>\n<meta property=\"og:title\" content=\"Seu NIS vale ouro, veja quando cai o Bolsa Fam\u00edlia em julho! - Estado de Minas - Em foco\" \/>\n<meta property=\"og:description\" content=\"Descubra quando receber o Bolsa Fam\u00edlia em julho e como sacar com seguran\u00e7a nas lot\u00e9ricas, Caixa Aqui ou pelo aplicativo Caixa Tem.\" \/>\n<meta property=\"og:url\" content=\"https:\/\/www.em.com.br\/emfoco\/2025\/07\/16\/seu-nis-vale-ouro-veja-quando-cai-o-bolsa-familia-em-julho\/\" \/>\n<meta property=\"og:site_name\" content=\"Estado de Minas - Em foco\" \/>\n<meta property=\"article:published_time\" content=\"2025-07-16T16:38:00+00:00\" \/>\n<meta property=\"article:modified_time\" content=\"2025-07-15T23:29:27+00:00\" \/>\n<meta property=\"og:image\" content=\"https:\/\/www.em.com.br\/emfoco\/wp-content\/uploads\/2025\/06\/bolsa-familia-brasil_1749152247546.jpg\" \/>\n\t<meta property=\"og:image:width\" content=\"1280\" \/>\n\t<meta property=\"og:image:height\" content=\"720\" \/>\n\t<meta property=\"og:image:type\" content=\"image\/jpeg\" \/>\n<meta name=\"author\" content=\"Ingrid Diniz\" \/>\n<meta name=\"twitter:card\" content=\"summary_large_image\" \/>\n<meta name=\"twitter:label1\" content=\"Escrito por\" \/>\n\t<meta name=\"twitter:data1\" content=\"Ingrid Diniz\" \/>\n\t<meta name=\"twitter:label2\" content=\"Est. tempo de leitura\" \/>\n\t<meta name=\"twitter:data2\" content=\"6 minutos\" \/>\n<!-- \/ Yoast SEO plugin. -->","yoast_head_json":{"title":"Seu NIS vale ouro, veja quando cai o Bolsa Fam\u00edlia em julho! - Estado de Minas - Em foco","description":"Descubra quando receber o Bolsa Fam\u00edlia em julho e como sacar com seguran\u00e7a nas lot\u00e9ricas, Caixa Aqui ou pelo aplicativo Caixa Tem.","robots":{"index":"index","follow":"follow","max-snippet":"max-snippet:-1","max-image-preview":"max-image-preview:large","max-video-preview":"max-video-preview:-1"},"canonical":"https:\/\/www.em.com.br\/emfoco\/2025\/07\/16\/seu-nis-vale-ouro-veja-quando-cai-o-bolsa-familia-em-julho\/","og_locale":"pt_BR","og_type":"article","og_title":"Seu NIS vale ouro, veja quando cai o Bolsa Fam\u00edlia em julho! - Estado de Minas - Em foco","og_description":"Descubra quando receber o Bolsa Fam\u00edlia em julho e como sacar com seguran\u00e7a nas lot\u00e9ricas, Caixa Aqui ou pelo aplicativo Caixa Tem.","og_url":"https:\/\/www.em.com.br\/emfoco\/2025\/07\/16\/seu-nis-vale-ouro-veja-quando-cai-o-bolsa-familia-em-julho\/","og_site_name":"Estado de Minas - Em foco","article_published_time":"2025-07-16T16:38:00+00:00","article_modified_time":"2025-07-15T23:29:27+00:00","og_image":[{"width":1280,"height":720,"url":"https:\/\/www.em.com.br\/emfoco\/wp-content\/uploads\/2025\/06\/bolsa-familia-brasil_1749152247546.jpg","type":"image\/jpeg"}],"author":"Ingrid Diniz","twitter_card":"summary_large_image","twitter_misc":{"Escrito por":"Ingrid Diniz","Est. tempo de leitura":"6 minutos"},"schema":{"@context":"https:\/\/schema.org","@graph":[{"@type":"WebPage","@id":"https:\/\/www.em.com.br\/emfoco\/2025\/07\/16\/seu-nis-vale-ouro-veja-quando-cai-o-bolsa-familia-em-julho\/","url":"https:\/\/www.em.com.br\/emfoco\/2025\/07\/16\/seu-nis-vale-ouro-veja-quando-cai-o-bolsa-familia-em-julho\/","name":"Seu NIS vale ouro, veja quando cai o Bolsa Fam\u00edlia em julho! - Estado de Minas - Em foco","isPartOf":{"@id":"https:\/\/www.em.com.br\/emfoco\/#website"},"primaryImageOfPage":{"@id":"https:\/\/www.em.com.br\/emfoco\/2025\/07\/16\/seu-nis-vale-ouro-veja-quando-cai-o-bolsa-familia-em-julho\/#primaryimage"},"image":{"@id":"https:\/\/www.em.com.br\/emfoco\/2025\/07\/16\/seu-nis-vale-ouro-veja-quando-cai-o-bolsa-familia-em-julho\/#primaryimage"},"thumbnailUrl":"https:\/\/www.em.com.br\/emfoco\/wp-content\/uploads\/2025\/06\/bolsa-familia-brasil_1749152247546.jpg","datePublished":"2025-07-16T16:38:00+00:00","dateModified":"2025-07-15T23:29:27+00:00","author":{"@id":"https:\/\/www.em.com.br\/emfoco\/#\/schema\/person\/649e610b4eb8fff87ff394e54fe17b2b"},"description":"Descubra quando receber o Bolsa Fam\u00edlia em julho e como sacar com seguran\u00e7a nas lot\u00e9ricas, Caixa Aqui ou pelo aplicativo Caixa Tem.","breadcrumb":{"@id":"https:\/\/www.em.com.br\/emfoco\/2025\/07\/16\/seu-nis-vale-ouro-veja-quando-cai-o-bolsa-familia-em-julho\/#breadcrumb"},"inLanguage":"pt-BR","potentialAction":[{"@type":"ReadAction","target":["https:\/\/www.em.com.br\/emfoco\/2025\/07\/16\/seu-nis-vale-ouro-veja-quando-cai-o-bolsa-familia-em-julho\/"]}]},{"@type":"ImageObject","inLanguage":"pt-BR","@id":"https:\/\/www.em.com.br\/emfoco\/2025\/07\/16\/seu-nis-vale-ouro-veja-quando-cai-o-bolsa-familia-em-julho\/#primaryimage","url":"https:\/\/www.em.com.br\/emfoco\/wp-content\/uploads\/2025\/06\/bolsa-familia-brasil_1749152247546.jpg","contentUrl":"https:\/\/www.em.com.br\/emfoco\/wp-content\/uploads\/2025\/06\/bolsa-familia-brasil_1749152247546.jpg","width":1280,"height":720,"caption":"Erro no Cad\u00danico que bloqueia o Bolsa Fam\u00edlia - Cr\u00e9ditos: depositphotos.com \/ joasouza"},{"@type":"BreadcrumbList","@id":"https:\/\/www.em.com.br\/emfoco\/2025\/07\/16\/seu-nis-vale-ouro-veja-quando-cai-o-bolsa-familia-em-julho\/#breadcrumb","itemListElement":[{"@type":"ListItem","position":1,"name":"In\u00edcio","item":"https:\/\/www.em.com.br\/emfoco\/"},{"@type":"ListItem","position":2,"name":"Seu NIS vale ouro, veja quando cai o Bolsa Fam\u00edlia em julho!"}]},{"@type":"WebSite","@id":"https:\/\/www.em.com.br\/emfoco\/#website","url":"https:\/\/www.em.com.br\/emfoco\/","name":"Estado de Minas - Em foco","description":"Acompanhe as \u00faltimas not\u00edcias e fique bem informado sobre tudo o que acontece em Minas Gerais, Brasil e no mundo.","potentialAction":[{"@type":"SearchAction","target":{"@type":"EntryPoint","urlTemplate":"https:\/\/www.em.com.br\/emfoco\/?s={search_term_string}"},"query-input":{"@type":"PropertyValueSpecification","valueRequired":true,"valueName":"search_term_string"}}],"inLanguage":"pt-BR"},{"@type":"Person","@id":"https:\/\/www.em.com.br\/emfoco\/#\/schema\/person\/649e610b4eb8fff87ff394e54fe17b2b","name":"Ingrid Diniz","image":{"@type":"ImageObject","inLanguage":"pt-BR","@id":"https:\/\/www.em.com.br\/emfoco\/#\/schema\/person\/image\/","url":"https:\/\/secure.gravatar.com\/avatar\/a3baa1449ec5c39b4c42babc9d4f3951?s=96&d=mm&r=g","contentUrl":"https:\/\/secure.gravatar.com\/avatar\/a3baa1449ec5c39b4c42babc9d4f3951?s=96&d=mm&r=g","caption":"Ingrid Diniz"},"sameAs":["https:\/\/www.em.com.br\/"],"url":"https:\/\/www.em.com.br\/emfoco\/author\/ingridmyth\/"}]}},"_links":{"self":[{"href":"https:\/\/www.em.com.br\/emfoco\/wp-json\/wp\/v2\/posts\/76585","targetHints":{"allow":["GET"]}}],"collection":[{"href":"https:\/\/www.em.com.br\/emfoco\/wp-json\/wp\/v2\/posts"}],"about":[{"href":"https:\/\/www.em.com.br\/emfoco\/wp-json\/wp\/v2\/types\/post"}],"author":[{"embeddable":true,"href":"https:\/\/www.em.com.br\/emfoco\/wp-json\/wp\/v2\/users\/20"}],"replies":[{"embeddable":true,"href":"https:\/\/www.em.com.br\/emfoco\/wp-json\/wp\/v2\/comments?post=76585"}],"version-history":[{"count":1,"href":"https:\/\/www.em.com.br\/emfoco\/wp-json\/wp\/v2\/posts\/76585\/revisions"}],"predecessor-version":[{"id":76601,"href":"https:\/\/www.em.com.br\/emfoco\/wp-json\/wp\/v2\/posts\/76585\/revisions\/76601"}],"wp:featuredmedia":[{"embeddable":true,"href":"https:\/\/www.em.com.br\/emfoco\/wp-json\/wp\/v2\/media\/56500"}],"wp:attachment":[{"href":"https:\/\/www.em.com.br\/emfoco\/wp-json\/wp\/v2\/media?parent=76585"}],"wp:term":[{"taxonomy":"category","embeddable":true,"href":"https:\/\/www.em.com.br\/emfoco\/wp-json\/wp\/v2\/categories?post=76585"},{"taxonomy":"post_tag","embeddable":true,"href":"https:\/\/www.em.com.br\/emfoco\/wp-json\/wp\/v2\/tags?post=76585"}],"curies":[{"name":"wp","href":"https:\/\/api.w.org\/{rel}","templated":true}]}}