{"id":76555,"date":"2025-07-18T07:28:00","date_gmt":"2025-07-18T10:28:00","guid":{"rendered":"https:\/\/www.em.com.br\/emfoco\/?p=76555"},"modified":"2025-07-16T11:43:14","modified_gmt":"2025-07-16T14:43:14","slug":"a-pratica-discreta-que-tonifica-o-abdomen-e-melhora-sua-postura","status":"publish","type":"post","link":"https:\/\/www.em.com.br\/emfoco\/2025\/07\/18\/a-pratica-discreta-que-tonifica-o-abdomen-e-melhora-sua-postura\/","title":{"rendered":"A pr\u00e1tica discreta que tonifica o abd\u00f4men e melhora sua postura"},"content":{"rendered":"\n<p>Ter um abd\u00f4men definido \u00e9 um objetivo comum para muitas pessoas que buscam melhorar a est\u00e9tica corporal e a sa\u00fade. No entanto, nem todos est\u00e3o cientes de que al\u00e9m dos tradicionais exerc\u00edcios abdominais, o <a href=\"https:\/\/www.saudebemestar.pt\/pt\/saude\/atividade-fisica\/pilates\/\" target=\"_blank\" rel=\"noreferrer noopener\">Pilates <\/a>pode ser uma excelente alternativa para trabalhar o core de forma eficaz. Essa disciplina, inicialmente associada \u00e0 reabilita\u00e7\u00e3o f\u00edsica, se destaca por sua capacidade de fortalecer a musculatura de forma global e focada, proporcionando n\u00e3o apenas um abd\u00f4men chapado, mas tamb\u00e9m melhoras significativas na postura e no bem-estar geral.<\/p>\n\n\n\n<p>O Pilates n\u00e3o \u00e9 exclusivo para grupos espec\u00edficos; ao contr\u00e1rio, \u00e9 uma pr\u00e1tica muito vers\u00e1til que atende a diferentes necessidades e n\u00edveis de condicionamento f\u00edsico. Os homens, muitas vezes, subestimam sua efic\u00e1cia devido a mitos que associam o Pilates exclusivamente ao p\u00fablico feminino. No entanto, essa abordagem oferece in\u00fameros benef\u00edcios que v\u00e3o al\u00e9m da est\u00e9tica, incluindo o tratamento de dores nas costas e a promo\u00e7\u00e3o de maior flexibilidade e equil\u00edbrio.<\/p>\n\n\n\n<h2 class=\"wp-block-heading\">Quais exerc\u00edcios de Pilates podem ajudar a definir o abd\u00f4men?<\/h2>\n\n\n\n<p>Entre os exerc\u00edcios mais eficazes do Pilates para um core forte est\u00e3o os &#8220;hundreds&#8221;, um movimento aparentemente simples, mas que exige resist\u00eancia e controle. Neste exerc\u00edcio, a pessoa permanece deitada no ch\u00e3o, com a parte inferior das costas totalmente apoiada, enquanto ergue as pernas, o pesco\u00e7o e as omoplatas, movendo vigorosamente os bra\u00e7os para cima e para baixo, respirando de forma controlada. Este movimento promove a ativa\u00e7\u00e3o profunda dos m\u00fasculos abdominais.<\/p>\n\n\n\n<p>Al\u00e9m dos &#8220;hundreds&#8221;, confira cinco exerc\u00edcios de Pilates altamente recomendados que ajudar\u00e3o a definir seu abd\u00f4men ainda melhor do que muitos treinos com pesos:<\/p>\n\n\n\n<ul class=\"wp-block-list\">\n<li><strong>The hundred<\/strong>: como mencionado anteriormente, ativa intensamente os m\u00fasculos profundos do core.<\/li>\n\n\n\n<li><strong>Single leg stretch<\/strong>: deitado, uma perna \u00e9 flexionada junto ao peito, enquanto a outra se estende e os abdominais permanecem engajados durante a troca das pernas, promovendo fortalecimento e estabilidade.<\/li>\n\n\n\n<li><strong>Double leg stretch<\/strong>: parte da mesma posi\u00e7\u00e3o anterior, mas neste exerc\u00edcio, ambos os bra\u00e7os e pernas s\u00e3o estendidos ao mesmo tempo e ent\u00e3o retornam, gerando grande ativa\u00e7\u00e3o abdominal.<\/li>\n\n\n\n<li><strong>Criss cross<\/strong>: ainda deitado, as m\u00e3os ficam atr\u00e1s da cabe\u00e7a e os cotovelos se aproximam alternadamente do joelho oposto, promovendo um trabalho intenso nos obl\u00edquos.<\/li>\n\n\n\n<li><strong>Teaser<\/strong>: considerado um exerc\u00edcio avan\u00e7ado, parte-se deitado e se realiza uma eleva\u00e7\u00e3o simult\u00e2nea de tronco e pernas, formando um &#8220;V&#8221;, colocando \u00e0 prova a for\u00e7a e o controle do core.<\/li>\n<\/ul>\n\n\n\n<figure class=\"wp-block-image size-large\"><img loading=\"lazy\" decoding=\"async\" width=\"1024\" height=\"576\" src=\"https:\/\/www.em.com.br\/emfoco\/wp-content\/uploads\/2025\/07\/abdominal_1752679551832-1024x576.jpg\" alt=\"\" class=\"wp-image-76841\" srcset=\"https:\/\/www.em.com.br\/emfoco\/wp-content\/uploads\/2025\/07\/abdominal_1752679551832-1024x576.jpg 1024w, https:\/\/www.em.com.br\/emfoco\/wp-content\/uploads\/2025\/07\/abdominal_1752679551832-300x169.jpg 300w, https:\/\/www.em.com.br\/emfoco\/wp-content\/uploads\/2025\/07\/abdominal_1752679551832-768x432.jpg 768w, https:\/\/www.em.com.br\/emfoco\/wp-content\/uploads\/2025\/07\/abdominal_1752679551832-750x422.jpg 750w, https:\/\/www.em.com.br\/emfoco\/wp-content\/uploads\/2025\/07\/abdominal_1752679551832-1140x641.jpg 1140w, https:\/\/www.em.com.br\/emfoco\/wp-content\/uploads\/2025\/07\/abdominal_1752679551832.jpg 1280w\" sizes=\"auto, (max-width: 1024px) 100vw, 1024px\" \/><figcaption class=\"wp-element-caption\">Abd\u00f4men &#8211; Cr\u00e9ditos: depositphotos.com \/ _italo_<\/figcaption><\/figure>\n\n\n\n<h2 class=\"wp-block-heading\">Como o Pilates e o treinamento de for\u00e7a se comparam na defini\u00e7\u00e3o do abd\u00f4men?<\/h2>\n\n\n\n<p>Ambos os m\u00e9todos s\u00e3o eficazes, mas atuam de maneiras distintas. Enquanto o Pilates foca na funcionalidade dos m\u00fasculos internos, promovendo estabilidade e postura, o treinamento de for\u00e7a tradicional tende a intensificar o trabalho na camada superficial dos abdominais. O Pilates melhora o controle do corpo e a postura com exerc\u00edcios de baixa intensidade, enquanto o treino de for\u00e7a aumenta a resist\u00eancia e a massa muscular, especialmente quando se busca hipertrofia.<\/p>\n\n\n\n<h2 class=\"wp-block-heading\">Qual \u00e9 a melhor pr\u00e1tica para um abd\u00f4men definido?<\/h2>\n\n\n\n<p>Combinar Pilates e treinos de for\u00e7a pode ser a chave para atingir um f\u00edsico equilibrado e forte. Enquanto o Pilates fortalece o core profundamente, aprimorando a postura e o controle corporal, os treinos de for\u00e7a tradicional complementam esse trabalho ao intensificarem a musculatura superficial, adicionando resist\u00eancia e intensidade. Desta forma, o core \u00e9 trabalhado de maneira ampla, garantindo os benef\u00edcios de ambas as pr\u00e1ticas.<\/p>\n\n\n\n<p>Portanto, ao considerar a defini\u00e7\u00e3o do abd\u00f4men, \u00e9 v\u00e1lido explorar diferentes abordagens para trabalhar essa \u00e1rea. Seja pela flexibilidade e foco funcional do Pilates ou pela intensidade e resist\u00eancia do treino de for\u00e7a, cada m\u00e9todo oferece contribui\u00e7\u00f5es valiosas que podem ser integradas para um resultado mais completo e satisfat\u00f3rio.<\/p>\n\n\n\n<p>Leia tamb\u00e9m: <a href=\"https:\/\/www.em.com.br\/emfoco\/2025\/07\/12\/dor-cansaco-e-fraqueza-no-treino-saiba-o-que-seu-corpo-esta-tentando-dizer\/\" target=\"_blank\" rel=\"noreferrer noopener\">Dor, cansa\u00e7o, e fraqueza no treino? Saiba o que seu corpo est\u00e1 tentando dizer<\/a><\/p>\n\n\n\n<h2 class=\"wp-block-heading\">Quais cuidados s\u00e3o necess\u00e1rios ao iniciar Pilates para o abd\u00f4men?<\/h2>\n\n\n\n<p>Antes de iniciar a pr\u00e1tica do Pilates, especialmente com foco na defini\u00e7\u00e3o abdominal, \u00e9 recomend\u00e1vel buscar orienta\u00e7\u00e3o de um profissional certificado da \u00e1rea. Ele poder\u00e1 avaliar o seu n\u00edvel f\u00edsico e propor adapta\u00e7\u00f5es de acordo com suas necessidades. Iniciar com uma execu\u00e7\u00e3o correta \u00e9 fundamental para evitar les\u00f5es, principalmente na regi\u00e3o lombar, e garantir a m\u00e1xima ativa\u00e7\u00e3o dos m\u00fasculos do core.<\/p>\n\n\n\n<h2 class=\"wp-block-heading\">Como a alimenta\u00e7\u00e3o pode potencializar os resultados do Pilates para o abd\u00f4men?<\/h2>\n\n\n\n<p>A alimenta\u00e7\u00e3o tamb\u00e9m desempenha papel decisivo na defini\u00e7\u00e3o abdominal. Optar por uma dieta balanceada, rica em prote\u00ednas magras, vegetais, fibras e baixo teor de gordura saturada, contribui para reduzir o percentual de gordura corporal. Quando combinada \u00e0 regularidade dos exerc\u00edcios de Pilates, a alimenta\u00e7\u00e3o saud\u00e1vel potencializa os resultados e promove um corpo mais definido e saud\u00e1vel ao longo do tempo.<\/p>\n","protected":false},"excerpt":{"rendered":"<p>Ter um abd\u00f4men definido \u00e9 um objetivo comum para muitas pessoas que buscam melhorar a est\u00e9tica corporal e a sa\u00fade. No entanto, nem todos est\u00e3o cientes de que al\u00e9m dos tradicionais exerc\u00edcios abdominais, o Pilates pode ser uma excelente alternativa para trabalhar o core de forma eficaz. Essa disciplina, inicialmente associada \u00e0 reabilita\u00e7\u00e3o f\u00edsica, se [&hellip;]<\/p>\n","protected":false},"author":11,"featured_media":76843,"comment_status":"open","ping_status":"open","sticky":false,"template":"","format":"standard","meta":{"jnews-multi-image_gallery":[],"jnews_single_post":{"format":"standard"},"jnews_primary_category":[],"jnews_social_meta":[],"jnews_override_counter":[],"footnotes":""},"categories":[8691,1],"tags":[9962,5207,10147,7542],"class_list":["post-76555","post","type-post","status-publish","format-standard","has-post-thumbnail","hentry","category-bem-estar","category-noticias","tag-abdomen","tag-exercicio","tag-pilates","tag-treino"],"yoast_head":"<!-- This site is optimized with the Yoast SEO plugin v23.8 - https:\/\/yoast.com\/wordpress\/plugins\/seo\/ -->\n<title>A pr\u00e1tica discreta que tonifica o abd\u00f4men e melhora sua postura - Estado de Minas - Em foco<\/title>\n<meta name=\"description\" content=\"Quer definir o abd\u00f4men e melhorar a postura? Conhe\u00e7a os exerc\u00edcios que est\u00e3o transformando corpos e ganhando f\u00e3s no Brasil.\" \/>\n<meta name=\"robots\" content=\"index, follow, max-snippet:-1, max-image-preview:large, max-video-preview:-1\" \/>\n<link rel=\"canonical\" href=\"https:\/\/www.em.com.br\/emfoco\/2025\/07\/18\/a-pratica-discreta-que-tonifica-o-abdomen-e-melhora-sua-postura\/\" \/>\n<meta property=\"og:locale\" content=\"pt_BR\" \/>\n<meta property=\"og:type\" content=\"article\" \/>\n<meta property=\"og:title\" content=\"A pr\u00e1tica discreta que tonifica o abd\u00f4men e melhora sua postura - Estado de Minas - Em foco\" \/>\n<meta property=\"og:description\" content=\"Quer definir o abd\u00f4men e melhorar a postura? Conhe\u00e7a os exerc\u00edcios que est\u00e3o transformando corpos e ganhando f\u00e3s no Brasil.\" \/>\n<meta property=\"og:url\" content=\"https:\/\/www.em.com.br\/emfoco\/2025\/07\/18\/a-pratica-discreta-que-tonifica-o-abdomen-e-melhora-sua-postura\/\" \/>\n<meta property=\"og:site_name\" content=\"Estado de Minas - Em foco\" \/>\n<meta property=\"article:published_time\" content=\"2025-07-18T10:28:00+00:00\" \/>\n<meta property=\"article:modified_time\" content=\"2025-07-16T14:43:14+00:00\" \/>\n<meta property=\"og:image\" content=\"https:\/\/www.em.com.br\/emfoco\/wp-content\/uploads\/2025\/07\/abdominal_1752679595302.jpg\" \/>\n\t<meta property=\"og:image:width\" content=\"1280\" \/>\n\t<meta property=\"og:image:height\" content=\"720\" \/>\n\t<meta property=\"og:image:type\" content=\"image\/jpeg\" \/>\n<meta name=\"author\" content=\"Andre\u0301 Rangel\u00a0\" \/>\n<meta name=\"twitter:card\" content=\"summary_large_image\" \/>\n<meta name=\"twitter:label1\" content=\"Escrito por\" \/>\n\t<meta name=\"twitter:data1\" content=\"Andre\u0301 Rangel\u00a0\" \/>\n\t<meta name=\"twitter:label2\" content=\"Est. tempo de leitura\" \/>\n\t<meta name=\"twitter:data2\" content=\"5 minutos\" \/>\n<!-- \/ Yoast SEO plugin. -->","yoast_head_json":{"title":"A pr\u00e1tica discreta que tonifica o abd\u00f4men e melhora sua postura - Estado de Minas - Em foco","description":"Quer definir o abd\u00f4men e melhorar a postura? Conhe\u00e7a os exerc\u00edcios que est\u00e3o transformando corpos e ganhando f\u00e3s no Brasil.","robots":{"index":"index","follow":"follow","max-snippet":"max-snippet:-1","max-image-preview":"max-image-preview:large","max-video-preview":"max-video-preview:-1"},"canonical":"https:\/\/www.em.com.br\/emfoco\/2025\/07\/18\/a-pratica-discreta-que-tonifica-o-abdomen-e-melhora-sua-postura\/","og_locale":"pt_BR","og_type":"article","og_title":"A pr\u00e1tica discreta que tonifica o abd\u00f4men e melhora sua postura - Estado de Minas - Em foco","og_description":"Quer definir o abd\u00f4men e melhorar a postura? Conhe\u00e7a os exerc\u00edcios que est\u00e3o transformando corpos e ganhando f\u00e3s no Brasil.","og_url":"https:\/\/www.em.com.br\/emfoco\/2025\/07\/18\/a-pratica-discreta-que-tonifica-o-abdomen-e-melhora-sua-postura\/","og_site_name":"Estado de Minas - Em foco","article_published_time":"2025-07-18T10:28:00+00:00","article_modified_time":"2025-07-16T14:43:14+00:00","og_image":[{"width":1280,"height":720,"url":"https:\/\/www.em.com.br\/emfoco\/wp-content\/uploads\/2025\/07\/abdominal_1752679595302.jpg","type":"image\/jpeg"}],"author":"Andre\u0301 Rangel\u00a0","twitter_card":"summary_large_image","twitter_misc":{"Escrito por":"Andre\u0301 Rangel\u00a0","Est. tempo de leitura":"5 minutos"},"schema":{"@context":"https:\/\/schema.org","@graph":[{"@type":"WebPage","@id":"https:\/\/www.em.com.br\/emfoco\/2025\/07\/18\/a-pratica-discreta-que-tonifica-o-abdomen-e-melhora-sua-postura\/","url":"https:\/\/www.em.com.br\/emfoco\/2025\/07\/18\/a-pratica-discreta-que-tonifica-o-abdomen-e-melhora-sua-postura\/","name":"A pr\u00e1tica discreta que tonifica o abd\u00f4men e melhora sua postura - Estado de Minas - Em foco","isPartOf":{"@id":"https:\/\/www.em.com.br\/emfoco\/#website"},"primaryImageOfPage":{"@id":"https:\/\/www.em.com.br\/emfoco\/2025\/07\/18\/a-pratica-discreta-que-tonifica-o-abdomen-e-melhora-sua-postura\/#primaryimage"},"image":{"@id":"https:\/\/www.em.com.br\/emfoco\/2025\/07\/18\/a-pratica-discreta-que-tonifica-o-abdomen-e-melhora-sua-postura\/#primaryimage"},"thumbnailUrl":"https:\/\/www.em.com.br\/emfoco\/wp-content\/uploads\/2025\/07\/abdominal_1752679595302.jpg","datePublished":"2025-07-18T10:28:00+00:00","dateModified":"2025-07-16T14:43:14+00:00","author":{"@id":"https:\/\/www.em.com.br\/emfoco\/#\/schema\/person\/60eda09c1fedf0d6891f4cef4b60b8b8"},"description":"Quer definir o abd\u00f4men e melhorar a postura? Conhe\u00e7a os exerc\u00edcios que est\u00e3o transformando corpos e ganhando f\u00e3s no Brasil.","breadcrumb":{"@id":"https:\/\/www.em.com.br\/emfoco\/2025\/07\/18\/a-pratica-discreta-que-tonifica-o-abdomen-e-melhora-sua-postura\/#breadcrumb"},"inLanguage":"pt-BR","potentialAction":[{"@type":"ReadAction","target":["https:\/\/www.em.com.br\/emfoco\/2025\/07\/18\/a-pratica-discreta-que-tonifica-o-abdomen-e-melhora-sua-postura\/"]}]},{"@type":"ImageObject","inLanguage":"pt-BR","@id":"https:\/\/www.em.com.br\/emfoco\/2025\/07\/18\/a-pratica-discreta-que-tonifica-o-abdomen-e-melhora-sua-postura\/#primaryimage","url":"https:\/\/www.em.com.br\/emfoco\/wp-content\/uploads\/2025\/07\/abdominal_1752679595302.jpg","contentUrl":"https:\/\/www.em.com.br\/emfoco\/wp-content\/uploads\/2025\/07\/abdominal_1752679595302.jpg","width":1280,"height":720,"caption":"Fortalecer o core virou tend\u00eancia entre quem busca corpo saud\u00e1vel - Cr\u00e9ditos: depositphotos.com \/ dmitryo"},{"@type":"BreadcrumbList","@id":"https:\/\/www.em.com.br\/emfoco\/2025\/07\/18\/a-pratica-discreta-que-tonifica-o-abdomen-e-melhora-sua-postura\/#breadcrumb","itemListElement":[{"@type":"ListItem","position":1,"name":"In\u00edcio","item":"https:\/\/www.em.com.br\/emfoco\/"},{"@type":"ListItem","position":2,"name":"A pr\u00e1tica discreta que tonifica o abd\u00f4men e melhora sua postura"}]},{"@type":"WebSite","@id":"https:\/\/www.em.com.br\/emfoco\/#website","url":"https:\/\/www.em.com.br\/emfoco\/","name":"Estado de Minas - Em foco","description":"Acompanhe as \u00faltimas not\u00edcias e fique bem informado sobre tudo o que acontece em Minas Gerais, Brasil e no mundo.","potentialAction":[{"@type":"SearchAction","target":{"@type":"EntryPoint","urlTemplate":"https:\/\/www.em.com.br\/emfoco\/?s={search_term_string}"},"query-input":{"@type":"PropertyValueSpecification","valueRequired":true,"valueName":"search_term_string"}}],"inLanguage":"pt-BR"},{"@type":"Person","@id":"https:\/\/www.em.com.br\/emfoco\/#\/schema\/person\/60eda09c1fedf0d6891f4cef4b60b8b8","name":"Andre\u0301 Rangel\u00a0","image":{"@type":"ImageObject","inLanguage":"pt-BR","@id":"https:\/\/www.em.com.br\/emfoco\/#\/schema\/person\/image\/","url":"https:\/\/secure.gravatar.com\/avatar\/6234dc814c77c8ef6d8bba622c787efc?s=96&d=mm&r=g","contentUrl":"https:\/\/secure.gravatar.com\/avatar\/6234dc814c77c8ef6d8bba622c787efc?s=96&d=mm&r=g","caption":"Andre\u0301 Rangel\u00a0"},"url":"https:\/\/www.em.com.br\/emfoco\/author\/luizmyth\/"}]}},"_links":{"self":[{"href":"https:\/\/www.em.com.br\/emfoco\/wp-json\/wp\/v2\/posts\/76555","targetHints":{"allow":["GET"]}}],"collection":[{"href":"https:\/\/www.em.com.br\/emfoco\/wp-json\/wp\/v2\/posts"}],"about":[{"href":"https:\/\/www.em.com.br\/emfoco\/wp-json\/wp\/v2\/types\/post"}],"author":[{"embeddable":true,"href":"https:\/\/www.em.com.br\/emfoco\/wp-json\/wp\/v2\/users\/11"}],"replies":[{"embeddable":true,"href":"https:\/\/www.em.com.br\/emfoco\/wp-json\/wp\/v2\/comments?post=76555"}],"version-history":[{"count":4,"href":"https:\/\/www.em.com.br\/emfoco\/wp-json\/wp\/v2\/posts\/76555\/revisions"}],"predecessor-version":[{"id":76846,"href":"https:\/\/www.em.com.br\/emfoco\/wp-json\/wp\/v2\/posts\/76555\/revisions\/76846"}],"wp:featuredmedia":[{"embeddable":true,"href":"https:\/\/www.em.com.br\/emfoco\/wp-json\/wp\/v2\/media\/76843"}],"wp:attachment":[{"href":"https:\/\/www.em.com.br\/emfoco\/wp-json\/wp\/v2\/media?parent=76555"}],"wp:term":[{"taxonomy":"category","embeddable":true,"href":"https:\/\/www.em.com.br\/emfoco\/wp-json\/wp\/v2\/categories?post=76555"},{"taxonomy":"post_tag","embeddable":true,"href":"https:\/\/www.em.com.br\/emfoco\/wp-json\/wp\/v2\/tags?post=76555"}],"curies":[{"name":"wp","href":"https:\/\/api.w.org\/{rel}","templated":true}]}}