{"id":7638,"date":"2025-01-07T16:20:00","date_gmt":"2025-01-07T19:20:00","guid":{"rendered":"https:\/\/www.em.com.br\/emfoco\/?p=7638"},"modified":"2025-01-07T07:44:20","modified_gmt":"2025-01-07T10:44:20","slug":"como-a-nota-fiscal-paulista-pode-transformar-sua-vida-financeira","status":"publish","type":"post","link":"https:\/\/www.em.com.br\/emfoco\/2025\/01\/07\/como-a-nota-fiscal-paulista-pode-transformar-sua-vida-financeira\/","title":{"rendered":"Como a Nota Fiscal Paulista pode transformar sua vida financeira"},"content":{"rendered":"\n<p>A Nota Fiscal Paulista \u00e9 um programa desenvolvido pelo Governo do Estado de <strong><a href=\"https:\/\/www.em.com.br\/emfoco\/2024\/12\/10\/veja-como-curtir-o-ano-novo-em-sao-paulo\/\" target=\"_blank\" rel=\"noreferrer noopener\">S\u00e3o Paulo<\/a><\/strong> visando fomentar a cidadania fiscal e reduzir a carga tribut\u00e1ria individual. Criado em 2007, ele funciona recompensando o consumidor que solicita o documento fiscal ao efetuar compras em estabelecimentos comerciais do estado. Ao informar o CPF ou CNPJ no momento da compra, o consumidor recebe uma parte do ICMS recolhido pelo estabelecimento.<\/p>\n\n\n\n<p>O sistema devolve at\u00e9 30% do ICMS recolhido, distribuindo-os proporcionalmente entre os consumidores que pediram a nota fiscal. Os cr\u00e9ditos acumulados podem ser usados para pagar o IPVA ou resgatados em dinheiro. Al\u00e9m disso, os consumidores t\u00eam a op\u00e7\u00e3o de doar as notas fiscais para entidades filantr\u00f3picas cadastradas, uma a\u00e7\u00e3o que n\u00e3o s\u00f3 gera cr\u00e9ditos para as institui\u00e7\u00f5es, mas tamb\u00e9m contribui socialmente.<\/p>\n\n\n\n<h2 class=\"wp-block-heading\">Como participar dos sorteios da Nota Fiscal Paulista?<\/h2>\n\n\n\n<p>Para participar dos sorteios mensais da <strong><a href=\"https:\/\/portal.fazenda.sp.gov.br\/servicos\/nfp\" target=\"_blank\" rel=\"noreferrer noopener\">Nota Fiscal Paulista<\/a><\/strong>, o consumidor deve primeiro cadastrar-se no site oficial do programa. Ao seguir o regulamento, cada aquisi\u00e7\u00e3o no valor de R$ 100 gera um bilhete eletr\u00f4nico para concorrer aos pr\u00eamios. A ades\u00e3o ao regulamento deve ser feita at\u00e9 o dia 25 de cada m\u00eas para garantir a participa\u00e7\u00e3o no sorteio do m\u00eas seguinte. Uma vez inscrito, o consumidor \u00e9 automaticamente inclu\u00eddo em sorteios futuros, sem a necessidade de nova a\u00e7\u00e3o.<\/p>\n\n\n\n<p>Os sorteios distribuem uma s\u00e9rie de pr\u00eamios, com o pr\u00eamio principal alcan\u00e7ando R$ 1 milh\u00e3o. Outros pr\u00eamios tamb\u00e9m s\u00e3o oferecidos, abrangendo diferentes valores que v\u00e3o de R$ 1 mil a R$ 500 mil. Al\u00e9m dos pr\u00eamios para consumidores, as entidades filantr\u00f3picas concorrem a pr\u00eamios espec\u00edficos que ajudam em suas causas sociais.<\/p>\n\n\n\n<figure class=\"wp-block-image size-large\"><img loading=\"lazy\" decoding=\"async\" width=\"1024\" height=\"576\" src=\"https:\/\/www.em.com.br\/emfoco\/wp-content\/uploads\/2024\/12\/CPF_1735328129110-1024x576.jpg\" alt=\"Transforme suas compras em sorte: Entenda como o programa CPF na Nota funciona\" class=\"wp-image-7088\" srcset=\"https:\/\/www.em.com.br\/emfoco\/wp-content\/uploads\/2024\/12\/CPF_1735328129110-1024x576.jpg 1024w, https:\/\/www.em.com.br\/emfoco\/wp-content\/uploads\/2024\/12\/CPF_1735328129110-300x169.jpg 300w, https:\/\/www.em.com.br\/emfoco\/wp-content\/uploads\/2024\/12\/CPF_1735328129110-768x432.jpg 768w, https:\/\/www.em.com.br\/emfoco\/wp-content\/uploads\/2024\/12\/CPF_1735328129110-750x422.jpg 750w, https:\/\/www.em.com.br\/emfoco\/wp-content\/uploads\/2024\/12\/CPF_1735328129110-1140x641.jpg 1140w, https:\/\/www.em.com.br\/emfoco\/wp-content\/uploads\/2024\/12\/CPF_1735328129110.jpg 1280w\" sizes=\"auto, (max-width: 1024px) 100vw, 1024px\" \/><figcaption class=\"wp-element-caption\">Imagem Ilustrativa do CPF &#8211; Cr\u00e9ditos: depositphotos.com \/ Mehaniq<\/figcaption><\/figure>\n\n\n\n<h2 class=\"wp-block-heading\">Quais s\u00e3o os benef\u00edcios da Nota Fiscal Paulista para consumidores e entidades?<\/h2>\n\n\n\n<p>Os benef\u00edcios para os consumidores s\u00e3o m\u00faltiplos. Ao participar do programa, os indiv\u00edduos n\u00e3o s\u00f3 reduzem suas despesas anuais ao utilizar os cr\u00e9ditos para pagar o IPVA, mas tamb\u00e9m t\u00eam a chance de ganhar pr\u00eamios substanciais nos sorteios mensais. Financialmente, o programa se mostra vantajoso, al\u00e9m de proporcionar a oportunidade de contribuir com causas sociais por meio de doa\u00e7\u00f5es de notas fiscais.<\/p>\n\n\n\n<p>Entidades assistenciais tamb\u00e9m se beneficiam significantemente. Ao receberem doa\u00e7\u00f5es de cupons fiscais, elas acumulam cr\u00e9ditos que ajudam no financiamento de suas opera\u00e7\u00f5es, proporcionando impacto positivo nas comunidades que atendem. No sorteio, as entidades concorrem a pr\u00eamios adicionais, ofertando uma chance de amplia\u00e7\u00e3o de seus recursos financeiros.<\/p>\n\n\n\n<h2 class=\"wp-block-heading\">Como acompanhar e resgatar os cr\u00e9ditos da Nota Fiscal Paulista?<\/h2>\n\n\n\n<p>Os participantes do programa podem acompanhar seus cr\u00e9ditos atrav\u00e9s do portal da Nota Fiscal Paulista na internet. Os valores s\u00e3o liberados mensalmente para pessoas f\u00edsicas, condom\u00ednios e entidades assistenciais e ficam dispon\u00edveis para uso por um per\u00edodo de um ano, a partir da data de libera\u00e7\u00e3o. Para efetuar o resgate ou utilizar os cr\u00e9ditos, o consumidor deve ter um saldo m\u00ednimo de R$ 0,99.<\/p>\n\n\n\n<p>Para garantir f\u00e1cil acesso e gerenciamento dos cr\u00e9ditos, existe tamb\u00e9m o aplicativo oficial do programa, dispon\u00edvel para smartphones e tablets. Este app permite que os usu\u00e1rios verifiquem saldos, consultem bilhetes de sorteios e resgatem seus cr\u00e9ditos de maneira pr\u00e1tica e \u00e1gil.<\/p>\n\n\n\n<h2 class=\"wp-block-heading\">Qual o impacto econ\u00f4mico do programa desde sua cria\u00e7\u00e3o?<\/h2>\n\n\n\n<p>Desde sua implementa\u00e7\u00e3o, a Nota Fiscal Paulista devolveu aproximadamente R$ 18,9 bilh\u00f5es aos participantes. Desse total, R$ 16,8 bilh\u00f5es foram distribu\u00eddos como cr\u00e9ditos, enquanto mais de R$ 2,1 bilh\u00f5es foram entregues em pr\u00eamios. O programa n\u00e3o apenas contribui para a economia dos consumidores, mas tamb\u00e9m incentiva a emiss\u00e3o de documentos fiscais, reduzindo a informalidade no com\u00e9rcio e aumentando a arrecada\u00e7\u00e3o de impostos. Com 193 sorteios j\u00e1 realizados, o impacto do programa na economia local e no fortalecimento da cidadania fiscal \u00e9 bastante significativo.<\/p>\n","protected":false},"excerpt":{"rendered":"<p>A Nota Fiscal Paulista \u00e9 um programa desenvolvido pelo Governo do Estado de S\u00e3o Paulo visando fomentar a cidadania fiscal e reduzir a carga tribut\u00e1ria individual. Criado em 2007, ele funciona recompensando o consumidor que solicita o documento fiscal ao efetuar compras em estabelecimentos comerciais do estado. Ao informar o CPF ou CNPJ no momento [&hellip;]<\/p>\n","protected":false},"author":5,"featured_media":7091,"comment_status":"open","ping_status":"open","sticky":false,"template":"","format":"standard","meta":{"jnews-multi-image_gallery":[],"jnews_single_post":{"format":"standard"},"jnews_primary_category":[],"jnews_social_meta":[],"jnews_override_counter":[],"footnotes":""},"categories":[28,1],"tags":[848,398,2677,2588,553],"class_list":["post-7638","post","type-post","status-publish","format-standard","has-post-thumbnail","hentry","category-economia","category-noticias","tag-cpf","tag-cpf-na-nota","tag-nota-fiscal-paulista","tag-programa-cpf-na-nota","tag-sao-paulo"],"yoast_head":"<!-- This site is optimized with the Yoast SEO plugin v23.8 - https:\/\/yoast.com\/wordpress\/plugins\/seo\/ -->\n<title>Como a Nota Fiscal Paulista pode transformar sua vida financeira - Estado de Minas - Em foco<\/title>\n<meta name=\"description\" content=\"Quer ajudar o pr\u00f3ximo e ainda ter a chance de ganhar pr\u00eamios? Com a Nota Fiscal Paulista voc\u00ea pode! Saiba como.\" \/>\n<meta name=\"robots\" content=\"index, follow, max-snippet:-1, max-image-preview:large, max-video-preview:-1\" \/>\n<link rel=\"canonical\" href=\"https:\/\/www.em.com.br\/emfoco\/2025\/01\/07\/como-a-nota-fiscal-paulista-pode-transformar-sua-vida-financeira\/\" \/>\n<meta property=\"og:locale\" content=\"pt_BR\" \/>\n<meta property=\"og:type\" content=\"article\" \/>\n<meta property=\"og:title\" content=\"Como a Nota Fiscal Paulista pode transformar sua vida financeira - Estado de Minas - Em foco\" \/>\n<meta property=\"og:description\" content=\"Quer ajudar o pr\u00f3ximo e ainda ter a chance de ganhar pr\u00eamios? Com a Nota Fiscal Paulista voc\u00ea pode! Saiba como.\" \/>\n<meta property=\"og:url\" content=\"https:\/\/www.em.com.br\/emfoco\/2025\/01\/07\/como-a-nota-fiscal-paulista-pode-transformar-sua-vida-financeira\/\" \/>\n<meta property=\"og:site_name\" content=\"Estado de Minas - Em foco\" \/>\n<meta property=\"article:published_time\" content=\"2025-01-07T19:20:00+00:00\" \/>\n<meta property=\"article:modified_time\" content=\"2025-01-07T10:44:20+00:00\" \/>\n<meta property=\"og:image\" content=\"https:\/\/www.em.com.br\/emfoco\/wp-content\/uploads\/2024\/12\/cpf_1735328477976.jpg\" \/>\n\t<meta property=\"og:image:width\" content=\"1280\" \/>\n\t<meta property=\"og:image:height\" content=\"720\" \/>\n\t<meta property=\"og:image:type\" content=\"image\/jpeg\" \/>\n<meta name=\"author\" content=\"N\u00fabia Rangel\" \/>\n<meta name=\"twitter:card\" content=\"summary_large_image\" \/>\n<meta name=\"twitter:label1\" content=\"Escrito por\" \/>\n\t<meta name=\"twitter:data1\" content=\"N\u00fabia Rangel\" \/>\n\t<meta name=\"twitter:label2\" content=\"Est. tempo de leitura\" \/>\n\t<meta name=\"twitter:data2\" content=\"4 minutos\" \/>\n<!-- \/ Yoast SEO plugin. -->","yoast_head_json":{"title":"Como a Nota Fiscal Paulista pode transformar sua vida financeira - Estado de Minas - Em foco","description":"Quer ajudar o pr\u00f3ximo e ainda ter a chance de ganhar pr\u00eamios? Com a Nota Fiscal Paulista voc\u00ea pode! Saiba como.","robots":{"index":"index","follow":"follow","max-snippet":"max-snippet:-1","max-image-preview":"max-image-preview:large","max-video-preview":"max-video-preview:-1"},"canonical":"https:\/\/www.em.com.br\/emfoco\/2025\/01\/07\/como-a-nota-fiscal-paulista-pode-transformar-sua-vida-financeira\/","og_locale":"pt_BR","og_type":"article","og_title":"Como a Nota Fiscal Paulista pode transformar sua vida financeira - Estado de Minas - Em foco","og_description":"Quer ajudar o pr\u00f3ximo e ainda ter a chance de ganhar pr\u00eamios? Com a Nota Fiscal Paulista voc\u00ea pode! Saiba como.","og_url":"https:\/\/www.em.com.br\/emfoco\/2025\/01\/07\/como-a-nota-fiscal-paulista-pode-transformar-sua-vida-financeira\/","og_site_name":"Estado de Minas - Em foco","article_published_time":"2025-01-07T19:20:00+00:00","article_modified_time":"2025-01-07T10:44:20+00:00","og_image":[{"width":1280,"height":720,"url":"https:\/\/www.em.com.br\/emfoco\/wp-content\/uploads\/2024\/12\/cpf_1735328477976.jpg","type":"image\/jpeg"}],"author":"N\u00fabia Rangel","twitter_card":"summary_large_image","twitter_misc":{"Escrito por":"N\u00fabia Rangel","Est. tempo de leitura":"4 minutos"},"schema":{"@context":"https:\/\/schema.org","@graph":[{"@type":"WebPage","@id":"https:\/\/www.em.com.br\/emfoco\/2025\/01\/07\/como-a-nota-fiscal-paulista-pode-transformar-sua-vida-financeira\/","url":"https:\/\/www.em.com.br\/emfoco\/2025\/01\/07\/como-a-nota-fiscal-paulista-pode-transformar-sua-vida-financeira\/","name":"Como a Nota Fiscal Paulista pode transformar sua vida financeira - Estado de Minas - Em foco","isPartOf":{"@id":"https:\/\/www.em.com.br\/emfoco\/#website"},"primaryImageOfPage":{"@id":"https:\/\/www.em.com.br\/emfoco\/2025\/01\/07\/como-a-nota-fiscal-paulista-pode-transformar-sua-vida-financeira\/#primaryimage"},"image":{"@id":"https:\/\/www.em.com.br\/emfoco\/2025\/01\/07\/como-a-nota-fiscal-paulista-pode-transformar-sua-vida-financeira\/#primaryimage"},"thumbnailUrl":"https:\/\/www.em.com.br\/emfoco\/wp-content\/uploads\/2024\/12\/cpf_1735328477976.jpg","datePublished":"2025-01-07T19:20:00+00:00","dateModified":"2025-01-07T10:44:20+00:00","author":{"@id":"https:\/\/www.em.com.br\/emfoco\/#\/schema\/person\/524437ef54f8a5d32591b143307f2e20"},"description":"Quer ajudar o pr\u00f3ximo e ainda ter a chance de ganhar pr\u00eamios? Com a Nota Fiscal Paulista voc\u00ea pode! Saiba como.","breadcrumb":{"@id":"https:\/\/www.em.com.br\/emfoco\/2025\/01\/07\/como-a-nota-fiscal-paulista-pode-transformar-sua-vida-financeira\/#breadcrumb"},"inLanguage":"pt-BR","potentialAction":[{"@type":"ReadAction","target":["https:\/\/www.em.com.br\/emfoco\/2025\/01\/07\/como-a-nota-fiscal-paulista-pode-transformar-sua-vida-financeira\/"]}]},{"@type":"ImageObject","inLanguage":"pt-BR","@id":"https:\/\/www.em.com.br\/emfoco\/2025\/01\/07\/como-a-nota-fiscal-paulista-pode-transformar-sua-vida-financeira\/#primaryimage","url":"https:\/\/www.em.com.br\/emfoco\/wp-content\/uploads\/2024\/12\/cpf_1735328477976.jpg","contentUrl":"https:\/\/www.em.com.br\/emfoco\/wp-content\/uploads\/2024\/12\/cpf_1735328477976.jpg","width":1280,"height":720,"caption":"Imagem Ilustrativa de Nota Fiscal - Cr\u00e9ditos: depositphotos.com \/ Mehaniq"},{"@type":"BreadcrumbList","@id":"https:\/\/www.em.com.br\/emfoco\/2025\/01\/07\/como-a-nota-fiscal-paulista-pode-transformar-sua-vida-financeira\/#breadcrumb","itemListElement":[{"@type":"ListItem","position":1,"name":"In\u00edcio","item":"https:\/\/www.em.com.br\/emfoco\/"},{"@type":"ListItem","position":2,"name":"Como a Nota Fiscal Paulista pode transformar sua vida financeira"}]},{"@type":"WebSite","@id":"https:\/\/www.em.com.br\/emfoco\/#website","url":"https:\/\/www.em.com.br\/emfoco\/","name":"Estado de Minas - Em foco","description":"Acompanhe as \u00faltimas not\u00edcias e fique bem informado sobre tudo o que acontece em Minas Gerais, Brasil e no mundo.","potentialAction":[{"@type":"SearchAction","target":{"@type":"EntryPoint","urlTemplate":"https:\/\/www.em.com.br\/emfoco\/?s={search_term_string}"},"query-input":{"@type":"PropertyValueSpecification","valueRequired":true,"valueName":"search_term_string"}}],"inLanguage":"pt-BR"},{"@type":"Person","@id":"https:\/\/www.em.com.br\/emfoco\/#\/schema\/person\/524437ef54f8a5d32591b143307f2e20","name":"N\u00fabia Rangel","image":{"@type":"ImageObject","inLanguage":"pt-BR","@id":"https:\/\/www.em.com.br\/emfoco\/#\/schema\/person\/image\/","url":"https:\/\/secure.gravatar.com\/avatar\/47cff2827a5ba23c37e8068c86817ea4?s=96&d=mm&r=g","contentUrl":"https:\/\/secure.gravatar.com\/avatar\/47cff2827a5ba23c37e8068c86817ea4?s=96&d=mm&r=g","caption":"N\u00fabia Rangel"},"sameAs":["https:\/\/www.em.com.br\/emfoco\/"],"url":"https:\/\/www.em.com.br\/emfoco\/author\/nubiamyth\/"}]}},"_links":{"self":[{"href":"https:\/\/www.em.com.br\/emfoco\/wp-json\/wp\/v2\/posts\/7638","targetHints":{"allow":["GET"]}}],"collection":[{"href":"https:\/\/www.em.com.br\/emfoco\/wp-json\/wp\/v2\/posts"}],"about":[{"href":"https:\/\/www.em.com.br\/emfoco\/wp-json\/wp\/v2\/types\/post"}],"author":[{"embeddable":true,"href":"https:\/\/www.em.com.br\/emfoco\/wp-json\/wp\/v2\/users\/5"}],"replies":[{"embeddable":true,"href":"https:\/\/www.em.com.br\/emfoco\/wp-json\/wp\/v2\/comments?post=7638"}],"version-history":[{"count":2,"href":"https:\/\/www.em.com.br\/emfoco\/wp-json\/wp\/v2\/posts\/7638\/revisions"}],"predecessor-version":[{"id":7641,"href":"https:\/\/www.em.com.br\/emfoco\/wp-json\/wp\/v2\/posts\/7638\/revisions\/7641"}],"wp:featuredmedia":[{"embeddable":true,"href":"https:\/\/www.em.com.br\/emfoco\/wp-json\/wp\/v2\/media\/7091"}],"wp:attachment":[{"href":"https:\/\/www.em.com.br\/emfoco\/wp-json\/wp\/v2\/media?parent=7638"}],"wp:term":[{"taxonomy":"category","embeddable":true,"href":"https:\/\/www.em.com.br\/emfoco\/wp-json\/wp\/v2\/categories?post=7638"},{"taxonomy":"post_tag","embeddable":true,"href":"https:\/\/www.em.com.br\/emfoco\/wp-json\/wp\/v2\/tags?post=7638"}],"curies":[{"name":"wp","href":"https:\/\/api.w.org\/{rel}","templated":true}]}}