{"id":76279,"date":"2025-07-17T07:28:00","date_gmt":"2025-07-17T10:28:00","guid":{"rendered":"https:\/\/www.em.com.br\/emfoco\/?p=76279"},"modified":"2025-07-15T13:54:15","modified_gmt":"2025-07-15T16:54:15","slug":"a-fruta-mais-poderosa-que-ajuda-a-fortalecer-os-ossos","status":"publish","type":"post","link":"https:\/\/www.em.com.br\/emfoco\/2025\/07\/17\/a-fruta-mais-poderosa-que-ajuda-a-fortalecer-os-ossos\/","title":{"rendered":"A fruta mais poderosa que ajuda a fortalecer os ossos"},"content":{"rendered":"\n<p>Um estudo inovador realizado pela<a href=\"https:\/\/www.psu.edu\/\" target=\"_blank\" rel=\"noreferrer noopener\">\u00a0<strong>Penn State<\/strong><\/a>\u00a0trouxe \u00e0 tona um benef\u00edcio surpreendente das ameixas secas em mulheres na p\u00f3s-menopausa: a capacidade de auxiliar na preserva\u00e7\u00e3o da densidade \u00f3ssea. Esta descoberta \u00e9 especialmente relevante, dada a vulnerabilidade dos ossos durante essa fase da vida, quando o risco de fraturas torna-se mais acentuado devido \u00e0 perda de massa \u00f3ssea associada ao decl\u00ednio dos n\u00edveis de estrog\u00eanio.<\/p>\n\n\n\n<p>A pesquisa, publicada na revista&nbsp;<strong>Osteoporosis International<\/strong>, utilizou tecnologia avan\u00e7ada de imagem 3D para documentar os efeitos positivos das ameixas secas sobre a sa\u00fade \u00f3ssea. Participantes que inclu\u00edram de quatro a seis ameixas secas em sua dieta di\u00e1ria conseguiram preservar a densidade e a estrutura \u00f3ssea, particularmente na regi\u00e3o da t\u00edbia \u2014 um osso crucial para suporte de peso. Em contraste, aquelas que n\u00e3o consumiram a fruta perceberam uma perda significativa de massa \u00f3ssea em um per\u00edodo de 12 meses.<\/p>\n\n\n\n<h2 class=\"wp-block-heading\">Como as ameixas secas beneficiam a sa\u00fade \u00f3ssea?<\/h2>\n\n\n\n<p>O principal mecanismo apontado pelos pesquisadores \u00e9 a presen\u00e7a de compostos bioativos, como os polifen\u00f3is, nas ameixas secas. Esses compostos se mostraram eficazes na redu\u00e7\u00e3o da inflama\u00e7\u00e3o que contribui para a acelera\u00e7\u00e3o da perda \u00f3ssea. Este efeito \u00e9 especialmente ben\u00e9fico durante a p\u00f3s-menopausa, quando o decr\u00e9scimo de estrog\u00eanio acentua a fragilidade \u00f3ssea. A professora&nbsp;<strong>Mary Jane De Souza<\/strong>&nbsp;destacou que a manuten\u00e7\u00e3o do osso cortical e a resist\u00eancia \u00f3ssea s\u00e3o essenciais para a preven\u00e7\u00e3o de fraturas.<\/p>\n\n\n\n<figure class=\"wp-block-image size-large\"><img loading=\"lazy\" decoding=\"async\" width=\"1024\" height=\"576\" src=\"https:\/\/www.em.com.br\/emfoco\/wp-content\/uploads\/2025\/07\/ameixa-seca_1752601394960-1024x576.jpg\" alt=\"\" class=\"wp-image-76388\" srcset=\"https:\/\/www.em.com.br\/emfoco\/wp-content\/uploads\/2025\/07\/ameixa-seca_1752601394960-1024x576.jpg 1024w, https:\/\/www.em.com.br\/emfoco\/wp-content\/uploads\/2025\/07\/ameixa-seca_1752601394960-300x169.jpg 300w, https:\/\/www.em.com.br\/emfoco\/wp-content\/uploads\/2025\/07\/ameixa-seca_1752601394960-768x432.jpg 768w, https:\/\/www.em.com.br\/emfoco\/wp-content\/uploads\/2025\/07\/ameixa-seca_1752601394960-750x422.jpg 750w, https:\/\/www.em.com.br\/emfoco\/wp-content\/uploads\/2025\/07\/ameixa-seca_1752601394960-1140x641.jpg 1140w, https:\/\/www.em.com.br\/emfoco\/wp-content\/uploads\/2025\/07\/ameixa-seca_1752601394960.jpg 1280w\" sizes=\"auto, (max-width: 1024px) 100vw, 1024px\" \/><figcaption class=\"wp-element-caption\">Ameixas secas &#8211; Cr\u00e9ditos: depositphotos.com \/ kolesnikovserg<\/figcaption><\/figure>\n\n\n\n<h2 class=\"wp-block-heading\">Qual o papel do microbioma intestinal na sa\u00fade \u00f3ssea?<\/h2>\n\n\n\n<p>As ameixas secas tamb\u00e9m podem ter impacto positivo sobre o microbioma intestinal, o que est\u00e1 diretamente relacionado \u00e0 preven\u00e7\u00e3o da osteoporose. A intera\u00e7\u00e3o ben\u00e9fica entre a sa\u00fade intestinal e a \u00f3ssea foi identificada como uma \u00e1rea promissora de pesquisa. A equipe da Penn State continua a investigar essa conex\u00e3o para refor\u00e7ar o entendimento dos mecanismos por tr\u00e1s dos efeitos protetores das ameixas secas sobre os ossos.<\/p>\n\n\n\n<h2 class=\"wp-block-heading\">Qual \u00e9 a dose recomendada de ameixas secas?<\/h2>\n\n\n\n<p>Para obter os benef\u00edcios observados no estudo, inserir de quatro a seis ameixas secas na dieta di\u00e1ria \u00e9 suficiente. Esta quantidade, relativamente pequena, pode ser uma mudan\u00e7a simples com um impacto significativo na manuten\u00e7\u00e3o da integridade \u00f3ssea. As ameixas secas surgem como uma alternativa natural e eficaz para indiv\u00edduos, especialmente mulheres em fase de p\u00f3s-menopausa, buscarem fortalecer seus ossos e reduzir o risco de fraturas.<\/p>\n\n\n\n<p>Leia tamb\u00e9m: <a href=\"https:\/\/www.em.com.br\/emfoco\/2025\/07\/08\/esse-erro-comum-na-alimentacao-pode-estar-sabotando-sua-saude-hormonal\/\" target=\"_blank\" rel=\"noreferrer noopener\">Esse erro comum na alimenta\u00e7\u00e3o pode estar sabotando sua sa\u00fade hormonal<\/a><\/p>\n\n\n\n<h2 class=\"wp-block-heading\">Quais receitas simples posso usar para incluir ameixas secas na rotina?<\/h2>\n\n\n\n<p>Adicionar ameixas secas ao dia a dia pode ser mais f\u00e1cil do que parece. Algumas receitas pr\u00e1ticas incluem picar ameixas secas e acrescent\u00e1-las ao iogurte natural ou mingau de aveia no caf\u00e9 da manh\u00e3. Para um lanche saud\u00e1vel, experimente enrolar ameixas secas em fatias de presunto magro ou combin\u00e1-las com nozes. Em saladas, ameixas secas fatiadas oferecem um sabor levemente adocicado que harmoniza bem com folhas verdes, queijo branco e azeite de oliva. Em sobremesas, utilize-as como recheio de bolos, biscoitos ou at\u00e9 mesmo em compotas caseiras junto com especiarias como canela e cravo. Assim, \u00e9 poss\u00edvel aproveitar os benef\u00edcios das ameixas secas de forma saborosa e descomplicada.<\/p>\n\n\n\n<p>Em s\u00edntese, os resultados do estudo lan\u00e7am luz sobre as ameixas secas como aliadas na sa\u00fade \u00f3ssea, apresentando uma solu\u00e7\u00e3o acess\u00edvel e sem medica\u00e7\u00e3o para combater a osteoporose. \u00c0 medida que a pesquisa avan\u00e7a, o entendimento sobre como alimentos espec\u00edficos influenciam a sa\u00fade \u00f3ssea pode oferecer novas abordagens para o manejo e preven\u00e7\u00e3o de problemas \u00f3sseos em popula\u00e7\u00f5es vulner\u00e1veis.<\/p>\n","protected":false},"excerpt":{"rendered":"<p>Um estudo inovador realizado pela\u00a0Penn State\u00a0trouxe \u00e0 tona um benef\u00edcio surpreendente das ameixas secas em mulheres na p\u00f3s-menopausa: a capacidade de auxiliar na preserva\u00e7\u00e3o da densidade \u00f3ssea. Esta descoberta \u00e9 especialmente relevante, dada a vulnerabilidade dos ossos durante essa fase da vida, quando o risco de fraturas torna-se mais acentuado devido \u00e0 perda de massa [&hellip;]<\/p>\n","protected":false},"author":11,"featured_media":76389,"comment_status":"open","ping_status":"open","sticky":false,"template":"","format":"standard","meta":{"jnews-multi-image_gallery":[],"jnews_single_post":{"format":"standard"},"jnews_primary_category":[],"jnews_social_meta":[],"jnews_override_counter":[],"footnotes":""},"categories":[8691,1],"tags":[8595,1988,5483,8631],"class_list":["post-76279","post","type-post","status-publish","format-standard","has-post-thumbnail","hentry","category-bem-estar","category-noticias","tag-ameixa","tag-fruta","tag-menopausa","tag-ossos-fortes"],"yoast_head":"<!-- This site is optimized with the Yoast SEO plugin v23.8 - https:\/\/yoast.com\/wordpress\/plugins\/seo\/ -->\n<title>A fruta mais poderosa que ajuda a fortalecer os ossos - Estado de Minas - Em foco<\/title>\n<meta name=\"description\" content=\"Esta fruta acess\u00edvel ajuda a manter a densidade \u00f3ssea e pode prevenir fraturas. Mulheres em p\u00f3s-menopausa est\u00e3o apostando nela.\" \/>\n<meta name=\"robots\" content=\"index, follow, max-snippet:-1, max-image-preview:large, max-video-preview:-1\" \/>\n<link rel=\"canonical\" href=\"https:\/\/www.em.com.br\/emfoco\/2025\/07\/17\/a-fruta-mais-poderosa-que-ajuda-a-fortalecer-os-ossos\/\" \/>\n<meta property=\"og:locale\" content=\"pt_BR\" \/>\n<meta property=\"og:type\" content=\"article\" \/>\n<meta property=\"og:title\" content=\"A fruta mais poderosa que ajuda a fortalecer os ossos - Estado de Minas - Em foco\" \/>\n<meta property=\"og:description\" content=\"Esta fruta acess\u00edvel ajuda a manter a densidade \u00f3ssea e pode prevenir fraturas. Mulheres em p\u00f3s-menopausa est\u00e3o apostando nela.\" \/>\n<meta property=\"og:url\" content=\"https:\/\/www.em.com.br\/emfoco\/2025\/07\/17\/a-fruta-mais-poderosa-que-ajuda-a-fortalecer-os-ossos\/\" \/>\n<meta property=\"og:site_name\" content=\"Estado de Minas - Em foco\" \/>\n<meta property=\"article:published_time\" content=\"2025-07-17T10:28:00+00:00\" \/>\n<meta property=\"article:modified_time\" content=\"2025-07-15T16:54:15+00:00\" \/>\n<meta property=\"og:image\" content=\"https:\/\/www.em.com.br\/emfoco\/wp-content\/uploads\/2025\/07\/ossos-fortes_1752601469273.jpg\" \/>\n\t<meta property=\"og:image:width\" content=\"1279\" \/>\n\t<meta property=\"og:image:height\" content=\"720\" \/>\n\t<meta property=\"og:image:type\" content=\"image\/jpeg\" \/>\n<meta name=\"author\" content=\"Andre\u0301 Rangel\u00a0\" \/>\n<meta name=\"twitter:card\" content=\"summary_large_image\" \/>\n<meta name=\"twitter:label1\" content=\"Escrito por\" \/>\n\t<meta name=\"twitter:data1\" content=\"Andre\u0301 Rangel\u00a0\" \/>\n\t<meta name=\"twitter:label2\" content=\"Est. tempo de leitura\" \/>\n\t<meta name=\"twitter:data2\" content=\"4 minutos\" \/>\n<!-- \/ Yoast SEO plugin. -->","yoast_head_json":{"title":"A fruta mais poderosa que ajuda a fortalecer os ossos - Estado de Minas - Em foco","description":"Esta fruta acess\u00edvel ajuda a manter a densidade \u00f3ssea e pode prevenir fraturas. Mulheres em p\u00f3s-menopausa est\u00e3o apostando nela.","robots":{"index":"index","follow":"follow","max-snippet":"max-snippet:-1","max-image-preview":"max-image-preview:large","max-video-preview":"max-video-preview:-1"},"canonical":"https:\/\/www.em.com.br\/emfoco\/2025\/07\/17\/a-fruta-mais-poderosa-que-ajuda-a-fortalecer-os-ossos\/","og_locale":"pt_BR","og_type":"article","og_title":"A fruta mais poderosa que ajuda a fortalecer os ossos - Estado de Minas - Em foco","og_description":"Esta fruta acess\u00edvel ajuda a manter a densidade \u00f3ssea e pode prevenir fraturas. Mulheres em p\u00f3s-menopausa est\u00e3o apostando nela.","og_url":"https:\/\/www.em.com.br\/emfoco\/2025\/07\/17\/a-fruta-mais-poderosa-que-ajuda-a-fortalecer-os-ossos\/","og_site_name":"Estado de Minas - Em foco","article_published_time":"2025-07-17T10:28:00+00:00","article_modified_time":"2025-07-15T16:54:15+00:00","og_image":[{"width":1279,"height":720,"url":"https:\/\/www.em.com.br\/emfoco\/wp-content\/uploads\/2025\/07\/ossos-fortes_1752601469273.jpg","type":"image\/jpeg"}],"author":"Andre\u0301 Rangel\u00a0","twitter_card":"summary_large_image","twitter_misc":{"Escrito por":"Andre\u0301 Rangel\u00a0","Est. tempo de leitura":"4 minutos"},"schema":{"@context":"https:\/\/schema.org","@graph":[{"@type":"WebPage","@id":"https:\/\/www.em.com.br\/emfoco\/2025\/07\/17\/a-fruta-mais-poderosa-que-ajuda-a-fortalecer-os-ossos\/","url":"https:\/\/www.em.com.br\/emfoco\/2025\/07\/17\/a-fruta-mais-poderosa-que-ajuda-a-fortalecer-os-ossos\/","name":"A fruta mais poderosa que ajuda a fortalecer os ossos - Estado de Minas - Em foco","isPartOf":{"@id":"https:\/\/www.em.com.br\/emfoco\/#website"},"primaryImageOfPage":{"@id":"https:\/\/www.em.com.br\/emfoco\/2025\/07\/17\/a-fruta-mais-poderosa-que-ajuda-a-fortalecer-os-ossos\/#primaryimage"},"image":{"@id":"https:\/\/www.em.com.br\/emfoco\/2025\/07\/17\/a-fruta-mais-poderosa-que-ajuda-a-fortalecer-os-ossos\/#primaryimage"},"thumbnailUrl":"https:\/\/www.em.com.br\/emfoco\/wp-content\/uploads\/2025\/07\/ossos-fortes_1752601469273.jpg","datePublished":"2025-07-17T10:28:00+00:00","dateModified":"2025-07-15T16:54:15+00:00","author":{"@id":"https:\/\/www.em.com.br\/emfoco\/#\/schema\/person\/60eda09c1fedf0d6891f4cef4b60b8b8"},"description":"Esta fruta acess\u00edvel ajuda a manter a densidade \u00f3ssea e pode prevenir fraturas. Mulheres em p\u00f3s-menopausa est\u00e3o apostando nela.","breadcrumb":{"@id":"https:\/\/www.em.com.br\/emfoco\/2025\/07\/17\/a-fruta-mais-poderosa-que-ajuda-a-fortalecer-os-ossos\/#breadcrumb"},"inLanguage":"pt-BR","potentialAction":[{"@type":"ReadAction","target":["https:\/\/www.em.com.br\/emfoco\/2025\/07\/17\/a-fruta-mais-poderosa-que-ajuda-a-fortalecer-os-ossos\/"]}]},{"@type":"ImageObject","inLanguage":"pt-BR","@id":"https:\/\/www.em.com.br\/emfoco\/2025\/07\/17\/a-fruta-mais-poderosa-que-ajuda-a-fortalecer-os-ossos\/#primaryimage","url":"https:\/\/www.em.com.br\/emfoco\/wp-content\/uploads\/2025\/07\/ossos-fortes_1752601469273.jpg","contentUrl":"https:\/\/www.em.com.br\/emfoco\/wp-content\/uploads\/2025\/07\/ossos-fortes_1752601469273.jpg","width":1279,"height":720,"caption":"Mulher forte - Cr\u00e9ditos: depositphotos.com \/ atholpady"},{"@type":"BreadcrumbList","@id":"https:\/\/www.em.com.br\/emfoco\/2025\/07\/17\/a-fruta-mais-poderosa-que-ajuda-a-fortalecer-os-ossos\/#breadcrumb","itemListElement":[{"@type":"ListItem","position":1,"name":"In\u00edcio","item":"https:\/\/www.em.com.br\/emfoco\/"},{"@type":"ListItem","position":2,"name":"A fruta mais poderosa que ajuda a fortalecer os ossos"}]},{"@type":"WebSite","@id":"https:\/\/www.em.com.br\/emfoco\/#website","url":"https:\/\/www.em.com.br\/emfoco\/","name":"Estado de Minas - Em foco","description":"Acompanhe as \u00faltimas not\u00edcias e fique bem informado sobre tudo o que acontece em Minas Gerais, Brasil e no mundo.","potentialAction":[{"@type":"SearchAction","target":{"@type":"EntryPoint","urlTemplate":"https:\/\/www.em.com.br\/emfoco\/?s={search_term_string}"},"query-input":{"@type":"PropertyValueSpecification","valueRequired":true,"valueName":"search_term_string"}}],"inLanguage":"pt-BR"},{"@type":"Person","@id":"https:\/\/www.em.com.br\/emfoco\/#\/schema\/person\/60eda09c1fedf0d6891f4cef4b60b8b8","name":"Andre\u0301 Rangel\u00a0","image":{"@type":"ImageObject","inLanguage":"pt-BR","@id":"https:\/\/www.em.com.br\/emfoco\/#\/schema\/person\/image\/","url":"https:\/\/secure.gravatar.com\/avatar\/6234dc814c77c8ef6d8bba622c787efc?s=96&d=mm&r=g","contentUrl":"https:\/\/secure.gravatar.com\/avatar\/6234dc814c77c8ef6d8bba622c787efc?s=96&d=mm&r=g","caption":"Andre\u0301 Rangel\u00a0"},"url":"https:\/\/www.em.com.br\/emfoco\/author\/luizmyth\/"}]}},"_links":{"self":[{"href":"https:\/\/www.em.com.br\/emfoco\/wp-json\/wp\/v2\/posts\/76279","targetHints":{"allow":["GET"]}}],"collection":[{"href":"https:\/\/www.em.com.br\/emfoco\/wp-json\/wp\/v2\/posts"}],"about":[{"href":"https:\/\/www.em.com.br\/emfoco\/wp-json\/wp\/v2\/types\/post"}],"author":[{"embeddable":true,"href":"https:\/\/www.em.com.br\/emfoco\/wp-json\/wp\/v2\/users\/11"}],"replies":[{"embeddable":true,"href":"https:\/\/www.em.com.br\/emfoco\/wp-json\/wp\/v2\/comments?post=76279"}],"version-history":[{"count":5,"href":"https:\/\/www.em.com.br\/emfoco\/wp-json\/wp\/v2\/posts\/76279\/revisions"}],"predecessor-version":[{"id":76390,"href":"https:\/\/www.em.com.br\/emfoco\/wp-json\/wp\/v2\/posts\/76279\/revisions\/76390"}],"wp:featuredmedia":[{"embeddable":true,"href":"https:\/\/www.em.com.br\/emfoco\/wp-json\/wp\/v2\/media\/76389"}],"wp:attachment":[{"href":"https:\/\/www.em.com.br\/emfoco\/wp-json\/wp\/v2\/media?parent=76279"}],"wp:term":[{"taxonomy":"category","embeddable":true,"href":"https:\/\/www.em.com.br\/emfoco\/wp-json\/wp\/v2\/categories?post=76279"},{"taxonomy":"post_tag","embeddable":true,"href":"https:\/\/www.em.com.br\/emfoco\/wp-json\/wp\/v2\/tags?post=76279"}],"curies":[{"name":"wp","href":"https:\/\/api.w.org\/{rel}","templated":true}]}}