{"id":76265,"date":"2025-07-17T13:28:00","date_gmt":"2025-07-17T16:28:00","guid":{"rendered":"https:\/\/www.em.com.br\/emfoco\/?p=76265"},"modified":"2025-07-16T20:10:40","modified_gmt":"2025-07-16T23:10:40","slug":"xiaomi-yu7-e-lancado-com-mais-de-800-km-de-autonomia-e-uma-fila-de-espera-colossal-ate-2027","status":"publish","type":"post","link":"https:\/\/www.em.com.br\/emfoco\/2025\/07\/17\/xiaomi-yu7-e-lancado-com-mais-de-800-km-de-autonomia-e-uma-fila-de-espera-colossal-ate-2027\/","title":{"rendered":"Xiaomi YU7 \u00e9 lan\u00e7ado com mais de 800 km de autonomia e uma fila de espera colossal at\u00e9 2027!"},"content":{"rendered":"\n<p>Nos \u00faltimos anos, a <strong>Xiaomi<\/strong>, uma gigante da tecnologia originalmente conhecida por seus smartphones e eletr\u00f4nicos, expandiu suas opera\u00e7\u00f5es para o mercado de <strong>ve\u00edculos el\u00e9tricos<\/strong> (VEs), causando um grande impacto. Com o lan\u00e7amento de seu <strong>SUV <\/strong>el\u00e9trico, o<strong> <a href=\"https:\/\/www.mi.com\/br\/\" target=\"_blank\" rel=\"noreferrer noopener\">Xiaomi<\/a> YU7<\/strong>, em 2025, a empresa entrou no mercado automotivo com for\u00e7a total, atraindo aten\u00e7\u00e3o significativa na China. Esta movimenta\u00e7\u00e3o representa uma mudan\u00e7a estrat\u00e9gica not\u00e1vel para a Xiaomi e um desafio direto \u00e0s montadoras estabelecidas.<\/p>\n\n\n\n<p><strong>A recep\u00e7\u00e3o calorosa do Xiaomi YU7 \u00e9 atribu\u00edda \u00e0 combina\u00e7\u00e3o de desempenho tecnol\u00f3gico avan\u00e7ado e pre\u00e7os acess\u00edveis.<\/strong> Esta abordagem permitiu que a Xiaomi n\u00e3o s\u00f3 competisse, mas tamb\u00e9m superasse os n\u00fameros de vendas de empresas veteranas no ramo de VEs, como a Tesla. A demanda pelo YU7 foi t\u00e3o alta que as filas de espera se estendem at\u00e9 2027, demonstrando o apelo do ve\u00edculo entre os consumidores chineses.<\/p>\n\n\n\n<h2 class=\"wp-block-heading\">Por que o Xiaomi YU7 \u00e9 t\u00e3o popular?<\/h2>\n\n\n\n<p><strong>O sucesso do Xiaomi YU7 pode ser amplamente atribu\u00eddo ao seu pre\u00e7o competitivo e \u00e0 tecnologia de ponta oferecida.<\/strong> Comparado com outros SUVs el\u00e9tricos, o YU7 \u00e9 uma op\u00e7\u00e3o acess\u00edvel com diversas funcionalidades de luxo. Os pre\u00e7os para as diferentes vers\u00f5es do YU7 foram cuidadosamente definidos para atrair uma ampla gama de consumidores na <strong>China<\/strong>, oferecendo um ve\u00edculo de alto desempenho a um custo acess\u00edvel.<\/p>\n\n\n\n<p><strong>Al\u00e9m disso, a Xiaomi garantiu que o YU7 fosse equipado com tecnologias de ponta em termos de motoriza\u00e7\u00e3o e seguran\u00e7a.<\/strong> A vers\u00e3o standard do SUV conta com um motor \u00fanico traseiro enquanto as vers\u00f5es superiores oferecem tra\u00e7\u00e3o integral com pot\u00eancia significativamente maior. Estes recursos, combinados com autonomia de bateria impressionante e capacidades de carregamento ultrarr\u00e1pido, tornaram o YU7 um forte competidor no mercado. A Xiaomi tamb\u00e9m oferece atualiza\u00e7\u00f5es frequentes via software, permitindo que recursos de conectividade, entretenimento e fun\u00e7\u00f5es de dire\u00e7\u00e3o aut\u00f4noma sejam aprimorados constantemente, fortalecendo seu apelo.<\/p>\n\n\n\n<figure class=\"wp-block-image size-large\"><img loading=\"lazy\" decoding=\"async\" width=\"1024\" height=\"576\" src=\"https:\/\/www.em.com.br\/emfoco\/wp-content\/uploads\/2025\/07\/ad-1-17-1024x576.jpg\" alt=\"Xiaomi YU7 \u00e9 lan\u00e7ado com mais de 800 km de autonomia e uma fila de espera colossal at\u00e9 2027!\" class=\"wp-image-76272\" srcset=\"https:\/\/www.em.com.br\/emfoco\/wp-content\/uploads\/2025\/07\/ad-1-17-1024x576.jpg 1024w, https:\/\/www.em.com.br\/emfoco\/wp-content\/uploads\/2025\/07\/ad-1-17-300x169.jpg 300w, https:\/\/www.em.com.br\/emfoco\/wp-content\/uploads\/2025\/07\/ad-1-17-768x432.jpg 768w, https:\/\/www.em.com.br\/emfoco\/wp-content\/uploads\/2025\/07\/ad-1-17-750x422.jpg 750w, https:\/\/www.em.com.br\/emfoco\/wp-content\/uploads\/2025\/07\/ad-1-17-1140x641.jpg 1140w, https:\/\/www.em.com.br\/emfoco\/wp-content\/uploads\/2025\/07\/ad-1-17.jpg 1280w\" sizes=\"auto, (max-width: 1024px) 100vw, 1024px\" \/><figcaption class=\"wp-element-caption\">Xiaomi YU7 &#8211; Cr\u00e9ditos: Xiaomi\/Divulga\u00e7\u00e3o<\/figcaption><\/figure>\n\n\n\n<h2 class=\"wp-block-heading\">Qual \u00e9 o futuro da Xiaomi no mercado de ve\u00edculos el\u00e9tricos?<\/h2>\n\n\n\n<p><strong>Ao focar principalmente no mercado dom\u00e9stico chin\u00eas, a Xiaomi mant\u00e9m uma estrat\u00e9gia de crescimento sustentada.<\/strong> Este foco permite que a empresa consolide sua posi\u00e7\u00e3o no maior mercado automotivo do mundo antes de considerar a expans\u00e3o global. Tal estrat\u00e9gia n\u00e3o s\u00f3 permite \u00e0 Xiaomi atender \u00e0 demanda interna de forma eficaz, mas tamb\u00e9m prepara o terreno para uma futura entrada no mercado internacional.<\/p>\n\n\n\n<p><strong>A Xiaomi planeja utilizar a tecnologia inovadora e o design moderno do YU7 como trampolins para futuros lan\u00e7amentos globais.<\/strong> Ainda que a expans\u00e3o internacional s\u00f3 deva come\u00e7ar ap\u00f3s 2027, essa abordagem controlada ressalta o compromisso da empresa em oferecer produtos de alta qualidade com base na demanda e no feedback dos consumidores locais. Al\u00e9m disso, a Xiaomi j\u00e1 iniciou parcerias com fornecedores e startups estrangeiras para estudar a adapta\u00e7\u00e3o de seus carros \u00e0s exig\u00eancias de outros mercados, especialmente na <strong>Europa <\/strong>e <strong>Oriente M\u00e9dio<\/strong>.<\/p>\n\n\n\n<figure class=\"wp-block-image size-large\"><img loading=\"lazy\" decoding=\"async\" width=\"1024\" height=\"576\" src=\"https:\/\/www.em.com.br\/emfoco\/wp-content\/uploads\/2025\/07\/ad-2-12-1024x576.jpg\" alt=\"Xiaomi YU7 \u00e9 lan\u00e7ado com mais de 800 km de autonomia e uma fila de espera colossal at\u00e9 2027!\" class=\"wp-image-76271\" srcset=\"https:\/\/www.em.com.br\/emfoco\/wp-content\/uploads\/2025\/07\/ad-2-12-1024x576.jpg 1024w, https:\/\/www.em.com.br\/emfoco\/wp-content\/uploads\/2025\/07\/ad-2-12-300x169.jpg 300w, https:\/\/www.em.com.br\/emfoco\/wp-content\/uploads\/2025\/07\/ad-2-12-768x432.jpg 768w, https:\/\/www.em.com.br\/emfoco\/wp-content\/uploads\/2025\/07\/ad-2-12-750x422.jpg 750w, https:\/\/www.em.com.br\/emfoco\/wp-content\/uploads\/2025\/07\/ad-2-12-1140x641.jpg 1140w, https:\/\/www.em.com.br\/emfoco\/wp-content\/uploads\/2025\/07\/ad-2-12.jpg 1280w\" sizes=\"auto, (max-width: 1024px) 100vw, 1024px\" \/><figcaption class=\"wp-element-caption\">Xiaomi YU7 &#8211; Cr\u00e9ditos: Xiaomi\/Divulga\u00e7\u00e3o<\/figcaption><\/figure>\n\n\n\n<p><em>Leia tamb\u00e9m:<\/em> <a href=\"https:\/\/www.em.com.br\/emfoco\/2025\/05\/29\/a-volkswagen-revelou-o-novo-carro-eletrico-para-2026\/\" target=\"_blank\" rel=\"noreferrer noopener\">A Volkswagen revelou o novo carro el\u00e9trico para 2026<\/a><\/p>\n\n\n\n<h2 class=\"wp-block-heading\">Os elementos de design e seguran\u00e7a do Xiaomi YU7<\/h2>\n\n\n\n<p><strong>O Xiaomi YU7 n\u00e3o se destaca apenas pelo desempenho, mas tamb\u00e9m por seu design aerodin\u00e2mico e moderno.<\/strong> Com um coeficiente aerodin\u00e2mico de 0,245 Cd e um interior luxuoso, o YU7 oferece uma experi\u00eancia de condu\u00e7\u00e3o que combina conforto e inova\u00e7\u00e3o. O ve\u00edculo vem equipado com uma central multim\u00eddia de \u00faltima gera\u00e7\u00e3o, telas avan\u00e7adas e recursos que aprimoram significativamente a experi\u00eancia do usu\u00e1rio.<\/p>\n\n\n\n<p><strong>Em termos de seguran\u00e7a, o YU7 \u00e9 equipado com v\u00e1rias tecnologias avan\u00e7adas, incluindo LiDAR, um chip Nvidia Thor, e um sistema de condu\u00e7\u00e3o assistida propriet\u00e1rio da Xiaomi.<\/strong> Ademais, a constru\u00e7\u00e3o robusta e os materiais usados no chassi e na bateria conferem uma seguran\u00e7a adicional, tornando o YU7 uma escolha segura para os consumidores preocupados com a prote\u00e7\u00e3o. Vale ressaltar que o sistema de seguran\u00e7a do YU7 vem sendo elogiado por especialistas do setor, principalmente pela integra\u00e7\u00e3o eficiente dos sensores com os algoritmos de preven\u00e7\u00e3o de acidentes.<\/p>\n\n\n\n<h2 class=\"wp-block-heading\">O impacto no mercado e o desafio \u00e0s montadoras estabelecidas<\/h2>\n\n\n\n<p><strong>O sucesso do Xiaomi YU7 demonstra a potencial capacidade disruptiva de uma empresa de tecnologia no mercado automotivo.<\/strong> Ao lan\u00e7ar produtos que combinam acessibilidade, luxo e inova\u00e7\u00e3o, a Xiaomi n\u00e3o apenas capturou a imagina\u00e7\u00e3o dos consumidores, mas tamb\u00e9m pressionou as montadoras tradicionais a ajustar suas estrat\u00e9gias de mercado. Esta tend\u00eancia evidencia a crescente interse\u00e7\u00e3o entre tecnologia e ind\u00fastria automotiva, onde inova\u00e7\u00e3o e desempenho equilibrados com pre\u00e7os competitivos podem redefinir o futuro dos ve\u00edculos el\u00e9tricos. Para muitos analistas, a estrat\u00e9gia da Xiaomi for\u00e7a todo o setor a acelerar processos de inova\u00e7\u00e3o, tornar seus produtos mais acess\u00edveis e buscar parcerias com empresas de tecnologia para n\u00e3o perder competitividade.<\/p>\n","protected":false},"excerpt":{"rendered":"<p>Nos \u00faltimos anos, a Xiaomi, uma gigante da tecnologia originalmente conhecida por seus smartphones e eletr\u00f4nicos, expandiu suas opera\u00e7\u00f5es para o mercado de ve\u00edculos el\u00e9tricos (VEs), causando um grande impacto. Com o lan\u00e7amento de seu SUV el\u00e9trico, o Xiaomi YU7, em 2025, a empresa entrou no mercado automotivo com for\u00e7a total, atraindo aten\u00e7\u00e3o significativa na [&hellip;]<\/p>\n","protected":false},"author":13,"featured_media":76273,"comment_status":"open","ping_status":"open","sticky":false,"template":"","format":"standard","meta":{"jnews-multi-image_gallery":[],"jnews_single_post":{"format":"standard"},"jnews_primary_category":[],"jnews_social_meta":[],"jnews_override_counter":[],"footnotes":""},"categories":[27,1],"tags":[12210,161,2074,2893],"class_list":["post-76265","post","type-post","status-publish","format-standard","has-post-thumbnail","hentry","category-carros","category-noticias","tag-suv-yu7","tag-tecnologia","tag-veiculo-eletrico","tag-xiaomi"],"yoast_head":"<!-- This site is optimized with the Yoast SEO plugin v23.8 - https:\/\/yoast.com\/wordpress\/plugins\/seo\/ -->\n<title>Xiaomi YU7 \u00e9 lan\u00e7ado com mais de 800 km de autonomia e uma fila de espera colossal at\u00e9 2027! - Estado de Minas - Em foco<\/title>\n<meta name=\"description\" content=\"O YU7 tem autonomia, luxo e pre\u00e7o competitivo. O sucesso \u00e9 t\u00e3o grande que j\u00e1 desafia montadoras veteranas e domina o mercado de VEs.\" \/>\n<meta name=\"robots\" content=\"index, follow, max-snippet:-1, max-image-preview:large, max-video-preview:-1\" \/>\n<link rel=\"canonical\" href=\"https:\/\/www.em.com.br\/emfoco\/2025\/07\/17\/xiaomi-yu7-e-lancado-com-mais-de-800-km-de-autonomia-e-uma-fila-de-espera-colossal-ate-2027\/\" \/>\n<meta property=\"og:locale\" content=\"pt_BR\" \/>\n<meta property=\"og:type\" content=\"article\" \/>\n<meta property=\"og:title\" content=\"Xiaomi YU7 \u00e9 lan\u00e7ado com mais de 800 km de autonomia e uma fila de espera colossal at\u00e9 2027! - Estado de Minas - Em foco\" \/>\n<meta property=\"og:description\" content=\"O YU7 tem autonomia, luxo e pre\u00e7o competitivo. O sucesso \u00e9 t\u00e3o grande que j\u00e1 desafia montadoras veteranas e domina o mercado de VEs.\" \/>\n<meta property=\"og:url\" content=\"https:\/\/www.em.com.br\/emfoco\/2025\/07\/17\/xiaomi-yu7-e-lancado-com-mais-de-800-km-de-autonomia-e-uma-fila-de-espera-colossal-ate-2027\/\" \/>\n<meta property=\"og:site_name\" content=\"Estado de Minas - Em foco\" \/>\n<meta property=\"article:published_time\" content=\"2025-07-17T16:28:00+00:00\" \/>\n<meta property=\"article:modified_time\" content=\"2025-07-16T23:10:40+00:00\" \/>\n<meta property=\"og:image\" content=\"https:\/\/www.em.com.br\/emfoco\/wp-content\/uploads\/2025\/07\/ad-35.jpg\" \/>\n\t<meta property=\"og:image:width\" content=\"1280\" \/>\n\t<meta property=\"og:image:height\" content=\"720\" \/>\n\t<meta property=\"og:image:type\" content=\"image\/jpeg\" \/>\n<meta name=\"author\" content=\"Gabriel Martins\" \/>\n<meta name=\"twitter:card\" content=\"summary_large_image\" \/>\n<meta name=\"twitter:label1\" content=\"Escrito por\" \/>\n\t<meta name=\"twitter:data1\" content=\"Gabriel Martins\" \/>\n\t<meta name=\"twitter:label2\" content=\"Est. tempo de leitura\" \/>\n\t<meta name=\"twitter:data2\" content=\"5 minutos\" \/>\n<!-- \/ Yoast SEO plugin. -->","yoast_head_json":{"title":"Xiaomi YU7 \u00e9 lan\u00e7ado com mais de 800 km de autonomia e uma fila de espera colossal at\u00e9 2027! - Estado de Minas - Em foco","description":"O YU7 tem autonomia, luxo e pre\u00e7o competitivo. O sucesso \u00e9 t\u00e3o grande que j\u00e1 desafia montadoras veteranas e domina o mercado de VEs.","robots":{"index":"index","follow":"follow","max-snippet":"max-snippet:-1","max-image-preview":"max-image-preview:large","max-video-preview":"max-video-preview:-1"},"canonical":"https:\/\/www.em.com.br\/emfoco\/2025\/07\/17\/xiaomi-yu7-e-lancado-com-mais-de-800-km-de-autonomia-e-uma-fila-de-espera-colossal-ate-2027\/","og_locale":"pt_BR","og_type":"article","og_title":"Xiaomi YU7 \u00e9 lan\u00e7ado com mais de 800 km de autonomia e uma fila de espera colossal at\u00e9 2027! - Estado de Minas - Em foco","og_description":"O YU7 tem autonomia, luxo e pre\u00e7o competitivo. O sucesso \u00e9 t\u00e3o grande que j\u00e1 desafia montadoras veteranas e domina o mercado de VEs.","og_url":"https:\/\/www.em.com.br\/emfoco\/2025\/07\/17\/xiaomi-yu7-e-lancado-com-mais-de-800-km-de-autonomia-e-uma-fila-de-espera-colossal-ate-2027\/","og_site_name":"Estado de Minas - Em foco","article_published_time":"2025-07-17T16:28:00+00:00","article_modified_time":"2025-07-16T23:10:40+00:00","og_image":[{"width":1280,"height":720,"url":"https:\/\/www.em.com.br\/emfoco\/wp-content\/uploads\/2025\/07\/ad-35.jpg","type":"image\/jpeg"}],"author":"Gabriel Martins","twitter_card":"summary_large_image","twitter_misc":{"Escrito por":"Gabriel Martins","Est. tempo de leitura":"5 minutos"},"schema":{"@context":"https:\/\/schema.org","@graph":[{"@type":"WebPage","@id":"https:\/\/www.em.com.br\/emfoco\/2025\/07\/17\/xiaomi-yu7-e-lancado-com-mais-de-800-km-de-autonomia-e-uma-fila-de-espera-colossal-ate-2027\/","url":"https:\/\/www.em.com.br\/emfoco\/2025\/07\/17\/xiaomi-yu7-e-lancado-com-mais-de-800-km-de-autonomia-e-uma-fila-de-espera-colossal-ate-2027\/","name":"Xiaomi YU7 \u00e9 lan\u00e7ado com mais de 800 km de autonomia e uma fila de espera colossal at\u00e9 2027! - Estado de Minas - Em foco","isPartOf":{"@id":"https:\/\/www.em.com.br\/emfoco\/#website"},"primaryImageOfPage":{"@id":"https:\/\/www.em.com.br\/emfoco\/2025\/07\/17\/xiaomi-yu7-e-lancado-com-mais-de-800-km-de-autonomia-e-uma-fila-de-espera-colossal-ate-2027\/#primaryimage"},"image":{"@id":"https:\/\/www.em.com.br\/emfoco\/2025\/07\/17\/xiaomi-yu7-e-lancado-com-mais-de-800-km-de-autonomia-e-uma-fila-de-espera-colossal-ate-2027\/#primaryimage"},"thumbnailUrl":"https:\/\/www.em.com.br\/emfoco\/wp-content\/uploads\/2025\/07\/ad-35.jpg","datePublished":"2025-07-17T16:28:00+00:00","dateModified":"2025-07-16T23:10:40+00:00","author":{"@id":"https:\/\/www.em.com.br\/emfoco\/#\/schema\/person\/1c9ddeab18b98abeffef834667bcf08a"},"description":"O YU7 tem autonomia, luxo e pre\u00e7o competitivo. O sucesso \u00e9 t\u00e3o grande que j\u00e1 desafia montadoras veteranas e domina o mercado de VEs.","breadcrumb":{"@id":"https:\/\/www.em.com.br\/emfoco\/2025\/07\/17\/xiaomi-yu7-e-lancado-com-mais-de-800-km-de-autonomia-e-uma-fila-de-espera-colossal-ate-2027\/#breadcrumb"},"inLanguage":"pt-BR","potentialAction":[{"@type":"ReadAction","target":["https:\/\/www.em.com.br\/emfoco\/2025\/07\/17\/xiaomi-yu7-e-lancado-com-mais-de-800-km-de-autonomia-e-uma-fila-de-espera-colossal-ate-2027\/"]}]},{"@type":"ImageObject","inLanguage":"pt-BR","@id":"https:\/\/www.em.com.br\/emfoco\/2025\/07\/17\/xiaomi-yu7-e-lancado-com-mais-de-800-km-de-autonomia-e-uma-fila-de-espera-colossal-ate-2027\/#primaryimage","url":"https:\/\/www.em.com.br\/emfoco\/wp-content\/uploads\/2025\/07\/ad-35.jpg","contentUrl":"https:\/\/www.em.com.br\/emfoco\/wp-content\/uploads\/2025\/07\/ad-35.jpg","width":1280,"height":720,"caption":"Xiaomi YU7 - Cr\u00e9ditos: Xiaomi\/Divulga\u00e7\u00e3o"},{"@type":"BreadcrumbList","@id":"https:\/\/www.em.com.br\/emfoco\/2025\/07\/17\/xiaomi-yu7-e-lancado-com-mais-de-800-km-de-autonomia-e-uma-fila-de-espera-colossal-ate-2027\/#breadcrumb","itemListElement":[{"@type":"ListItem","position":1,"name":"In\u00edcio","item":"https:\/\/www.em.com.br\/emfoco\/"},{"@type":"ListItem","position":2,"name":"Xiaomi YU7 \u00e9 lan\u00e7ado com mais de 800 km de autonomia e uma fila de espera colossal at\u00e9 2027!"}]},{"@type":"WebSite","@id":"https:\/\/www.em.com.br\/emfoco\/#website","url":"https:\/\/www.em.com.br\/emfoco\/","name":"Estado de Minas - Em foco","description":"Acompanhe as \u00faltimas not\u00edcias e fique bem informado sobre tudo o que acontece em Minas Gerais, Brasil e no mundo.","potentialAction":[{"@type":"SearchAction","target":{"@type":"EntryPoint","urlTemplate":"https:\/\/www.em.com.br\/emfoco\/?s={search_term_string}"},"query-input":{"@type":"PropertyValueSpecification","valueRequired":true,"valueName":"search_term_string"}}],"inLanguage":"pt-BR"},{"@type":"Person","@id":"https:\/\/www.em.com.br\/emfoco\/#\/schema\/person\/1c9ddeab18b98abeffef834667bcf08a","name":"Gabriel Martins","image":{"@type":"ImageObject","inLanguage":"pt-BR","@id":"https:\/\/www.em.com.br\/emfoco\/#\/schema\/person\/image\/","url":"https:\/\/secure.gravatar.com\/avatar\/f0f1e2efdfd88f1ad2cb08c5c2731e50?s=96&d=mm&r=g","contentUrl":"https:\/\/secure.gravatar.com\/avatar\/f0f1e2efdfd88f1ad2cb08c5c2731e50?s=96&d=mm&r=g","caption":"Gabriel Martins"},"sameAs":["https:\/\/www.em.com.br\/emfoco\/"],"url":"https:\/\/www.em.com.br\/emfoco\/author\/gabrielmartinsmyth\/"}]}},"_links":{"self":[{"href":"https:\/\/www.em.com.br\/emfoco\/wp-json\/wp\/v2\/posts\/76265","targetHints":{"allow":["GET"]}}],"collection":[{"href":"https:\/\/www.em.com.br\/emfoco\/wp-json\/wp\/v2\/posts"}],"about":[{"href":"https:\/\/www.em.com.br\/emfoco\/wp-json\/wp\/v2\/types\/post"}],"author":[{"embeddable":true,"href":"https:\/\/www.em.com.br\/emfoco\/wp-json\/wp\/v2\/users\/13"}],"replies":[{"embeddable":true,"href":"https:\/\/www.em.com.br\/emfoco\/wp-json\/wp\/v2\/comments?post=76265"}],"version-history":[{"count":2,"href":"https:\/\/www.em.com.br\/emfoco\/wp-json\/wp\/v2\/posts\/76265\/revisions"}],"predecessor-version":[{"id":76274,"href":"https:\/\/www.em.com.br\/emfoco\/wp-json\/wp\/v2\/posts\/76265\/revisions\/76274"}],"wp:featuredmedia":[{"embeddable":true,"href":"https:\/\/www.em.com.br\/emfoco\/wp-json\/wp\/v2\/media\/76273"}],"wp:attachment":[{"href":"https:\/\/www.em.com.br\/emfoco\/wp-json\/wp\/v2\/media?parent=76265"}],"wp:term":[{"taxonomy":"category","embeddable":true,"href":"https:\/\/www.em.com.br\/emfoco\/wp-json\/wp\/v2\/categories?post=76265"},{"taxonomy":"post_tag","embeddable":true,"href":"https:\/\/www.em.com.br\/emfoco\/wp-json\/wp\/v2\/tags?post=76265"}],"curies":[{"name":"wp","href":"https:\/\/api.w.org\/{rel}","templated":true}]}}