{"id":7623,"date":"2024-12-30T08:17:00","date_gmt":"2024-12-30T11:17:00","guid":{"rendered":"https:\/\/www.em.com.br\/emfoco\/?p=7623"},"modified":"2024-12-30T07:59:06","modified_gmt":"2024-12-30T10:59:06","slug":"comunicado-para-todos-que-informam-o-cpf-ao-comprar-em-supermercados-entenda","status":"publish","type":"post","link":"https:\/\/www.em.com.br\/emfoco\/2024\/12\/30\/comunicado-para-todos-que-informam-o-cpf-ao-comprar-em-supermercados-entenda\/","title":{"rendered":"Comunicado para todos que informam o CPF ao comprar em supermercados. Entenda!"},"content":{"rendered":"\n<p>V\u00e1rios estados brasileiros implementaram o programa &#8220;CPF na Nota&#8221; com o intuito de fomentar a emiss\u00e3o de notas fiscais e mitigar a evas\u00e3o fiscal. Quando o consumidor opta por incluir seu CPF no documento fiscal, ele se habilita a receber cr\u00e9ditos monet\u00e1rios. Essa a\u00e7\u00e3o n\u00e3o s\u00f3 traz vantagens financeiras para o cidad\u00e3o, mas tamb\u00e9m promove a transpar\u00eancia nas negocia\u00e7\u00f5es comerciais e assegura que os impostos sejam devidamente coletados.<\/p>\n\n\n\n<p>O programa atua como uma ponte entre cidad\u00e3os e governo, ao recompensar o consumidor pela sua participa\u00e7\u00e3o ativa no controle fiscal. Dessa forma, estimula a vigil\u00e2ncia cidad\u00e3 e promove a educa\u00e7\u00e3o fiscal no cotidiano.<\/p>\n\n\n\n<h2 class=\"wp-block-heading\">Por que Incluir o CPF na Nota Fiscal?<\/h2>\n\n\n\n<p>Inserir o CPF na nota fiscal oferece ao consumidor diversos benef\u00edcios. Um dos principais \u00e9 a acumula\u00e7\u00e3o de cr\u00e9ditos que podem ser utilizados de diferentes formas, como descontos em taxas estaduais futuras ou at\u00e9 mesmo em participa\u00e7\u00f5es de sorteios de pr\u00eamios.<\/p>\n\n\n\n<p>Al\u00e9m disso, muitos estados oferecem a chance de alocar esses cr\u00e9ditos para apoiar entidades beneficentes, fortalecendo a responsabilidade social. Esta iniciativa n\u00e3o s\u00f3 beneficia o consumidor individualmente, mas tamb\u00e9m promove o bem-estar social e o desenvolvimento local.<\/p>\n\n\n\n<figure class=\"wp-block-image size-large\"><img loading=\"lazy\" decoding=\"async\" width=\"1024\" height=\"576\" src=\"https:\/\/www.em.com.br\/emfoco\/wp-content\/uploads\/2024\/12\/mercado_1735411644997-1024x576.jpg\" alt=\"Informar o CPF no mercado: Combata a sonega\u00e7\u00e3o e ganhe pr\u00eamios\" class=\"wp-image-7330\" srcset=\"https:\/\/www.em.com.br\/emfoco\/wp-content\/uploads\/2024\/12\/mercado_1735411644997-1024x576.jpg 1024w, https:\/\/www.em.com.br\/emfoco\/wp-content\/uploads\/2024\/12\/mercado_1735411644997-300x169.jpg 300w, https:\/\/www.em.com.br\/emfoco\/wp-content\/uploads\/2024\/12\/mercado_1735411644997-768x432.jpg 768w, https:\/\/www.em.com.br\/emfoco\/wp-content\/uploads\/2024\/12\/mercado_1735411644997-750x422.jpg 750w, https:\/\/www.em.com.br\/emfoco\/wp-content\/uploads\/2024\/12\/mercado_1735411644997-1140x641.jpg 1140w, https:\/\/www.em.com.br\/emfoco\/wp-content\/uploads\/2024\/12\/mercado_1735411644997.jpg 1280w\" sizes=\"auto, (max-width: 1024px) 100vw, 1024px\" \/><figcaption class=\"wp-element-caption\">Foto Ilustrativa de mercado &#8211; Cr\u00e9ditos: depositphotos.com \/ AndrewLozovyi<\/figcaption><\/figure>\n\n\n\n<h2 class=\"wp-block-heading\">Como Consultar e Utilizar os Cr\u00e9ditos Dispon\u00edveis?<\/h2>\n\n\n\n<p>Para verificar os cr\u00e9ditos acumulados, o consumidor precisa acessar a plataforma online correspondente ao programa de seu estado. O processo \u00e9 simplificado e envolve os seguintes passos:<\/p>\n\n\n\n<ul class=\"wp-block-list\">\n<li>Entrar no site oficial da iniciativa em sua regi\u00e3o.<\/li>\n\n\n\n<li>Realizar login utilizando o CPF e senha pessoal.<\/li>\n\n\n\n<li>Checar o saldo dispon\u00edvel e os registros de participa\u00e7\u00e3o em sorteios.<\/li>\n\n\n\n<li>Optar por um m\u00e9todo de resgate, como desconto em impostos ou transfer\u00eancia banc\u00e1ria.<\/li>\n<\/ul>\n\n\n\n<p>Estas etapas garantem que o consumidor esteja bem-informado e possa gerir seus cr\u00e9ditos de maneira eficaz.<\/p>\n\n\n\n<h2 class=\"wp-block-heading\">Exemplos de Estados com o Programa &#8220;CPF na Nota&#8221;<\/h2>\n\n\n\n<p>O programa &#8220;CPF na Nota&#8221; ganhou ader\u00eancia em diversos estados do Brasil. Em S\u00e3o Paulo, a Nota Fiscal Paulista \u00e9 bastante consolidada, oferecendo tanto sorteios quanto possibilidade de resgate de valores. No Rio Grande do Sul, o programa se destaca ao permitir que os cr\u00e9ditos sejam repassados para ajudar institui\u00e7\u00f5es de caridade. Minas Gerais tamb\u00e9m conta com uma vers\u00e3o pr\u00f3pria que inclui sorteios e resgates.<\/p>\n\n\n\n<h2 class=\"wp-block-heading\">Dicas para Aumentar as Chances nos Sorteios<\/h2>\n\n\n\n<p>Para aqueles que buscam maximizar suas oportunidades nos sorteios do programa, o conselho \u00e9 registrar consistentemente o CPF em cada compra realizada. Isso gera mais bilhetes eleg\u00edveis para os concursos. Al\u00e9m disso, acompanhar as datas dos sorteios possibilita que os participantes n\u00e3o percam eventos importantes.<\/p>\n\n\n\n<p>O &#8220;CPF na Nota&#8221; n\u00e3o \u00e9 apenas um programa de benef\u00edcios; \u00e9 um motor para constru\u00e7\u00e3o de uma sociedade com mais compromisso fiscal. Ao integrar consumidores, lojistas e governo, a iniciativa melhora a rela\u00e7\u00e3o com o sistema tribut\u00e1rio e refor\u00e7a a import\u00e2ncia de pr\u00e1ticas comerciais justas.<\/p>\n","protected":false},"excerpt":{"rendered":"<p>V\u00e1rios estados brasileiros implementaram o programa &#8220;CPF na Nota&#8221; com o intuito de fomentar a emiss\u00e3o de notas fiscais e mitigar a evas\u00e3o fiscal. Quando o consumidor opta por incluir seu CPF no documento fiscal, ele se habilita a receber cr\u00e9ditos monet\u00e1rios. Essa a\u00e7\u00e3o n\u00e3o s\u00f3 traz vantagens financeiras para o cidad\u00e3o<\/p>\n","protected":false},"author":2,"featured_media":7165,"comment_status":"open","ping_status":"open","sticky":false,"template":"","format":"standard","meta":{"jnews-multi-image_gallery":[],"jnews_single_post":{"format":"standard"},"jnews_primary_category":[],"jnews_social_meta":[],"jnews_override_counter":[],"footnotes":""},"categories":[28,1],"tags":[398,2675,2674,941,901],"class_list":["post-7623","post","type-post","status-publish","format-standard","has-post-thumbnail","hentry","category-economia","category-noticias","tag-cpf-na-nota","tag-educacao-fiscal","tag-evasao-fiscal","tag-imposto","tag-nota-fiscal"],"yoast_head":"<!-- This site is optimized with the Yoast SEO plugin v23.8 - https:\/\/yoast.com\/wordpress\/plugins\/seo\/ -->\n<title>Comunicado para todos que informam o CPF ao comprar em supermercados. Entenda! - Estado de Minas - Em foco<\/title>\n<meta name=\"description\" content=\"V\u00e1rios estados brasileiros implementaram o programa &quot;CPF na Nota&quot; com o intuito de fomentar a emiss\u00e3o de notas fiscais e mitigar a evas\u00e3o fiscal. Quando o consumidor opta por incluir seu CPF no documento fiscal, ele se habilita a receber cr\u00e9ditos monet\u00e1rios. Essa a\u00e7\u00e3o n\u00e3o s\u00f3 traz vantagens financeiras para o cidad\u00e3o\" \/>\n<meta name=\"robots\" content=\"index, follow, max-snippet:-1, max-image-preview:large, max-video-preview:-1\" \/>\n<link rel=\"canonical\" href=\"https:\/\/www.em.com.br\/emfoco\/2024\/12\/30\/comunicado-para-todos-que-informam-o-cpf-ao-comprar-em-supermercados-entenda\/\" \/>\n<meta property=\"og:locale\" content=\"pt_BR\" \/>\n<meta property=\"og:type\" content=\"article\" \/>\n<meta property=\"og:title\" content=\"Comunicado para todos que informam o CPF ao comprar em supermercados. Entenda! - Estado de Minas - Em foco\" \/>\n<meta property=\"og:description\" content=\"V\u00e1rios estados brasileiros implementaram o programa &quot;CPF na Nota&quot; com o intuito de fomentar a emiss\u00e3o de notas fiscais e mitigar a evas\u00e3o fiscal. Quando o consumidor opta por incluir seu CPF no documento fiscal, ele se habilita a receber cr\u00e9ditos monet\u00e1rios. Essa a\u00e7\u00e3o n\u00e3o s\u00f3 traz vantagens financeiras para o cidad\u00e3o\" \/>\n<meta property=\"og:url\" content=\"https:\/\/www.em.com.br\/emfoco\/2024\/12\/30\/comunicado-para-todos-que-informam-o-cpf-ao-comprar-em-supermercados-entenda\/\" \/>\n<meta property=\"og:site_name\" content=\"Estado de Minas - Em foco\" \/>\n<meta property=\"article:published_time\" content=\"2024-12-30T11:17:00+00:00\" \/>\n<meta property=\"article:modified_time\" content=\"2024-12-30T10:59:06+00:00\" \/>\n<meta property=\"og:image\" content=\"https:\/\/www.em.com.br\/emfoco\/wp-content\/uploads\/2024\/12\/cpf_1735336911493.jpg\" \/>\n\t<meta property=\"og:image:width\" content=\"1280\" \/>\n\t<meta property=\"og:image:height\" content=\"720\" \/>\n\t<meta property=\"og:image:type\" content=\"image\/jpeg\" \/>\n<meta name=\"author\" content=\"Guilherme\" \/>\n<meta name=\"twitter:card\" content=\"summary_large_image\" \/>\n<meta name=\"twitter:label1\" content=\"Escrito por\" \/>\n\t<meta name=\"twitter:data1\" content=\"Guilherme\" \/>\n\t<meta name=\"twitter:label2\" content=\"Est. tempo de leitura\" \/>\n\t<meta name=\"twitter:data2\" content=\"3 minutos\" \/>\n<!-- \/ Yoast SEO plugin. -->","yoast_head_json":{"title":"Comunicado para todos que informam o CPF ao comprar em supermercados. Entenda! - Estado de Minas - Em foco","description":"V\u00e1rios estados brasileiros implementaram o programa \"CPF na Nota\" com o intuito de fomentar a emiss\u00e3o de notas fiscais e mitigar a evas\u00e3o fiscal. Quando o consumidor opta por incluir seu CPF no documento fiscal, ele se habilita a receber cr\u00e9ditos monet\u00e1rios. Essa a\u00e7\u00e3o n\u00e3o s\u00f3 traz vantagens financeiras para o cidad\u00e3o","robots":{"index":"index","follow":"follow","max-snippet":"max-snippet:-1","max-image-preview":"max-image-preview:large","max-video-preview":"max-video-preview:-1"},"canonical":"https:\/\/www.em.com.br\/emfoco\/2024\/12\/30\/comunicado-para-todos-que-informam-o-cpf-ao-comprar-em-supermercados-entenda\/","og_locale":"pt_BR","og_type":"article","og_title":"Comunicado para todos que informam o CPF ao comprar em supermercados. Entenda! - Estado de Minas - Em foco","og_description":"V\u00e1rios estados brasileiros implementaram o programa \"CPF na Nota\" com o intuito de fomentar a emiss\u00e3o de notas fiscais e mitigar a evas\u00e3o fiscal. Quando o consumidor opta por incluir seu CPF no documento fiscal, ele se habilita a receber cr\u00e9ditos monet\u00e1rios. Essa a\u00e7\u00e3o n\u00e3o s\u00f3 traz vantagens financeiras para o cidad\u00e3o","og_url":"https:\/\/www.em.com.br\/emfoco\/2024\/12\/30\/comunicado-para-todos-que-informam-o-cpf-ao-comprar-em-supermercados-entenda\/","og_site_name":"Estado de Minas - Em foco","article_published_time":"2024-12-30T11:17:00+00:00","article_modified_time":"2024-12-30T10:59:06+00:00","og_image":[{"width":1280,"height":720,"url":"https:\/\/www.em.com.br\/emfoco\/wp-content\/uploads\/2024\/12\/cpf_1735336911493.jpg","type":"image\/jpeg"}],"author":"Guilherme","twitter_card":"summary_large_image","twitter_misc":{"Escrito por":"Guilherme","Est. tempo de leitura":"3 minutos"},"schema":{"@context":"https:\/\/schema.org","@graph":[{"@type":"WebPage","@id":"https:\/\/www.em.com.br\/emfoco\/2024\/12\/30\/comunicado-para-todos-que-informam-o-cpf-ao-comprar-em-supermercados-entenda\/","url":"https:\/\/www.em.com.br\/emfoco\/2024\/12\/30\/comunicado-para-todos-que-informam-o-cpf-ao-comprar-em-supermercados-entenda\/","name":"Comunicado para todos que informam o CPF ao comprar em supermercados. Entenda! - Estado de Minas - Em foco","isPartOf":{"@id":"https:\/\/www.em.com.br\/emfoco\/#website"},"primaryImageOfPage":{"@id":"https:\/\/www.em.com.br\/emfoco\/2024\/12\/30\/comunicado-para-todos-que-informam-o-cpf-ao-comprar-em-supermercados-entenda\/#primaryimage"},"image":{"@id":"https:\/\/www.em.com.br\/emfoco\/2024\/12\/30\/comunicado-para-todos-que-informam-o-cpf-ao-comprar-em-supermercados-entenda\/#primaryimage"},"thumbnailUrl":"https:\/\/www.em.com.br\/emfoco\/wp-content\/uploads\/2024\/12\/cpf_1735336911493.jpg","datePublished":"2024-12-30T11:17:00+00:00","dateModified":"2024-12-30T10:59:06+00:00","author":{"@id":"https:\/\/www.em.com.br\/emfoco\/#\/schema\/person\/097c4a57cc4dc96be3b74aaf7185dd84"},"description":"V\u00e1rios estados brasileiros implementaram o programa \"CPF na Nota\" com o intuito de fomentar a emiss\u00e3o de notas fiscais e mitigar a evas\u00e3o fiscal. Quando o consumidor opta por incluir seu CPF no documento fiscal, ele se habilita a receber cr\u00e9ditos monet\u00e1rios. Essa a\u00e7\u00e3o n\u00e3o s\u00f3 traz vantagens financeiras para o cidad\u00e3o","breadcrumb":{"@id":"https:\/\/www.em.com.br\/emfoco\/2024\/12\/30\/comunicado-para-todos-que-informam-o-cpf-ao-comprar-em-supermercados-entenda\/#breadcrumb"},"inLanguage":"pt-BR","potentialAction":[{"@type":"ReadAction","target":["https:\/\/www.em.com.br\/emfoco\/2024\/12\/30\/comunicado-para-todos-que-informam-o-cpf-ao-comprar-em-supermercados-entenda\/"]}]},{"@type":"ImageObject","inLanguage":"pt-BR","@id":"https:\/\/www.em.com.br\/emfoco\/2024\/12\/30\/comunicado-para-todos-que-informam-o-cpf-ao-comprar-em-supermercados-entenda\/#primaryimage","url":"https:\/\/www.em.com.br\/emfoco\/wp-content\/uploads\/2024\/12\/cpf_1735336911493.jpg","contentUrl":"https:\/\/www.em.com.br\/emfoco\/wp-content\/uploads\/2024\/12\/cpf_1735336911493.jpg","width":1280,"height":720,"caption":"Imagem Ilustrativa de CPF - Cr\u00e9ditos: depositphotos.com \/ Mehaniq"},{"@type":"BreadcrumbList","@id":"https:\/\/www.em.com.br\/emfoco\/2024\/12\/30\/comunicado-para-todos-que-informam-o-cpf-ao-comprar-em-supermercados-entenda\/#breadcrumb","itemListElement":[{"@type":"ListItem","position":1,"name":"In\u00edcio","item":"https:\/\/www.em.com.br\/emfoco\/"},{"@type":"ListItem","position":2,"name":"Comunicado para todos que informam o CPF ao comprar em supermercados. Entenda!"}]},{"@type":"WebSite","@id":"https:\/\/www.em.com.br\/emfoco\/#website","url":"https:\/\/www.em.com.br\/emfoco\/","name":"Estado de Minas - Em foco","description":"Acompanhe as \u00faltimas not\u00edcias e fique bem informado sobre tudo o que acontece em Minas Gerais, Brasil e no mundo.","potentialAction":[{"@type":"SearchAction","target":{"@type":"EntryPoint","urlTemplate":"https:\/\/www.em.com.br\/emfoco\/?s={search_term_string}"},"query-input":{"@type":"PropertyValueSpecification","valueRequired":true,"valueName":"search_term_string"}}],"inLanguage":"pt-BR"},{"@type":"Person","@id":"https:\/\/www.em.com.br\/emfoco\/#\/schema\/person\/097c4a57cc4dc96be3b74aaf7185dd84","name":"Guilherme","image":{"@type":"ImageObject","inLanguage":"pt-BR","@id":"https:\/\/www.em.com.br\/emfoco\/#\/schema\/person\/image\/","url":"https:\/\/secure.gravatar.com\/avatar\/6a059d20d980bdeb1d1d6b0fa2b4633c?s=96&d=mm&r=g","contentUrl":"https:\/\/secure.gravatar.com\/avatar\/6a059d20d980bdeb1d1d6b0fa2b4633c?s=96&d=mm&r=g","caption":"Guilherme"},"url":"https:\/\/www.em.com.br\/emfoco\/author\/guilhermemyth\/"}]}},"_links":{"self":[{"href":"https:\/\/www.em.com.br\/emfoco\/wp-json\/wp\/v2\/posts\/7623","targetHints":{"allow":["GET"]}}],"collection":[{"href":"https:\/\/www.em.com.br\/emfoco\/wp-json\/wp\/v2\/posts"}],"about":[{"href":"https:\/\/www.em.com.br\/emfoco\/wp-json\/wp\/v2\/types\/post"}],"author":[{"embeddable":true,"href":"https:\/\/www.em.com.br\/emfoco\/wp-json\/wp\/v2\/users\/2"}],"replies":[{"embeddable":true,"href":"https:\/\/www.em.com.br\/emfoco\/wp-json\/wp\/v2\/comments?post=7623"}],"version-history":[{"count":3,"href":"https:\/\/www.em.com.br\/emfoco\/wp-json\/wp\/v2\/posts\/7623\/revisions"}],"predecessor-version":[{"id":7626,"href":"https:\/\/www.em.com.br\/emfoco\/wp-json\/wp\/v2\/posts\/7623\/revisions\/7626"}],"wp:featuredmedia":[{"embeddable":true,"href":"https:\/\/www.em.com.br\/emfoco\/wp-json\/wp\/v2\/media\/7165"}],"wp:attachment":[{"href":"https:\/\/www.em.com.br\/emfoco\/wp-json\/wp\/v2\/media?parent=7623"}],"wp:term":[{"taxonomy":"category","embeddable":true,"href":"https:\/\/www.em.com.br\/emfoco\/wp-json\/wp\/v2\/categories?post=7623"},{"taxonomy":"post_tag","embeddable":true,"href":"https:\/\/www.em.com.br\/emfoco\/wp-json\/wp\/v2\/tags?post=7623"}],"curies":[{"name":"wp","href":"https:\/\/api.w.org\/{rel}","templated":true}]}}