{"id":75991,"date":"2025-07-15T20:38:00","date_gmt":"2025-07-15T23:38:00","guid":{"rendered":"https:\/\/www.em.com.br\/emfoco\/?p=75991"},"modified":"2025-07-14T23:10:20","modified_gmt":"2025-07-15T02:10:20","slug":"quando-a-renda-garante-dignidade-o-bpc-na-reducao-da-pobreza","status":"publish","type":"post","link":"https:\/\/www.em.com.br\/emfoco\/2025\/07\/15\/quando-a-renda-garante-dignidade-o-bpc-na-reducao-da-pobreza\/","title":{"rendered":"Quando a renda garante dignidade! O BPC na redu\u00e7\u00e3o da pobreza"},"content":{"rendered":"\n<p>O <strong>Benef\u00edcio de Presta\u00e7\u00e3o Continuada<\/strong> (<a href=\"https:\/\/www.em.com.br\/emfoco\/2025\/07\/13\/pagamentos-do-bpc-surpreendem-beneficiarios-com-datas-ja-definidas\/\" target=\"_blank\" rel=\"noreferrer noopener\">BPC<\/a>) \u00e9 uma importante pol\u00edtica p\u00fablica no <strong>Brasil <\/strong>que visa garantir a dignidade de idosos e pessoas com defici\u00eancia em situa\u00e7\u00e3o de vulnerabilidade. Criado em 1996, o <strong>BPC <\/strong>tem desempenhado um papel crucial na redu\u00e7\u00e3o da pobreza e no combate \u00e0s desigualdades sociais. Este benef\u00edcio assegura uma renda m\u00ednima para aqueles que n\u00e3o t\u00eam condi\u00e7\u00f5es de prover os meios de subsist\u00eancia por conta pr\u00f3pria ou que n\u00e3o s\u00e3o amparados por suas fam\u00edlias.<\/p>\n\n\n\n<p>Para compreender o impacto do <strong>BPC<\/strong>, \u00e9 essencial destacar que ele oferece uma renda mensal no valor de um sal\u00e1rio m\u00ednimo para indiv\u00edduos com mais de 65 anos ou com defici\u00eancia severa. Isso \u00e9 vital para reduzir a extrema pobreza, especialmente em regi\u00f5es com altos \u00edndices de vulnerabilidade econ\u00f4mica. Os benefici\u00e1rios precisam atender a crit\u00e9rios espec\u00edficos de elegibilidade, incluindo uma avalia\u00e7\u00e3o da renda familiar per capita, que n\u00e3o deve ultrapassar 25% do sal\u00e1rio m\u00ednimo.<\/p>\n\n\n\n<h2 class=\"wp-block-heading\">O papel do BPC na inclus\u00e3o social<\/h2>\n\n\n<div class=\"wp-block-image\">\n<figure class=\"aligncenter size-large\"><img loading=\"lazy\" decoding=\"async\" width=\"1024\" height=\"576\" src=\"https:\/\/www.em.com.br\/emfoco\/wp-content\/uploads\/2025\/07\/inclusao_1752545250187-1024x576.jpg\" alt=\"\" class=\"wp-image-76016\" srcset=\"https:\/\/www.em.com.br\/emfoco\/wp-content\/uploads\/2025\/07\/inclusao_1752545250187-1024x576.jpg 1024w, https:\/\/www.em.com.br\/emfoco\/wp-content\/uploads\/2025\/07\/inclusao_1752545250187-300x169.jpg 300w, https:\/\/www.em.com.br\/emfoco\/wp-content\/uploads\/2025\/07\/inclusao_1752545250187-768x432.jpg 768w, https:\/\/www.em.com.br\/emfoco\/wp-content\/uploads\/2025\/07\/inclusao_1752545250187-750x422.jpg 750w, https:\/\/www.em.com.br\/emfoco\/wp-content\/uploads\/2025\/07\/inclusao_1752545250187-1140x641.jpg 1140w, https:\/\/www.em.com.br\/emfoco\/wp-content\/uploads\/2025\/07\/inclusao_1752545250187.jpg 1280w\" sizes=\"auto, (max-width: 1024px) 100vw, 1024px\" \/><figcaption class=\"wp-element-caption\">Workplace inclusivo &#8211; Cr\u00e9ditos: depositphotos.com \/ HayDmitriy<\/figcaption><\/figure><\/div>\n\n\n<p>O <strong>BPC <\/strong>desempenha um papel central no processo de inclus\u00e3o social, pois amplia o acesso das pessoas mais vulner\u00e1veis a direitos e servi\u00e7os b\u00e1sicos. Ao garantir um m\u00ednimo de renda, favorece a inser\u00e7\u00e3o desses grupos em espa\u00e7os sociais antes inacess\u00edveis, como atividades culturais e de lazer. Isso colabora para a redu\u00e7\u00e3o do isolamento e da exclus\u00e3o, consolidando a cidadania desses indiv\u00edduos.<\/p>\n\n\n\n<p>Al\u00e9m disso, o acesso ao <strong>BPC <\/strong>pode incentivar outras pol\u00edticas complementares, como programas de assist\u00eancia \u00e0 sa\u00fade e educa\u00e7\u00e3o. Assim, o benef\u00edcio serve de ponte para a participa\u00e7\u00e3o ativa dos benefici\u00e1rios em sua comunidade, fortalecendo seu pertencimento social e resgatando sua dignidade.<\/p>\n\n\n\n<h2 class=\"wp-block-heading\">Como o BPC contribui para a redu\u00e7\u00e3o da pobreza?<\/h2>\n\n\n\n<p>A contribui\u00e7\u00e3o do <strong>BPC <\/strong>para a diminui\u00e7\u00e3o da pobreza no <strong>Brasil <\/strong>\u00e9 significativa. Ele n\u00e3o apenas reduz a desigualdade de renda, mas tamb\u00e9m tem efeitos multiplicadores na economia local. Ao injetar recursos diretamente nas m\u00e3os de fam\u00edlias em situa\u00e7\u00e3o de vulnerabilidade, o <strong>BPC <\/strong>incentiva o consumo e ajuda a movimentar o com\u00e9rcio local. Para muitas comunidades, especialmente nas \u00e1reas rurais e nas periferias das grandes cidades, o <strong>BPC <\/strong>representa uma das principais fontes de renda e desenvolvimento econ\u00f4mico.<\/p>\n\n\n\n<p>Al\u00e9m disso, o <strong>BPC <\/strong>tem implica\u00e7\u00f5es positivas na sa\u00fade e na educa\u00e7\u00e3o dos benefici\u00e1rios e suas fam\u00edlias. Com uma renda b\u00e1sica garantida, h\u00e1 uma melhora no acesso a servi\u00e7os de sa\u00fade e a condi\u00e7\u00f5es de vida mais dignas. Crian\u00e7as e jovens de fam\u00edlias benefici\u00e1rias tendem a permanecer mais tempo na escola, contribuindo para um ciclo virtuoso de quebra do ciclo de pobreza intergeracional.<\/p>\n\n\n\n<h2 class=\"wp-block-heading\">O impacto do BPC na economia local e nacional<\/h2>\n\n\n\n<p>O <strong>BPC<\/strong>, ao garantir renda a milh\u00f5es de brasileiros, desempenha um papel fundamental no fortalecimento do mercado interno. Isso se reflete principalmente em pequenas cidades e comunidades rurais, onde a circula\u00e7\u00e3o de dinheiro tende a ser mais restrita. O aumento do consumo local propicia o surgimento de pequenos neg\u00f3cios e dinamiza a economia da regi\u00e3o, resultando em novos empregos e melhores oportunidades de crescimento econ\u00f4mico.<\/p>\n\n\n\n<ul class=\"wp-block-list\">\n<li><strong>Incentivo ao pequeno com\u00e9rcio:<\/strong> O <strong>BPC <\/strong>aumenta a demanda por produtos e servi\u00e7os locais, beneficiando o com\u00e9rcio de bairro.<\/li>\n\n\n\n<li><strong>Redu\u00e7\u00e3o da migra\u00e7\u00e3o urbana:<\/strong> Ao assegurar condi\u00e7\u00f5es m\u00ednimas de subsist\u00eancia, o <strong>BPC <\/strong>diminui a press\u00e3o migrat\u00f3ria para grandes centros.<\/li>\n\n\n\n<li><strong>Est\u00edmulo \u00e0 agricultura familiar:<\/strong> Em muitas regi\u00f5es, o benef\u00edcio sustenta pr\u00e1ticas de agricultura familiar, fundamentais para a seguran\u00e7a alimentar.<\/li>\n<\/ul>\n\n\n\n<p>Al\u00e9m desses impactos econ\u00f4micos, o <strong>BPC <\/strong>tamb\u00e9m fortalece redes locais de solidariedade, criando um ciclo positivo de apoio m\u00fatuo dentro das comunidades beneficiadas.<\/p>\n\n\n\n<h2 class=\"wp-block-heading\">Desafios no processo de concess\u00e3o do BPC<\/h2>\n\n\n\n<p>Apesar dos benef\u00edcios, o processo de solicita\u00e7\u00e3o e concess\u00e3o do <a href=\"https:\/\/www.gov.br\/mds\/pt-br\/acoes-e-programas\/suas\/beneficios-assistenciais\/beneficio-assistencial-ao-idoso-e-a-pessoa-com-deficiencia-bpc\" target=\"_blank\" rel=\"noreferrer noopener\"><strong>BPC<\/strong> <\/a>pode ser longo e burocr\u00e1tico. Muitos solicitantes enfrentam dificuldades para reunir documentos e comprovar sua elegibilidade, o que atrasa o acesso ao benef\u00edcio. Isso pode desmotivar potenciais benefici\u00e1rios e perpetuar situa\u00e7\u00f5es de vulnerabilidade.<\/p>\n\n\n\n<p>Ainda, a falta de informa\u00e7\u00e3o sobre como acessar e manter o benef\u00edcio representa um grande obst\u00e1culo. Ampliar campanhas de orienta\u00e7\u00e3o e facilitar o processo com ferramentas digitais s\u00e3o medidas que podem tornar o acesso ao <strong>BPC <\/strong>mais eficaz e eficiente.<\/p>\n\n\n\n<h2 class=\"wp-block-heading\">O BPC e a prote\u00e7\u00e3o da popula\u00e7\u00e3o idosa<\/h2>\n\n\n\n<p>Com o envelhecimento da popula\u00e7\u00e3o brasileira, o <strong>BPC <\/strong>se mostra fundamental para garantir o bem-estar dos idosos. Ele proporciona seguran\u00e7a financeira em uma fase da vida geralmente marcada por limita\u00e7\u00f5es de trabalho e sa\u00fade. Assim, previne situa\u00e7\u00f5es de abandono e exclus\u00e3o dessa parcela vulner\u00e1vel.<\/p>\n\n\n\n<p>Al\u00e9m disso, o amparo oferecido pelo <strong>BPC <\/strong>diminui a depend\u00eancia dos idosos em rela\u00e7\u00e3o \u00e0s fam\u00edlias, contribuindo para sua autonomia e respeito. O fortalecimento deste benef\u00edcio \u00e9 essencial para responder \u00e0s demandas crescentes de uma sociedade em envelhecimento.<\/p>\n\n\n\n<h2 class=\"wp-block-heading\">O BPC e a pessoa com defici\u00eancia<\/h2>\n\n\n\n<p>Pessoas com defici\u00eancia enfrentam desafios adicionais para inser\u00e7\u00e3o no mercado de trabalho. O <strong>BPC<\/strong>, ao lhes assegurar uma renda, funciona como instrumento de justi\u00e7a social, proporcionando condi\u00e7\u00f5es m\u00ednimas para o desenvolvimento pessoal e para a participa\u00e7\u00e3o na sociedade.<\/p>\n\n\n\n<p>A soma de renda e acesso a direitos permite que as pessoas com defici\u00eancia invistam na melhoria de sua qualidade de vida, sa\u00fade e educa\u00e7\u00e3o. Isso fortalece o cumprimento da legisla\u00e7\u00e3o que garante os direitos de inclus\u00e3o e acessibilidade para este p\u00fablico.<\/p>\n\n\n\n<h2 class=\"wp-block-heading\">Perspectivas futuras para o BPC<\/h2>\n\n\n\n<p>O futuro do <strong>BPC <\/strong>depende da capacidade de adapta\u00e7\u00e3o do programa \u00e0s novas realidades socioecon\u00f4micas do Brasil. Com a pandemia, por exemplo, houve um crescimento expressivo na demanda, o que exige melhor planejamento or\u00e7ament\u00e1rio e maior efici\u00eancia na administra\u00e7\u00e3o do benef\u00edcio. Investir em tecnologia e em processos digitais pode ampliar o alcance do programa.<\/p>\n\n\n\n<p>Al\u00e9m disso, discutir ajustes nos crit\u00e9rios de elegibilidade e buscar fontes de financiamento mais robustas s\u00e3o caminhos para garantir a sustentabilidade do <strong>BPC<\/strong>. O fortalecimento do benef\u00edcio \u00e9 indispens\u00e1vel para que ele continue sendo um dos pilares da prote\u00e7\u00e3o social brasileira, promovendo uma sociedade mais justa e inclusiva para todos.<\/p>\n","protected":false},"excerpt":{"rendered":"<p>O Benef\u00edcio de Presta\u00e7\u00e3o Continuada (BPC) \u00e9 uma importante pol\u00edtica p\u00fablica no Brasil que visa garantir a dignidade de idosos e pessoas com defici\u00eancia em situa\u00e7\u00e3o de vulnerabilidade. Criado em 1996, o BPC tem desempenhado um papel crucial na redu\u00e7\u00e3o da pobreza e no combate \u00e0s desigualdades sociais. Este benef\u00edcio assegura uma renda m\u00ednima para [&hellip;]<\/p>\n","protected":false},"author":20,"featured_media":55004,"comment_status":"open","ping_status":"open","sticky":false,"template":"","format":"standard","meta":{"jnews-multi-image_gallery":[],"jnews_single_post":{"format":"standard"},"jnews_primary_category":[],"jnews_social_meta":[],"jnews_override_counter":[],"footnotes":""},"categories":[28,1],"tags":[257,258,501],"class_list":["post-75991","post","type-post","status-publish","format-standard","has-post-thumbnail","hentry","category-economia","category-noticias","tag-bpc","tag-loas","tag-politica-publica"],"yoast_head":"<!-- This site is optimized with the Yoast SEO plugin v23.8 - https:\/\/yoast.com\/wordpress\/plugins\/seo\/ -->\n<title>Quando a renda garante dignidade! O BPC na redu\u00e7\u00e3o da pobreza - Estado de Minas - Em foco<\/title>\n<meta name=\"description\" content=\"Quem mais precisa conta com o BPC para ter dignidade com renda b\u00e1sica garantida e apoio fundamental em tempos dif\u00edceis.\" \/>\n<meta name=\"robots\" content=\"index, follow, max-snippet:-1, max-image-preview:large, max-video-preview:-1\" \/>\n<link rel=\"canonical\" href=\"https:\/\/www.em.com.br\/emfoco\/2025\/07\/15\/quando-a-renda-garante-dignidade-o-bpc-na-reducao-da-pobreza\/\" \/>\n<meta property=\"og:locale\" content=\"pt_BR\" \/>\n<meta property=\"og:type\" content=\"article\" \/>\n<meta property=\"og:title\" content=\"Quando a renda garante dignidade! O BPC na redu\u00e7\u00e3o da pobreza - Estado de Minas - Em foco\" \/>\n<meta property=\"og:description\" content=\"Quem mais precisa conta com o BPC para ter dignidade com renda b\u00e1sica garantida e apoio fundamental em tempos dif\u00edceis.\" \/>\n<meta property=\"og:url\" content=\"https:\/\/www.em.com.br\/emfoco\/2025\/07\/15\/quando-a-renda-garante-dignidade-o-bpc-na-reducao-da-pobreza\/\" \/>\n<meta property=\"og:site_name\" content=\"Estado de Minas - Em foco\" \/>\n<meta property=\"article:published_time\" content=\"2025-07-15T23:38:00+00:00\" \/>\n<meta property=\"article:modified_time\" content=\"2025-07-15T02:10:20+00:00\" \/>\n<meta property=\"og:image\" content=\"https:\/\/www.em.com.br\/emfoco\/wp-content\/uploads\/2025\/06\/dinheiro-reais_1748976565269.jpg\" \/>\n\t<meta property=\"og:image:width\" content=\"1280\" \/>\n\t<meta property=\"og:image:height\" content=\"720\" \/>\n\t<meta property=\"og:image:type\" content=\"image\/jpeg\" \/>\n<meta name=\"author\" content=\"Ingrid Diniz\" \/>\n<meta name=\"twitter:card\" content=\"summary_large_image\" \/>\n<meta name=\"twitter:label1\" content=\"Escrito por\" \/>\n\t<meta name=\"twitter:data1\" content=\"Ingrid Diniz\" \/>\n\t<meta name=\"twitter:label2\" content=\"Est. tempo de leitura\" \/>\n\t<meta name=\"twitter:data2\" content=\"6 minutos\" \/>\n<!-- \/ Yoast SEO plugin. -->","yoast_head_json":{"title":"Quando a renda garante dignidade! O BPC na redu\u00e7\u00e3o da pobreza - Estado de Minas - Em foco","description":"Quem mais precisa conta com o BPC para ter dignidade com renda b\u00e1sica garantida e apoio fundamental em tempos dif\u00edceis.","robots":{"index":"index","follow":"follow","max-snippet":"max-snippet:-1","max-image-preview":"max-image-preview:large","max-video-preview":"max-video-preview:-1"},"canonical":"https:\/\/www.em.com.br\/emfoco\/2025\/07\/15\/quando-a-renda-garante-dignidade-o-bpc-na-reducao-da-pobreza\/","og_locale":"pt_BR","og_type":"article","og_title":"Quando a renda garante dignidade! O BPC na redu\u00e7\u00e3o da pobreza - Estado de Minas - Em foco","og_description":"Quem mais precisa conta com o BPC para ter dignidade com renda b\u00e1sica garantida e apoio fundamental em tempos dif\u00edceis.","og_url":"https:\/\/www.em.com.br\/emfoco\/2025\/07\/15\/quando-a-renda-garante-dignidade-o-bpc-na-reducao-da-pobreza\/","og_site_name":"Estado de Minas - Em foco","article_published_time":"2025-07-15T23:38:00+00:00","article_modified_time":"2025-07-15T02:10:20+00:00","og_image":[{"width":1280,"height":720,"url":"https:\/\/www.em.com.br\/emfoco\/wp-content\/uploads\/2025\/06\/dinheiro-reais_1748976565269.jpg","type":"image\/jpeg"}],"author":"Ingrid Diniz","twitter_card":"summary_large_image","twitter_misc":{"Escrito por":"Ingrid Diniz","Est. tempo de leitura":"6 minutos"},"schema":{"@context":"https:\/\/schema.org","@graph":[{"@type":"WebPage","@id":"https:\/\/www.em.com.br\/emfoco\/2025\/07\/15\/quando-a-renda-garante-dignidade-o-bpc-na-reducao-da-pobreza\/","url":"https:\/\/www.em.com.br\/emfoco\/2025\/07\/15\/quando-a-renda-garante-dignidade-o-bpc-na-reducao-da-pobreza\/","name":"Quando a renda garante dignidade! O BPC na redu\u00e7\u00e3o da pobreza - Estado de Minas - Em foco","isPartOf":{"@id":"https:\/\/www.em.com.br\/emfoco\/#website"},"primaryImageOfPage":{"@id":"https:\/\/www.em.com.br\/emfoco\/2025\/07\/15\/quando-a-renda-garante-dignidade-o-bpc-na-reducao-da-pobreza\/#primaryimage"},"image":{"@id":"https:\/\/www.em.com.br\/emfoco\/2025\/07\/15\/quando-a-renda-garante-dignidade-o-bpc-na-reducao-da-pobreza\/#primaryimage"},"thumbnailUrl":"https:\/\/www.em.com.br\/emfoco\/wp-content\/uploads\/2025\/06\/dinheiro-reais_1748976565269.jpg","datePublished":"2025-07-15T23:38:00+00:00","dateModified":"2025-07-15T02:10:20+00:00","author":{"@id":"https:\/\/www.em.com.br\/emfoco\/#\/schema\/person\/649e610b4eb8fff87ff394e54fe17b2b"},"description":"Quem mais precisa conta com o BPC para ter dignidade com renda b\u00e1sica garantida e apoio fundamental em tempos dif\u00edceis.","breadcrumb":{"@id":"https:\/\/www.em.com.br\/emfoco\/2025\/07\/15\/quando-a-renda-garante-dignidade-o-bpc-na-reducao-da-pobreza\/#breadcrumb"},"inLanguage":"pt-BR","potentialAction":[{"@type":"ReadAction","target":["https:\/\/www.em.com.br\/emfoco\/2025\/07\/15\/quando-a-renda-garante-dignidade-o-bpc-na-reducao-da-pobreza\/"]}]},{"@type":"ImageObject","inLanguage":"pt-BR","@id":"https:\/\/www.em.com.br\/emfoco\/2025\/07\/15\/quando-a-renda-garante-dignidade-o-bpc-na-reducao-da-pobreza\/#primaryimage","url":"https:\/\/www.em.com.br\/emfoco\/wp-content\/uploads\/2025\/06\/dinheiro-reais_1748976565269.jpg","contentUrl":"https:\/\/www.em.com.br\/emfoco\/wp-content\/uploads\/2025\/06\/dinheiro-reais_1748976565269.jpg","width":1280,"height":720,"caption":"Aumento do INSS para idosos - Cr\u00e9ditos: depositphotos.com \/ verganifotografia"},{"@type":"BreadcrumbList","@id":"https:\/\/www.em.com.br\/emfoco\/2025\/07\/15\/quando-a-renda-garante-dignidade-o-bpc-na-reducao-da-pobreza\/#breadcrumb","itemListElement":[{"@type":"ListItem","position":1,"name":"In\u00edcio","item":"https:\/\/www.em.com.br\/emfoco\/"},{"@type":"ListItem","position":2,"name":"Quando a renda garante dignidade! O BPC na redu\u00e7\u00e3o da pobreza"}]},{"@type":"WebSite","@id":"https:\/\/www.em.com.br\/emfoco\/#website","url":"https:\/\/www.em.com.br\/emfoco\/","name":"Estado de Minas - Em foco","description":"Acompanhe as \u00faltimas not\u00edcias e fique bem informado sobre tudo o que acontece em Minas Gerais, Brasil e no mundo.","potentialAction":[{"@type":"SearchAction","target":{"@type":"EntryPoint","urlTemplate":"https:\/\/www.em.com.br\/emfoco\/?s={search_term_string}"},"query-input":{"@type":"PropertyValueSpecification","valueRequired":true,"valueName":"search_term_string"}}],"inLanguage":"pt-BR"},{"@type":"Person","@id":"https:\/\/www.em.com.br\/emfoco\/#\/schema\/person\/649e610b4eb8fff87ff394e54fe17b2b","name":"Ingrid Diniz","image":{"@type":"ImageObject","inLanguage":"pt-BR","@id":"https:\/\/www.em.com.br\/emfoco\/#\/schema\/person\/image\/","url":"https:\/\/secure.gravatar.com\/avatar\/a3baa1449ec5c39b4c42babc9d4f3951?s=96&d=mm&r=g","contentUrl":"https:\/\/secure.gravatar.com\/avatar\/a3baa1449ec5c39b4c42babc9d4f3951?s=96&d=mm&r=g","caption":"Ingrid Diniz"},"sameAs":["https:\/\/www.em.com.br\/"],"url":"https:\/\/www.em.com.br\/emfoco\/author\/ingridmyth\/"}]}},"_links":{"self":[{"href":"https:\/\/www.em.com.br\/emfoco\/wp-json\/wp\/v2\/posts\/75991","targetHints":{"allow":["GET"]}}],"collection":[{"href":"https:\/\/www.em.com.br\/emfoco\/wp-json\/wp\/v2\/posts"}],"about":[{"href":"https:\/\/www.em.com.br\/emfoco\/wp-json\/wp\/v2\/types\/post"}],"author":[{"embeddable":true,"href":"https:\/\/www.em.com.br\/emfoco\/wp-json\/wp\/v2\/users\/20"}],"replies":[{"embeddable":true,"href":"https:\/\/www.em.com.br\/emfoco\/wp-json\/wp\/v2\/comments?post=75991"}],"version-history":[{"count":1,"href":"https:\/\/www.em.com.br\/emfoco\/wp-json\/wp\/v2\/posts\/75991\/revisions"}],"predecessor-version":[{"id":76017,"href":"https:\/\/www.em.com.br\/emfoco\/wp-json\/wp\/v2\/posts\/75991\/revisions\/76017"}],"wp:featuredmedia":[{"embeddable":true,"href":"https:\/\/www.em.com.br\/emfoco\/wp-json\/wp\/v2\/media\/55004"}],"wp:attachment":[{"href":"https:\/\/www.em.com.br\/emfoco\/wp-json\/wp\/v2\/media?parent=75991"}],"wp:term":[{"taxonomy":"category","embeddable":true,"href":"https:\/\/www.em.com.br\/emfoco\/wp-json\/wp\/v2\/categories?post=75991"},{"taxonomy":"post_tag","embeddable":true,"href":"https:\/\/www.em.com.br\/emfoco\/wp-json\/wp\/v2\/tags?post=75991"}],"curies":[{"name":"wp","href":"https:\/\/api.w.org\/{rel}","templated":true}]}}