{"id":75939,"date":"2025-07-16T09:48:00","date_gmt":"2025-07-16T12:48:00","guid":{"rendered":"https:\/\/www.em.com.br\/emfoco\/?p=75939"},"modified":"2025-07-15T10:05:45","modified_gmt":"2025-07-15T13:05:45","slug":"se-voce-passou-dos-50-esses-exercicios-podem-mudar-sua-vida","status":"publish","type":"post","link":"https:\/\/www.em.com.br\/emfoco\/2025\/07\/16\/se-voce-passou-dos-50-esses-exercicios-podem-mudar-sua-vida\/","title":{"rendered":"Se voc\u00ea passou dos 50, esses exerc\u00edcios podem mudar sua vida"},"content":{"rendered":"\n<p>Manter a sa\u00fade e o <a href=\"https:\/\/dranatachamachado.com.br\/vida-apos-os-50-e-possivel-ser-feliz-na-menopausa\/\" target=\"_blank\" rel=\"noreferrer noopener\">bem-estar ap\u00f3s os 50 anos<\/a> \u00e9 crucial, especialmente quando se trata de controlar a gordura abdominal. \u00c0 medida que o corpo envelhece, o metabolismo tende a desacelerar, tornando a manuten\u00e7\u00e3o de um peso saud\u00e1vel mais desafiadora. No entanto, incorporar exerc\u00edcios simples na rotina di\u00e1ria pode ajudar significativamente na redu\u00e7\u00e3o da gordura da cintura.<\/p>\n\n\n\n<ul class=\"wp-block-list\">\n<li>Import\u00e2ncia do exerc\u00edcio regular para o bem-estar ap\u00f3s os 50 anos.<\/li>\n\n\n\n<li>Exerc\u00edcios eficazes que podem ser feitos em casa.<\/li>\n\n\n\n<li>Dicas para integrar atividade f\u00edsica na rotina di\u00e1ria.<\/li>\n<\/ul>\n\n\n\n<h2 class=\"wp-block-heading\">Por que o exerc\u00edcio \u00e9 importante ap\u00f3s os 50 anos?<\/h2>\n\n\n\n<p>Para aqueles que ultrapassaram a barreira dos 50, a atividade f\u00edsica n\u00e3o \u00e9 apenas ben\u00e9fica; \u00e9 essencial. Al\u00e9m de ajudar a reduzir a gordura da cintura, os exerc\u00edcios melhoram a sa\u00fade cardiovascular, fortalecem os m\u00fasculos e aumentam a flexibilidade. Um ponto de aten\u00e7\u00e3o \u00e9 que, ap\u00f3s essa idade, o risco de doen\u00e7as cr\u00f4nicas aumenta, e a atividade f\u00edsica regular pode mitig\u00e1-lo significativamente.<\/p>\n\n\n\n<p>Al\u00e9m disso, a pr\u00e1tica de exerc\u00edcios regularmente auxilia na manuten\u00e7\u00e3o da densidade \u00f3ssea, um fator importante para prevenir condi\u00e7\u00f5es como a osteoporose. Com o passar dos anos, o tecido muscular tende a se deteriorar, mas os exerc\u00edcios s\u00e3o fundamentais para manter sua integridade e funcionalidade. Segundo a&nbsp;<strong>Organiza\u00e7\u00e3o Mundial da Sa\u00fade<\/strong>, a recomenda\u00e7\u00e3o \u00e9 de pelo menos 150 minutos de atividade f\u00edsica moderada por semana para adultos acima dos 50 anos, demonstrando a import\u00e2ncia global dessa pr\u00e1tica.<\/p>\n\n\n\n<figure class=\"wp-block-image size-large\"><img loading=\"lazy\" decoding=\"async\" width=\"1024\" height=\"576\" src=\"https:\/\/www.em.com.br\/emfoco\/wp-content\/uploads\/2025\/07\/idoso-malhando_1752587508930-1024x576.jpg\" alt=\"\" class=\"wp-image-76121\" srcset=\"https:\/\/www.em.com.br\/emfoco\/wp-content\/uploads\/2025\/07\/idoso-malhando_1752587508930-1024x576.jpg 1024w, https:\/\/www.em.com.br\/emfoco\/wp-content\/uploads\/2025\/07\/idoso-malhando_1752587508930-300x169.jpg 300w, https:\/\/www.em.com.br\/emfoco\/wp-content\/uploads\/2025\/07\/idoso-malhando_1752587508930-768x432.jpg 768w, https:\/\/www.em.com.br\/emfoco\/wp-content\/uploads\/2025\/07\/idoso-malhando_1752587508930-750x422.jpg 750w, https:\/\/www.em.com.br\/emfoco\/wp-content\/uploads\/2025\/07\/idoso-malhando_1752587508930-1140x641.jpg 1140w, https:\/\/www.em.com.br\/emfoco\/wp-content\/uploads\/2025\/07\/idoso-malhando_1752587508930.jpg 1280w\" sizes=\"auto, (max-width: 1024px) 100vw, 1024px\" \/><figcaption class=\"wp-element-caption\">idosos malhando &#8211; Cr\u00e9ditos: depositphotos.com \/ AndrewLozovyi<\/figcaption><\/figure>\n\n\n\n<h2 class=\"wp-block-heading\">Quais s\u00e3o os exerc\u00edcios mais eficazes para reduzir a gordura da cintura?<\/h2>\n\n\n\n<p>Incorporar um conjunto de exerc\u00edcios estrat\u00e9gicos \u00e9 crucial para quem busca reduzir a gordura abdominal. Aqui est\u00e3o cinco exerc\u00edcios simples e eficazes:<\/p>\n\n\n\n<ol class=\"wp-block-list\">\n<li><strong>Caminhada r\u00e1pida<\/strong>: Uma forma de exerc\u00edcio cardiovascular leve, a caminhada r\u00e1pida \u00e9 acess\u00edvel para todos os n\u00edveis de aptid\u00e3o e \u00e9 especialmente eficaz para queimar calorias. Estudos apontam que cidades como&nbsp;<strong>Curitiba<\/strong>&nbsp;e&nbsp;<strong>S\u00e3o Paulo<\/strong>&nbsp;v\u00eam investindo em \u00e1reas de lazer que favorecem a pr\u00e1tica desse tipo de atividade.<\/li>\n\n\n\n<li><strong>Prancha<\/strong>: Este exerc\u00edcio fortalece o core, ajudando n\u00e3o apenas na defini\u00e7\u00e3o abdominal, mas tamb\u00e9m na postura.<\/li>\n\n\n\n<li><strong>Agachamentos<\/strong>: Essenciais para o fortalecimento dos membros inferiores, os agachamentos tamb\u00e9m ativam os m\u00fasculos abdominais.<\/li>\n\n\n\n<li><strong>Flex\u00f5es<\/strong>: Al\u00e9m de tonificar a parte superior do corpo, as flex\u00f5es aumentam a resist\u00eancia do core. Pessoas que utilizam aplicativos como o&nbsp;<strong>Samsung Health<\/strong>&nbsp;ou o&nbsp;<strong>Apple Watch<\/strong>&nbsp;conseguem monitorar o progresso dessas atividades diariamente.<\/li>\n\n\n\n<li><strong>Yoga<\/strong>: Facilmente adapt\u00e1vel a todos os n\u00edveis, o yoga auxilia na flexibilidade e no fortalecimento do core. Plataformas como o&nbsp;<strong>YouTube<\/strong>&nbsp;oferecem diversos tutoriais gratuitos para praticar em casa, com instrutores de diferentes partes do mundo.<\/li>\n<\/ol>\n\n\n\n<h2 class=\"wp-block-heading\">Como incluir exerc\u00edcios na rotina di\u00e1ria?<\/h2>\n\n\n\n<p>Para garantir que a atividade f\u00edsica se torne uma parte consistente da rotina, \u00e9 importante encontrar momentos no dia-a-dia onde ela possa ser encaixada. Uma dica \u00e9 come\u00e7ar o dia com uma caminhada matinal ou um breve conjunto de alongamentos. Substituir parte das atividades sedent\u00e1rias por exerc\u00edcios, como assistir \u00e0 televis\u00e3o enquanto faz movimentos leves, tamb\u00e9m \u00e9 eficaz.<\/p>\n\n\n\n<p>Al\u00e9m disso, participar de grupos de atividades f\u00edsicas pode tornar o exerc\u00edcio mais agrad\u00e1vel e motivador. Manter um cronograma consistente \u00e9 crucial para que os novos h\u00e1bitos se firmem e produzam resultados. Cidades como&nbsp;<strong>Belo Horizonte<\/strong>&nbsp;e&nbsp;<strong>Recife<\/strong>, por exemplo, oferecem grupos comunit\u00e1rios e espa\u00e7os p\u00fablicos dedicados \u00e0 pr\u00e1tica de exerc\u00edcios para a terceira idade.<\/p>\n\n\n\n<p>Leia tamb\u00e9m: <a href=\"https:\/\/www.em.com.br\/emfoco\/2025\/07\/15\/o-melhor-exercicio-para-queimar-gordura-e-deixar-seu-abdomen-fortalecido-e-torneado\/\" target=\"_blank\" rel=\"noreferrer noopener\">O melhor exerc\u00edcio para queimar gordura e deixar seu abd\u00f4men fortalecido e torneado<\/a><\/p>\n\n\n\n<h2 class=\"wp-block-heading\">Como manter o bem-estar com exerc\u00edcios e h\u00e1bitos saud\u00e1veis?<\/h2>\n\n\n\n<ul class=\"wp-block-list\">\n<li>Incorporar atividade f\u00edsica simples na rotina pode trazer grandes benef\u00edcios \u00e0 sa\u00fade.<\/li>\n\n\n\n<li>Consist\u00eancia \u00e9 a chave para alcan\u00e7ar resultados desej\u00e1veis a longo prazo.<\/li>\n\n\n\n<li>Al\u00e9m dos exerc\u00edcios, a dieta equilibrada e a hidrata\u00e7\u00e3o s\u00e3o elementos cruciais para manter a sa\u00fade.<\/li>\n<\/ul>\n\n\n\n<p>Mantendo uma abordagem equilibrada, combinando atividade f\u00edsica regular, uma dieta saud\u00e1vel e hidrata\u00e7\u00e3o adequada, \u00e9 poss\u00edvel desfrutar de uma vida ativa, saud\u00e1vel e satisfat\u00f3ria ap\u00f3s os 50 anos. Implementar esses h\u00e1bitos n\u00e3o s\u00f3 ajuda a reduzir a gordura da cintura, mas tamb\u00e9m enriquece a qualidade de vida. A ades\u00e3o a programas orientados por profissionais, como os oferecidos pelo&nbsp;<strong>SUS<\/strong>&nbsp;em v\u00e1rias regi\u00f5es do&nbsp;<strong>Brasil<\/strong>, pode ser uma excelente maneira de garantir acompanhamento e motiva\u00e7\u00e3o cont\u00ednua.<\/p>\n","protected":false},"excerpt":{"rendered":"<p>Manter a sa\u00fade e o bem-estar ap\u00f3s os 50 anos \u00e9 crucial, especialmente quando se trata de controlar a gordura abdominal. \u00c0 medida que o corpo envelhece, o metabolismo tende a desacelerar, tornando a manuten\u00e7\u00e3o de um peso saud\u00e1vel mais desafiadora. No entanto, incorporar exerc\u00edcios simples na rotina di\u00e1ria pode ajudar significativamente na redu\u00e7\u00e3o da [&hellip;]<\/p>\n","protected":false},"author":11,"featured_media":76122,"comment_status":"open","ping_status":"open","sticky":false,"template":"","format":"standard","meta":{"jnews-multi-image_gallery":[],"jnews_single_post":{"format":"standard"},"jnews_primary_category":[],"jnews_social_meta":[],"jnews_override_counter":[],"footnotes":""},"categories":[8819,1],"tags":[5207,260,4961,415],"class_list":["post-75939","post","type-post","status-publish","format-standard","has-post-thumbnail","hentry","category-curiosidades","category-noticias","tag-exercicio","tag-idosos","tag-metabolismo","tag-saude"],"yoast_head":"<!-- This site is optimized with the Yoast SEO plugin v23.8 - https:\/\/yoast.com\/wordpress\/plugins\/seo\/ -->\n<title>Se voc\u00ea passou dos 50, esses exerc\u00edcios podem mudar sua vida - Estado de Minas - Em foco<\/title>\n<meta name=\"description\" content=\"Passou dos 50 e quer perder barriga? Estes exerc\u00edcios simples e eficazes podem transformar sua sa\u00fade e bem-estar de forma surpreendente.\" \/>\n<meta name=\"robots\" content=\"index, follow, max-snippet:-1, max-image-preview:large, max-video-preview:-1\" \/>\n<link rel=\"canonical\" href=\"https:\/\/www.em.com.br\/emfoco\/2025\/07\/16\/se-voce-passou-dos-50-esses-exercicios-podem-mudar-sua-vida\/\" \/>\n<meta property=\"og:locale\" content=\"pt_BR\" \/>\n<meta property=\"og:type\" content=\"article\" \/>\n<meta property=\"og:title\" content=\"Se voc\u00ea passou dos 50, esses exerc\u00edcios podem mudar sua vida - Estado de Minas - Em foco\" \/>\n<meta property=\"og:description\" content=\"Passou dos 50 e quer perder barriga? Estes exerc\u00edcios simples e eficazes podem transformar sua sa\u00fade e bem-estar de forma surpreendente.\" \/>\n<meta property=\"og:url\" content=\"https:\/\/www.em.com.br\/emfoco\/2025\/07\/16\/se-voce-passou-dos-50-esses-exercicios-podem-mudar-sua-vida\/\" \/>\n<meta property=\"og:site_name\" content=\"Estado de Minas - Em foco\" \/>\n<meta property=\"article:published_time\" content=\"2025-07-16T12:48:00+00:00\" \/>\n<meta property=\"article:modified_time\" content=\"2025-07-15T13:05:45+00:00\" \/>\n<meta property=\"og:image\" content=\"https:\/\/www.em.com.br\/emfoco\/wp-content\/uploads\/2025\/07\/idoso-malhando_1752587560341.jpg\" \/>\n\t<meta property=\"og:image:width\" content=\"1280\" \/>\n\t<meta property=\"og:image:height\" content=\"720\" \/>\n\t<meta property=\"og:image:type\" content=\"image\/jpeg\" \/>\n<meta name=\"author\" content=\"Andre\u0301 Rangel\u00a0\" \/>\n<meta name=\"twitter:card\" content=\"summary_large_image\" \/>\n<meta name=\"twitter:label1\" content=\"Escrito por\" \/>\n\t<meta name=\"twitter:data1\" content=\"Andre\u0301 Rangel\u00a0\" \/>\n\t<meta name=\"twitter:label2\" content=\"Est. tempo de leitura\" \/>\n\t<meta name=\"twitter:data2\" content=\"5 minutos\" \/>\n<!-- \/ Yoast SEO plugin. -->","yoast_head_json":{"title":"Se voc\u00ea passou dos 50, esses exerc\u00edcios podem mudar sua vida - Estado de Minas - Em foco","description":"Passou dos 50 e quer perder barriga? Estes exerc\u00edcios simples e eficazes podem transformar sua sa\u00fade e bem-estar de forma surpreendente.","robots":{"index":"index","follow":"follow","max-snippet":"max-snippet:-1","max-image-preview":"max-image-preview:large","max-video-preview":"max-video-preview:-1"},"canonical":"https:\/\/www.em.com.br\/emfoco\/2025\/07\/16\/se-voce-passou-dos-50-esses-exercicios-podem-mudar-sua-vida\/","og_locale":"pt_BR","og_type":"article","og_title":"Se voc\u00ea passou dos 50, esses exerc\u00edcios podem mudar sua vida - Estado de Minas - Em foco","og_description":"Passou dos 50 e quer perder barriga? Estes exerc\u00edcios simples e eficazes podem transformar sua sa\u00fade e bem-estar de forma surpreendente.","og_url":"https:\/\/www.em.com.br\/emfoco\/2025\/07\/16\/se-voce-passou-dos-50-esses-exercicios-podem-mudar-sua-vida\/","og_site_name":"Estado de Minas - Em foco","article_published_time":"2025-07-16T12:48:00+00:00","article_modified_time":"2025-07-15T13:05:45+00:00","og_image":[{"width":1280,"height":720,"url":"https:\/\/www.em.com.br\/emfoco\/wp-content\/uploads\/2025\/07\/idoso-malhando_1752587560341.jpg","type":"image\/jpeg"}],"author":"Andre\u0301 Rangel\u00a0","twitter_card":"summary_large_image","twitter_misc":{"Escrito por":"Andre\u0301 Rangel\u00a0","Est. tempo de leitura":"5 minutos"},"schema":{"@context":"https:\/\/schema.org","@graph":[{"@type":"WebPage","@id":"https:\/\/www.em.com.br\/emfoco\/2025\/07\/16\/se-voce-passou-dos-50-esses-exercicios-podem-mudar-sua-vida\/","url":"https:\/\/www.em.com.br\/emfoco\/2025\/07\/16\/se-voce-passou-dos-50-esses-exercicios-podem-mudar-sua-vida\/","name":"Se voc\u00ea passou dos 50, esses exerc\u00edcios podem mudar sua vida - Estado de Minas - Em foco","isPartOf":{"@id":"https:\/\/www.em.com.br\/emfoco\/#website"},"primaryImageOfPage":{"@id":"https:\/\/www.em.com.br\/emfoco\/2025\/07\/16\/se-voce-passou-dos-50-esses-exercicios-podem-mudar-sua-vida\/#primaryimage"},"image":{"@id":"https:\/\/www.em.com.br\/emfoco\/2025\/07\/16\/se-voce-passou-dos-50-esses-exercicios-podem-mudar-sua-vida\/#primaryimage"},"thumbnailUrl":"https:\/\/www.em.com.br\/emfoco\/wp-content\/uploads\/2025\/07\/idoso-malhando_1752587560341.jpg","datePublished":"2025-07-16T12:48:00+00:00","dateModified":"2025-07-15T13:05:45+00:00","author":{"@id":"https:\/\/www.em.com.br\/emfoco\/#\/schema\/person\/60eda09c1fedf0d6891f4cef4b60b8b8"},"description":"Passou dos 50 e quer perder barriga? Estes exerc\u00edcios simples e eficazes podem transformar sua sa\u00fade e bem-estar de forma surpreendente.","breadcrumb":{"@id":"https:\/\/www.em.com.br\/emfoco\/2025\/07\/16\/se-voce-passou-dos-50-esses-exercicios-podem-mudar-sua-vida\/#breadcrumb"},"inLanguage":"pt-BR","potentialAction":[{"@type":"ReadAction","target":["https:\/\/www.em.com.br\/emfoco\/2025\/07\/16\/se-voce-passou-dos-50-esses-exercicios-podem-mudar-sua-vida\/"]}]},{"@type":"ImageObject","inLanguage":"pt-BR","@id":"https:\/\/www.em.com.br\/emfoco\/2025\/07\/16\/se-voce-passou-dos-50-esses-exercicios-podem-mudar-sua-vida\/#primaryimage","url":"https:\/\/www.em.com.br\/emfoco\/wp-content\/uploads\/2025\/07\/idoso-malhando_1752587560341.jpg","contentUrl":"https:\/\/www.em.com.br\/emfoco\/wp-content\/uploads\/2025\/07\/idoso-malhando_1752587560341.jpg","width":1280,"height":720,"caption":"Idosos mais ativos com atividade f\u00edsica - Cr\u00e9ditos: depositphotos.com \/ AndrewLozovyi"},{"@type":"BreadcrumbList","@id":"https:\/\/www.em.com.br\/emfoco\/2025\/07\/16\/se-voce-passou-dos-50-esses-exercicios-podem-mudar-sua-vida\/#breadcrumb","itemListElement":[{"@type":"ListItem","position":1,"name":"In\u00edcio","item":"https:\/\/www.em.com.br\/emfoco\/"},{"@type":"ListItem","position":2,"name":"Se voc\u00ea passou dos 50, esses exerc\u00edcios podem mudar sua vida"}]},{"@type":"WebSite","@id":"https:\/\/www.em.com.br\/emfoco\/#website","url":"https:\/\/www.em.com.br\/emfoco\/","name":"Estado de Minas - Em foco","description":"Acompanhe as \u00faltimas not\u00edcias e fique bem informado sobre tudo o que acontece em Minas Gerais, Brasil e no mundo.","potentialAction":[{"@type":"SearchAction","target":{"@type":"EntryPoint","urlTemplate":"https:\/\/www.em.com.br\/emfoco\/?s={search_term_string}"},"query-input":{"@type":"PropertyValueSpecification","valueRequired":true,"valueName":"search_term_string"}}],"inLanguage":"pt-BR"},{"@type":"Person","@id":"https:\/\/www.em.com.br\/emfoco\/#\/schema\/person\/60eda09c1fedf0d6891f4cef4b60b8b8","name":"Andre\u0301 Rangel\u00a0","image":{"@type":"ImageObject","inLanguage":"pt-BR","@id":"https:\/\/www.em.com.br\/emfoco\/#\/schema\/person\/image\/","url":"https:\/\/secure.gravatar.com\/avatar\/6234dc814c77c8ef6d8bba622c787efc?s=96&d=mm&r=g","contentUrl":"https:\/\/secure.gravatar.com\/avatar\/6234dc814c77c8ef6d8bba622c787efc?s=96&d=mm&r=g","caption":"Andre\u0301 Rangel\u00a0"},"url":"https:\/\/www.em.com.br\/emfoco\/author\/luizmyth\/"}]}},"_links":{"self":[{"href":"https:\/\/www.em.com.br\/emfoco\/wp-json\/wp\/v2\/posts\/75939","targetHints":{"allow":["GET"]}}],"collection":[{"href":"https:\/\/www.em.com.br\/emfoco\/wp-json\/wp\/v2\/posts"}],"about":[{"href":"https:\/\/www.em.com.br\/emfoco\/wp-json\/wp\/v2\/types\/post"}],"author":[{"embeddable":true,"href":"https:\/\/www.em.com.br\/emfoco\/wp-json\/wp\/v2\/users\/11"}],"replies":[{"embeddable":true,"href":"https:\/\/www.em.com.br\/emfoco\/wp-json\/wp\/v2\/comments?post=75939"}],"version-history":[{"count":3,"href":"https:\/\/www.em.com.br\/emfoco\/wp-json\/wp\/v2\/posts\/75939\/revisions"}],"predecessor-version":[{"id":76124,"href":"https:\/\/www.em.com.br\/emfoco\/wp-json\/wp\/v2\/posts\/75939\/revisions\/76124"}],"wp:featuredmedia":[{"embeddable":true,"href":"https:\/\/www.em.com.br\/emfoco\/wp-json\/wp\/v2\/media\/76122"}],"wp:attachment":[{"href":"https:\/\/www.em.com.br\/emfoco\/wp-json\/wp\/v2\/media?parent=75939"}],"wp:term":[{"taxonomy":"category","embeddable":true,"href":"https:\/\/www.em.com.br\/emfoco\/wp-json\/wp\/v2\/categories?post=75939"},{"taxonomy":"post_tag","embeddable":true,"href":"https:\/\/www.em.com.br\/emfoco\/wp-json\/wp\/v2\/tags?post=75939"}],"curies":[{"name":"wp","href":"https:\/\/api.w.org\/{rel}","templated":true}]}}