{"id":75744,"date":"2025-07-15T07:50:00","date_gmt":"2025-07-15T10:50:00","guid":{"rendered":"https:\/\/www.em.com.br\/emfoco\/?p=75744"},"modified":"2025-07-15T00:29:40","modified_gmt":"2025-07-15T03:29:40","slug":"de-uma-vez-por-todas-creatina-e-a-queda-de-cabelo-a-ciencia-ja-provou-o-que-acontece","status":"publish","type":"post","link":"https:\/\/www.em.com.br\/emfoco\/2025\/07\/15\/de-uma-vez-por-todas-creatina-e-a-queda-de-cabelo-a-ciencia-ja-provou-o-que-acontece\/","title":{"rendered":"De uma vez por todas: \u201cCreatina e a queda de cabelo, a ci\u00eancia j\u00e1 provou o que acontece\u201d"},"content":{"rendered":"\n<p>A creatina \u00e9 um dos suplementos mais utilizados no mundo por quem busca aumento de for\u00e7a e desempenho f\u00edsico. Mas uma d\u00favida persiste entre muitos usu\u00e1rios: ser\u00e1 que a creatina causa queda de cabelo? Segundo o Dr. Fernando Lemos (CRM-RS 26351 | RQE 18202), coloproctologista e refer\u00eancia em sa\u00fade intestinal, essa rela\u00e7\u00e3o n\u00e3o encontra respaldo na ci\u00eancia atual.<\/p>\n\n\n\n<p>Com quase 2 milh\u00f5es de seguidores no Instagram (@dr.fernando_lemos), o especialista explica que a confus\u00e3o teve in\u00edcio com um estudo isolado publicado em 2009, envolvendo jogadores de rugby, que identificou um poss\u00edvel aumento nos n\u00edveis de DHT \u2014 horm\u00f4nio ligado \u00e0 calv\u00edcie androgen\u00e9tica. No entanto, diversos estudos mais recentes n\u00e3o conseguiram reproduzir essa conclus\u00e3o, inclusive uma publica\u00e7\u00e3o de 2025 amplamente divulgada na PubMed.<\/p>\n\n\n\n<h2 class=\"wp-block-heading\">De onde surgiu o mito entre creatina e calv\u00edcie?<\/h2>\n\n\n\n<p>A origem dessa cren\u00e7a est\u00e1 num estudo de 2009 que acompanhou atletas jovens e observou um discreto aumento na di-hidrotestosterona (DHT), horm\u00f4nio relacionado \u00e0 queda de cabelo em homens geneticamente predispostos \u00e0 alopecia androgen\u00e9tica. Esse dado isolado foi amplamente divulgado e acabou gerando medo infundado sobre o uso da creatina.<\/p>\n\n\n\n<p>No entanto, esse estudo apresentava limita\u00e7\u00f5es metodol\u00f3gicas importantes, como n\u00famero reduzido de participantes, falta de avalia\u00e7\u00e3o dos fol\u00edculos capilares e aus\u00eancia de controle com longo prazo. Por isso, ele nunca foi considerado conclusivo nem replicado por pesquisas posteriores de maior robustez.<\/p>\n\n\n\n<h2 class=\"wp-block-heading\">O que diz a ci\u00eancia atual sobre creatina e queda de cabelo?<\/h2>\n\n\n\n<p>Estudos recentes com an\u00e1lise hormonal e exames de densidade capilar demonstraram que n\u00e3o h\u00e1 aumento significativo de DHT com o uso da creatina. Uma pesquisa publicada em 2025 acompanhou volunt\u00e1rios antes e depois da suplementa\u00e7\u00e3o, medindo testosterona total, testosterona livre, DHT e densidade folicular no couro cabeludo.<\/p>\n\n\n<div class=\"wp-block-image\">\n<figure class=\"aligncenter size-large\"><img loading=\"lazy\" decoding=\"async\" width=\"1024\" height=\"576\" src=\"https:\/\/www.em.com.br\/emfoco\/wp-content\/uploads\/2025\/06\/creatina_1750310265145-1024x576.jpg\" alt=\"\" class=\"wp-image-63814\" srcset=\"https:\/\/www.em.com.br\/emfoco\/wp-content\/uploads\/2025\/06\/creatina_1750310265145-1024x576.jpg 1024w, https:\/\/www.em.com.br\/emfoco\/wp-content\/uploads\/2025\/06\/creatina_1750310265145-300x169.jpg 300w, https:\/\/www.em.com.br\/emfoco\/wp-content\/uploads\/2025\/06\/creatina_1750310265145-768x432.jpg 768w, https:\/\/www.em.com.br\/emfoco\/wp-content\/uploads\/2025\/06\/creatina_1750310265145-750x422.jpg 750w, https:\/\/www.em.com.br\/emfoco\/wp-content\/uploads\/2025\/06\/creatina_1750310265145-1140x641.jpg 1140w, https:\/\/www.em.com.br\/emfoco\/wp-content\/uploads\/2025\/06\/creatina_1750310265145.jpg 1280w\" sizes=\"auto, (max-width: 1024px) 100vw, 1024px\" \/><figcaption class=\"wp-element-caption\">Atleta servindo por\u00e7ao de cratina &#8211; Cr\u00e9ditos: depositphotos.com \/ EdgarBJ<\/figcaption><\/figure><\/div>\n\n\n<p>Os resultados mostraram que n\u00e3o houve queda de cabelo nem altera\u00e7\u00f5es relevantes nos fol\u00edculos. Pelo contr\u00e1rio, alguns dados sugerem que a creatina pode melhorar a sa\u00fade dos cabelos, por favorecer o metabolismo energ\u00e9tico das c\u00e9lulas \u2014 inclusive as do fol\u00edculo piloso.<\/p>\n\n\n\n<h2 class=\"wp-block-heading\">A creatina pode causar queda de cabelo em quem j\u00e1 tem predisposi\u00e7\u00e3o gen\u00e9tica?<\/h2>\n\n\n\n<p>Segundo Dr. Fernando Lemos, n\u00e3o h\u00e1 comprova\u00e7\u00e3o cient\u00edfica de que a creatina agrave quadros de alopecia androgen\u00e9tica. Mesmo em indiv\u00edduos predispostos, os estudos n\u00e3o identificaram impacto significativo no aumento de DHT ou na redu\u00e7\u00e3o de densidade capilar ap\u00f3s o uso do suplemento.<\/p>\n\n\n\n<blockquote class=\"instagram-media\" data-instgrm-captioned data-instgrm-permalink=\"https:\/\/www.instagram.com\/reel\/DMBu3r2SmKj\/?utm_source=ig_embed&amp;utm_campaign=loading\" data-instgrm-version=\"14\" style=\" background:#FFF; border:0; border-radius:3px; box-shadow:0 0 1px 0 rgba(0,0,0,0.5),0 1px 10px 0 rgba(0,0,0,0.15); margin: 1px; max-width:540px; min-width:326px; padding:0; width:99.375%; width:-webkit-calc(100% - 2px); width:calc(100% - 2px);\"><div style=\"padding:16px;\"> <a href=\"https:\/\/www.instagram.com\/reel\/DMBu3r2SmKj\/?utm_source=ig_embed&amp;utm_campaign=loading\" style=\" background:#FFFFFF; line-height:0; padding:0 0; text-align:center; text-decoration:none; width:100%;\" target=\"_blank\"> <div style=\" display: flex; flex-direction: row; align-items: center;\"> <div style=\"background-color: #F4F4F4; border-radius: 50%; flex-grow: 0; height: 40px; margin-right: 14px; width: 40px;\"><\/div> <div style=\"display: flex; flex-direction: column; flex-grow: 1; justify-content: center;\"> <div style=\" background-color: #F4F4F4; border-radius: 4px; flex-grow: 0; height: 14px; margin-bottom: 6px; width: 100px;\"><\/div> <div style=\" background-color: #F4F4F4; border-radius: 4px; flex-grow: 0; height: 14px; width: 60px;\"><\/div><\/div><\/div><div style=\"padding: 19% 0;\"><\/div> <div style=\"display:block; height:50px; margin:0 auto 12px; width:50px;\"><svg width=\"50px\" height=\"50px\" viewBox=\"0 0 60 60\" version=\"1.1\" xmlns=\"https:\/\/www.w3.org\/2000\/svg\" xmlns:xlink=\"https:\/\/www.w3.org\/1999\/xlink\"><g stroke=\"none\" stroke-width=\"1\" fill=\"none\" fill-rule=\"evenodd\"><g transform=\"translate(-511.000000, -20.000000)\" fill=\"#000000\"><g><path d=\"M556.869,30.41 C554.814,30.41 553.148,32.076 553.148,34.131 C553.148,36.186 554.814,37.852 556.869,37.852 C558.924,37.852 560.59,36.186 560.59,34.131 C560.59,32.076 558.924,30.41 556.869,30.41 M541,60.657 C535.114,60.657 530.342,55.887 530.342,50 C530.342,44.114 535.114,39.342 541,39.342 C546.887,39.342 551.658,44.114 551.658,50 C551.658,55.887 546.887,60.657 541,60.657 M541,33.886 C532.1,33.886 524.886,41.1 524.886,50 C524.886,58.899 532.1,66.113 541,66.113 C549.9,66.113 557.115,58.899 557.115,50 C557.115,41.1 549.9,33.886 541,33.886 M565.378,62.101 C565.244,65.022 564.756,66.606 564.346,67.663 C563.803,69.06 563.154,70.057 562.106,71.106 C561.058,72.155 560.06,72.803 558.662,73.347 C557.607,73.757 556.021,74.244 553.102,74.378 C549.944,74.521 548.997,74.552 541,74.552 C533.003,74.552 532.056,74.521 528.898,74.378 C525.979,74.244 524.393,73.757 523.338,73.347 C521.94,72.803 520.942,72.155 519.894,71.106 C518.846,70.057 518.197,69.06 517.654,67.663 C517.244,66.606 516.755,65.022 516.623,62.101 C516.479,58.943 516.448,57.996 516.448,50 C516.448,42.003 516.479,41.056 516.623,37.899 C516.755,34.978 517.244,33.391 517.654,32.338 C518.197,30.938 518.846,29.942 519.894,28.894 C520.942,27.846 521.94,27.196 523.338,26.654 C524.393,26.244 525.979,25.756 528.898,25.623 C532.057,25.479 533.004,25.448 541,25.448 C548.997,25.448 549.943,25.479 553.102,25.623 C556.021,25.756 557.607,26.244 558.662,26.654 C560.06,27.196 561.058,27.846 562.106,28.894 C563.154,29.942 563.803,30.938 564.346,32.338 C564.756,33.391 565.244,34.978 565.378,37.899 C565.522,41.056 565.552,42.003 565.552,50 C565.552,57.996 565.522,58.943 565.378,62.101 M570.82,37.631 C570.674,34.438 570.167,32.258 569.425,30.349 C568.659,28.377 567.633,26.702 565.965,25.035 C564.297,23.368 562.623,22.342 560.652,21.575 C558.743,20.834 556.562,20.326 553.369,20.18 C550.169,20.033 549.148,20 541,20 C532.853,20 531.831,20.033 528.631,20.18 C525.438,20.326 523.257,20.834 521.349,21.575 C519.376,22.342 517.703,23.368 516.035,25.035 C514.368,26.702 513.342,28.377 512.574,30.349 C511.834,32.258 511.326,34.438 511.181,37.631 C511.035,40.831 511,41.851 511,50 C511,58.147 511.035,59.17 511.181,62.369 C511.326,65.562 511.834,67.743 512.574,69.651 C513.342,71.625 514.368,73.296 516.035,74.965 C517.703,76.634 519.376,77.658 521.349,78.425 C523.257,79.167 525.438,79.673 528.631,79.82 C531.831,79.965 532.853,80.001 541,80.001 C549.148,80.001 550.169,79.965 553.369,79.82 C556.562,79.673 558.743,79.167 560.652,78.425 C562.623,77.658 564.297,76.634 565.965,74.965 C567.633,73.296 568.659,71.625 569.425,69.651 C570.167,67.743 570.674,65.562 570.82,62.369 C570.966,59.17 571,58.147 571,50 C571,41.851 570.966,40.831 570.82,37.631\"><\/path><\/g><\/g><\/g><\/svg><\/div><div style=\"padding-top: 8px;\"> <div style=\" color:#3897f0; font-family:Arial,sans-serif; font-size:14px; font-style:normal; font-weight:550; line-height:18px;\">Ver essa foto no Instagram<\/div><\/div><div style=\"padding: 12.5% 0;\"><\/div> <div style=\"display: flex; flex-direction: row; margin-bottom: 14px; align-items: center;\"><div> <div style=\"background-color: #F4F4F4; border-radius: 50%; height: 12.5px; width: 12.5px; transform: translateX(0px) translateY(7px);\"><\/div> <div style=\"background-color: #F4F4F4; height: 12.5px; transform: rotate(-45deg) translateX(3px) translateY(1px); width: 12.5px; flex-grow: 0; margin-right: 14px; margin-left: 2px;\"><\/div> <div style=\"background-color: #F4F4F4; border-radius: 50%; height: 12.5px; width: 12.5px; transform: translateX(9px) translateY(-18px);\"><\/div><\/div><div style=\"margin-left: 8px;\"> <div style=\" background-color: #F4F4F4; border-radius: 50%; flex-grow: 0; height: 20px; width: 20px;\"><\/div> <div style=\" width: 0; height: 0; border-top: 2px solid transparent; border-left: 6px solid #f4f4f4; border-bottom: 2px solid transparent; transform: translateX(16px) translateY(-4px) rotate(30deg)\"><\/div><\/div><div style=\"margin-left: auto;\"> <div style=\" width: 0px; border-top: 8px solid #F4F4F4; border-right: 8px solid transparent; transform: translateY(16px);\"><\/div> <div style=\" background-color: #F4F4F4; flex-grow: 0; height: 12px; width: 16px; transform: translateY(-4px);\"><\/div> <div style=\" width: 0; height: 0; border-top: 8px solid #F4F4F4; border-left: 8px solid transparent; transform: translateY(-4px) translateX(8px);\"><\/div><\/div><\/div> <div style=\"display: flex; flex-direction: column; flex-grow: 1; justify-content: center; margin-bottom: 24px;\"> <div style=\" background-color: #F4F4F4; border-radius: 4px; flex-grow: 0; height: 14px; margin-bottom: 6px; width: 224px;\"><\/div> <div style=\" background-color: #F4F4F4; border-radius: 4px; flex-grow: 0; height: 14px; width: 144px;\"><\/div><\/div><\/a><p style=\" color:#c9c8cd; font-family:Arial,sans-serif; font-size:14px; line-height:17px; margin-bottom:0; margin-top:8px; overflow:hidden; padding:8px 0 7px; text-align:center; text-overflow:ellipsis; white-space:nowrap;\"><a href=\"https:\/\/www.instagram.com\/reel\/DMBu3r2SmKj\/?utm_source=ig_embed&amp;utm_campaign=loading\" style=\" color:#c9c8cd; font-family:Arial,sans-serif; font-size:14px; font-style:normal; font-weight:normal; line-height:17px; text-decoration:none;\" target=\"_blank\">Uma publica\u00e7\u00e3o compartilhada por Dr. Fernando Lemos (@dr.fernando_lemos)<\/a><\/p><\/div><\/blockquote>\n<script async src=\"\/\/www.instagram.com\/embed.js\"><\/script>\n\n\n\n<p>Pacientes que relataram queda capilar durante o uso de creatina podem ter experimentado coincid\u00eancias ou influ\u00eancias de outros fatores, como estresse, alimenta\u00e7\u00e3o inadequada ou desequil\u00edbrio hormonal. Por isso, \u00e9 fundamental n\u00e3o atribuir a culpa exclusivamente ao suplemento sem avalia\u00e7\u00e3o cl\u00ednica adequada.<\/p>\n\n\n\n<h2 class=\"wp-block-heading\">A creatina pode, de alguma forma, ajudar na sa\u00fade do cabelo?<\/h2>\n\n\n\n<p>Embora n\u00e3o seja seu objetivo principal, a creatina tem potencial de beneficiar a sa\u00fade capilar de forma indireta. Ao melhorar a fun\u00e7\u00e3o mitocondrial e a disponibilidade de energia nas c\u00e9lulas, ela pode favorecer a regenera\u00e7\u00e3o dos tecidos e a nutri\u00e7\u00e3o dos fol\u00edculos pilosos.<\/p>\n\n\n\n<p>Al\u00e9m disso, a creatina \u00e9 segura quando usada em doses adequadas e recomendadas por profissionais de sa\u00fade. Ela n\u00e3o interfere diretamente nos horm\u00f4nios sexuais e n\u00e3o apresenta contraindica\u00e7\u00f5es espec\u00edficas relacionadas \u00e0 queda de cabelo em pessoas saud\u00e1veis.<\/p>\n\n\n\n<h2 class=\"wp-block-heading\">Ent\u00e3o posso usar creatina sem medo?<\/h2>\n\n\n\n<p>Sim. A creatina \u00e9 um dos suplementos mais estudados do mundo, com efic\u00e1cia comprovada para o desempenho f\u00edsico, for\u00e7a muscular e recupera\u00e7\u00e3o. Sua rela\u00e7\u00e3o com a calv\u00edcie foi baseada em um \u00fanico estudo antigo que nunca foi confirmado pela ci\u00eancia moderna.<\/p>\n\n\n\n<p>Dr. Fernando Lemos refor\u00e7a que, embora existam relatos pontuais de usu\u00e1rios, a evid\u00eancia cient\u00edfica atual n\u00e3o sustenta qualquer liga\u00e7\u00e3o entre creatina e queda de cabelo. O uso do suplemento, portanto, deve seguir orienta\u00e7\u00e3o profissional, mas sem temor em rela\u00e7\u00e3o \u00e0 sa\u00fade capilar.<\/p>\n\n\n\n<h2 class=\"wp-block-heading\">Fontes e links utilizados<\/h2>\n\n\n\n<ul class=\"wp-block-list\">\n<li>Cleveland Clinic \u2013 \u201cDoes Creatine Cause Hair Loss?\u201d<br><a href=\"https:\/\/health.clevelandclinic.org\/does-creatine-cause-hair-loss\" target=\"_blank\" rel=\"noreferrer noopener\">https:\/\/health.clevelandclinic.org\/does-creatine-cause-hair-loss<\/a><\/li>\n\n\n\n<li>Examine.com \u2013 \u201cCreatine: Mechanisms and Myths\u201d<br><a href=\"https:\/\/examine.com\/supplements\/creatine\" target=\"_blank\" rel=\"noreferrer noopener\">https:\/\/examine.com\/supplements\/creatine<\/a><\/li>\n\n\n\n<li>Perfil oficial do Dr. Fernando Lemos no Instagram<br><a href=\"https:\/\/www.instagram.com\/dr.fernando_lemos\" target=\"_blank\" rel=\"noreferrer noopener\">https:\/\/www.instagram.com\/dr.fernando_lemos<\/a><\/li>\n<\/ul>\n","protected":false},"excerpt":{"rendered":"<p>A creatina \u00e9 um dos suplementos mais utilizados no mundo por quem busca aumento de for\u00e7a e desempenho f\u00edsico. Mas uma d\u00favida persiste entre muitos usu\u00e1rios: ser\u00e1 que a creatina causa queda de cabelo? Segundo o Dr. Fernando Lemos (CRM-RS 26351 | RQE 18202), coloproctologista e refer\u00eancia em sa\u00fade intestinal, essa rela\u00e7\u00e3o n\u00e3o encontra respaldo [&hellip;]<\/p>\n","protected":false},"author":17,"featured_media":75829,"comment_status":"open","ping_status":"open","sticky":false,"template":"","format":"standard","meta":{"jnews-multi-image_gallery":[],"jnews_single_post":{"format":"standard"},"jnews_primary_category":[],"jnews_social_meta":[],"jnews_override_counter":[],"footnotes":""},"categories":[9053],"tags":[4072,415,8974],"class_list":["post-75744","post","type-post","status-publish","format-standard","has-post-thumbnail","hentry","category-saude","tag-creatina","tag-saude","tag-sintomas"],"yoast_head":"<!-- This site is optimized with the Yoast SEO plugin v23.8 - https:\/\/yoast.com\/wordpress\/plugins\/seo\/ -->\n<title>De uma vez por todas: \u201cCreatina e a queda de cabelo, a ci\u00eancia j\u00e1 provou o que acontece\u201d - Estado de Minas - Em foco<\/title>\n<meta name=\"description\" content=\"A creatina afeta a sa\u00fade capilar? A resposta da ci\u00eancia mais atual surpreende e pode mudar o que voc\u00ea pensa sobre esse suplemento.\" \/>\n<meta name=\"robots\" content=\"index, follow, max-snippet:-1, max-image-preview:large, max-video-preview:-1\" \/>\n<link rel=\"canonical\" href=\"https:\/\/www.em.com.br\/emfoco\/2025\/07\/15\/de-uma-vez-por-todas-creatina-e-a-queda-de-cabelo-a-ciencia-ja-provou-o-que-acontece\/\" \/>\n<meta property=\"og:locale\" content=\"pt_BR\" \/>\n<meta property=\"og:type\" content=\"article\" \/>\n<meta property=\"og:title\" content=\"De uma vez por todas: \u201cCreatina e a queda de cabelo, a ci\u00eancia j\u00e1 provou o que acontece\u201d - Estado de Minas - Em foco\" \/>\n<meta property=\"og:description\" content=\"A creatina afeta a sa\u00fade capilar? A resposta da ci\u00eancia mais atual surpreende e pode mudar o que voc\u00ea pensa sobre esse suplemento.\" \/>\n<meta property=\"og:url\" content=\"https:\/\/www.em.com.br\/emfoco\/2025\/07\/15\/de-uma-vez-por-todas-creatina-e-a-queda-de-cabelo-a-ciencia-ja-provou-o-que-acontece\/\" \/>\n<meta property=\"og:site_name\" content=\"Estado de Minas - Em foco\" \/>\n<meta property=\"article:published_time\" content=\"2025-07-15T10:50:00+00:00\" \/>\n<meta property=\"article:modified_time\" content=\"2025-07-15T03:29:40+00:00\" \/>\n<meta property=\"og:image\" content=\"https:\/\/www.em.com.br\/emfoco\/wp-content\/uploads\/2025\/07\/dr-fernando-lemos-sobre-creatina.jpg\" \/>\n\t<meta property=\"og:image:width\" content=\"1200\" \/>\n\t<meta property=\"og:image:height\" content=\"628\" \/>\n\t<meta property=\"og:image:type\" content=\"image\/jpeg\" \/>\n<meta name=\"author\" content=\"Lucas Sampaio\" \/>\n<meta name=\"twitter:card\" content=\"summary_large_image\" \/>\n<meta name=\"twitter:label1\" content=\"Escrito por\" \/>\n\t<meta name=\"twitter:data1\" content=\"Lucas Sampaio\" \/>\n\t<meta name=\"twitter:label2\" content=\"Est. tempo de leitura\" \/>\n\t<meta name=\"twitter:data2\" content=\"4 minutos\" \/>\n<!-- \/ Yoast SEO plugin. -->","yoast_head_json":{"title":"De uma vez por todas: \u201cCreatina e a queda de cabelo, a ci\u00eancia j\u00e1 provou o que acontece\u201d - Estado de Minas - Em foco","description":"A creatina afeta a sa\u00fade capilar? A resposta da ci\u00eancia mais atual surpreende e pode mudar o que voc\u00ea pensa sobre esse suplemento.","robots":{"index":"index","follow":"follow","max-snippet":"max-snippet:-1","max-image-preview":"max-image-preview:large","max-video-preview":"max-video-preview:-1"},"canonical":"https:\/\/www.em.com.br\/emfoco\/2025\/07\/15\/de-uma-vez-por-todas-creatina-e-a-queda-de-cabelo-a-ciencia-ja-provou-o-que-acontece\/","og_locale":"pt_BR","og_type":"article","og_title":"De uma vez por todas: \u201cCreatina e a queda de cabelo, a ci\u00eancia j\u00e1 provou o que acontece\u201d - Estado de Minas - Em foco","og_description":"A creatina afeta a sa\u00fade capilar? A resposta da ci\u00eancia mais atual surpreende e pode mudar o que voc\u00ea pensa sobre esse suplemento.","og_url":"https:\/\/www.em.com.br\/emfoco\/2025\/07\/15\/de-uma-vez-por-todas-creatina-e-a-queda-de-cabelo-a-ciencia-ja-provou-o-que-acontece\/","og_site_name":"Estado de Minas - Em foco","article_published_time":"2025-07-15T10:50:00+00:00","article_modified_time":"2025-07-15T03:29:40+00:00","og_image":[{"width":1200,"height":628,"url":"https:\/\/www.em.com.br\/emfoco\/wp-content\/uploads\/2025\/07\/dr-fernando-lemos-sobre-creatina.jpg","type":"image\/jpeg"}],"author":"Lucas Sampaio","twitter_card":"summary_large_image","twitter_misc":{"Escrito por":"Lucas Sampaio","Est. tempo de leitura":"4 minutos"},"schema":{"@context":"https:\/\/schema.org","@graph":[{"@type":"WebPage","@id":"https:\/\/www.em.com.br\/emfoco\/2025\/07\/15\/de-uma-vez-por-todas-creatina-e-a-queda-de-cabelo-a-ciencia-ja-provou-o-que-acontece\/","url":"https:\/\/www.em.com.br\/emfoco\/2025\/07\/15\/de-uma-vez-por-todas-creatina-e-a-queda-de-cabelo-a-ciencia-ja-provou-o-que-acontece\/","name":"De uma vez por todas: \u201cCreatina e a queda de cabelo, a ci\u00eancia j\u00e1 provou o que acontece\u201d - Estado de Minas - Em foco","isPartOf":{"@id":"https:\/\/www.em.com.br\/emfoco\/#website"},"primaryImageOfPage":{"@id":"https:\/\/www.em.com.br\/emfoco\/2025\/07\/15\/de-uma-vez-por-todas-creatina-e-a-queda-de-cabelo-a-ciencia-ja-provou-o-que-acontece\/#primaryimage"},"image":{"@id":"https:\/\/www.em.com.br\/emfoco\/2025\/07\/15\/de-uma-vez-por-todas-creatina-e-a-queda-de-cabelo-a-ciencia-ja-provou-o-que-acontece\/#primaryimage"},"thumbnailUrl":"https:\/\/www.em.com.br\/emfoco\/wp-content\/uploads\/2025\/07\/dr-fernando-lemos-sobre-creatina.jpg","datePublished":"2025-07-15T10:50:00+00:00","dateModified":"2025-07-15T03:29:40+00:00","author":{"@id":"https:\/\/www.em.com.br\/emfoco\/#\/schema\/person\/9ad4c536bd87f5bb8006420332b99aef"},"description":"A creatina afeta a sa\u00fade capilar? A resposta da ci\u00eancia mais atual surpreende e pode mudar o que voc\u00ea pensa sobre esse suplemento.","breadcrumb":{"@id":"https:\/\/www.em.com.br\/emfoco\/2025\/07\/15\/de-uma-vez-por-todas-creatina-e-a-queda-de-cabelo-a-ciencia-ja-provou-o-que-acontece\/#breadcrumb"},"inLanguage":"pt-BR","potentialAction":[{"@type":"ReadAction","target":["https:\/\/www.em.com.br\/emfoco\/2025\/07\/15\/de-uma-vez-por-todas-creatina-e-a-queda-de-cabelo-a-ciencia-ja-provou-o-que-acontece\/"]}]},{"@type":"ImageObject","inLanguage":"pt-BR","@id":"https:\/\/www.em.com.br\/emfoco\/2025\/07\/15\/de-uma-vez-por-todas-creatina-e-a-queda-de-cabelo-a-ciencia-ja-provou-o-que-acontece\/#primaryimage","url":"https:\/\/www.em.com.br\/emfoco\/wp-content\/uploads\/2025\/07\/dr-fernando-lemos-sobre-creatina.jpg","contentUrl":"https:\/\/www.em.com.br\/emfoco\/wp-content\/uploads\/2025\/07\/dr-fernando-lemos-sobre-creatina.jpg","width":1200,"height":628,"caption":"Reprodu\u00e7\u00e3o (Instagram: @dr.fernando_lemos)"},{"@type":"BreadcrumbList","@id":"https:\/\/www.em.com.br\/emfoco\/2025\/07\/15\/de-uma-vez-por-todas-creatina-e-a-queda-de-cabelo-a-ciencia-ja-provou-o-que-acontece\/#breadcrumb","itemListElement":[{"@type":"ListItem","position":1,"name":"In\u00edcio","item":"https:\/\/www.em.com.br\/emfoco\/"},{"@type":"ListItem","position":2,"name":"De uma vez por todas: \u201cCreatina e a queda de cabelo, a ci\u00eancia j\u00e1 provou o que acontece\u201d"}]},{"@type":"WebSite","@id":"https:\/\/www.em.com.br\/emfoco\/#website","url":"https:\/\/www.em.com.br\/emfoco\/","name":"Estado de Minas - Em foco","description":"Acompanhe as \u00faltimas not\u00edcias e fique bem informado sobre tudo o que acontece em Minas Gerais, Brasil e no mundo.","potentialAction":[{"@type":"SearchAction","target":{"@type":"EntryPoint","urlTemplate":"https:\/\/www.em.com.br\/emfoco\/?s={search_term_string}"},"query-input":{"@type":"PropertyValueSpecification","valueRequired":true,"valueName":"search_term_string"}}],"inLanguage":"pt-BR"},{"@type":"Person","@id":"https:\/\/www.em.com.br\/emfoco\/#\/schema\/person\/9ad4c536bd87f5bb8006420332b99aef","name":"Lucas Sampaio","image":{"@type":"ImageObject","inLanguage":"pt-BR","@id":"https:\/\/www.em.com.br\/emfoco\/#\/schema\/person\/image\/","url":"https:\/\/secure.gravatar.com\/avatar\/2696b9676ad143cd7135b717faf6f79f?s=96&d=mm&r=g","contentUrl":"https:\/\/secure.gravatar.com\/avatar\/2696b9676ad143cd7135b717faf6f79f?s=96&d=mm&r=g","caption":"Lucas Sampaio"},"sameAs":["https:\/\/www.em.com.br\/emfoco\/"],"url":"https:\/\/www.em.com.br\/emfoco\/author\/lucasmyth\/"}]}},"_links":{"self":[{"href":"https:\/\/www.em.com.br\/emfoco\/wp-json\/wp\/v2\/posts\/75744","targetHints":{"allow":["GET"]}}],"collection":[{"href":"https:\/\/www.em.com.br\/emfoco\/wp-json\/wp\/v2\/posts"}],"about":[{"href":"https:\/\/www.em.com.br\/emfoco\/wp-json\/wp\/v2\/types\/post"}],"author":[{"embeddable":true,"href":"https:\/\/www.em.com.br\/emfoco\/wp-json\/wp\/v2\/users\/17"}],"replies":[{"embeddable":true,"href":"https:\/\/www.em.com.br\/emfoco\/wp-json\/wp\/v2\/comments?post=75744"}],"version-history":[{"count":4,"href":"https:\/\/www.em.com.br\/emfoco\/wp-json\/wp\/v2\/posts\/75744\/revisions"}],"predecessor-version":[{"id":76031,"href":"https:\/\/www.em.com.br\/emfoco\/wp-json\/wp\/v2\/posts\/75744\/revisions\/76031"}],"wp:featuredmedia":[{"embeddable":true,"href":"https:\/\/www.em.com.br\/emfoco\/wp-json\/wp\/v2\/media\/75829"}],"wp:attachment":[{"href":"https:\/\/www.em.com.br\/emfoco\/wp-json\/wp\/v2\/media?parent=75744"}],"wp:term":[{"taxonomy":"category","embeddable":true,"href":"https:\/\/www.em.com.br\/emfoco\/wp-json\/wp\/v2\/categories?post=75744"},{"taxonomy":"post_tag","embeddable":true,"href":"https:\/\/www.em.com.br\/emfoco\/wp-json\/wp\/v2\/tags?post=75744"}],"curies":[{"name":"wp","href":"https:\/\/api.w.org\/{rel}","templated":true}]}}