{"id":75699,"date":"2025-07-15T22:48:26","date_gmt":"2025-07-16T01:48:26","guid":{"rendered":"https:\/\/www.em.com.br\/emfoco\/?p=75699"},"modified":"2025-07-14T18:53:10","modified_gmt":"2025-07-14T21:53:10","slug":"vegetal-leve-e-aromatico-que-fortalece-os-ossos-e-o-sistema-imunologico","status":"publish","type":"post","link":"https:\/\/www.em.com.br\/emfoco\/2025\/07\/15\/vegetal-leve-e-aromatico-que-fortalece-os-ossos-e-o-sistema-imunologico\/","title":{"rendered":"Vegetal leve e arom\u00e1tico que fortalece os ossos e o sistema imunol\u00f3gico"},"content":{"rendered":"\n<p>O alho-por\u00f3, al\u00e9m de um ingrediente saboroso na culin\u00e1ria, guarda uma s\u00e9rie de benef\u00edcios para a sa\u00fade. Essa planta, pertencente \u00e0 mesma fam\u00edlia da cebola e do alho, \u00e9 facilmente reconhecida pelas suas longas folhas verdes e sabor suave, que se assemelha a uma combina\u00e7\u00e3o de cebola e alho. Sua versatilidade na cozinha e propriedades nutricionais tornam o alho-por\u00f3 um aliado interessante para quem busca uma dieta equilibrada.<\/p>\n\n\n\n<ul class=\"wp-block-list\">\n<li><strong>Nutri\u00e7\u00e3o Equilibrada:<\/strong> Rico em vitaminas e minerais, o alho-por\u00f3 contribui para uma alimenta\u00e7\u00e3o saud\u00e1vel.<\/li>\n\n\n\n<li><strong>Benef\u00edcios \u00e0 Sa\u00fade:<\/strong> Inclui propriedades antioxidantes que podem ajudar na preven\u00e7\u00e3o de diversas doen\u00e7as.<\/li>\n\n\n\n<li><strong>Versatilidade na Cozinha:<\/strong> Pode ser usado em uma variedade de pratos, desde sopas at\u00e9 saladas.<\/li>\n<\/ul>\n\n\n\n<h2 class=\"wp-block-heading\">Quais s\u00e3o os benef\u00edcios nutricionais?<\/h2>\n\n\n\n<p>Consumir esse vegetal pode agregar diversos nutrientes importantes \u00e0 alimenta\u00e7\u00e3o di\u00e1ria. Ele \u00e9 uma fonte excelente de<a href=\"https:\/\/www.benegrip.com.br\/saude\/vitaminas\/vitamina-a-para-que-serve\" target=\"_blank\" rel=\"noreferrer noopener\"> vitaminas A<\/a>, C e K, al\u00e9m de conter minerais como ferro e magn\u00e9sio. As fibras presentes no alho-por\u00f3 auxiliam na digest\u00e3o e no controle dos n\u00edveis de colesterol, promovendo assim um sistema digestivo saud\u00e1vel. Al\u00e9m disso, o alho-por\u00f3 tem baixo valor cal\u00f3rico, o que o torna ideal para dietas voltadas \u00e0 perda ou \u00e0 manuten\u00e7\u00e3o de peso.<\/p>\n\n\n\n<h2 class=\"wp-block-heading\">Como ele pode impactar na sa\u00fade?<\/h2>\n\n\n\n<p>Al\u00e9m de ser saboroso, carrega propriedades que podem beneficiar a sa\u00fade de diversas formas. Sua riqueza em antioxidantes ajuda a combater os radicais livres no organismo, reduzindo o risco de doen\u00e7as cr\u00f4nicas como as cardiovasculares. A vitamina K presente no alho-por\u00f3 contribui para a sa\u00fade \u00f3ssea, fortalecendo os ossos e prevenindo doen\u00e7as como a osteoporose. Tamb\u00e9m possui composi\u00e7\u00f5es que apoiam o sistema imunol\u00f3gico, protegendo o corpo contra infec\u00e7\u00f5es.<\/p>\n\n\n<div class=\"wp-block-image\">\n<figure class=\"aligncenter size-large\"><img loading=\"lazy\" decoding=\"async\" width=\"1024\" height=\"576\" src=\"https:\/\/www.em.com.br\/emfoco\/wp-content\/uploads\/2025\/04\/alho-poro-_1745465486255-1024x576.jpg\" alt=\"\" class=\"wp-image-41074\" srcset=\"https:\/\/www.em.com.br\/emfoco\/wp-content\/uploads\/2025\/04\/alho-poro-_1745465486255-1024x576.jpg 1024w, https:\/\/www.em.com.br\/emfoco\/wp-content\/uploads\/2025\/04\/alho-poro-_1745465486255-300x169.jpg 300w, https:\/\/www.em.com.br\/emfoco\/wp-content\/uploads\/2025\/04\/alho-poro-_1745465486255-768x432.jpg 768w, https:\/\/www.em.com.br\/emfoco\/wp-content\/uploads\/2025\/04\/alho-poro-_1745465486255-750x422.jpg 750w, https:\/\/www.em.com.br\/emfoco\/wp-content\/uploads\/2025\/04\/alho-poro-_1745465486255-1140x641.jpg 1140w, https:\/\/www.em.com.br\/emfoco\/wp-content\/uploads\/2025\/04\/alho-poro-_1745465486255.jpg 1280w\" sizes=\"auto, (max-width: 1024px) 100vw, 1024px\" \/><figcaption class=\"wp-element-caption\">Alho por\u00f3 &#8211; Cr\u00e9ditos: depositphotos.com \/ neillangan<\/figcaption><\/figure><\/div>\n\n\n<h2 class=\"wp-block-heading\">De que maneiras o alho-por\u00f3 pode ser incorporado na dieta?<\/h2>\n\n\n\n<p>\u00c9 altamente vers\u00e1til na culin\u00e1ria, podendo ser incorporado em uma variedade de pratos. \u00c9 comumente utilizado em sopas e caldos, onde seu sabor suave pode atuar como um agente arom\u00e1tico, sem dominar os demais ingredientes. Al\u00e9m disso, pode ser grelhado ou assado como acompanhamento de carnes e peixes. Em saladas, basta cort\u00e1-lo finamente para adicionar uma camada extra de textura e sabor.<\/p>\n\n\n\n<ul class=\"wp-block-list\">\n<li><strong>Sopas e Caldos:<\/strong> Use as partes brancas e verdes claras para um sabor mais intenso.<\/li>\n\n\n\n<li><strong>Grelhados:<\/strong> Experimente grelhar alho-por\u00f3 com azeite, sal e pimenta para um acompanhamento saud\u00e1vel.<\/li>\n\n\n\n<li><strong>Saladas:<\/strong> Corte em rodelas finas e misture com seus legumes favoritos.<\/li>\n<\/ul>\n\n\n\n<h2 class=\"wp-block-heading\">O que considerar ao escolher e armazenar?<\/h2>\n\n\n\n<p>Na hora de comprar alho-por\u00f3, \u00e9 importante observar que eles tenham folhas firmes e vibrantes, sem manchas escuras ou sinais de murcha. As ra\u00edzes devem ser evitadas se estiverem secas ou com cheiro desagrad\u00e1vel. Para armazenamento, recomenda-se manter o alho-por\u00f3 fresco na geladeira, dentro de um saco pl\u00e1stico ventilado, podendo durar at\u00e9 duas semanas. Cortar e lavar bem as partes antes de preparar \u00e9 essencial para assegurar todas as suas qualidades organol\u00e9pticas.<\/p>\n\n\n\n<p>Leia tamb\u00e9m: <a href=\"https:\/\/www.em.com.br\/emfoco\/2025\/07\/13\/essa-fruta-brasileira-tem-mais-beneficios-do-que-voce-imagina\/\" target=\"_blank\" rel=\"noopener\">Essa fruta brasileira tem mais benef\u00edcios do que voc\u00ea imagina<\/a><\/p>\n\n\n\n<h2 class=\"wp-block-heading\">Alho-por\u00f3 na alimenta\u00e7\u00e3o saud\u00e1vel<\/h2>\n\n\n\n<ul class=\"wp-block-list\">\n<li>O alho-por\u00f3 \u00e9 um alimento cheio de nutrientes e ben\u00e9fico para a sa\u00fade geral.<\/li>\n\n\n\n<li>Possui propriedades antioxidantes, auxiliando na preven\u00e7\u00e3o de doen\u00e7as.<\/li>\n\n\n\n<li>Oferece versatilidade culin\u00e1ria, podendo enriquecer diversos tipos de pratos.<\/li>\n<\/ul>\n","protected":false},"excerpt":{"rendered":"<p>O alho-por\u00f3, al\u00e9m de um ingrediente saboroso na culin\u00e1ria, guarda uma s\u00e9rie de benef\u00edcios para a sa\u00fade. Essa planta, pertencente \u00e0 mesma fam\u00edlia da cebola e do alho, \u00e9 facilmente reconhecida pelas suas longas folhas verdes e sabor suave, que se assemelha a uma combina\u00e7\u00e3o de cebola e alho. Sua versatilidade na cozinha e propriedades [&hellip;]<\/p>\n","protected":false},"author":9,"featured_media":41073,"comment_status":"open","ping_status":"open","sticky":false,"template":"","format":"standard","meta":{"jnews-multi-image_gallery":[],"jnews_single_post":{"format":"standard"},"jnews_primary_category":[],"jnews_social_meta":[],"jnews_override_counter":[],"footnotes":""},"categories":[29,1],"tags":[7862,248,3509,415],"class_list":["post-75699","post","type-post","status-publish","format-standard","has-post-thumbnail","hentry","category-entretenimento","category-noticias","tag-alho-poro","tag-culinaria","tag-nutricao","tag-saude"],"yoast_head":"<!-- This site is optimized with the Yoast SEO plugin v23.8 - https:\/\/yoast.com\/wordpress\/plugins\/seo\/ -->\n<title>Vegetal leve e arom\u00e1tico que fortalece os ossos e o sistema imunol\u00f3gico<\/title>\n<meta name=\"description\" content=\"Leve, nutritivo e vers\u00e1til, esse vegetal ajuda na digest\u00e3o, fortalece os ossos e protege o cora\u00e7\u00e3o com poucas calorias.\" \/>\n<meta name=\"robots\" content=\"index, follow, max-snippet:-1, max-image-preview:large, max-video-preview:-1\" \/>\n<link rel=\"canonical\" href=\"https:\/\/www.em.com.br\/emfoco\/2025\/07\/15\/vegetal-leve-e-aromatico-que-fortalece-os-ossos-e-o-sistema-imunologico\/\" \/>\n<meta property=\"og:locale\" content=\"pt_BR\" \/>\n<meta property=\"og:type\" content=\"article\" \/>\n<meta property=\"og:title\" content=\"Vegetal leve e arom\u00e1tico que fortalece os ossos e o sistema imunol\u00f3gico\" \/>\n<meta property=\"og:description\" content=\"Leve, nutritivo e vers\u00e1til, esse vegetal ajuda na digest\u00e3o, fortalece os ossos e protege o cora\u00e7\u00e3o com poucas calorias.\" \/>\n<meta property=\"og:url\" content=\"https:\/\/www.em.com.br\/emfoco\/2025\/07\/15\/vegetal-leve-e-aromatico-que-fortalece-os-ossos-e-o-sistema-imunologico\/\" \/>\n<meta property=\"og:site_name\" content=\"Estado de Minas - Em foco\" \/>\n<meta property=\"article:published_time\" content=\"2025-07-16T01:48:26+00:00\" \/>\n<meta property=\"article:modified_time\" content=\"2025-07-14T21:53:10+00:00\" \/>\n<meta property=\"og:image\" content=\"https:\/\/www.em.com.br\/emfoco\/wp-content\/uploads\/2025\/04\/alho-poro-_1745465363555.jpg\" \/>\n\t<meta property=\"og:image:width\" content=\"1280\" \/>\n\t<meta property=\"og:image:height\" content=\"720\" \/>\n\t<meta property=\"og:image:type\" content=\"image\/jpeg\" \/>\n<meta name=\"author\" content=\"Daniely Cardoso\" \/>\n<meta name=\"twitter:card\" content=\"summary_large_image\" \/>\n<meta name=\"twitter:label1\" content=\"Escrito por\" \/>\n\t<meta name=\"twitter:data1\" content=\"Daniely Cardoso\" \/>\n\t<meta name=\"twitter:label2\" content=\"Est. tempo de leitura\" \/>\n\t<meta name=\"twitter:data2\" content=\"4 minutos\" \/>\n<!-- \/ Yoast SEO plugin. -->","yoast_head_json":{"title":"Vegetal leve e arom\u00e1tico que fortalece os ossos e o sistema imunol\u00f3gico","description":"Leve, nutritivo e vers\u00e1til, esse vegetal ajuda na digest\u00e3o, fortalece os ossos e protege o cora\u00e7\u00e3o com poucas calorias.","robots":{"index":"index","follow":"follow","max-snippet":"max-snippet:-1","max-image-preview":"max-image-preview:large","max-video-preview":"max-video-preview:-1"},"canonical":"https:\/\/www.em.com.br\/emfoco\/2025\/07\/15\/vegetal-leve-e-aromatico-que-fortalece-os-ossos-e-o-sistema-imunologico\/","og_locale":"pt_BR","og_type":"article","og_title":"Vegetal leve e arom\u00e1tico que fortalece os ossos e o sistema imunol\u00f3gico","og_description":"Leve, nutritivo e vers\u00e1til, esse vegetal ajuda na digest\u00e3o, fortalece os ossos e protege o cora\u00e7\u00e3o com poucas calorias.","og_url":"https:\/\/www.em.com.br\/emfoco\/2025\/07\/15\/vegetal-leve-e-aromatico-que-fortalece-os-ossos-e-o-sistema-imunologico\/","og_site_name":"Estado de Minas - Em foco","article_published_time":"2025-07-16T01:48:26+00:00","article_modified_time":"2025-07-14T21:53:10+00:00","og_image":[{"width":1280,"height":720,"url":"https:\/\/www.em.com.br\/emfoco\/wp-content\/uploads\/2025\/04\/alho-poro-_1745465363555.jpg","type":"image\/jpeg"}],"author":"Daniely Cardoso","twitter_card":"summary_large_image","twitter_misc":{"Escrito por":"Daniely Cardoso","Est. tempo de leitura":"4 minutos"},"schema":{"@context":"https:\/\/schema.org","@graph":[{"@type":"WebPage","@id":"https:\/\/www.em.com.br\/emfoco\/2025\/07\/15\/vegetal-leve-e-aromatico-que-fortalece-os-ossos-e-o-sistema-imunologico\/","url":"https:\/\/www.em.com.br\/emfoco\/2025\/07\/15\/vegetal-leve-e-aromatico-que-fortalece-os-ossos-e-o-sistema-imunologico\/","name":"Vegetal leve e arom\u00e1tico que fortalece os ossos e o sistema imunol\u00f3gico","isPartOf":{"@id":"https:\/\/www.em.com.br\/emfoco\/#website"},"primaryImageOfPage":{"@id":"https:\/\/www.em.com.br\/emfoco\/2025\/07\/15\/vegetal-leve-e-aromatico-que-fortalece-os-ossos-e-o-sistema-imunologico\/#primaryimage"},"image":{"@id":"https:\/\/www.em.com.br\/emfoco\/2025\/07\/15\/vegetal-leve-e-aromatico-que-fortalece-os-ossos-e-o-sistema-imunologico\/#primaryimage"},"thumbnailUrl":"https:\/\/www.em.com.br\/emfoco\/wp-content\/uploads\/2025\/04\/alho-poro-_1745465363555.jpg","datePublished":"2025-07-16T01:48:26+00:00","dateModified":"2025-07-14T21:53:10+00:00","author":{"@id":"https:\/\/www.em.com.br\/emfoco\/#\/schema\/person\/0a8186d72f2c3a5c6276d90b41f271a0"},"description":"Leve, nutritivo e vers\u00e1til, esse vegetal ajuda na digest\u00e3o, fortalece os ossos e protege o cora\u00e7\u00e3o com poucas calorias.","breadcrumb":{"@id":"https:\/\/www.em.com.br\/emfoco\/2025\/07\/15\/vegetal-leve-e-aromatico-que-fortalece-os-ossos-e-o-sistema-imunologico\/#breadcrumb"},"inLanguage":"pt-BR","potentialAction":[{"@type":"ReadAction","target":["https:\/\/www.em.com.br\/emfoco\/2025\/07\/15\/vegetal-leve-e-aromatico-que-fortalece-os-ossos-e-o-sistema-imunologico\/"]}]},{"@type":"ImageObject","inLanguage":"pt-BR","@id":"https:\/\/www.em.com.br\/emfoco\/2025\/07\/15\/vegetal-leve-e-aromatico-que-fortalece-os-ossos-e-o-sistema-imunologico\/#primaryimage","url":"https:\/\/www.em.com.br\/emfoco\/wp-content\/uploads\/2025\/04\/alho-poro-_1745465363555.jpg","contentUrl":"https:\/\/www.em.com.br\/emfoco\/wp-content\/uploads\/2025\/04\/alho-poro-_1745465363555.jpg","width":1280,"height":720,"caption":"Alho por\u00f3 - Cr\u00e9ditos: depositphotos.com \/ VadimVasenin"},{"@type":"BreadcrumbList","@id":"https:\/\/www.em.com.br\/emfoco\/2025\/07\/15\/vegetal-leve-e-aromatico-que-fortalece-os-ossos-e-o-sistema-imunologico\/#breadcrumb","itemListElement":[{"@type":"ListItem","position":1,"name":"In\u00edcio","item":"https:\/\/www.em.com.br\/emfoco\/"},{"@type":"ListItem","position":2,"name":"Vegetal leve e arom\u00e1tico que fortalece os ossos e o sistema imunol\u00f3gico"}]},{"@type":"WebSite","@id":"https:\/\/www.em.com.br\/emfoco\/#website","url":"https:\/\/www.em.com.br\/emfoco\/","name":"Estado de Minas - Em foco","description":"Acompanhe as \u00faltimas not\u00edcias e fique bem informado sobre tudo o que acontece em Minas Gerais, Brasil e no mundo.","potentialAction":[{"@type":"SearchAction","target":{"@type":"EntryPoint","urlTemplate":"https:\/\/www.em.com.br\/emfoco\/?s={search_term_string}"},"query-input":{"@type":"PropertyValueSpecification","valueRequired":true,"valueName":"search_term_string"}}],"inLanguage":"pt-BR"},{"@type":"Person","@id":"https:\/\/www.em.com.br\/emfoco\/#\/schema\/person\/0a8186d72f2c3a5c6276d90b41f271a0","name":"Daniely Cardoso","image":{"@type":"ImageObject","inLanguage":"pt-BR","@id":"https:\/\/www.em.com.br\/emfoco\/#\/schema\/person\/image\/","url":"https:\/\/secure.gravatar.com\/avatar\/4b80ddbd124d1f071b626d52d62e5dff?s=96&d=mm&r=g","contentUrl":"https:\/\/secure.gravatar.com\/avatar\/4b80ddbd124d1f071b626d52d62e5dff?s=96&d=mm&r=g","caption":"Daniely Cardoso"},"url":"https:\/\/www.em.com.br\/emfoco\/author\/danielymyth\/"}]}},"_links":{"self":[{"href":"https:\/\/www.em.com.br\/emfoco\/wp-json\/wp\/v2\/posts\/75699","targetHints":{"allow":["GET"]}}],"collection":[{"href":"https:\/\/www.em.com.br\/emfoco\/wp-json\/wp\/v2\/posts"}],"about":[{"href":"https:\/\/www.em.com.br\/emfoco\/wp-json\/wp\/v2\/types\/post"}],"author":[{"embeddable":true,"href":"https:\/\/www.em.com.br\/emfoco\/wp-json\/wp\/v2\/users\/9"}],"replies":[{"embeddable":true,"href":"https:\/\/www.em.com.br\/emfoco\/wp-json\/wp\/v2\/comments?post=75699"}],"version-history":[{"count":3,"href":"https:\/\/www.em.com.br\/emfoco\/wp-json\/wp\/v2\/posts\/75699\/revisions"}],"predecessor-version":[{"id":75737,"href":"https:\/\/www.em.com.br\/emfoco\/wp-json\/wp\/v2\/posts\/75699\/revisions\/75737"}],"wp:featuredmedia":[{"embeddable":true,"href":"https:\/\/www.em.com.br\/emfoco\/wp-json\/wp\/v2\/media\/41073"}],"wp:attachment":[{"href":"https:\/\/www.em.com.br\/emfoco\/wp-json\/wp\/v2\/media?parent=75699"}],"wp:term":[{"taxonomy":"category","embeddable":true,"href":"https:\/\/www.em.com.br\/emfoco\/wp-json\/wp\/v2\/categories?post=75699"},{"taxonomy":"post_tag","embeddable":true,"href":"https:\/\/www.em.com.br\/emfoco\/wp-json\/wp\/v2\/tags?post=75699"}],"curies":[{"name":"wp","href":"https:\/\/api.w.org\/{rel}","templated":true}]}}