{"id":75654,"date":"2025-07-15T20:08:00","date_gmt":"2025-07-15T23:08:00","guid":{"rendered":"https:\/\/www.em.com.br\/emfoco\/?p=75654"},"modified":"2025-07-14T16:32:26","modified_gmt":"2025-07-14T19:32:26","slug":"a-importancia-do-aquecimento-e-desaquecimento-para-evitar-lesoes","status":"publish","type":"post","link":"https:\/\/www.em.com.br\/emfoco\/2025\/07\/15\/a-importancia-do-aquecimento-e-desaquecimento-para-evitar-lesoes\/","title":{"rendered":"A import\u00e2ncia do aquecimento e desaquecimento para evitar les\u00f5es"},"content":{"rendered":"\n<p>Na busca por um treino eficaz e seguro, a import\u00e2ncia dos <a href=\"https:\/\/www.o2corre.com.br\/categoria\/iniciantes\/aquecimento-e-desaquecimento\" target=\"_blank\" rel=\"noreferrer noopener\">aquecimentos e desaquecimentos<\/a> \u00e9 frequentemente subestimada. Esses componentes essenciais de uma rotina de exerc\u00edcios desempenham um papel crucial na prepara\u00e7\u00e3o e recupera\u00e7\u00e3o do corpo. Embora muitos possam pular estas etapas, elas s\u00e3o fundamentais para maximizar os benef\u00edcios do exerc\u00edcio e minimizar o risco de les\u00f5es.<\/p>\n\n\n\n<p>O aquecimento prepara o corpo f\u00edsico e mentalmente para o esfor\u00e7o f\u00edsico. Ao aumentar gradualmente a frequ\u00eancia card\u00edaca e o fluxo sangu\u00edneo, o aquecimento permite que os m\u00fasculos e articula\u00e7\u00f5es se preparem para movimentos mais intensos. Al\u00e9m disso, essa pr\u00e1tica ajuda a ativar o sistema nervoso, melhorando o equil\u00edbrio e a efici\u00eancia dos movimentos. Segundo especialistas, um aquecimento eficaz pode melhorar significativamente o desempenho durante o treino, reduzindo a dor muscular de in\u00edcio tardio, conhecida como&nbsp;<em>DOMS<\/em>.<\/p>\n\n\n\n<h2 class=\"wp-block-heading\">Por que o aquecimento \u00e9 crucial antes de exercitar-se?<\/h2>\n\n\n\n<p>O aquecimento desempenha um papel fundamental na preven\u00e7\u00e3o de les\u00f5es. Quando os m\u00fasculos est\u00e3o frios, eles s\u00e3o mais propensos a distens\u00f5es e rupturas. Ao aumentar gradualmente a temperatura corporal e o fluxo sangu\u00edneo, o aquecimento permite que os m\u00fasculos se tornem mais flex\u00edveis e preparados para o estresse do exerc\u00edcio intenso. Al\u00e9m disso, o aquecimento prepara mentalmente os indiv\u00edduos, ajudando a focar no treino e a melhorar a coordena\u00e7\u00e3o.<\/p>\n\n\n\n<figure class=\"wp-block-image\"><img decoding=\"async\" src=\"https:\/\/www.em.com.br\/emfoco\/wp-content\/uploads\/2025\/07\/treino-em-casa_1751490481798-1024x576.jpg\" alt=\"\"\/><figcaption class=\"wp-element-caption\">Treino em casa &#8211; Cr\u00e9ditos: depositphotos.com \/ AllaSerebrina<\/figcaption><\/figure>\n\n\n\n<h2 class=\"wp-block-heading\">Qual \u00e9 a import\u00e2ncia do desaquecimento?<\/h2>\n\n\n\n<p>Assim como o aquecimento, o desaquecimento \u00e9 essencial para uma rotina de exerc\u00edcios equilibrada. Ele ajuda a reduzir gradualmente a frequ\u00eancia card\u00edaca e facilita o retorno do corpo ao estado de repouso. Al\u00e9m disso, o desaquecimento ajuda a evitar a acumula\u00e7\u00e3o de sangue nos membros, o que pode causar tonturas. A incorpora\u00e7\u00e3o de alongamentos no desaquecimento tamb\u00e9m melhora a flexibilidade e ajuda na recupera\u00e7\u00e3o muscular.<\/p>\n\n\n\n<h2 class=\"wp-block-heading\">Como estruturar um aquecimento eficaz?<\/h2>\n\n\n\n<p>Um aquecimento eficaz deve ser adaptado ao tipo de exerc\u00edcio planejado. Em geral, a recomenda\u00e7\u00e3o \u00e9 gastar de cinco a 20 minutos no aquecimento, come\u00e7ando com exerc\u00edcios de intensidade leve e gradualmente aumentando a intensidade. Movimentos que imitam o exerc\u00edcio principal s\u00e3o particularmente eficazes. Isso pode incluir levantamentos de joelhos, polichinelos e caminhadas em esteira inclinada, sempre aumentando o ritmo de forma controlada.<\/p>\n\n\n\n<h2 class=\"wp-block-heading\">Quais s\u00e3o as pr\u00e1ticas recomendadas para um desaquecimento eficiente?<\/h2>\n\n\n\n<p>Para o desaquecimento, a pr\u00e1tica de alongamentos passivos ou o uso de rolos de espuma pode relaxar os m\u00fasculos e acelerar a recupera\u00e7\u00e3o. Movimentos de ioga, como a postura do cachorro olhando para baixo, s\u00e3o eficazes para abrir o corpo ap\u00f3s um treino intenso. Alongamentos leves e exerc\u00edcios de respira\u00e7\u00e3o ajudam a acalmar a mente e restaurar o equil\u00edbrio corporal, preparando o indiv\u00edduo para as atividades do dia.<\/p>\n\n\n\n<p>Leia tamb\u00e9m: <a href=\"https:\/\/www.em.com.br\/emfoco\/2025\/07\/12\/dor-cansaco-e-fraqueza-no-treino-saiba-o-que-seu-corpo-esta-tentando-dizer\/\" target=\"_blank\" rel=\"noreferrer noopener\">Dor, cansa\u00e7o, e fraqueza no treino? Saiba o que seu corpo est\u00e1 tentando dizer<\/a><\/p>\n\n\n\n<h2 class=\"wp-block-heading\">Quais s\u00e3o 5 dicas para tornar o aquecimento e o desaquecimento ainda mais eficazes?<\/h2>\n\n\n\n<p>1. Personalize suas rotinas considerando suas necessidades individuais e o tipo de exerc\u00edcio. Consulte um profissional qualificado, como um educador f\u00edsico, para obter orienta\u00e7\u00f5es.<br>2. Inclua hidrata\u00e7\u00e3o antes, durante e ap\u00f3s os exerc\u00edcios, especialmente em ambientes quentes ou \u00famidos, como em&nbsp;<strong>Rio de Janeiro<\/strong>&nbsp;no ver\u00e3o.<br>3. Utilize recursos digitais, como aplicativos de treino dispon\u00edveis no&nbsp;<strong>Google Play<\/strong>, para receber recomenda\u00e7\u00f5es personalizadas e monitorar o tempo de cada etapa.<br>4. Programe breves pausas de respira\u00e7\u00e3o consciente tanto no aquecimento quanto no desaquecimento, ajudando a preparar o corpo e a mente.<br>5. Se poss\u00edvel, fa\u00e7a o aquecimento e o desaquecimento em ambientes bem ventilados ou, em dias mais frios, utilize roupas adequadas para manter a temperatura corporal durante essas fases.<\/p>\n\n\n\n<p>Em resumo, tanto o aquecimento quanto o desaquecimento s\u00e3o componentes cr\u00edticos de uma rotina de exerc\u00edcios eficaz. Eles n\u00e3o apenas melhoram o desempenho e reduzem o risco de les\u00f5es, mas tamb\u00e9m ajudam na recupera\u00e7\u00e3o muscular e no bem-estar geral. Investir um tempo nestas pr\u00e1ticas garante um treino mais seguro e proveitoso.<\/p>\n","protected":false},"excerpt":{"rendered":"<p>Na busca por um treino eficaz e seguro, a import\u00e2ncia dos aquecimentos e desaquecimentos \u00e9 frequentemente subestimada. Esses componentes essenciais de uma rotina de exerc\u00edcios desempenham um papel crucial na prepara\u00e7\u00e3o e recupera\u00e7\u00e3o do corpo. Embora muitos possam pular estas etapas, elas s\u00e3o fundamentais para maximizar os benef\u00edcios do exerc\u00edcio e minimizar o risco de [&hellip;]<\/p>\n","protected":false},"author":11,"featured_media":63086,"comment_status":"open","ping_status":"open","sticky":false,"template":"","format":"standard","meta":{"jnews-multi-image_gallery":[],"jnews_single_post":{"format":"standard"},"jnews_primary_category":[],"jnews_social_meta":[],"jnews_override_counter":[],"footnotes":""},"categories":[8819,1],"tags":[11064,10215,415,7542],"class_list":["post-75654","post","type-post","status-publish","format-standard","has-post-thumbnail","hentry","category-curiosidades","category-noticias","tag-alongamento","tag-lesao","tag-saude","tag-treino"],"yoast_head":"<!-- This site is optimized with the Yoast SEO plugin v23.8 - https:\/\/yoast.com\/wordpress\/plugins\/seo\/ -->\n<title>A import\u00e2ncia do aquecimento e desaquecimento para evitar les\u00f5es - Estado de Minas - Em foco<\/title>\n<meta name=\"description\" content=\"Seu treino come\u00e7a antes do exerc\u00edcio e termina depois. Saiba por que aquecer e desaquecer faz toda a diferen\u00e7a.\" \/>\n<meta name=\"robots\" content=\"index, follow, max-snippet:-1, max-image-preview:large, max-video-preview:-1\" \/>\n<link rel=\"canonical\" href=\"https:\/\/www.em.com.br\/emfoco\/2025\/07\/15\/a-importancia-do-aquecimento-e-desaquecimento-para-evitar-lesoes\/\" \/>\n<meta property=\"og:locale\" content=\"pt_BR\" \/>\n<meta property=\"og:type\" content=\"article\" \/>\n<meta property=\"og:title\" content=\"A import\u00e2ncia do aquecimento e desaquecimento para evitar les\u00f5es - Estado de Minas - Em foco\" \/>\n<meta property=\"og:description\" content=\"Seu treino come\u00e7a antes do exerc\u00edcio e termina depois. Saiba por que aquecer e desaquecer faz toda a diferen\u00e7a.\" \/>\n<meta property=\"og:url\" content=\"https:\/\/www.em.com.br\/emfoco\/2025\/07\/15\/a-importancia-do-aquecimento-e-desaquecimento-para-evitar-lesoes\/\" \/>\n<meta property=\"og:site_name\" content=\"Estado de Minas - Em foco\" \/>\n<meta property=\"article:published_time\" content=\"2025-07-15T23:08:00+00:00\" \/>\n<meta property=\"article:modified_time\" content=\"2025-07-14T19:32:26+00:00\" \/>\n<meta property=\"og:image\" content=\"https:\/\/www.em.com.br\/emfoco\/wp-content\/uploads\/2025\/06\/triceps-_1750262980934.jpg\" \/>\n\t<meta property=\"og:image:width\" content=\"1280\" \/>\n\t<meta property=\"og:image:height\" content=\"720\" \/>\n\t<meta property=\"og:image:type\" content=\"image\/jpeg\" \/>\n<meta name=\"author\" content=\"Andre\u0301 Rangel\u00a0\" \/>\n<meta name=\"twitter:card\" content=\"summary_large_image\" \/>\n<meta name=\"twitter:label1\" content=\"Escrito por\" \/>\n\t<meta name=\"twitter:data1\" content=\"Andre\u0301 Rangel\u00a0\" \/>\n\t<meta name=\"twitter:label2\" content=\"Est. tempo de leitura\" \/>\n\t<meta name=\"twitter:data2\" content=\"4 minutos\" \/>\n<!-- \/ Yoast SEO plugin. -->","yoast_head_json":{"title":"A import\u00e2ncia do aquecimento e desaquecimento para evitar les\u00f5es - Estado de Minas - Em foco","description":"Seu treino come\u00e7a antes do exerc\u00edcio e termina depois. Saiba por que aquecer e desaquecer faz toda a diferen\u00e7a.","robots":{"index":"index","follow":"follow","max-snippet":"max-snippet:-1","max-image-preview":"max-image-preview:large","max-video-preview":"max-video-preview:-1"},"canonical":"https:\/\/www.em.com.br\/emfoco\/2025\/07\/15\/a-importancia-do-aquecimento-e-desaquecimento-para-evitar-lesoes\/","og_locale":"pt_BR","og_type":"article","og_title":"A import\u00e2ncia do aquecimento e desaquecimento para evitar les\u00f5es - Estado de Minas - Em foco","og_description":"Seu treino come\u00e7a antes do exerc\u00edcio e termina depois. Saiba por que aquecer e desaquecer faz toda a diferen\u00e7a.","og_url":"https:\/\/www.em.com.br\/emfoco\/2025\/07\/15\/a-importancia-do-aquecimento-e-desaquecimento-para-evitar-lesoes\/","og_site_name":"Estado de Minas - Em foco","article_published_time":"2025-07-15T23:08:00+00:00","article_modified_time":"2025-07-14T19:32:26+00:00","og_image":[{"width":1280,"height":720,"url":"https:\/\/www.em.com.br\/emfoco\/wp-content\/uploads\/2025\/06\/triceps-_1750262980934.jpg","type":"image\/jpeg"}],"author":"Andre\u0301 Rangel\u00a0","twitter_card":"summary_large_image","twitter_misc":{"Escrito por":"Andre\u0301 Rangel\u00a0","Est. tempo de leitura":"4 minutos"},"schema":{"@context":"https:\/\/schema.org","@graph":[{"@type":"WebPage","@id":"https:\/\/www.em.com.br\/emfoco\/2025\/07\/15\/a-importancia-do-aquecimento-e-desaquecimento-para-evitar-lesoes\/","url":"https:\/\/www.em.com.br\/emfoco\/2025\/07\/15\/a-importancia-do-aquecimento-e-desaquecimento-para-evitar-lesoes\/","name":"A import\u00e2ncia do aquecimento e desaquecimento para evitar les\u00f5es - Estado de Minas - Em foco","isPartOf":{"@id":"https:\/\/www.em.com.br\/emfoco\/#website"},"primaryImageOfPage":{"@id":"https:\/\/www.em.com.br\/emfoco\/2025\/07\/15\/a-importancia-do-aquecimento-e-desaquecimento-para-evitar-lesoes\/#primaryimage"},"image":{"@id":"https:\/\/www.em.com.br\/emfoco\/2025\/07\/15\/a-importancia-do-aquecimento-e-desaquecimento-para-evitar-lesoes\/#primaryimage"},"thumbnailUrl":"https:\/\/www.em.com.br\/emfoco\/wp-content\/uploads\/2025\/06\/triceps-_1750262980934.jpg","datePublished":"2025-07-15T23:08:00+00:00","dateModified":"2025-07-14T19:32:26+00:00","author":{"@id":"https:\/\/www.em.com.br\/emfoco\/#\/schema\/person\/60eda09c1fedf0d6891f4cef4b60b8b8"},"description":"Seu treino come\u00e7a antes do exerc\u00edcio e termina depois. Saiba por que aquecer e desaquecer faz toda a diferen\u00e7a.","breadcrumb":{"@id":"https:\/\/www.em.com.br\/emfoco\/2025\/07\/15\/a-importancia-do-aquecimento-e-desaquecimento-para-evitar-lesoes\/#breadcrumb"},"inLanguage":"pt-BR","potentialAction":[{"@type":"ReadAction","target":["https:\/\/www.em.com.br\/emfoco\/2025\/07\/15\/a-importancia-do-aquecimento-e-desaquecimento-para-evitar-lesoes\/"]}]},{"@type":"ImageObject","inLanguage":"pt-BR","@id":"https:\/\/www.em.com.br\/emfoco\/2025\/07\/15\/a-importancia-do-aquecimento-e-desaquecimento-para-evitar-lesoes\/#primaryimage","url":"https:\/\/www.em.com.br\/emfoco\/wp-content\/uploads\/2025\/06\/triceps-_1750262980934.jpg","contentUrl":"https:\/\/www.em.com.br\/emfoco\/wp-content\/uploads\/2025\/06\/triceps-_1750262980934.jpg","width":1280,"height":720,"caption":"Exerc\u00edcio tr\u00edceps - Cr\u00e9ditos: depositphotos.com \/ EdZbarzhyvetsky"},{"@type":"BreadcrumbList","@id":"https:\/\/www.em.com.br\/emfoco\/2025\/07\/15\/a-importancia-do-aquecimento-e-desaquecimento-para-evitar-lesoes\/#breadcrumb","itemListElement":[{"@type":"ListItem","position":1,"name":"In\u00edcio","item":"https:\/\/www.em.com.br\/emfoco\/"},{"@type":"ListItem","position":2,"name":"A import\u00e2ncia do aquecimento e desaquecimento para evitar les\u00f5es"}]},{"@type":"WebSite","@id":"https:\/\/www.em.com.br\/emfoco\/#website","url":"https:\/\/www.em.com.br\/emfoco\/","name":"Estado de Minas - Em foco","description":"Acompanhe as \u00faltimas not\u00edcias e fique bem informado sobre tudo o que acontece em Minas Gerais, Brasil e no mundo.","potentialAction":[{"@type":"SearchAction","target":{"@type":"EntryPoint","urlTemplate":"https:\/\/www.em.com.br\/emfoco\/?s={search_term_string}"},"query-input":{"@type":"PropertyValueSpecification","valueRequired":true,"valueName":"search_term_string"}}],"inLanguage":"pt-BR"},{"@type":"Person","@id":"https:\/\/www.em.com.br\/emfoco\/#\/schema\/person\/60eda09c1fedf0d6891f4cef4b60b8b8","name":"Andre\u0301 Rangel\u00a0","image":{"@type":"ImageObject","inLanguage":"pt-BR","@id":"https:\/\/www.em.com.br\/emfoco\/#\/schema\/person\/image\/","url":"https:\/\/secure.gravatar.com\/avatar\/6234dc814c77c8ef6d8bba622c787efc?s=96&d=mm&r=g","contentUrl":"https:\/\/secure.gravatar.com\/avatar\/6234dc814c77c8ef6d8bba622c787efc?s=96&d=mm&r=g","caption":"Andre\u0301 Rangel\u00a0"},"url":"https:\/\/www.em.com.br\/emfoco\/author\/luizmyth\/"}]}},"_links":{"self":[{"href":"https:\/\/www.em.com.br\/emfoco\/wp-json\/wp\/v2\/posts\/75654","targetHints":{"allow":["GET"]}}],"collection":[{"href":"https:\/\/www.em.com.br\/emfoco\/wp-json\/wp\/v2\/posts"}],"about":[{"href":"https:\/\/www.em.com.br\/emfoco\/wp-json\/wp\/v2\/types\/post"}],"author":[{"embeddable":true,"href":"https:\/\/www.em.com.br\/emfoco\/wp-json\/wp\/v2\/users\/11"}],"replies":[{"embeddable":true,"href":"https:\/\/www.em.com.br\/emfoco\/wp-json\/wp\/v2\/comments?post=75654"}],"version-history":[{"count":5,"href":"https:\/\/www.em.com.br\/emfoco\/wp-json\/wp\/v2\/posts\/75654\/revisions"}],"predecessor-version":[{"id":75772,"href":"https:\/\/www.em.com.br\/emfoco\/wp-json\/wp\/v2\/posts\/75654\/revisions\/75772"}],"wp:featuredmedia":[{"embeddable":true,"href":"https:\/\/www.em.com.br\/emfoco\/wp-json\/wp\/v2\/media\/63086"}],"wp:attachment":[{"href":"https:\/\/www.em.com.br\/emfoco\/wp-json\/wp\/v2\/media?parent=75654"}],"wp:term":[{"taxonomy":"category","embeddable":true,"href":"https:\/\/www.em.com.br\/emfoco\/wp-json\/wp\/v2\/categories?post=75654"},{"taxonomy":"post_tag","embeddable":true,"href":"https:\/\/www.em.com.br\/emfoco\/wp-json\/wp\/v2\/tags?post=75654"}],"curies":[{"name":"wp","href":"https:\/\/api.w.org\/{rel}","templated":true}]}}