{"id":7564,"date":"2024-12-30T17:00:00","date_gmt":"2024-12-30T20:00:00","guid":{"rendered":"https:\/\/www.em.com.br\/emfoco\/?p=7564"},"modified":"2024-12-29T19:11:57","modified_gmt":"2024-12-29T22:11:57","slug":"sua-vida-pode-mudar-com-a-nova-lei-do-bpc-confira","status":"publish","type":"post","link":"https:\/\/www.em.com.br\/emfoco\/2024\/12\/30\/sua-vida-pode-mudar-com-a-nova-lei-do-bpc-confira\/","title":{"rendered":"Sua vida pode mudar com a nova lei do BPC? Confira!"},"content":{"rendered":"\n<p>Em dezembro de 2023, o presidente Luiz In\u00e1cio Lula da Silva adicionou uma nova camada normativa \u00e0 legisla\u00e7\u00e3o previdenci\u00e1ria do Brasil ao sancionar o projeto de lei conhecido como pacote fiscal, que revisa regras do Benef\u00edcio de Presta\u00e7\u00e3o Continuada (<a href=\"https:\/\/www.gov.br\/mds\/pt-br\/acoes-e-programas\/suas\/beneficios-assistenciais\/beneficio-assistencial-ao-idoso-e-a-pessoa-com-deficiencia-bpc\" target=\"_blank\" rel=\"noreferrer noopener\">BPC<\/a>). As altera\u00e7\u00f5es v\u00eam acompanhadas de vetos pontuais que visam ajustar os crit\u00e9rios de concess\u00e3o desse importante aux\u00edlio social. Este benef\u00edcio, que comp\u00f5e a estrutura <a href=\"https:\/\/www.em.com.br\/emfoco\/2024\/12\/29\/as-regras-do-bpc-mudaram-voce-precisa-saber-disso\/\" target=\"_blank\" rel=\"noreferrer noopener\">assistencial <\/a>do pa\u00eds, \u00e9 voltado para pessoas com defici\u00eancia e idosos com 65 anos ou mais que vivem em situa\u00e7\u00e3o de vulnerabilidade.<\/p>\n\n\n\n<p>O BPC, por n\u00e3o exigir contribui\u00e7\u00f5es pr\u00e9vias ao Instituto Nacional de Seguro Social (INSS), distingue-se das aposentadorias comuns. Ele consiste em um repasse mensal no valor de um sal\u00e1rio m\u00ednimo, direcionado a membros da sociedade que n\u00e3o conseguem se sustentar sozinhos ou atrav\u00e9s de suas fam\u00edlias. Historicamente, o acesso ao BPC estava vinculado a uma renda familiar mensal inferior a um quarto do sal\u00e1rio m\u00ednimo. As novas diretrizes visam uma redistribui\u00e7\u00e3o mais criteriosa dos recursos destinados a esse benef\u00edcio.<\/p>\n\n\n\n<h2 class=\"wp-block-heading\">O que muda com a nova legisla\u00e7\u00e3o do BPC?<\/h2>\n\n\n\n<p>A atualiza\u00e7\u00e3o sancionada buscou introduzir avalia\u00e7\u00f5es mais criteriosas para a concess\u00e3o do BPC, com a inten\u00e7\u00e3o inicial de restringir o benef\u00edcio aos casos de defici\u00eancia moderada ou grave. Entretanto, ap\u00f3s an\u00e1lise, a exig\u00eancia de atestado de gravidade foi vetada. As pessoas com defici\u00eancia continuam eleg\u00edveis, por\u00e9m haver\u00e1 um regulamento, ainda em fase de aprova\u00e7\u00e3o pelo Congresso, que estabelecer\u00e1 os crit\u00e9rios para essa avalia\u00e7\u00e3o. Esta altera\u00e7\u00e3o pretende preservar a justi\u00e7a no acesso ao benef\u00edcio sem prejudicar aqueles que realmente necessitam.<\/p>\n\n\n<div class=\"wp-block-image\">\n<figure class=\"aligncenter size-large\"><img loading=\"lazy\" decoding=\"async\" width=\"1024\" height=\"576\" src=\"https:\/\/www.em.com.br\/emfoco\/wp-content\/uploads\/2024\/11\/Aposentados_1732978090144-1024x576.jpg\" alt=\"\" class=\"wp-image-2452\" srcset=\"https:\/\/www.em.com.br\/emfoco\/wp-content\/uploads\/2024\/11\/Aposentados_1732978090144-1024x576.jpg 1024w, https:\/\/www.em.com.br\/emfoco\/wp-content\/uploads\/2024\/11\/Aposentados_1732978090144-300x169.jpg 300w, https:\/\/www.em.com.br\/emfoco\/wp-content\/uploads\/2024\/11\/Aposentados_1732978090144-768x432.jpg 768w, https:\/\/www.em.com.br\/emfoco\/wp-content\/uploads\/2024\/11\/Aposentados_1732978090144-750x422.jpg 750w, https:\/\/www.em.com.br\/emfoco\/wp-content\/uploads\/2024\/11\/Aposentados_1732978090144-1140x641.jpg 1140w, https:\/\/www.em.com.br\/emfoco\/wp-content\/uploads\/2024\/11\/Aposentados_1732978090144.jpg 1280w\" sizes=\"auto, (max-width: 1024px) 100vw, 1024px\" \/><figcaption class=\"wp-element-caption\">Beneficios Cortados &#8211; Cr\u00e9ditos: depositphotos.com \/ AndrewLozovyi<\/figcaption><\/figure><\/div>\n\n\n<h2 class=\"wp-block-heading\">Como os rendimentos familiares influenciam no novo BPC?<\/h2>\n\n\n\n<p>Uma modifica\u00e7\u00e3o significativa na regulamenta\u00e7\u00e3o do BPC \u00e9 a forma de c\u00e1lculo da renda familiar. Anteriormente, a renda conjunta de todos os residentes em um im\u00f3vel era considerada, exceto o valor recebido como BPC. A nova legisla\u00e7\u00e3o mant\u00e9m essa premissa, no entanto, esclarece que a renda do c\u00f4njuge ou companheiro que n\u00e3o reside na mesma moradia n\u00e3o ser\u00e1 mais contabilizada. Outro ponto relevante \u00e9 que a presen\u00e7a de m\u00faltiplos benefici\u00e1rios BPC na mesma resid\u00eancia passa a ser permitida, desde que o rendimento n\u00e3o ultrapasse o limite estipulado.<\/p>\n\n\n\n<h2 class=\"wp-block-heading\">Quais s\u00e3o as novas obriga\u00e7\u00f5es para os benefici\u00e1rios do BPC?<\/h2>\n\n\n\n<p>Al\u00e9m das mudan\u00e7as econ\u00f4micas, os benefici\u00e1rios do BPC est\u00e3o agora sujeitos a novas exig\u00eancias administrativas. A atualiza\u00e7\u00e3o de dados cadastrais \u00e9 mandat\u00f3ria, devendo ocorrer a cada dois anos. Para garantir maior seguran\u00e7a e efici\u00eancia, o uso de biometria ser\u00e1 implementado, excetuando-se as \u00e1reas onde a tecnologia n\u00e3o puder ser aplicada por falta de infraestrutura. Esta medida pretende assegurar a regularidade e a veracidade das informa\u00e7\u00f5es dos benefici\u00e1rios, al\u00e9m de combater fraudes.<\/p>\n\n\n\n<h2 class=\"wp-block-heading\">Qual \u00e9 o impacto esperado das novas regras do BPC?<\/h2>\n\n\n\n<p>O governo brasileiro espera que as mudan\u00e7as nas regras de concess\u00e3o do BPC resultem em uma economia significativa, estimada inicialmente em torno de R$ 2 bilh\u00f5es por ano. No entanto, ainda n\u00e3o foi divulgada uma proje\u00e7\u00e3o atualizada ap\u00f3s os vetos presidenciais. O objetivo \u00e9 otimizar a distribui\u00e7\u00e3o dos recursos, canalizando-os de maneira mais eficaz aos necessitados e, assim, diminuir o impacto fiscal do benef\u00edcio sobre as finan\u00e7as p\u00fablicas.<\/p>\n\n\n\n<p>O cen\u00e1rio apresentado pela nova legisla\u00e7\u00e3o do BPC reflete um equil\u00edbrio cuidadoso entre a necessidade de conten\u00e7\u00e3o fiscal e a responsabilidade social de amparar os mais vulner\u00e1veis. O governo seguir\u00e1 monitorando seus efeitos para garantir que a assist\u00eancia social continue cumprindo seu papel essencial de apoio aos cidad\u00e3os em situa\u00e7\u00e3o de vulnerabilidade.<\/p>\n","protected":false},"excerpt":{"rendered":"<p>Em dezembro de 2023, o presidente Luiz In\u00e1cio Lula da Silva adicionou uma nova camada normativa \u00e0 legisla\u00e7\u00e3o previdenci\u00e1ria do Brasil ao sancionar o projeto de lei conhecido como pacote fiscal, que revisa regras do Benef\u00edcio de Presta\u00e7\u00e3o Continuada (BPC). As altera\u00e7\u00f5es v\u00eam acompanhadas de vetos pontuais que visam ajustar os crit\u00e9rios de concess\u00e3o desse [&hellip;]<\/p>\n","protected":false},"author":7,"featured_media":7566,"comment_status":"open","ping_status":"open","sticky":false,"template":"","format":"standard","meta":{"jnews-multi-image_gallery":[],"jnews_single_post":{"format":"standard"},"jnews_primary_category":[],"jnews_social_meta":[],"jnews_override_counter":[],"footnotes":""},"categories":[28],"tags":[2656,257,490,610,2257,1070],"class_list":["post-7564","post","type-post","status-publish","format-standard","has-post-thumbnail","hentry","category-economia","tag-beneficio-assistencial","tag-bpc","tag-idoso","tag-legislacao-brasileira","tag-pessoa-com-deficiencia","tag-vulnerabilidade"],"yoast_head":"<!-- This site is optimized with the Yoast SEO plugin v23.8 - https:\/\/yoast.com\/wordpress\/plugins\/seo\/ -->\n<title>Sua vida pode mudar com a nova lei do BPC? Confira! - Estado de Minas - Em foco<\/title>\n<meta name=\"description\" content=\"Entenda as novas regras do Benef\u00edcio de Presta\u00e7\u00e3o Continuada (BPC) no Brasil, quem tem direito, como requerer e qual o impacto fiscal esperado, al\u00e9m de conhecer a estrutura do programa.\" \/>\n<meta name=\"robots\" content=\"index, follow, max-snippet:-1, max-image-preview:large, max-video-preview:-1\" \/>\n<link rel=\"canonical\" href=\"https:\/\/www.em.com.br\/emfoco\/2024\/12\/30\/sua-vida-pode-mudar-com-a-nova-lei-do-bpc-confira\/\" \/>\n<meta property=\"og:locale\" content=\"pt_BR\" \/>\n<meta property=\"og:type\" content=\"article\" \/>\n<meta property=\"og:title\" content=\"Sua vida pode mudar com a nova lei do BPC? Confira! - Estado de Minas - Em foco\" \/>\n<meta property=\"og:description\" content=\"Entenda as novas regras do Benef\u00edcio de Presta\u00e7\u00e3o Continuada (BPC) no Brasil, quem tem direito, como requerer e qual o impacto fiscal esperado, al\u00e9m de conhecer a estrutura do programa.\" \/>\n<meta property=\"og:url\" content=\"https:\/\/www.em.com.br\/emfoco\/2024\/12\/30\/sua-vida-pode-mudar-com-a-nova-lei-do-bpc-confira\/\" \/>\n<meta property=\"og:site_name\" content=\"Estado de Minas - Em foco\" \/>\n<meta property=\"article:published_time\" content=\"2024-12-30T20:00:00+00:00\" \/>\n<meta property=\"article:modified_time\" content=\"2024-12-29T22:11:57+00:00\" \/>\n<meta property=\"og:image\" content=\"https:\/\/www.em.com.br\/emfoco\/wp-content\/uploads\/2024\/12\/Aposentados_1735510146884.jpg\" \/>\n\t<meta property=\"og:image:width\" content=\"1280\" \/>\n\t<meta property=\"og:image:height\" content=\"720\" \/>\n\t<meta property=\"og:image:type\" content=\"image\/jpeg\" \/>\n<meta name=\"author\" content=\"Kelvin\" \/>\n<meta name=\"twitter:card\" content=\"summary_large_image\" \/>\n<meta name=\"twitter:label1\" content=\"Escrito por\" \/>\n\t<meta name=\"twitter:data1\" content=\"Kelvin\" \/>\n\t<meta name=\"twitter:label2\" content=\"Est. tempo de leitura\" \/>\n\t<meta name=\"twitter:data2\" content=\"4 minutos\" \/>\n<!-- \/ Yoast SEO plugin. -->","yoast_head_json":{"title":"Sua vida pode mudar com a nova lei do BPC? Confira! - Estado de Minas - Em foco","description":"Entenda as novas regras do Benef\u00edcio de Presta\u00e7\u00e3o Continuada (BPC) no Brasil, quem tem direito, como requerer e qual o impacto fiscal esperado, al\u00e9m de conhecer a estrutura do programa.","robots":{"index":"index","follow":"follow","max-snippet":"max-snippet:-1","max-image-preview":"max-image-preview:large","max-video-preview":"max-video-preview:-1"},"canonical":"https:\/\/www.em.com.br\/emfoco\/2024\/12\/30\/sua-vida-pode-mudar-com-a-nova-lei-do-bpc-confira\/","og_locale":"pt_BR","og_type":"article","og_title":"Sua vida pode mudar com a nova lei do BPC? Confira! - Estado de Minas - Em foco","og_description":"Entenda as novas regras do Benef\u00edcio de Presta\u00e7\u00e3o Continuada (BPC) no Brasil, quem tem direito, como requerer e qual o impacto fiscal esperado, al\u00e9m de conhecer a estrutura do programa.","og_url":"https:\/\/www.em.com.br\/emfoco\/2024\/12\/30\/sua-vida-pode-mudar-com-a-nova-lei-do-bpc-confira\/","og_site_name":"Estado de Minas - Em foco","article_published_time":"2024-12-30T20:00:00+00:00","article_modified_time":"2024-12-29T22:11:57+00:00","og_image":[{"width":1280,"height":720,"url":"https:\/\/www.em.com.br\/emfoco\/wp-content\/uploads\/2024\/12\/Aposentados_1735510146884.jpg","type":"image\/jpeg"}],"author":"Kelvin","twitter_card":"summary_large_image","twitter_misc":{"Escrito por":"Kelvin","Est. tempo de leitura":"4 minutos"},"schema":{"@context":"https:\/\/schema.org","@graph":[{"@type":"WebPage","@id":"https:\/\/www.em.com.br\/emfoco\/2024\/12\/30\/sua-vida-pode-mudar-com-a-nova-lei-do-bpc-confira\/","url":"https:\/\/www.em.com.br\/emfoco\/2024\/12\/30\/sua-vida-pode-mudar-com-a-nova-lei-do-bpc-confira\/","name":"Sua vida pode mudar com a nova lei do BPC? Confira! - Estado de Minas - Em foco","isPartOf":{"@id":"https:\/\/www.em.com.br\/emfoco\/#website"},"primaryImageOfPage":{"@id":"https:\/\/www.em.com.br\/emfoco\/2024\/12\/30\/sua-vida-pode-mudar-com-a-nova-lei-do-bpc-confira\/#primaryimage"},"image":{"@id":"https:\/\/www.em.com.br\/emfoco\/2024\/12\/30\/sua-vida-pode-mudar-com-a-nova-lei-do-bpc-confira\/#primaryimage"},"thumbnailUrl":"https:\/\/www.em.com.br\/emfoco\/wp-content\/uploads\/2024\/12\/Aposentados_1735510146884.jpg","datePublished":"2024-12-30T20:00:00+00:00","dateModified":"2024-12-29T22:11:57+00:00","author":{"@id":"https:\/\/www.em.com.br\/emfoco\/#\/schema\/person\/fb0a7f48c6fbb94b83f413a80f61917d"},"description":"Entenda as novas regras do Benef\u00edcio de Presta\u00e7\u00e3o Continuada (BPC) no Brasil, quem tem direito, como requerer e qual o impacto fiscal esperado, al\u00e9m de conhecer a estrutura do programa.","breadcrumb":{"@id":"https:\/\/www.em.com.br\/emfoco\/2024\/12\/30\/sua-vida-pode-mudar-com-a-nova-lei-do-bpc-confira\/#breadcrumb"},"inLanguage":"pt-BR","potentialAction":[{"@type":"ReadAction","target":["https:\/\/www.em.com.br\/emfoco\/2024\/12\/30\/sua-vida-pode-mudar-com-a-nova-lei-do-bpc-confira\/"]}]},{"@type":"ImageObject","inLanguage":"pt-BR","@id":"https:\/\/www.em.com.br\/emfoco\/2024\/12\/30\/sua-vida-pode-mudar-com-a-nova-lei-do-bpc-confira\/#primaryimage","url":"https:\/\/www.em.com.br\/emfoco\/wp-content\/uploads\/2024\/12\/Aposentados_1735510146884.jpg","contentUrl":"https:\/\/www.em.com.br\/emfoco\/wp-content\/uploads\/2024\/12\/Aposentados_1735510146884.jpg","width":1280,"height":720,"caption":"Aposentados - Cr\u00e9ditos: depositphotos.com \/ AntonLozovoy"},{"@type":"BreadcrumbList","@id":"https:\/\/www.em.com.br\/emfoco\/2024\/12\/30\/sua-vida-pode-mudar-com-a-nova-lei-do-bpc-confira\/#breadcrumb","itemListElement":[{"@type":"ListItem","position":1,"name":"In\u00edcio","item":"https:\/\/www.em.com.br\/emfoco\/"},{"@type":"ListItem","position":2,"name":"Sua vida pode mudar com a nova lei do BPC? Confira!"}]},{"@type":"WebSite","@id":"https:\/\/www.em.com.br\/emfoco\/#website","url":"https:\/\/www.em.com.br\/emfoco\/","name":"Estado de Minas - Em foco","description":"Acompanhe as \u00faltimas not\u00edcias e fique bem informado sobre tudo o que acontece em Minas Gerais, Brasil e no mundo.","potentialAction":[{"@type":"SearchAction","target":{"@type":"EntryPoint","urlTemplate":"https:\/\/www.em.com.br\/emfoco\/?s={search_term_string}"},"query-input":{"@type":"PropertyValueSpecification","valueRequired":true,"valueName":"search_term_string"}}],"inLanguage":"pt-BR"},{"@type":"Person","@id":"https:\/\/www.em.com.br\/emfoco\/#\/schema\/person\/fb0a7f48c6fbb94b83f413a80f61917d","name":"Kelvin","image":{"@type":"ImageObject","inLanguage":"pt-BR","@id":"https:\/\/www.em.com.br\/emfoco\/#\/schema\/person\/image\/","url":"https:\/\/secure.gravatar.com\/avatar\/e74f84337e6bf6c4c5e88fbdffa05270?s=96&d=mm&r=g","contentUrl":"https:\/\/secure.gravatar.com\/avatar\/e74f84337e6bf6c4c5e88fbdffa05270?s=96&d=mm&r=g","caption":"Kelvin"},"sameAs":["https:\/\/www.em.com.br\/emfoco"],"url":"https:\/\/www.em.com.br\/emfoco\/author\/kelvinmyth\/"}]}},"_links":{"self":[{"href":"https:\/\/www.em.com.br\/emfoco\/wp-json\/wp\/v2\/posts\/7564","targetHints":{"allow":["GET"]}}],"collection":[{"href":"https:\/\/www.em.com.br\/emfoco\/wp-json\/wp\/v2\/posts"}],"about":[{"href":"https:\/\/www.em.com.br\/emfoco\/wp-json\/wp\/v2\/types\/post"}],"author":[{"embeddable":true,"href":"https:\/\/www.em.com.br\/emfoco\/wp-json\/wp\/v2\/users\/7"}],"replies":[{"embeddable":true,"href":"https:\/\/www.em.com.br\/emfoco\/wp-json\/wp\/v2\/comments?post=7564"}],"version-history":[{"count":2,"href":"https:\/\/www.em.com.br\/emfoco\/wp-json\/wp\/v2\/posts\/7564\/revisions"}],"predecessor-version":[{"id":7568,"href":"https:\/\/www.em.com.br\/emfoco\/wp-json\/wp\/v2\/posts\/7564\/revisions\/7568"}],"wp:featuredmedia":[{"embeddable":true,"href":"https:\/\/www.em.com.br\/emfoco\/wp-json\/wp\/v2\/media\/7566"}],"wp:attachment":[{"href":"https:\/\/www.em.com.br\/emfoco\/wp-json\/wp\/v2\/media?parent=7564"}],"wp:term":[{"taxonomy":"category","embeddable":true,"href":"https:\/\/www.em.com.br\/emfoco\/wp-json\/wp\/v2\/categories?post=7564"},{"taxonomy":"post_tag","embeddable":true,"href":"https:\/\/www.em.com.br\/emfoco\/wp-json\/wp\/v2\/tags?post=7564"}],"curies":[{"name":"wp","href":"https:\/\/api.w.org\/{rel}","templated":true}]}}