{"id":75564,"date":"2025-07-15T09:18:56","date_gmt":"2025-07-15T12:18:56","guid":{"rendered":"https:\/\/www.em.com.br\/emfoco\/?p=75564"},"modified":"2025-07-15T10:42:31","modified_gmt":"2025-07-15T13:42:31","slug":"voce-sabia-que-o-uso-de-desodorante-e-bem-recente","status":"publish","type":"post","link":"https:\/\/www.em.com.br\/emfoco\/2025\/07\/15\/voce-sabia-que-o-uso-de-desodorante-e-bem-recente\/","title":{"rendered":"Voc\u00ea sabia que o uso de desodorante \u00e9 bem recente?"},"content":{"rendered":"\n<p>O uso do desodorante \u00e9 essencial na rotina di\u00e1ria de muitas pessoas, servindo como uma defesa eficaz contra os odores corporais. A necessidade por produtos que promovam frescor n\u00e3o reside apenas na busca pelo conforto, mas tamb\u00e9m na preserva\u00e7\u00e3o da higiene pessoal. Al\u00e9m disso, investigar a origem hist\u00f3rica dessa pr\u00e1tica revela como ao longo dos anos, o desodorante evoluiu para se tornar indispens\u00e1vel na cultura contempor\u00e2nea.<\/p>\n\n\n\n<ul class=\"wp-block-list\">\n<li><strong>Fun\u00e7\u00e3o principal:<\/strong> controle de odores e suor<\/li>\n\n\n\n<li><strong>Evolu\u00e7\u00e3o hist\u00f3rica:<\/strong> do al\u00famen de pot\u00e1ssio aos modernos antitranspirantes<\/li>\n\n\n\n<li><strong>Variedades:<\/strong> spray, roll-on, bast\u00e3o, entre outros<\/li>\n<\/ul>\n\n\n\n<h2 class=\"wp-block-heading\">Por que utilizamos desodorante?<\/h2>\n\n\n\n<p>Os desodorantes s\u00e3o usados principalmente para eliminar ou mascarar odores corporais causados pela decomposi\u00e7\u00e3o das bact\u00e9rias presentes no suor. Quando o corpo transpira, ele libera um l\u00edquido salgado que \u00e9 ideal para prolifera\u00e7\u00e3o bacteriana, resultando em odores desagrad\u00e1veis. Portanto, a aplica\u00e7\u00e3o de desodorante ajuda n\u00e3o apenas no controle desses odores, mas tamb\u00e9m na redu\u00e7\u00e3o do suor, quando se trata de antitranspirantes.<\/p>\n\n\n\n<p>Al\u00e9m da quest\u00e3o pr\u00e1tica, usar desodorante tornou-se um padr\u00e3o social, associado \u00e0 manuten\u00e7\u00e3o de uma higiene adequada. N\u00e3o utilizar esses produtos pode levar a um certo estigma social, especialmente em ambientes coletivos como escrit\u00f3rios e transportes p\u00fablicos.<\/p>\n\n\n<div class=\"wp-block-image\">\n<figure class=\"aligncenter size-large\"><img loading=\"lazy\" decoding=\"async\" width=\"1024\" height=\"576\" src=\"https:\/\/www.em.com.br\/emfoco\/wp-content\/uploads\/2025\/07\/Desodorante-1024x576.png\" alt=\"Desodorante\" class=\"wp-image-75573\" srcset=\"https:\/\/www.em.com.br\/emfoco\/wp-content\/uploads\/2025\/07\/Desodorante-1024x576.png 1024w, https:\/\/www.em.com.br\/emfoco\/wp-content\/uploads\/2025\/07\/Desodorante-300x169.png 300w, https:\/\/www.em.com.br\/emfoco\/wp-content\/uploads\/2025\/07\/Desodorante-768x432.png 768w, https:\/\/www.em.com.br\/emfoco\/wp-content\/uploads\/2025\/07\/Desodorante-750x422.png 750w, https:\/\/www.em.com.br\/emfoco\/wp-content\/uploads\/2025\/07\/Desodorante-1140x641.png 1140w, https:\/\/www.em.com.br\/emfoco\/wp-content\/uploads\/2025\/07\/Desodorante.png 1280w\" sizes=\"auto, (max-width: 1024px) 100vw, 1024px\" \/><figcaption class=\"wp-element-caption\">Desodorante &#8211; Cr\u00e9ditos: depositphotos.com \/ IgorVetushko &#8211; Cr\u00e9ditos: depositphotos.com \/ AllaSerebrina<\/figcaption><\/figure><\/div>\n\n\n<h2 class=\"wp-block-heading\">Qual a origem do desodorante?<\/h2>\n\n\n\n<p>O combate ao odor corporal n\u00e3o \u00e9 um conceito moderno. Civiliza\u00e7\u00f5es antigas, incluindo os eg\u00edpcios, j\u00e1 estavam atentas \u00e0 necessidade de neutralizar odores indesejados, utilizando compostos naturais como especiarias e ess\u00eancias. A introdu\u00e7\u00e3o do al\u00famen de pot\u00e1ssio foi precursora dos desodorantes modernos, sendo usada durante a Idade M\u00e9dia como uma forma primitiva de combater o cheiro desagrad\u00e1vel.<\/p>\n\n\n\n<p>Contudo, o primeiro desodorante comercialmente dispon\u00edvel surgiu somente no final do s\u00e9culo XIX. Em 1888, o desodorante chamado \u201cMum\u201d, uma pasta para ser aplicada nas axilas, foi lan\u00e7ado nos Estados Unidos, revolucionando os cuidados pessoais. O tempo avan\u00e7ou e os desenvolvimentos tecnol\u00f3gicos transformaram o desodorante em um produto acess\u00edvel e diversificado, presente em v\u00e1rias formula\u00e7\u00f5es e formatos para atender a todas as prefer\u00eancias pessoais.<\/p>\n\n\n\n<p>Leia tamb\u00e9m: <a href=\"https:\/\/www.em.com.br\/emfoco\/2025\/07\/14\/bebe-precisa-arrotar-sempre-apos-as-mamadas-veja-o-que-dizem-os-pediatras\/\" target=\"_blank\" rel=\"noreferrer noopener\">Beb\u00ea precisa arrotar sempre ap\u00f3s as mamadas? Veja o que dizem os pediatras<\/a><\/p>\n\n\n\n<h2 class=\"wp-block-heading\">Quais s\u00e3o as varia\u00e7\u00f5es de desodorantes atuais?<\/h2>\n\n\n\n<p>No mercado atual, a diversidade de desodorantes \u00e9 vasta, com op\u00e7\u00f5es que atendem \u00e0s diferentes necessidades. Existem desodorantes em spray, roll-on, stick e em creme, cada um com suas particularidades. Enquanto alguns s\u00e3o projetados exclusivamente para combater odores, outros t\u00eam propriedades antitranspirantes, focando na redu\u00e7\u00e3o da produ\u00e7\u00e3o de suor.<\/p>\n\n\n\n<ul class=\"wp-block-list\">\n<li><strong>Sprays:<\/strong> oferecem cobertura uniforme e secagem r\u00e1pida<\/li>\n\n\n\n<li><strong>Roll-on:<\/strong> conhecidos por sua aplica\u00e7\u00e3o precisa e hidrata\u00e7\u00e3o<\/li>\n\n\n\n<li><strong>Stick:<\/strong> preferidos por aqueles que buscam produtos sem \u00e1lcool<\/li>\n<\/ul>\n\n\n\n<p>Al\u00e9m disso, h\u00e1 uma crescente demanda por <a href=\"https:\/\/www.cnnbrasil.com.br\/saude\/especialistas-avaliam-a-necessidade-de-desodorante-confira\/\" target=\"_blank\" rel=\"noreferrer noopener\">desodorantes<\/a> naturais e veganos, que evitam compostos qu\u00edmicos sint\u00e9ticos, como alum\u00ednio e parabenos, e optam por ingredientes mais gentis e sustent\u00e1veis.<\/p>\n\n\n\n<h2 class=\"wp-block-heading\">Impactos do uso do desodorante no dia a dia<\/h2>\n\n\n\n<p>O uso do desodorante vai al\u00e9m do controle dos odores; ele tamb\u00e9m possui um impacto psicol\u00f3gico na confian\u00e7a pessoal e na forma como algu\u00e9m se apresenta socialmente. Uma sensa\u00e7\u00e3o de frescor pode melhorar a autoestima, influenciando intera\u00e7\u00f5es e autopercep\u00e7\u00e3o.<\/p>\n\n\n\n<p>Em ambientes profissionais, sentir-se seguro com a higiene pessoal pode afetar positivamente a produtividade e a disposi\u00e7\u00e3o para enfrentar desafios di\u00e1rios. Portanto, a escolha do desodorante adequado \u00e9 uma decis\u00e3o pessoal que pode afetar v\u00e1rios aspectos do bem-estar di\u00e1rio.<\/p>\n\n\n\n<h2 class=\"wp-block-heading\">A relev\u00e2ncia cont\u00ednua dos desodorantes<\/h2>\n\n\n\n<ul class=\"wp-block-list\">\n<li>A evolu\u00e7\u00e3o dos desodorantes reflete o avan\u00e7o das necessidades e expectativas sociais em rela\u00e7\u00e3o \u00e0 higiene pessoal.<\/li>\n\n\n\n<li>A prolifera\u00e7\u00e3o de diferentes tipos de desodorantes no mercado destaca a demanda por produtos personalizados, que atendam a necessidades espec\u00edficas de sa\u00fade e percep\u00e7\u00e3o pessoal.<\/li>\n\n\n\n<li>Considerar escolhas conscientes e optar por produtos que alinhem efici\u00eancia com sustentabilidade \u00e9 cada vez mais importante.<\/li>\n<\/ul>\n\n\n\n<p>Em suma, o desodorante \u00e9 um elemento fundamental na rotina de cuidados pessoais de hoje, com uma fun\u00e7\u00e3o primordial que transcende a mera est\u00e9tica, garantindo confian\u00e7a e bem-estar di\u00e1rio.<\/p>\n","protected":false},"excerpt":{"rendered":"<p>O uso do desodorante \u00e9 essencial na rotina di\u00e1ria de muitas pessoas, servindo como uma defesa eficaz contra os odores corporais. A necessidade por produtos que promovam frescor n\u00e3o reside apenas na busca pelo conforto, mas tamb\u00e9m na preserva\u00e7\u00e3o da higiene pessoal. Al\u00e9m disso, investigar a origem hist\u00f3rica dessa pr\u00e1tica revela como ao longo dos [&hellip;]<\/p>\n","protected":false},"author":15,"featured_media":75569,"comment_status":"open","ping_status":"open","sticky":false,"template":"","format":"standard","meta":{"jnews-multi-image_gallery":[],"jnews_single_post":{"format":"standard"},"jnews_primary_category":[],"jnews_social_meta":[],"jnews_override_counter":[],"footnotes":""},"categories":[8819],"tags":[5056,6080,237,12139,5972],"class_list":["post-75564","post","type-post","status-publish","format-standard","has-post-thumbnail","hentry","category-curiosidades","tag-desodorante","tag-higiene","tag-historia","tag-odor","tag-suor"],"yoast_head":"<!-- This site is optimized with the Yoast SEO plugin v23.8 - https:\/\/yoast.com\/wordpress\/plugins\/seo\/ -->\n<title>Voc\u00ea sabia que o uso de desodorante \u00e9 bem recente? - Estado de Minas - Em foco<\/title>\n<meta name=\"description\" content=\"A hist\u00f3ria do desodorante passa por ci\u00eancia moda e controle do corpo. Entenda por que ele virou um item essencial na vida cotidiana.\" \/>\n<meta name=\"robots\" content=\"index, follow, max-snippet:-1, max-image-preview:large, max-video-preview:-1\" \/>\n<link rel=\"canonical\" href=\"https:\/\/www.em.com.br\/emfoco\/2025\/07\/15\/voce-sabia-que-o-uso-de-desodorante-e-bem-recente\/\" \/>\n<meta property=\"og:locale\" content=\"pt_BR\" \/>\n<meta property=\"og:type\" content=\"article\" \/>\n<meta property=\"og:title\" content=\"Voc\u00ea sabia que o uso de desodorante \u00e9 bem recente? - Estado de Minas - Em foco\" \/>\n<meta property=\"og:description\" content=\"A hist\u00f3ria do desodorante passa por ci\u00eancia moda e controle do corpo. Entenda por que ele virou um item essencial na vida cotidiana.\" \/>\n<meta property=\"og:url\" content=\"https:\/\/www.em.com.br\/emfoco\/2025\/07\/15\/voce-sabia-que-o-uso-de-desodorante-e-bem-recente\/\" \/>\n<meta property=\"og:site_name\" content=\"Estado de Minas - Em foco\" \/>\n<meta property=\"article:published_time\" content=\"2025-07-15T12:18:56+00:00\" \/>\n<meta property=\"article:modified_time\" content=\"2025-07-15T13:42:31+00:00\" \/>\n<meta property=\"og:image\" content=\"https:\/\/www.em.com.br\/emfoco\/wp-content\/uploads\/2025\/07\/desodorante_1752502990822.jpg\" \/>\n\t<meta property=\"og:image:width\" content=\"1280\" \/>\n\t<meta property=\"og:image:height\" content=\"720\" \/>\n\t<meta property=\"og:image:type\" content=\"image\/jpeg\" \/>\n<meta name=\"author\" content=\"Douglas Myth\" \/>\n<meta name=\"twitter:card\" content=\"summary_large_image\" \/>\n<meta name=\"twitter:label1\" content=\"Escrito por\" \/>\n\t<meta name=\"twitter:data1\" content=\"Douglas Myth\" \/>\n\t<meta name=\"twitter:label2\" content=\"Est. tempo de leitura\" \/>\n\t<meta name=\"twitter:data2\" content=\"4 minutos\" \/>\n<!-- \/ Yoast SEO plugin. -->","yoast_head_json":{"title":"Voc\u00ea sabia que o uso de desodorante \u00e9 bem recente? - Estado de Minas - Em foco","description":"A hist\u00f3ria do desodorante passa por ci\u00eancia moda e controle do corpo. Entenda por que ele virou um item essencial na vida cotidiana.","robots":{"index":"index","follow":"follow","max-snippet":"max-snippet:-1","max-image-preview":"max-image-preview:large","max-video-preview":"max-video-preview:-1"},"canonical":"https:\/\/www.em.com.br\/emfoco\/2025\/07\/15\/voce-sabia-que-o-uso-de-desodorante-e-bem-recente\/","og_locale":"pt_BR","og_type":"article","og_title":"Voc\u00ea sabia que o uso de desodorante \u00e9 bem recente? - Estado de Minas - Em foco","og_description":"A hist\u00f3ria do desodorante passa por ci\u00eancia moda e controle do corpo. Entenda por que ele virou um item essencial na vida cotidiana.","og_url":"https:\/\/www.em.com.br\/emfoco\/2025\/07\/15\/voce-sabia-que-o-uso-de-desodorante-e-bem-recente\/","og_site_name":"Estado de Minas - Em foco","article_published_time":"2025-07-15T12:18:56+00:00","article_modified_time":"2025-07-15T13:42:31+00:00","og_image":[{"width":1280,"height":720,"url":"https:\/\/www.em.com.br\/emfoco\/wp-content\/uploads\/2025\/07\/desodorante_1752502990822.jpg","type":"image\/jpeg"}],"author":"Douglas Myth","twitter_card":"summary_large_image","twitter_misc":{"Escrito por":"Douglas Myth","Est. tempo de leitura":"4 minutos"},"schema":{"@context":"https:\/\/schema.org","@graph":[{"@type":"WebPage","@id":"https:\/\/www.em.com.br\/emfoco\/2025\/07\/15\/voce-sabia-que-o-uso-de-desodorante-e-bem-recente\/","url":"https:\/\/www.em.com.br\/emfoco\/2025\/07\/15\/voce-sabia-que-o-uso-de-desodorante-e-bem-recente\/","name":"Voc\u00ea sabia que o uso de desodorante \u00e9 bem recente? - Estado de Minas - Em foco","isPartOf":{"@id":"https:\/\/www.em.com.br\/emfoco\/#website"},"primaryImageOfPage":{"@id":"https:\/\/www.em.com.br\/emfoco\/2025\/07\/15\/voce-sabia-que-o-uso-de-desodorante-e-bem-recente\/#primaryimage"},"image":{"@id":"https:\/\/www.em.com.br\/emfoco\/2025\/07\/15\/voce-sabia-que-o-uso-de-desodorante-e-bem-recente\/#primaryimage"},"thumbnailUrl":"https:\/\/www.em.com.br\/emfoco\/wp-content\/uploads\/2025\/07\/desodorante_1752502990822.jpg","datePublished":"2025-07-15T12:18:56+00:00","dateModified":"2025-07-15T13:42:31+00:00","author":{"@id":"https:\/\/www.em.com.br\/emfoco\/#\/schema\/person\/bba594b7eebe9b9885fec3a5c7837089"},"description":"A hist\u00f3ria do desodorante passa por ci\u00eancia moda e controle do corpo. Entenda por que ele virou um item essencial na vida cotidiana.","breadcrumb":{"@id":"https:\/\/www.em.com.br\/emfoco\/2025\/07\/15\/voce-sabia-que-o-uso-de-desodorante-e-bem-recente\/#breadcrumb"},"inLanguage":"pt-BR","potentialAction":[{"@type":"ReadAction","target":["https:\/\/www.em.com.br\/emfoco\/2025\/07\/15\/voce-sabia-que-o-uso-de-desodorante-e-bem-recente\/"]}]},{"@type":"ImageObject","inLanguage":"pt-BR","@id":"https:\/\/www.em.com.br\/emfoco\/2025\/07\/15\/voce-sabia-que-o-uso-de-desodorante-e-bem-recente\/#primaryimage","url":"https:\/\/www.em.com.br\/emfoco\/wp-content\/uploads\/2025\/07\/desodorante_1752502990822.jpg","contentUrl":"https:\/\/www.em.com.br\/emfoco\/wp-content\/uploads\/2025\/07\/desodorante_1752502990822.jpg","width":1280,"height":720,"caption":"Desodorante - Cr\u00e9ditos: depositphotos.com \/ AntonMatyukha"},{"@type":"BreadcrumbList","@id":"https:\/\/www.em.com.br\/emfoco\/2025\/07\/15\/voce-sabia-que-o-uso-de-desodorante-e-bem-recente\/#breadcrumb","itemListElement":[{"@type":"ListItem","position":1,"name":"In\u00edcio","item":"https:\/\/www.em.com.br\/emfoco\/"},{"@type":"ListItem","position":2,"name":"Voc\u00ea sabia que o uso de desodorante \u00e9 bem recente?"}]},{"@type":"WebSite","@id":"https:\/\/www.em.com.br\/emfoco\/#website","url":"https:\/\/www.em.com.br\/emfoco\/","name":"Estado de Minas - Em foco","description":"Acompanhe as \u00faltimas not\u00edcias e fique bem informado sobre tudo o que acontece em Minas Gerais, Brasil e no mundo.","potentialAction":[{"@type":"SearchAction","target":{"@type":"EntryPoint","urlTemplate":"https:\/\/www.em.com.br\/emfoco\/?s={search_term_string}"},"query-input":{"@type":"PropertyValueSpecification","valueRequired":true,"valueName":"search_term_string"}}],"inLanguage":"pt-BR"},{"@type":"Person","@id":"https:\/\/www.em.com.br\/emfoco\/#\/schema\/person\/bba594b7eebe9b9885fec3a5c7837089","name":"Douglas Myth","image":{"@type":"ImageObject","inLanguage":"pt-BR","@id":"https:\/\/www.em.com.br\/emfoco\/#\/schema\/person\/image\/","url":"https:\/\/secure.gravatar.com\/avatar\/1ac3cf50d0e68642c697dc0c960c802f?s=96&d=mm&r=g","contentUrl":"https:\/\/secure.gravatar.com\/avatar\/1ac3cf50d0e68642c697dc0c960c802f?s=96&d=mm&r=g","caption":"Douglas Myth"},"url":"https:\/\/www.em.com.br\/emfoco\/author\/douglasmyth\/"}]}},"_links":{"self":[{"href":"https:\/\/www.em.com.br\/emfoco\/wp-json\/wp\/v2\/posts\/75564","targetHints":{"allow":["GET"]}}],"collection":[{"href":"https:\/\/www.em.com.br\/emfoco\/wp-json\/wp\/v2\/posts"}],"about":[{"href":"https:\/\/www.em.com.br\/emfoco\/wp-json\/wp\/v2\/types\/post"}],"author":[{"embeddable":true,"href":"https:\/\/www.em.com.br\/emfoco\/wp-json\/wp\/v2\/users\/15"}],"replies":[{"embeddable":true,"href":"https:\/\/www.em.com.br\/emfoco\/wp-json\/wp\/v2\/comments?post=75564"}],"version-history":[{"count":3,"href":"https:\/\/www.em.com.br\/emfoco\/wp-json\/wp\/v2\/posts\/75564\/revisions"}],"predecessor-version":[{"id":76181,"href":"https:\/\/www.em.com.br\/emfoco\/wp-json\/wp\/v2\/posts\/75564\/revisions\/76181"}],"wp:featuredmedia":[{"embeddable":true,"href":"https:\/\/www.em.com.br\/emfoco\/wp-json\/wp\/v2\/media\/75569"}],"wp:attachment":[{"href":"https:\/\/www.em.com.br\/emfoco\/wp-json\/wp\/v2\/media?parent=75564"}],"wp:term":[{"taxonomy":"category","embeddable":true,"href":"https:\/\/www.em.com.br\/emfoco\/wp-json\/wp\/v2\/categories?post=75564"},{"taxonomy":"post_tag","embeddable":true,"href":"https:\/\/www.em.com.br\/emfoco\/wp-json\/wp\/v2\/tags?post=75564"}],"curies":[{"name":"wp","href":"https:\/\/api.w.org\/{rel}","templated":true}]}}