{"id":75542,"date":"2025-07-16T19:08:00","date_gmt":"2025-07-16T22:08:00","guid":{"rendered":"https:\/\/www.em.com.br\/emfoco\/?p=75542"},"modified":"2025-07-15T18:30:36","modified_gmt":"2025-07-15T21:30:36","slug":"por-que-algumas-pessoas-enxergam-cores-que-as-outras-jamais-viram","status":"publish","type":"post","link":"https:\/\/www.em.com.br\/emfoco\/2025\/07\/16\/por-que-algumas-pessoas-enxergam-cores-que-as-outras-jamais-viram\/","title":{"rendered":"Por que algumas pessoas enxergam cores que as outras jamais viram?"},"content":{"rendered":"\n<p>O fascinante mundo das cores que nos rodeia n\u00e3o \u00e9 visto por todos de maneira igual. Algumas pessoas t\u00eam a capacidade de perceber uma gama mais ampla de tons e nuances, enquanto outras visualizam as cores de forma mais limitada. O que est\u00e1 por tr\u00e1s dessa diferen\u00e7a intrigante na percep\u00e7\u00e3o visual entre os indiv\u00edduos? A resposta pode ser encontrada no funcionamento intricando dos olhos humanos e sua rela\u00e7\u00e3o com o c\u00e9rebro.<\/p>\n\n\n\n<p>Os cones, c\u00e9lulas especializadas na retina, s\u00e3o respons\u00e1veis pela detec\u00e7\u00e3o das cores. Enquanto a maioria das pessoas possui tr\u00eas tipos de cones, respons\u00e1veis pela percep\u00e7\u00e3o das cores vermelha, verde e azul, algumas apresentam varia\u00e7\u00f5es que permitem a percep\u00e7\u00e3o de uma paleta mais rica de cores. Essa condi\u00e7\u00e3o, conhecida como <strong><a href=\"https:\/\/revistagalileu.globo.com\/Ciencia\/noticia\/2016\/03\/ciencia-explica-por-que-algumas-pessoas-enxergam-mais-cores-que-outras.html\" target=\"_blank\" rel=\"noreferrer noopener\">tetracromacia<\/a><\/strong>, possibilita aos indiv\u00edduos verem at\u00e9 100 milh\u00f5es de tons diferentes, em compara\u00e7\u00e3o aos 1 milh\u00e3o de tons que a vis\u00e3o tricrom\u00e1tica proporciona.<\/p>\n\n\n\n<h2 class=\"wp-block-heading\">Por que certas pessoas possuem um cone a mais?<\/h2>\n\n\n\n<p><strong>A gen\u00e9tica desempenha um papel fundamental na diversidade da vis\u00e3o colorida.<\/strong> A <strong>tetracromacia<\/strong>, observada em uma pequena porcentagem da popula\u00e7\u00e3o, \u00e9 majoritariamente encontrada em mulheres. Isso ocorre porque os genes para os cones de cor est\u00e3o localizados no cromossomo X. As mulheres, com dois cromossomos X, t\u00eam maior probabilidade de possuir um conjunto adicional de cones.<\/p>\n\n\n\n<p>Entretanto, ter um quarto tipo de cone n\u00e3o garante automaticamente a superabund\u00e2ncia na percep\u00e7\u00e3o de cores. <strong>O c\u00e9rebro tamb\u00e9m precisa interpretar os sinais enviados por esses cones adicionais.<\/strong> A capacidade de quem tem tetracromacia efetivamente &#8220;ver&#8221; mais cores varia e depende de como o c\u00e9rebro processa informa\u00e7\u00f5es visuais.<\/p>\n\n\n\n<figure class=\"wp-block-image size-large\"><img loading=\"lazy\" decoding=\"async\" width=\"1024\" height=\"576\" src=\"https:\/\/www.em.com.br\/emfoco\/wp-content\/uploads\/2025\/07\/Olhos_1752502418994-1024x576.jpg\" alt=\"Por que algumas pessoas enxergam cores que as outras jamais viram?\" class=\"wp-image-75553\" srcset=\"https:\/\/www.em.com.br\/emfoco\/wp-content\/uploads\/2025\/07\/Olhos_1752502418994-1024x576.jpg 1024w, https:\/\/www.em.com.br\/emfoco\/wp-content\/uploads\/2025\/07\/Olhos_1752502418994-300x169.jpg 300w, https:\/\/www.em.com.br\/emfoco\/wp-content\/uploads\/2025\/07\/Olhos_1752502418994-768x432.jpg 768w, https:\/\/www.em.com.br\/emfoco\/wp-content\/uploads\/2025\/07\/Olhos_1752502418994-750x422.jpg 750w, https:\/\/www.em.com.br\/emfoco\/wp-content\/uploads\/2025\/07\/Olhos_1752502418994-1140x641.jpg 1140w, https:\/\/www.em.com.br\/emfoco\/wp-content\/uploads\/2025\/07\/Olhos_1752502418994.jpg 1280w\" sizes=\"auto, (max-width: 1024px) 100vw, 1024px\" \/><figcaption class=\"wp-element-caption\">Olhos &#8211; Cr\u00e9ditos: depositphotos.com \/ VitalikRadko<\/figcaption><\/figure>\n\n\n\n<h2 class=\"wp-block-heading\">Como a percep\u00e7\u00e3o das cores pode variar de pessoa para pessoa?<\/h2>\n\n\n\n<p><strong>Mesmo entre aqueles que n\u00e3o possuem tetracromacia, as varia\u00e7\u00f5es na percep\u00e7\u00e3o de cores s\u00e3o not\u00e1veis.<\/strong> Fatores como idade, ilumina\u00e7\u00e3o e sa\u00fade ocular influenciam a maneira como visualizamos as cores. Por exemplo, \u00e0 medida que envelhecemos, o cristalino do olho pode amarelar, alterando a percep\u00e7\u00e3o das cores.<\/p>\n\n\n\n<p>Al\u00e9m disso, certas condi\u00e7\u00f5es de sa\u00fade, como a catarata e a degenera\u00e7\u00e3o macular, afetam a acuidade visual e a percep\u00e7\u00e3o das cores. O ambiente em que a cor \u00e9 examinada tamb\u00e9m tem um impacto: a luz natural permite a percep\u00e7\u00e3o mais robusta, enquanto luzes artificiais podem enviesar a percep\u00e7\u00e3o dos tons.<\/p>\n\n\n\n<h2 class=\"wp-block-heading\">Quais s\u00e3o as implica\u00e7\u00f5es da vis\u00e3o de cores limitada?<\/h2>\n\n\n\n<p><strong>A daltonismo, ou defici\u00eancia na vis\u00e3o crom\u00e1tica, afeta uma parcela significativa da popula\u00e7\u00e3o, em sua maioria homens, devido \u00e0 localiza\u00e7\u00e3o dos genes para os cones nos cromossomos sexuais.<\/strong> Essa condi\u00e7\u00e3o n\u00e3o \u00e9 apenas uma curiosidade gen\u00e9tica, mas pode impactar a vida cotidiana de maneira pr\u00e1tica e emocional.<\/p>\n\n\n\n<p>Profiss\u00f5es que exigem uma percep\u00e7\u00e3o precisa das cores, como design gr\u00e1fico e pilotagem, podem ser particularmente desafiadoras para dalt\u00f4nicos. A compreens\u00e3o p\u00fablica e a adapta\u00e7\u00e3o tecnol\u00f3gica t\u00eam melhorado a integra\u00e7\u00e3o destes indiv\u00edduos, atrav\u00e9s de aplicativos que identificam cores ou lentes especializadas que real\u00e7am tons espec\u00edficos. Al\u00e9m disso, pesquisas recentes t\u00eam investido em m\u00e9todos de edi\u00e7\u00e3o gen\u00e9tica e terapias que poder\u00e3o futuramente melhorar ou restaurar a capacidade de percep\u00e7\u00e3o de cores em pessoas com daltonismo.<\/p>\n\n\n\n<h2 class=\"wp-block-heading\">Que papel a evolu\u00e7\u00e3o pode ter nessa diversidade visual?<\/h2>\n\n\n\n<p><strong>A evolu\u00e7\u00e3o pode ter moldado a diversidade na vis\u00e3o das cores como uma vantagem adaptativa.<\/strong> Em tempos passados, uma distin\u00e7\u00e3o mais fina entre diferentes tonalidades poderia ser vital para identificar alimentos ou detectar predadores. Essas capacidades tamb\u00e9m podem influenciar sele\u00e7\u00f5es artificiais de parceiros em algumas esp\u00e9cies. Estudos gen\u00e9ticos em primatas, por exemplo, ajudam a tra\u00e7ar como diferentes tipos de vis\u00e3o de cores evolu\u00edram em resposta a press\u00f5es ambientais.<\/p>\n\n\n\n<p>Embora a tetracromacia seja uma rareza interessante, o daltonismo \u00e9 uma varia\u00e7\u00e3o mais comum. Ambas as condi\u00e7\u00f5es ilustram as complexidades da <strong><a href=\"https:\/\/www.em.com.br\/emfoco\/2025\/07\/12\/descoberta-em-galapagos-muda-tudo-sobre-a-evolucao-das-especies\/\" target=\"_blank\" rel=\"noreferrer noopener\">evolu\u00e7\u00e3o<\/a><\/strong> humana e sua capacidade de moldar a percep\u00e7\u00e3o da realidade colorida de formas que ainda est\u00e3o sendo descobertas. A ci\u00eancia continua a explorar esses fen\u00f4menos, desvendando mais sobre como e por que percebemos o mundo como o fazemos.<\/p>\n\n\n\n<p>O estudo das cores e sua percep\u00e7\u00e3o humana \u00e9 um campo em constante evolu\u00e7\u00e3o, com implica\u00e7\u00f5es que v\u00e3o desde o entendimento b\u00e1sico da vis\u00e3o at\u00e9 aplica\u00e7\u00f5es pr\u00e1ticas em design e tecnologia. Compreender as diferen\u00e7as na percep\u00e7\u00e3o de cores nos ajuda a valorizar ainda mais a complexidade e diversidade da experi\u00eancia visual humana.<\/p>\n","protected":false},"excerpt":{"rendered":"<p>O fascinante mundo das cores que nos rodeia n\u00e3o \u00e9 visto por todos de maneira igual. Algumas pessoas t\u00eam a capacidade de perceber uma gama mais ampla de tons e nuances, enquanto outras visualizam as cores de forma mais limitada. O que est\u00e1 por tr\u00e1s dessa diferen\u00e7a intrigante na percep\u00e7\u00e3o visual entre os indiv\u00edduos? A [&hellip;]<\/p>\n","protected":false},"author":13,"featured_media":75550,"comment_status":"open","ping_status":"open","sticky":false,"template":"","format":"standard","meta":{"jnews-multi-image_gallery":[],"jnews_single_post":{"format":"standard"},"jnews_primary_category":[],"jnews_social_meta":[],"jnews_override_counter":[],"footnotes":""},"categories":[8819,1],"tags":[1110,12136,12137,7333],"class_list":["post-75542","post","type-post","status-publish","format-standard","has-post-thumbnail","hentry","category-curiosidades","category-noticias","tag-cores","tag-percepcao-visual","tag-tetracromacia","tag-visao"],"yoast_head":"<!-- This site is optimized with the Yoast SEO plugin v23.8 - https:\/\/yoast.com\/wordpress\/plugins\/seo\/ -->\n<title>Por que algumas pessoas enxergam cores que as outras jamais viram? - Estado de Minas - Em foco<\/title>\n<meta name=\"description\" content=\"Voc\u00ea v\u00ea o mundo como todo mundo? Talvez n\u00e3o. A ci\u00eancia explica por que algumas pessoas percebem cores que a maioria n\u00e3o enxerga.\" \/>\n<meta name=\"robots\" content=\"index, follow, max-snippet:-1, max-image-preview:large, max-video-preview:-1\" \/>\n<link rel=\"canonical\" href=\"https:\/\/www.em.com.br\/emfoco\/2025\/07\/16\/por-que-algumas-pessoas-enxergam-cores-que-as-outras-jamais-viram\/\" \/>\n<meta property=\"og:locale\" content=\"pt_BR\" \/>\n<meta property=\"og:type\" content=\"article\" \/>\n<meta property=\"og:title\" content=\"Por que algumas pessoas enxergam cores que as outras jamais viram? - Estado de Minas - Em foco\" \/>\n<meta property=\"og:description\" content=\"Voc\u00ea v\u00ea o mundo como todo mundo? Talvez n\u00e3o. A ci\u00eancia explica por que algumas pessoas percebem cores que a maioria n\u00e3o enxerga.\" \/>\n<meta property=\"og:url\" content=\"https:\/\/www.em.com.br\/emfoco\/2025\/07\/16\/por-que-algumas-pessoas-enxergam-cores-que-as-outras-jamais-viram\/\" \/>\n<meta property=\"og:site_name\" content=\"Estado de Minas - Em foco\" \/>\n<meta property=\"article:published_time\" content=\"2025-07-16T22:08:00+00:00\" \/>\n<meta property=\"article:modified_time\" content=\"2025-07-15T21:30:36+00:00\" \/>\n<meta property=\"og:image\" content=\"https:\/\/www.em.com.br\/emfoco\/wp-content\/uploads\/2025\/07\/Olhos_1752502378422.jpg\" \/>\n\t<meta property=\"og:image:width\" content=\"1280\" \/>\n\t<meta property=\"og:image:height\" content=\"720\" \/>\n\t<meta property=\"og:image:type\" content=\"image\/jpeg\" \/>\n<meta name=\"author\" content=\"Gabriel Martins\" \/>\n<meta name=\"twitter:card\" content=\"summary_large_image\" \/>\n<meta name=\"twitter:label1\" content=\"Escrito por\" \/>\n\t<meta name=\"twitter:data1\" content=\"Gabriel Martins\" \/>\n\t<meta name=\"twitter:label2\" content=\"Est. tempo de leitura\" \/>\n\t<meta name=\"twitter:data2\" content=\"5 minutos\" \/>\n<!-- \/ Yoast SEO plugin. -->","yoast_head_json":{"title":"Por que algumas pessoas enxergam cores que as outras jamais viram? - Estado de Minas - Em foco","description":"Voc\u00ea v\u00ea o mundo como todo mundo? Talvez n\u00e3o. A ci\u00eancia explica por que algumas pessoas percebem cores que a maioria n\u00e3o enxerga.","robots":{"index":"index","follow":"follow","max-snippet":"max-snippet:-1","max-image-preview":"max-image-preview:large","max-video-preview":"max-video-preview:-1"},"canonical":"https:\/\/www.em.com.br\/emfoco\/2025\/07\/16\/por-que-algumas-pessoas-enxergam-cores-que-as-outras-jamais-viram\/","og_locale":"pt_BR","og_type":"article","og_title":"Por que algumas pessoas enxergam cores que as outras jamais viram? - Estado de Minas - Em foco","og_description":"Voc\u00ea v\u00ea o mundo como todo mundo? Talvez n\u00e3o. A ci\u00eancia explica por que algumas pessoas percebem cores que a maioria n\u00e3o enxerga.","og_url":"https:\/\/www.em.com.br\/emfoco\/2025\/07\/16\/por-que-algumas-pessoas-enxergam-cores-que-as-outras-jamais-viram\/","og_site_name":"Estado de Minas - Em foco","article_published_time":"2025-07-16T22:08:00+00:00","article_modified_time":"2025-07-15T21:30:36+00:00","og_image":[{"width":1280,"height":720,"url":"https:\/\/www.em.com.br\/emfoco\/wp-content\/uploads\/2025\/07\/Olhos_1752502378422.jpg","type":"image\/jpeg"}],"author":"Gabriel Martins","twitter_card":"summary_large_image","twitter_misc":{"Escrito por":"Gabriel Martins","Est. tempo de leitura":"5 minutos"},"schema":{"@context":"https:\/\/schema.org","@graph":[{"@type":"WebPage","@id":"https:\/\/www.em.com.br\/emfoco\/2025\/07\/16\/por-que-algumas-pessoas-enxergam-cores-que-as-outras-jamais-viram\/","url":"https:\/\/www.em.com.br\/emfoco\/2025\/07\/16\/por-que-algumas-pessoas-enxergam-cores-que-as-outras-jamais-viram\/","name":"Por que algumas pessoas enxergam cores que as outras jamais viram? - Estado de Minas - Em foco","isPartOf":{"@id":"https:\/\/www.em.com.br\/emfoco\/#website"},"primaryImageOfPage":{"@id":"https:\/\/www.em.com.br\/emfoco\/2025\/07\/16\/por-que-algumas-pessoas-enxergam-cores-que-as-outras-jamais-viram\/#primaryimage"},"image":{"@id":"https:\/\/www.em.com.br\/emfoco\/2025\/07\/16\/por-que-algumas-pessoas-enxergam-cores-que-as-outras-jamais-viram\/#primaryimage"},"thumbnailUrl":"https:\/\/www.em.com.br\/emfoco\/wp-content\/uploads\/2025\/07\/Olhos_1752502378422.jpg","datePublished":"2025-07-16T22:08:00+00:00","dateModified":"2025-07-15T21:30:36+00:00","author":{"@id":"https:\/\/www.em.com.br\/emfoco\/#\/schema\/person\/1c9ddeab18b98abeffef834667bcf08a"},"description":"Voc\u00ea v\u00ea o mundo como todo mundo? Talvez n\u00e3o. A ci\u00eancia explica por que algumas pessoas percebem cores que a maioria n\u00e3o enxerga.","breadcrumb":{"@id":"https:\/\/www.em.com.br\/emfoco\/2025\/07\/16\/por-que-algumas-pessoas-enxergam-cores-que-as-outras-jamais-viram\/#breadcrumb"},"inLanguage":"pt-BR","potentialAction":[{"@type":"ReadAction","target":["https:\/\/www.em.com.br\/emfoco\/2025\/07\/16\/por-que-algumas-pessoas-enxergam-cores-que-as-outras-jamais-viram\/"]}]},{"@type":"ImageObject","inLanguage":"pt-BR","@id":"https:\/\/www.em.com.br\/emfoco\/2025\/07\/16\/por-que-algumas-pessoas-enxergam-cores-que-as-outras-jamais-viram\/#primaryimage","url":"https:\/\/www.em.com.br\/emfoco\/wp-content\/uploads\/2025\/07\/Olhos_1752502378422.jpg","contentUrl":"https:\/\/www.em.com.br\/emfoco\/wp-content\/uploads\/2025\/07\/Olhos_1752502378422.jpg","width":1280,"height":720,"caption":"Olhos - Cr\u00e9ditos: depositphotos.com \/ VitalikRadko"},{"@type":"BreadcrumbList","@id":"https:\/\/www.em.com.br\/emfoco\/2025\/07\/16\/por-que-algumas-pessoas-enxergam-cores-que-as-outras-jamais-viram\/#breadcrumb","itemListElement":[{"@type":"ListItem","position":1,"name":"In\u00edcio","item":"https:\/\/www.em.com.br\/emfoco\/"},{"@type":"ListItem","position":2,"name":"Por que algumas pessoas enxergam cores que as outras jamais viram?"}]},{"@type":"WebSite","@id":"https:\/\/www.em.com.br\/emfoco\/#website","url":"https:\/\/www.em.com.br\/emfoco\/","name":"Estado de Minas - Em foco","description":"Acompanhe as \u00faltimas not\u00edcias e fique bem informado sobre tudo o que acontece em Minas Gerais, Brasil e no mundo.","potentialAction":[{"@type":"SearchAction","target":{"@type":"EntryPoint","urlTemplate":"https:\/\/www.em.com.br\/emfoco\/?s={search_term_string}"},"query-input":{"@type":"PropertyValueSpecification","valueRequired":true,"valueName":"search_term_string"}}],"inLanguage":"pt-BR"},{"@type":"Person","@id":"https:\/\/www.em.com.br\/emfoco\/#\/schema\/person\/1c9ddeab18b98abeffef834667bcf08a","name":"Gabriel Martins","image":{"@type":"ImageObject","inLanguage":"pt-BR","@id":"https:\/\/www.em.com.br\/emfoco\/#\/schema\/person\/image\/","url":"https:\/\/secure.gravatar.com\/avatar\/f0f1e2efdfd88f1ad2cb08c5c2731e50?s=96&d=mm&r=g","contentUrl":"https:\/\/secure.gravatar.com\/avatar\/f0f1e2efdfd88f1ad2cb08c5c2731e50?s=96&d=mm&r=g","caption":"Gabriel Martins"},"sameAs":["https:\/\/www.em.com.br\/emfoco\/"],"url":"https:\/\/www.em.com.br\/emfoco\/author\/gabrielmartinsmyth\/"}]}},"_links":{"self":[{"href":"https:\/\/www.em.com.br\/emfoco\/wp-json\/wp\/v2\/posts\/75542","targetHints":{"allow":["GET"]}}],"collection":[{"href":"https:\/\/www.em.com.br\/emfoco\/wp-json\/wp\/v2\/posts"}],"about":[{"href":"https:\/\/www.em.com.br\/emfoco\/wp-json\/wp\/v2\/types\/post"}],"author":[{"embeddable":true,"href":"https:\/\/www.em.com.br\/emfoco\/wp-json\/wp\/v2\/users\/13"}],"replies":[{"embeddable":true,"href":"https:\/\/www.em.com.br\/emfoco\/wp-json\/wp\/v2\/comments?post=75542"}],"version-history":[{"count":2,"href":"https:\/\/www.em.com.br\/emfoco\/wp-json\/wp\/v2\/posts\/75542\/revisions"}],"predecessor-version":[{"id":75555,"href":"https:\/\/www.em.com.br\/emfoco\/wp-json\/wp\/v2\/posts\/75542\/revisions\/75555"}],"wp:featuredmedia":[{"embeddable":true,"href":"https:\/\/www.em.com.br\/emfoco\/wp-json\/wp\/v2\/media\/75550"}],"wp:attachment":[{"href":"https:\/\/www.em.com.br\/emfoco\/wp-json\/wp\/v2\/media?parent=75542"}],"wp:term":[{"taxonomy":"category","embeddable":true,"href":"https:\/\/www.em.com.br\/emfoco\/wp-json\/wp\/v2\/categories?post=75542"},{"taxonomy":"post_tag","embeddable":true,"href":"https:\/\/www.em.com.br\/emfoco\/wp-json\/wp\/v2\/tags?post=75542"}],"curies":[{"name":"wp","href":"https:\/\/api.w.org\/{rel}","templated":true}]}}