{"id":75540,"date":"2025-07-16T14:28:00","date_gmt":"2025-07-16T17:28:00","guid":{"rendered":"https:\/\/www.em.com.br\/emfoco\/?p=75540"},"modified":"2025-07-15T18:18:38","modified_gmt":"2025-07-15T21:18:38","slug":"o-que-realmente-acontece-com-o-corpo-humano-no-vacuo-do-espaco-sem-traje-espacial","status":"publish","type":"post","link":"https:\/\/www.em.com.br\/emfoco\/2025\/07\/16\/o-que-realmente-acontece-com-o-corpo-humano-no-vacuo-do-espaco-sem-traje-espacial\/","title":{"rendered":"O que realmente acontece com o corpo humano no v\u00e1cuo do espa\u00e7o sem traje espacial"},"content":{"rendered":"\n<p>Viajar para o espa\u00e7o \u00e9 uma aventura que tem fascinado a humanidade ao longo dos anos. Quando se pensa nos perigos do espa\u00e7o, a imagem de astronautas equipados com trajes espaciais surge imediatamente. Mas o que aconteceria se o corpo humano fosse exposto ao espa\u00e7o sem essa prote\u00e7\u00e3o vital? A vida em <strong><a href=\"https:\/\/www.em.com.br\/emfoco\/2025\/06\/25\/esse-microanimal-pode-entrar-em-estado-de-suspensao-e-sobreviver-a-extremos\/\" target=\"_blank\" rel=\"noreferrer noopener\">ambientes extremos<\/a><\/strong> traz desafios \u00fanicos que merecem ser compreendidos para garantir a seguran\u00e7a e o sucesso das miss\u00f5es espaciais.<\/p>\n\n\n\n<h2 class=\"wp-block-heading\">O que acontece instantaneamente ao corpo humano no espa\u00e7o sem prote\u00e7\u00e3o?<\/h2>\n\n\n\n<p><strong>No v\u00e1cuo do espa\u00e7o, a aus\u00eancia de press\u00e3o atmosf\u00e9rica faz com que os l\u00edquidos no corpo comecem a ferver \u00e0 temperatura corporal normal.<\/strong> Isso significa que o sangue e outros fluidos corporais come\u00e7ariam a evaporar rapidamente, causando incha\u00e7o substancial. <strong>Este processo n\u00e3o apenas compromete fun\u00e7\u00f5es vitais, mas poderia levar \u00e0 morte em segundos ou poucos minutos.<\/strong> Al\u00e9m disso, a falta de oxig\u00eanio levaria \u00e0 asfixia. <strong>Sem atmosfera para respirar, o suprimento de oxig\u00eanio no corpo se esgota rapidamente, resultando na perda de consci\u00eancia em cerca de 15 segundos.<\/strong> Este \u00e9 o motivo pelo qual qualquer procedimento de emerg\u00eancia no espa\u00e7o precisa ser realizado com extrema rapidez e precis\u00e3o. \u00c9 importante acrescentar que mesmo que algu\u00e9m segurasse a respira\u00e7\u00e3o, o ar pressurizado nos pulm\u00f5es causaria les\u00f5es internas graves no processo de descompress\u00e3o repentina.<\/p>\n\n\n\n<figure class=\"wp-block-image size-large\"><img loading=\"lazy\" decoding=\"async\" width=\"1024\" height=\"576\" src=\"https:\/\/www.em.com.br\/emfoco\/wp-content\/uploads\/2025\/06\/gravity_1749473650106-1024x576.jpg\" alt=\"Voc\u00ea sabe como funciona a gravidade? Entenda tudo sobre a for\u00e7a mais poderosa do Universo\" class=\"wp-image-57688\" srcset=\"https:\/\/www.em.com.br\/emfoco\/wp-content\/uploads\/2025\/06\/gravity_1749473650106-1024x576.jpg 1024w, https:\/\/www.em.com.br\/emfoco\/wp-content\/uploads\/2025\/06\/gravity_1749473650106-300x169.jpg 300w, https:\/\/www.em.com.br\/emfoco\/wp-content\/uploads\/2025\/06\/gravity_1749473650106-768x432.jpg 768w, https:\/\/www.em.com.br\/emfoco\/wp-content\/uploads\/2025\/06\/gravity_1749473650106-750x422.jpg 750w, https:\/\/www.em.com.br\/emfoco\/wp-content\/uploads\/2025\/06\/gravity_1749473650106-1140x641.jpg 1140w, https:\/\/www.em.com.br\/emfoco\/wp-content\/uploads\/2025\/06\/gravity_1749473650106.jpg 1280w\" sizes=\"auto, (max-width: 1024px) 100vw, 1024px\" \/><figcaption class=\"wp-element-caption\">Imagem ilustrativa de astronauta &#8211; Cr\u00e9ditos: depositphotos.com \/ alonesdj<\/figcaption><\/figure>\n\n\n\n<h2 class=\"wp-block-heading\">Como a temperatura do espa\u00e7o afeta o corpo desprotegido?<\/h2>\n\n\n\n<p>No espa\u00e7o, a temperatura pode variar drasticamente. <strong>Se o corpo estivesse exposto diretamente \u00e0 luz solar, poderia estar sujeito a temperaturas extremamente altas devido \u00e0 intensa radia\u00e7\u00e3o solar.<\/strong> Sem prote\u00e7\u00e3o, o superaquecimento corporal ocorreria rapidamente, causando danos severos aos tecidos. Por outro lado, na sombra do espa\u00e7o, as temperaturas podem cair para n\u00edveis incrivelmente baixos. <strong>Em tal ambiente, a <a href=\"https:\/\/www.rededorsaoluiz.com.br\/doencas\/hipotermia\" target=\"_blank\" rel=\"noreferrer noopener\">hipotermia <\/a>se tornaria um risco se o metabolismo continuasse, mas o corpo humano n\u00e3o congelaria instantaneamente devido \u00e0 falta de um meio para conduzir o calor rapidamente.<\/strong> Vale ressaltar que, por ser o espa\u00e7o um v\u00e1cuo, a perda ou ganho de calor depende do contato com a radia\u00e7\u00e3o, tornando o processo mais lento do que muitos imaginam.<\/p>\n\n\n\n<h2 class=\"wp-block-heading\">Que efeitos a radia\u00e7\u00e3o espacial teria sem um traje protetor?<\/h2>\n\n\n\n<p><strong>A radia\u00e7\u00e3o c\u00f3smica e solar apresenta s\u00e9rios riscos \u00e0 sa\u00fade quando o corpo n\u00e3o est\u00e1 adequadamente protegido.<\/strong> Em miss\u00e3o espacial, a exposi\u00e7\u00e3o prolongada a essa radia\u00e7\u00e3o pode aumentar significativamente o risco de c\u00e2ncer e resultar em danos celulares e no sistema nervoso central, mesmo se o incidente fosse r\u00e1pido. <strong>Os trajes espaciais s\u00e3o projetados para proteger os astronautas dessa radia\u00e7\u00e3o nociva.<\/strong> Enquanto uma breve exposi\u00e7\u00e3o ao espa\u00e7o sem traje pode n\u00e3o permitir que esses efeitos se manifestem completamente, a prote\u00e7\u00e3o contra radia\u00e7\u00f5es \u00e9 cr\u00edtica para miss\u00f5es de longa dura\u00e7\u00e3o para evitar danos acumulativos. Al\u00e9m disso, tipos espec\u00edficos de radia\u00e7\u00e3o, como os raios c\u00f3smicos gal\u00e1cticos e tempestades solares, podem causar efeitos imediatos como n\u00e1useas ou queimaduras, dependendo da intensidade.<\/p>\n\n\n\n<h2 class=\"wp-block-heading\">O que os filmes acertam ou erram sobre a exposi\u00e7\u00e3o ao espa\u00e7o?<\/h2>\n\n\n\n<p>Hollywood muitas vezes dramatiza o que acontece no espa\u00e7o. <strong>Em muitos filmes, personagens expostos ao v\u00e1cuo espacial na maioria das vezes congelam instantaneamente ou explodem, o que n\u00e3o acontece na realidade.<\/strong> O corpo humano, embora inqu\u00e9rito, mant\u00e9m sua integridade estrutural sem uma queda drastica de temperatura ou explos\u00f5es sangrentas. No entanto, os filmes acertam ao retratar o perigo iminente da exposi\u00e7\u00e3o sem traje. <strong>Sem d\u00favida, a sobreviv\u00eancia humana no espa\u00e7o sem equipamento adequado \u00e9 imposs\u00edvel por per\u00edodos significativos de tempo devido a asfixia, incha\u00e7o e exposi\u00e7\u00e3o a radia\u00e7\u00f5es extremas, tornando o espa\u00e7o uma fronteira tanto fascinante quanto perigosa.<\/strong> Ainda assim, algumas produ\u00e7\u00f5es mais recentes buscam retratar de forma mais realista os efeitos do v\u00e1cuo no corpo humano, inspirando discuss\u00f5es cient\u00edficas e maior curiosidade sobre os limites da sobreviv\u00eancia fora da Terra.<\/p>\n","protected":false},"excerpt":{"rendered":"<p>Viajar para o espa\u00e7o \u00e9 uma aventura que tem fascinado a humanidade ao longo dos anos. Quando se pensa nos perigos do espa\u00e7o, a imagem de astronautas equipados com trajes espaciais surge imediatamente. Mas o que aconteceria se o corpo humano fosse exposto ao espa\u00e7o sem essa prote\u00e7\u00e3o vital? A vida em ambientes extremos traz [&hellip;]<\/p>\n","protected":false},"author":13,"featured_media":50632,"comment_status":"open","ping_status":"open","sticky":false,"template":"","format":"standard","meta":{"jnews-multi-image_gallery":[],"jnews_single_post":{"format":"standard"},"jnews_primary_category":[],"jnews_social_meta":[],"jnews_override_counter":[],"footnotes":""},"categories":[8819,1],"tags":[9120,1706,12135,10615],"class_list":["post-75540","post","type-post","status-publish","format-standard","has-post-thumbnail","hentry","category-curiosidades","category-noticias","tag-astronauta","tag-espaco","tag-traje-espacial","tag-vacuo"],"yoast_head":"<!-- This site is optimized with the Yoast SEO plugin v23.8 - https:\/\/yoast.com\/wordpress\/plugins\/seo\/ -->\n<title>O que realmente acontece com o corpo humano no v\u00e1cuo do espa\u00e7o sem traje espacial - Estado de Minas - Em foco<\/title>\n<meta name=\"description\" content=\"Expor o corpo ao espa\u00e7o sem traje pode causar incha\u00e7o, asfixia e danos internos. Conhe\u00e7a os efeitos reais segundo a ci\u00eancia.\" \/>\n<meta name=\"robots\" content=\"index, follow, max-snippet:-1, max-image-preview:large, max-video-preview:-1\" \/>\n<link rel=\"canonical\" href=\"https:\/\/www.em.com.br\/emfoco\/2025\/07\/16\/o-que-realmente-acontece-com-o-corpo-humano-no-vacuo-do-espaco-sem-traje-espacial\/\" \/>\n<meta property=\"og:locale\" content=\"pt_BR\" \/>\n<meta property=\"og:type\" content=\"article\" \/>\n<meta property=\"og:title\" content=\"O que realmente acontece com o corpo humano no v\u00e1cuo do espa\u00e7o sem traje espacial - Estado de Minas - Em foco\" \/>\n<meta property=\"og:description\" content=\"Expor o corpo ao espa\u00e7o sem traje pode causar incha\u00e7o, asfixia e danos internos. Conhe\u00e7a os efeitos reais segundo a ci\u00eancia.\" \/>\n<meta property=\"og:url\" content=\"https:\/\/www.em.com.br\/emfoco\/2025\/07\/16\/o-que-realmente-acontece-com-o-corpo-humano-no-vacuo-do-espaco-sem-traje-espacial\/\" \/>\n<meta property=\"og:site_name\" content=\"Estado de Minas - Em foco\" \/>\n<meta property=\"article:published_time\" content=\"2025-07-16T17:28:00+00:00\" \/>\n<meta property=\"article:modified_time\" content=\"2025-07-15T21:18:38+00:00\" \/>\n<meta property=\"og:image\" content=\"https:\/\/www.em.com.br\/emfoco\/wp-content\/uploads\/2025\/05\/astronaut_1748011731701.jpg\" \/>\n\t<meta property=\"og:image:width\" content=\"1280\" \/>\n\t<meta property=\"og:image:height\" content=\"720\" \/>\n\t<meta property=\"og:image:type\" content=\"image\/jpeg\" \/>\n<meta name=\"author\" content=\"Gabriel Martins\" \/>\n<meta name=\"twitter:card\" content=\"summary_large_image\" \/>\n<meta name=\"twitter:label1\" content=\"Escrito por\" \/>\n\t<meta name=\"twitter:data1\" content=\"Gabriel Martins\" \/>\n\t<meta name=\"twitter:label2\" content=\"Est. tempo de leitura\" \/>\n\t<meta name=\"twitter:data2\" content=\"4 minutos\" \/>\n<!-- \/ Yoast SEO plugin. -->","yoast_head_json":{"title":"O que realmente acontece com o corpo humano no v\u00e1cuo do espa\u00e7o sem traje espacial - Estado de Minas - Em foco","description":"Expor o corpo ao espa\u00e7o sem traje pode causar incha\u00e7o, asfixia e danos internos. Conhe\u00e7a os efeitos reais segundo a ci\u00eancia.","robots":{"index":"index","follow":"follow","max-snippet":"max-snippet:-1","max-image-preview":"max-image-preview:large","max-video-preview":"max-video-preview:-1"},"canonical":"https:\/\/www.em.com.br\/emfoco\/2025\/07\/16\/o-que-realmente-acontece-com-o-corpo-humano-no-vacuo-do-espaco-sem-traje-espacial\/","og_locale":"pt_BR","og_type":"article","og_title":"O que realmente acontece com o corpo humano no v\u00e1cuo do espa\u00e7o sem traje espacial - Estado de Minas - Em foco","og_description":"Expor o corpo ao espa\u00e7o sem traje pode causar incha\u00e7o, asfixia e danos internos. Conhe\u00e7a os efeitos reais segundo a ci\u00eancia.","og_url":"https:\/\/www.em.com.br\/emfoco\/2025\/07\/16\/o-que-realmente-acontece-com-o-corpo-humano-no-vacuo-do-espaco-sem-traje-espacial\/","og_site_name":"Estado de Minas - Em foco","article_published_time":"2025-07-16T17:28:00+00:00","article_modified_time":"2025-07-15T21:18:38+00:00","og_image":[{"width":1280,"height":720,"url":"https:\/\/www.em.com.br\/emfoco\/wp-content\/uploads\/2025\/05\/astronaut_1748011731701.jpg","type":"image\/jpeg"}],"author":"Gabriel Martins","twitter_card":"summary_large_image","twitter_misc":{"Escrito por":"Gabriel Martins","Est. tempo de leitura":"4 minutos"},"schema":{"@context":"https:\/\/schema.org","@graph":[{"@type":"WebPage","@id":"https:\/\/www.em.com.br\/emfoco\/2025\/07\/16\/o-que-realmente-acontece-com-o-corpo-humano-no-vacuo-do-espaco-sem-traje-espacial\/","url":"https:\/\/www.em.com.br\/emfoco\/2025\/07\/16\/o-que-realmente-acontece-com-o-corpo-humano-no-vacuo-do-espaco-sem-traje-espacial\/","name":"O que realmente acontece com o corpo humano no v\u00e1cuo do espa\u00e7o sem traje espacial - Estado de Minas - Em foco","isPartOf":{"@id":"https:\/\/www.em.com.br\/emfoco\/#website"},"primaryImageOfPage":{"@id":"https:\/\/www.em.com.br\/emfoco\/2025\/07\/16\/o-que-realmente-acontece-com-o-corpo-humano-no-vacuo-do-espaco-sem-traje-espacial\/#primaryimage"},"image":{"@id":"https:\/\/www.em.com.br\/emfoco\/2025\/07\/16\/o-que-realmente-acontece-com-o-corpo-humano-no-vacuo-do-espaco-sem-traje-espacial\/#primaryimage"},"thumbnailUrl":"https:\/\/www.em.com.br\/emfoco\/wp-content\/uploads\/2025\/05\/astronaut_1748011731701.jpg","datePublished":"2025-07-16T17:28:00+00:00","dateModified":"2025-07-15T21:18:38+00:00","author":{"@id":"https:\/\/www.em.com.br\/emfoco\/#\/schema\/person\/1c9ddeab18b98abeffef834667bcf08a"},"description":"Expor o corpo ao espa\u00e7o sem traje pode causar incha\u00e7o, asfixia e danos internos. Conhe\u00e7a os efeitos reais segundo a ci\u00eancia.","breadcrumb":{"@id":"https:\/\/www.em.com.br\/emfoco\/2025\/07\/16\/o-que-realmente-acontece-com-o-corpo-humano-no-vacuo-do-espaco-sem-traje-espacial\/#breadcrumb"},"inLanguage":"pt-BR","potentialAction":[{"@type":"ReadAction","target":["https:\/\/www.em.com.br\/emfoco\/2025\/07\/16\/o-que-realmente-acontece-com-o-corpo-humano-no-vacuo-do-espaco-sem-traje-espacial\/"]}]},{"@type":"ImageObject","inLanguage":"pt-BR","@id":"https:\/\/www.em.com.br\/emfoco\/2025\/07\/16\/o-que-realmente-acontece-com-o-corpo-humano-no-vacuo-do-espaco-sem-traje-espacial\/#primaryimage","url":"https:\/\/www.em.com.br\/emfoco\/wp-content\/uploads\/2025\/05\/astronaut_1748011731701.jpg","contentUrl":"https:\/\/www.em.com.br\/emfoco\/wp-content\/uploads\/2025\/05\/astronaut_1748011731701.jpg","width":1280,"height":720,"caption":"Imagem ilustrativa de astronauta - Cr\u00e9ditos: depositphotos.com \/ Iurii"},{"@type":"BreadcrumbList","@id":"https:\/\/www.em.com.br\/emfoco\/2025\/07\/16\/o-que-realmente-acontece-com-o-corpo-humano-no-vacuo-do-espaco-sem-traje-espacial\/#breadcrumb","itemListElement":[{"@type":"ListItem","position":1,"name":"In\u00edcio","item":"https:\/\/www.em.com.br\/emfoco\/"},{"@type":"ListItem","position":2,"name":"O que realmente acontece com o corpo humano no v\u00e1cuo do espa\u00e7o sem traje espacial"}]},{"@type":"WebSite","@id":"https:\/\/www.em.com.br\/emfoco\/#website","url":"https:\/\/www.em.com.br\/emfoco\/","name":"Estado de Minas - Em foco","description":"Acompanhe as \u00faltimas not\u00edcias e fique bem informado sobre tudo o que acontece em Minas Gerais, Brasil e no mundo.","potentialAction":[{"@type":"SearchAction","target":{"@type":"EntryPoint","urlTemplate":"https:\/\/www.em.com.br\/emfoco\/?s={search_term_string}"},"query-input":{"@type":"PropertyValueSpecification","valueRequired":true,"valueName":"search_term_string"}}],"inLanguage":"pt-BR"},{"@type":"Person","@id":"https:\/\/www.em.com.br\/emfoco\/#\/schema\/person\/1c9ddeab18b98abeffef834667bcf08a","name":"Gabriel Martins","image":{"@type":"ImageObject","inLanguage":"pt-BR","@id":"https:\/\/www.em.com.br\/emfoco\/#\/schema\/person\/image\/","url":"https:\/\/secure.gravatar.com\/avatar\/f0f1e2efdfd88f1ad2cb08c5c2731e50?s=96&d=mm&r=g","contentUrl":"https:\/\/secure.gravatar.com\/avatar\/f0f1e2efdfd88f1ad2cb08c5c2731e50?s=96&d=mm&r=g","caption":"Gabriel Martins"},"sameAs":["https:\/\/www.em.com.br\/emfoco\/"],"url":"https:\/\/www.em.com.br\/emfoco\/author\/gabrielmartinsmyth\/"}]}},"_links":{"self":[{"href":"https:\/\/www.em.com.br\/emfoco\/wp-json\/wp\/v2\/posts\/75540","targetHints":{"allow":["GET"]}}],"collection":[{"href":"https:\/\/www.em.com.br\/emfoco\/wp-json\/wp\/v2\/posts"}],"about":[{"href":"https:\/\/www.em.com.br\/emfoco\/wp-json\/wp\/v2\/types\/post"}],"author":[{"embeddable":true,"href":"https:\/\/www.em.com.br\/emfoco\/wp-json\/wp\/v2\/users\/13"}],"replies":[{"embeddable":true,"href":"https:\/\/www.em.com.br\/emfoco\/wp-json\/wp\/v2\/comments?post=75540"}],"version-history":[{"count":2,"href":"https:\/\/www.em.com.br\/emfoco\/wp-json\/wp\/v2\/posts\/75540\/revisions"}],"predecessor-version":[{"id":75558,"href":"https:\/\/www.em.com.br\/emfoco\/wp-json\/wp\/v2\/posts\/75540\/revisions\/75558"}],"wp:featuredmedia":[{"embeddable":true,"href":"https:\/\/www.em.com.br\/emfoco\/wp-json\/wp\/v2\/media\/50632"}],"wp:attachment":[{"href":"https:\/\/www.em.com.br\/emfoco\/wp-json\/wp\/v2\/media?parent=75540"}],"wp:term":[{"taxonomy":"category","embeddable":true,"href":"https:\/\/www.em.com.br\/emfoco\/wp-json\/wp\/v2\/categories?post=75540"},{"taxonomy":"post_tag","embeddable":true,"href":"https:\/\/www.em.com.br\/emfoco\/wp-json\/wp\/v2\/tags?post=75540"}],"curies":[{"name":"wp","href":"https:\/\/api.w.org\/{rel}","templated":true}]}}