{"id":75534,"date":"2025-07-16T11:48:00","date_gmt":"2025-07-16T14:48:00","guid":{"rendered":"https:\/\/www.em.com.br\/emfoco\/?p=75534"},"modified":"2025-07-15T18:13:08","modified_gmt":"2025-07-15T21:13:08","slug":"mel-e-o-alimento-mais-duravel-do-mundo-e-ainda-pode-ser-consumido-apos-seculos","status":"publish","type":"post","link":"https:\/\/www.em.com.br\/emfoco\/2025\/07\/16\/mel-e-o-alimento-mais-duravel-do-mundo-e-ainda-pode-ser-consumido-apos-seculos\/","title":{"rendered":"Mel \u00e9 o alimento mais dur\u00e1vel do mundo e ainda pode ser consumido ap\u00f3s s\u00e9culos"},"content":{"rendered":"\n<p>O mel \u00e9 uma subst\u00e2ncia fascinante, amplamente conhecida por sua do\u00e7ura e propriedades ben\u00e9ficas \u00e0 sa\u00fade. No entanto, um dos aspectos mais intrigantes do mel \u00e9 sua longevidade incomum. A dura\u00e7\u00e3o prolongada do mel tem sido objeto de fasc\u00ednio e estudo por s\u00e9culos, levantando a quest\u00e3o sobre o que permite que esta subst\u00e2ncia doce permane\u00e7a boa por milhares de anos, sem se deteriorar, mesmo em circunst\u00e2ncias desfavor\u00e1veis.<\/p>\n\n\n\n<p>Muitas das suas caracter\u00edsticas not\u00e1veis podem ser atribu\u00eddas \u00e0s suas propriedades naturais e ao modo como as abelhas o produzem. Associado ao seu baixo teor de umidade, alta acidez e presen\u00e7a de compostos que inibem o crescimento de <strong><a href=\"https:\/\/www.todamateria.com.br\/microrganismos\/\" target=\"_blank\" rel=\"noreferrer noopener\">microorganismos<\/a><\/strong>, o mel se destaca como um dos produtos naturais mais dur\u00e1veis. Este artigo explora estas caracter\u00edsticas que contribuem para a preserva\u00e7\u00e3o do mel ao longo do tempo.<\/p>\n\n\n\n<h2 class=\"wp-block-heading\">O que faz do mel uma subst\u00e2ncia quase eterna?<\/h2>\n\n\n\n<p><strong>A durabilidade do mel pode ser atribu\u00edda a diversos fatores naturais inerentes \u00e0 sua composi\u00e7\u00e3o.<\/strong> Uma caracter\u00edstica primordial \u00e9 seu baixo teor de \u00e1gua. Este aspecto \u00e9 crucial, pois a presen\u00e7a limitada de umidade cria um ambiente hostil para a prolifera\u00e7\u00e3o de microorganismos. Com \u00e1gua insuficiente, bact\u00e9rias e fungos n\u00e3o conseguem prosperar, tornando o mel resistente a infec\u00e7\u00f5es e deteriora\u00e7\u00e3o.<\/p>\n\n\n\n<p>Outra caracter\u00edstica essencial \u00e9 a acidez do mel. O pH dessa subst\u00e2ncia varia entre 3,2 e 4,5, proporcionando um ambiente naturalmente \u00e1cido que inibe o crescimento microbiano. <strong>Essa acidez alta \u00e9 uma defesa not\u00e1vel contra a decomposi\u00e7\u00e3o, contribuindo ainda mais para a longevidade deste produto natural.<\/strong> A combina\u00e7\u00e3o de baixa umidade e acidez efetivamente preserva o mel de forma not\u00e1vel.<\/p>\n\n\n\n<figure class=\"wp-block-image size-large\"><img loading=\"lazy\" decoding=\"async\" width=\"1024\" height=\"576\" src=\"https:\/\/www.em.com.br\/emfoco\/wp-content\/uploads\/2025\/06\/mel_1749477018836-1024x576.jpg\" alt=\"Entenda porque adicionar mel na sua rotina pode transformar sua energia e imunidade\" class=\"wp-image-57744\" srcset=\"https:\/\/www.em.com.br\/emfoco\/wp-content\/uploads\/2025\/06\/mel_1749477018836-1024x576.jpg 1024w, https:\/\/www.em.com.br\/emfoco\/wp-content\/uploads\/2025\/06\/mel_1749477018836-300x169.jpg 300w, https:\/\/www.em.com.br\/emfoco\/wp-content\/uploads\/2025\/06\/mel_1749477018836-768x432.jpg 768w, https:\/\/www.em.com.br\/emfoco\/wp-content\/uploads\/2025\/06\/mel_1749477018836-750x422.jpg 750w, https:\/\/www.em.com.br\/emfoco\/wp-content\/uploads\/2025\/06\/mel_1749477018836-1140x641.jpg 1140w, https:\/\/www.em.com.br\/emfoco\/wp-content\/uploads\/2025\/06\/mel_1749477018836.jpg 1280w\" sizes=\"auto, (max-width: 1024px) 100vw, 1024px\" \/><figcaption class=\"wp-element-caption\">Mel &#8211; Cr\u00e9ditos: depositphotos.com \/ membio<\/figcaption><\/figure>\n\n\n\n<h2 class=\"wp-block-heading\">Como o m\u00e9todo de produ\u00e7\u00e3o do mel pelas abelhas contribui para sua durabilidade?<\/h2>\n\n\n\n<p><strong>As abelhas desempenham um papel fundamental na cria\u00e7\u00e3o do mel que n\u00e3o apenas \u00e9 saboroso, mas tamb\u00e9m excepcionalmente preserv\u00e1vel.<\/strong> Durante o processo de produ\u00e7\u00e3o, as abelhas introduzem uma enzima chamada glicose oxidase no n\u00e9ctar coletado. Esta enzima \u00e9 respons\u00e1vel pela produ\u00e7\u00e3o de \u00e1cido gluc\u00f4nico e per\u00f3xido de hidrog\u00eanio. Enquanto o primeiro contribui para a acidez do mel, o segundo atua como um agente antimicrobiano natural.<\/p>\n\n\n\n<p><strong>O per\u00f3xido de hidrog\u00eanio ajuda a proteger o mel contra a atividade microbiana indesejada, fortalecendo ainda mais sua resist\u00eancia.<\/strong> Al\u00e9m disso, a pr\u00e1tica das abelhas de ventilar constantemente os favos de mel com suas asas ajuda a evaporar a umidade excessiva do n\u00e9ctar, consolidando seu baixo teor de \u00e1gua. Este processo colaborativo proporciona ao mel suas not\u00e1veis propriedades de conserva\u00e7\u00e3o a longo prazo.<\/p>\n\n\n\n<h2 class=\"wp-block-heading\">Por que o mel encontrado em tumbas antigas ainda est\u00e1 preservado?<\/h2>\n\n\n\n<p><strong>O mel que permaneceu intocado por s\u00e9culos, ou at\u00e9 mil\u00eanios, em tumbas antigas, como aquelas das civiliza\u00e7\u00f5es eg\u00edpcias, \u00e9 um testemunho da durabilidade deste alimento.<\/strong> As condi\u00e7\u00f5es de armazenamento t\u00eam um papel significativo. Quando selado hermeticamente e guardado em ambientes secos, o mel pode reter suas propriedades originais por per\u00edodos impressionantes. <strong>Isso explica por que frascos de mel encontrados em tumbas muitas vezes ainda s\u00e3o comest\u00edveis.<\/strong><\/p>\n\n\n\n<p>A composi\u00e7\u00e3o interna do mel, rica em a\u00e7\u00facares naturais, tamb\u00e9m impede a cristaliza\u00e7\u00e3o completa, preservando a qualidade do mel ao longo do tempo. <strong>Mesmo que o mel cristalize, um simples aquecimento pode restaurar sua viscosidade e sabor originais, sem comprometer sua seguran\u00e7a alimentar.<\/strong> Portanto, embora cada pote de mel encontrado em escava\u00e7\u00f5es <strong><a href=\"https:\/\/www.em.com.br\/emfoco\/2025\/07\/11\/o-enigma-dos-moais-pode-mudar-tudo-que-sabemos-sobre-civilizacoes-antigas\/\" target=\"_blank\" rel=\"noreferrer noopener\">arqueol\u00f3gicas <\/a><\/strong>conte uma hist\u00f3ria \u00fanica, todos compartilham a resili\u00eancia proporcionada por suas caracter\u00edsticas naturais.<\/p>\n\n\n\n<h2 class=\"wp-block-heading\">O mel pode realmente durar para sempre ou h\u00e1 limita\u00e7\u00f5es?<\/h2>\n\n\n\n<p><strong>Embora a durabilidade do mel seja impressionante, afirmar que ele pode durar para sempre pode ser exagerado.<\/strong> Em condi\u00e7\u00f5es adequadas, ele pode se manter por tempos indeterminados, mas isso n\u00e3o implica que seja imune a mudan\u00e7as. <strong>O mel tem potencial para cristalizar, escurecer e perder parte de seu aroma ao longo do tempo, especialmente se exposto \u00e0 luz ou calor extremos.<\/strong> Por\u00e9m, essas transforma\u00e7\u00f5es n\u00e3o afetam sua seguran\u00e7a como alimento.<\/p>\n\n\n\n<p><strong>Para otimizar sua longevidade, \u00e9 aconselh\u00e1vel armazenar o mel em um local fresco, escuro e em um recipiente herm\u00e9tico.<\/strong> Assim, sua integridade e qualidade tendem a ser preservadas por per\u00edodos longos. Apesar de suas limita\u00e7\u00f5es, enquanto armazenado corretamente, o mel continua a ser uma maravilha natural, com potencial de perman\u00eancia que cativa e intriga a humanidade.<\/p>\n","protected":false},"excerpt":{"rendered":"<p>O mel \u00e9 uma subst\u00e2ncia fascinante, amplamente conhecida por sua do\u00e7ura e propriedades ben\u00e9ficas \u00e0 sa\u00fade. No entanto, um dos aspectos mais intrigantes do mel \u00e9 sua longevidade incomum. A dura\u00e7\u00e3o prolongada do mel tem sido objeto de fasc\u00ednio e estudo por s\u00e9culos, levantando a quest\u00e3o sobre o que permite que esta subst\u00e2ncia doce permane\u00e7a [&hellip;]<\/p>\n","protected":false},"author":13,"featured_media":57743,"comment_status":"open","ping_status":"open","sticky":false,"template":"","format":"standard","meta":{"jnews-multi-image_gallery":[],"jnews_single_post":{"format":"standard"},"jnews_primary_category":[],"jnews_social_meta":[],"jnews_override_counter":[],"footnotes":""},"categories":[8819,1],"tags":[6030,12130,3173,4594],"class_list":["post-75534","post","type-post","status-publish","format-standard","has-post-thumbnail","hentry","category-curiosidades","category-noticias","tag-abelhas","tag-alimento-saudavel","tag-durabilidade","tag-mel"],"yoast_head":"<!-- This site is optimized with the Yoast SEO plugin v23.8 - https:\/\/yoast.com\/wordpress\/plugins\/seo\/ -->\n<title>Mel \u00e9 o alimento mais dur\u00e1vel do mundo e ainda pode ser consumido ap\u00f3s s\u00e9culos - Estado de Minas - Em foco<\/title>\n<meta name=\"description\" content=\"O mel encontrado em tumbas antigas ainda est\u00e1 bom para consumo. Entenda por que esse alimento praticamente n\u00e3o tem validade.\" \/>\n<meta name=\"robots\" content=\"index, follow, max-snippet:-1, max-image-preview:large, max-video-preview:-1\" \/>\n<link rel=\"canonical\" href=\"https:\/\/www.em.com.br\/emfoco\/2025\/07\/16\/mel-e-o-alimento-mais-duravel-do-mundo-e-ainda-pode-ser-consumido-apos-seculos\/\" \/>\n<meta property=\"og:locale\" content=\"pt_BR\" \/>\n<meta property=\"og:type\" content=\"article\" \/>\n<meta property=\"og:title\" content=\"Mel \u00e9 o alimento mais dur\u00e1vel do mundo e ainda pode ser consumido ap\u00f3s s\u00e9culos - Estado de Minas - Em foco\" \/>\n<meta property=\"og:description\" content=\"O mel encontrado em tumbas antigas ainda est\u00e1 bom para consumo. Entenda por que esse alimento praticamente n\u00e3o tem validade.\" \/>\n<meta property=\"og:url\" content=\"https:\/\/www.em.com.br\/emfoco\/2025\/07\/16\/mel-e-o-alimento-mais-duravel-do-mundo-e-ainda-pode-ser-consumido-apos-seculos\/\" \/>\n<meta property=\"og:site_name\" content=\"Estado de Minas - Em foco\" \/>\n<meta property=\"article:published_time\" content=\"2025-07-16T14:48:00+00:00\" \/>\n<meta property=\"article:modified_time\" content=\"2025-07-15T21:13:08+00:00\" \/>\n<meta property=\"og:image\" content=\"https:\/\/www.em.com.br\/emfoco\/wp-content\/uploads\/2025\/06\/mel_1749476995475.jpg\" \/>\n\t<meta property=\"og:image:width\" content=\"1280\" \/>\n\t<meta property=\"og:image:height\" content=\"720\" \/>\n\t<meta property=\"og:image:type\" content=\"image\/jpeg\" \/>\n<meta name=\"author\" content=\"Gabriel Martins\" \/>\n<meta name=\"twitter:card\" content=\"summary_large_image\" \/>\n<meta name=\"twitter:label1\" content=\"Escrito por\" \/>\n\t<meta name=\"twitter:data1\" content=\"Gabriel Martins\" \/>\n\t<meta name=\"twitter:label2\" content=\"Est. tempo de leitura\" \/>\n\t<meta name=\"twitter:data2\" content=\"5 minutos\" \/>\n<!-- \/ Yoast SEO plugin. -->","yoast_head_json":{"title":"Mel \u00e9 o alimento mais dur\u00e1vel do mundo e ainda pode ser consumido ap\u00f3s s\u00e9culos - Estado de Minas - Em foco","description":"O mel encontrado em tumbas antigas ainda est\u00e1 bom para consumo. Entenda por que esse alimento praticamente n\u00e3o tem validade.","robots":{"index":"index","follow":"follow","max-snippet":"max-snippet:-1","max-image-preview":"max-image-preview:large","max-video-preview":"max-video-preview:-1"},"canonical":"https:\/\/www.em.com.br\/emfoco\/2025\/07\/16\/mel-e-o-alimento-mais-duravel-do-mundo-e-ainda-pode-ser-consumido-apos-seculos\/","og_locale":"pt_BR","og_type":"article","og_title":"Mel \u00e9 o alimento mais dur\u00e1vel do mundo e ainda pode ser consumido ap\u00f3s s\u00e9culos - Estado de Minas - Em foco","og_description":"O mel encontrado em tumbas antigas ainda est\u00e1 bom para consumo. Entenda por que esse alimento praticamente n\u00e3o tem validade.","og_url":"https:\/\/www.em.com.br\/emfoco\/2025\/07\/16\/mel-e-o-alimento-mais-duravel-do-mundo-e-ainda-pode-ser-consumido-apos-seculos\/","og_site_name":"Estado de Minas - Em foco","article_published_time":"2025-07-16T14:48:00+00:00","article_modified_time":"2025-07-15T21:13:08+00:00","og_image":[{"width":1280,"height":720,"url":"https:\/\/www.em.com.br\/emfoco\/wp-content\/uploads\/2025\/06\/mel_1749476995475.jpg","type":"image\/jpeg"}],"author":"Gabriel Martins","twitter_card":"summary_large_image","twitter_misc":{"Escrito por":"Gabriel Martins","Est. tempo de leitura":"5 minutos"},"schema":{"@context":"https:\/\/schema.org","@graph":[{"@type":"WebPage","@id":"https:\/\/www.em.com.br\/emfoco\/2025\/07\/16\/mel-e-o-alimento-mais-duravel-do-mundo-e-ainda-pode-ser-consumido-apos-seculos\/","url":"https:\/\/www.em.com.br\/emfoco\/2025\/07\/16\/mel-e-o-alimento-mais-duravel-do-mundo-e-ainda-pode-ser-consumido-apos-seculos\/","name":"Mel \u00e9 o alimento mais dur\u00e1vel do mundo e ainda pode ser consumido ap\u00f3s s\u00e9culos - Estado de Minas - Em foco","isPartOf":{"@id":"https:\/\/www.em.com.br\/emfoco\/#website"},"primaryImageOfPage":{"@id":"https:\/\/www.em.com.br\/emfoco\/2025\/07\/16\/mel-e-o-alimento-mais-duravel-do-mundo-e-ainda-pode-ser-consumido-apos-seculos\/#primaryimage"},"image":{"@id":"https:\/\/www.em.com.br\/emfoco\/2025\/07\/16\/mel-e-o-alimento-mais-duravel-do-mundo-e-ainda-pode-ser-consumido-apos-seculos\/#primaryimage"},"thumbnailUrl":"https:\/\/www.em.com.br\/emfoco\/wp-content\/uploads\/2025\/06\/mel_1749476995475.jpg","datePublished":"2025-07-16T14:48:00+00:00","dateModified":"2025-07-15T21:13:08+00:00","author":{"@id":"https:\/\/www.em.com.br\/emfoco\/#\/schema\/person\/1c9ddeab18b98abeffef834667bcf08a"},"description":"O mel encontrado em tumbas antigas ainda est\u00e1 bom para consumo. Entenda por que esse alimento praticamente n\u00e3o tem validade.","breadcrumb":{"@id":"https:\/\/www.em.com.br\/emfoco\/2025\/07\/16\/mel-e-o-alimento-mais-duravel-do-mundo-e-ainda-pode-ser-consumido-apos-seculos\/#breadcrumb"},"inLanguage":"pt-BR","potentialAction":[{"@type":"ReadAction","target":["https:\/\/www.em.com.br\/emfoco\/2025\/07\/16\/mel-e-o-alimento-mais-duravel-do-mundo-e-ainda-pode-ser-consumido-apos-seculos\/"]}]},{"@type":"ImageObject","inLanguage":"pt-BR","@id":"https:\/\/www.em.com.br\/emfoco\/2025\/07\/16\/mel-e-o-alimento-mais-duravel-do-mundo-e-ainda-pode-ser-consumido-apos-seculos\/#primaryimage","url":"https:\/\/www.em.com.br\/emfoco\/wp-content\/uploads\/2025\/06\/mel_1749476995475.jpg","contentUrl":"https:\/\/www.em.com.br\/emfoco\/wp-content\/uploads\/2025\/06\/mel_1749476995475.jpg","width":1280,"height":720,"caption":"Mel - Cr\u00e9ditos: depositphotos.com \/ Studio37"},{"@type":"BreadcrumbList","@id":"https:\/\/www.em.com.br\/emfoco\/2025\/07\/16\/mel-e-o-alimento-mais-duravel-do-mundo-e-ainda-pode-ser-consumido-apos-seculos\/#breadcrumb","itemListElement":[{"@type":"ListItem","position":1,"name":"In\u00edcio","item":"https:\/\/www.em.com.br\/emfoco\/"},{"@type":"ListItem","position":2,"name":"Mel \u00e9 o alimento mais dur\u00e1vel do mundo e ainda pode ser consumido ap\u00f3s s\u00e9culos"}]},{"@type":"WebSite","@id":"https:\/\/www.em.com.br\/emfoco\/#website","url":"https:\/\/www.em.com.br\/emfoco\/","name":"Estado de Minas - Em foco","description":"Acompanhe as \u00faltimas not\u00edcias e fique bem informado sobre tudo o que acontece em Minas Gerais, Brasil e no mundo.","potentialAction":[{"@type":"SearchAction","target":{"@type":"EntryPoint","urlTemplate":"https:\/\/www.em.com.br\/emfoco\/?s={search_term_string}"},"query-input":{"@type":"PropertyValueSpecification","valueRequired":true,"valueName":"search_term_string"}}],"inLanguage":"pt-BR"},{"@type":"Person","@id":"https:\/\/www.em.com.br\/emfoco\/#\/schema\/person\/1c9ddeab18b98abeffef834667bcf08a","name":"Gabriel Martins","image":{"@type":"ImageObject","inLanguage":"pt-BR","@id":"https:\/\/www.em.com.br\/emfoco\/#\/schema\/person\/image\/","url":"https:\/\/secure.gravatar.com\/avatar\/f0f1e2efdfd88f1ad2cb08c5c2731e50?s=96&d=mm&r=g","contentUrl":"https:\/\/secure.gravatar.com\/avatar\/f0f1e2efdfd88f1ad2cb08c5c2731e50?s=96&d=mm&r=g","caption":"Gabriel Martins"},"sameAs":["https:\/\/www.em.com.br\/emfoco\/"],"url":"https:\/\/www.em.com.br\/emfoco\/author\/gabrielmartinsmyth\/"}]}},"_links":{"self":[{"href":"https:\/\/www.em.com.br\/emfoco\/wp-json\/wp\/v2\/posts\/75534","targetHints":{"allow":["GET"]}}],"collection":[{"href":"https:\/\/www.em.com.br\/emfoco\/wp-json\/wp\/v2\/posts"}],"about":[{"href":"https:\/\/www.em.com.br\/emfoco\/wp-json\/wp\/v2\/types\/post"}],"author":[{"embeddable":true,"href":"https:\/\/www.em.com.br\/emfoco\/wp-json\/wp\/v2\/users\/13"}],"replies":[{"embeddable":true,"href":"https:\/\/www.em.com.br\/emfoco\/wp-json\/wp\/v2\/comments?post=75534"}],"version-history":[{"count":2,"href":"https:\/\/www.em.com.br\/emfoco\/wp-json\/wp\/v2\/posts\/75534\/revisions"}],"predecessor-version":[{"id":75575,"href":"https:\/\/www.em.com.br\/emfoco\/wp-json\/wp\/v2\/posts\/75534\/revisions\/75575"}],"wp:featuredmedia":[{"embeddable":true,"href":"https:\/\/www.em.com.br\/emfoco\/wp-json\/wp\/v2\/media\/57743"}],"wp:attachment":[{"href":"https:\/\/www.em.com.br\/emfoco\/wp-json\/wp\/v2\/media?parent=75534"}],"wp:term":[{"taxonomy":"category","embeddable":true,"href":"https:\/\/www.em.com.br\/emfoco\/wp-json\/wp\/v2\/categories?post=75534"},{"taxonomy":"post_tag","embeddable":true,"href":"https:\/\/www.em.com.br\/emfoco\/wp-json\/wp\/v2\/tags?post=75534"}],"curies":[{"name":"wp","href":"https:\/\/api.w.org\/{rel}","templated":true}]}}