{"id":75496,"date":"2025-07-15T21:28:00","date_gmt":"2025-07-16T00:28:00","guid":{"rendered":"https:\/\/www.em.com.br\/emfoco\/?p=75496"},"modified":"2025-07-14T19:03:18","modified_gmt":"2025-07-14T22:03:18","slug":"o-vilarejo-colorido-que-renasceu-com-arte-urbana-e-virou-roteiro-internacional-imperdivel","status":"publish","type":"post","link":"https:\/\/www.em.com.br\/emfoco\/2025\/07\/15\/o-vilarejo-colorido-que-renasceu-com-arte-urbana-e-virou-roteiro-internacional-imperdivel\/","title":{"rendered":"O vilarejo colorido que renasceu com arte urbana e virou roteiro internacional imperd\u00edvel"},"content":{"rendered":"\n<p>Numa pequena ilha ao norte de <strong>Veneza<\/strong>, encontra-se <strong>Burano<\/strong>, um vilarejo encantador envolvido por cores vibrantes e arte urbana que comp\u00f5e um cen\u00e1rio que mais parece uma pintura. Com uma hist\u00f3ria rica e um charme singular, Burano tem atra\u00eddo aten\u00e7\u00e3o internacional devido \u00e0s suas casas coloridas e estilos art\u00edsticos que renovaram o esp\u00edrito local.<\/p>\n\n\n\n<p>A vitalidade das cores n\u00e3o s\u00f3 embeleza <strong><a href=\"https:\/\/www.tudosobreveneza.com\/burano\" target=\"_blank\" rel=\"noreferrer noopener\">Burano<\/a><\/strong>, mas tamb\u00e9m simboliza um renascimento cultural e tur\u00edstico significativo. O vilarejo, conhecido por suas tradicionais rendas, agora tamb\u00e9m se destaca pelas fachadas artisticamente pintadas que atraem turistas de todo o mundo em busca de inspira\u00e7\u00e3o e beleza.<\/p>\n\n\n\n<h2 class=\"wp-block-heading\">Por que Burano \u00e9 conhecido por suas cores vibrantes?<\/h2>\n\n\n\n<p><strong>Burano n\u00e3o seria o mesmo sem suas ic\u00f4nicas casas coloridas.<\/strong> A tradi\u00e7\u00e3o das cores vivas remonta a tempos antigos, quando pescadores locais pintavam as casas para diferenciar suas propriedades e para facilitar o retorno \u00e0 vila em dias de neblina. Cada tom vibrante define um enquadramento \u00fanico entre as \u00e1guas e o c\u00e9u, trazendo vida e personalidade a cada esquina.<\/p>\n\n\n\n<p><strong>Hoje, essas cores continuam a desempenhar um papel crucial, promovendo n\u00e3o apenas a identidade de Burano mas tamb\u00e9m a criatividade local.<\/strong> As cores s\u00e3o reguladas por leis espec\u00edficas que determinam a tonalidade permitida, garantindo uma harmonia visual que se tornou a marca registrada do lugar. Recentemente, novas pesquisas mostraram que a escolha das cores influencia tamb\u00e9m o humor dos habitantes e visitantes, refor\u00e7ando ainda mais a import\u00e2ncia desses tons no cotidiano da ilha.<\/p>\n\n\n\n<figure class=\"wp-block-image size-large\"><img loading=\"lazy\" decoding=\"async\" width=\"1024\" height=\"576\" src=\"https:\/\/www.em.com.br\/emfoco\/wp-content\/uploads\/2025\/07\/Burano-Veneza_1752500784244-1024x576.jpg\" alt=\"O vilarejo colorido que renasceu com arte urbana e virou roteiro internacional\" class=\"wp-image-75505\" srcset=\"https:\/\/www.em.com.br\/emfoco\/wp-content\/uploads\/2025\/07\/Burano-Veneza_1752500784244-1024x576.jpg 1024w, https:\/\/www.em.com.br\/emfoco\/wp-content\/uploads\/2025\/07\/Burano-Veneza_1752500784244-300x169.jpg 300w, https:\/\/www.em.com.br\/emfoco\/wp-content\/uploads\/2025\/07\/Burano-Veneza_1752500784244-768x432.jpg 768w, https:\/\/www.em.com.br\/emfoco\/wp-content\/uploads\/2025\/07\/Burano-Veneza_1752500784244-750x422.jpg 750w, https:\/\/www.em.com.br\/emfoco\/wp-content\/uploads\/2025\/07\/Burano-Veneza_1752500784244-1140x641.jpg 1140w, https:\/\/www.em.com.br\/emfoco\/wp-content\/uploads\/2025\/07\/Burano-Veneza_1752500784244.jpg 1280w\" sizes=\"auto, (max-width: 1024px) 100vw, 1024px\" \/><figcaption class=\"wp-element-caption\">Burano, Veneza &#8211; Cr\u00e9ditos: depositphotos.com \/ Vunav<\/figcaption><\/figure>\n\n\n\n<h2 class=\"wp-block-heading\">Como a arte urbana transformou Burano num destino internacional?<\/h2>\n\n\n\n<p><strong>O crescente interesse por Burano n\u00e3o \u00e9 apenas fruto de suas paisagens coloridas.<\/strong> A introdu\u00e7\u00e3o de projetos de arte urbana ampliou ainda mais seu apelo. Artistas de todo o mundo foram convidados a criar murais e instala\u00e7\u00f5es que complementam a paleta j\u00e1 vivaz da vila. Este movimento atrai uma nova gera\u00e7\u00e3o de visitantes que procuram experi\u00eancias culturais ricas e imersivas. Al\u00e9m disso, festivais anuais de arte t\u00eam sido realizados, promovendo ainda mais integra\u00e7\u00e3o entre artistas locais e internacionais.<\/p>\n\n\n\n<p><strong>A arte urbana em Burano serve como um elo entre o passado e o presente, misturando <a href=\"https:\/\/www.em.com.br\/emfoco\/2025\/07\/11\/tradicao-ou-desconfianca-entenda-por-que-muitos-evitam-bancos\/\" target=\"_blank\" rel=\"noreferrer noopener\">tradi\u00e7\u00e3o <\/a>com inova\u00e7\u00e3o.<\/strong> Estas express\u00f5es art\u00edsticas tornam-se vitrines que contam hist\u00f3rias \u00fanicas e atraem fot\u00f3grafos, turistas e amantes da arte, solidificando sua posi\u00e7\u00e3o como um roteiro cultural significativo.<\/p>\n\n\n\n<h2 class=\"wp-block-heading\">Qual \u00e9 o impacto do turismo no desenvolvimento de Burano?<\/h2>\n\n\n\n<p><strong>O turismo transformou Burano, passando de um vilarejo pacato para um centro inspirador de multiculturalismo e inova\u00e7\u00e3o.<\/strong> O fluxo constante de visitantes trouxe mais possibilidades econ\u00f4micas atrav\u00e9s de novos neg\u00f3cios, desde galerias de arte at\u00e9 lojas de souvenirs especializados. Tal desenvolvimento contribui diretamente para a revitaliza\u00e7\u00e3o da economia local.<\/p>\n\n\n\n<p><strong>No entanto, a explos\u00e3o tur\u00edstica tamb\u00e9m levanta quest\u00f5es sobre a preserva\u00e7\u00e3o da autenticidade e da vida cotidiana dos moradores de Burano.<\/strong> A gest\u00e3o do turismo de forma sustent\u00e1vel \u00e9 essencial para proteger a integridade dessa bela ilha enquanto promove seu crescimento como um destino de renome mundial. Recentemente, projetos comunit\u00e1rios buscam equilibrar a presen\u00e7a dos turistas com iniciativas educativas e de preserva\u00e7\u00e3o ambiental, garantindo um desenvolvimento mais harmonioso.<\/p>\n\n\n\n<h2 class=\"wp-block-heading\">Quais tradi\u00e7\u00f5es locais ainda cativam quem visita Burano?<\/h2>\n\n\n\n<p><strong>Apesar do destaque da arte urbana, Burano ainda preserva suas antigas tradi\u00e7\u00f5es que cativam turistas.<\/strong> A produ\u00e7\u00e3o de rendas feitas \u00e0 m\u00e3o, uma tradi\u00e7\u00e3o secular, continua a fascinar visitantes que veem nessas pe\u00e7as um testemunho da habilidade e aten\u00e7\u00e3o aos detalhes. Al\u00e9m disso, a culin\u00e1ria local, com pratos \u00e0 base de frutos do mar, proporciona experi\u00eancias gastron\u00f4micas aut\u00eanticas e saborosas. Workshops de renda t\u00eam sido organizados para turistas e jovens locais, promovendo a transmiss\u00e3o desse saber tradicional para futuras gera\u00e7\u00f5es.<\/p>\n\n\n\n<p><strong>Enquanto caminham pelas ruas de Burano, os turistas n\u00e3o apenas se deparam com fachadas coloridas e arte urbana exuberante, mas tamb\u00e9m com a hospitalidade dos habitantes locais, que est\u00e3o sempre prontos para compartilhar hist\u00f3rias e tradi\u00e7\u00f5es.<\/strong> \u00c9 essa combina\u00e7\u00e3o \u00fanica de cores, arte e cultura que faz de Burano um destino inesquec\u00edvel.<\/p>\n","protected":false},"excerpt":{"rendered":"<p>Numa pequena ilha ao norte de Veneza, encontra-se Burano, um vilarejo encantador envolvido por cores vibrantes e arte urbana que comp\u00f5e um cen\u00e1rio que mais parece uma pintura. Com uma hist\u00f3ria rica e um charme singular, Burano tem atra\u00eddo aten\u00e7\u00e3o internacional devido \u00e0s suas casas coloridas e estilos art\u00edsticos que renovaram o esp\u00edrito local. A [&hellip;]<\/p>\n","protected":false},"author":13,"featured_media":75504,"comment_status":"open","ping_status":"open","sticky":false,"template":"","format":"standard","meta":{"jnews-multi-image_gallery":[],"jnews_single_post":{"format":"standard"},"jnews_primary_category":[],"jnews_social_meta":[],"jnews_override_counter":[],"footnotes":""},"categories":[26,1],"tags":[12121,12120,12122,1998],"class_list":["post-75496","post","type-post","status-publish","format-standard","has-post-thumbnail","hentry","category-cidades","category-noticias","tag-arte-urbana","tag-burano","tag-casas-coloridas","tag-veneza"],"yoast_head":"<!-- This site is optimized with the Yoast SEO plugin v23.8 - https:\/\/yoast.com\/wordpress\/plugins\/seo\/ -->\n<title>O vilarejo colorido que renasceu com arte urbana e virou roteiro internacional imperd\u00edvel - Estado de Minas - Em foco<\/title>\n<meta name=\"description\" content=\"Casas vibrantes, arte urbana e tradi\u00e7\u00e3o fazem de Burano um destino inesquec\u00edvel. Conhe\u00e7a o vilarejo que encanta turistas de todo o mundo.\" \/>\n<meta name=\"robots\" content=\"index, follow, max-snippet:-1, max-image-preview:large, max-video-preview:-1\" \/>\n<link rel=\"canonical\" href=\"https:\/\/www.em.com.br\/emfoco\/2025\/07\/15\/o-vilarejo-colorido-que-renasceu-com-arte-urbana-e-virou-roteiro-internacional-imperdivel\/\" \/>\n<meta property=\"og:locale\" content=\"pt_BR\" \/>\n<meta property=\"og:type\" content=\"article\" \/>\n<meta property=\"og:title\" content=\"O vilarejo colorido que renasceu com arte urbana e virou roteiro internacional imperd\u00edvel - Estado de Minas - Em foco\" \/>\n<meta property=\"og:description\" content=\"Casas vibrantes, arte urbana e tradi\u00e7\u00e3o fazem de Burano um destino inesquec\u00edvel. Conhe\u00e7a o vilarejo que encanta turistas de todo o mundo.\" \/>\n<meta property=\"og:url\" content=\"https:\/\/www.em.com.br\/emfoco\/2025\/07\/15\/o-vilarejo-colorido-que-renasceu-com-arte-urbana-e-virou-roteiro-internacional-imperdivel\/\" \/>\n<meta property=\"og:site_name\" content=\"Estado de Minas - Em foco\" \/>\n<meta property=\"article:published_time\" content=\"2025-07-16T00:28:00+00:00\" \/>\n<meta property=\"article:modified_time\" content=\"2025-07-14T22:03:18+00:00\" \/>\n<meta property=\"og:image\" content=\"https:\/\/www.em.com.br\/emfoco\/wp-content\/uploads\/2025\/07\/Burano-Veneza_1752500761621.jpg\" \/>\n\t<meta property=\"og:image:width\" content=\"1280\" \/>\n\t<meta property=\"og:image:height\" content=\"720\" \/>\n\t<meta property=\"og:image:type\" content=\"image\/jpeg\" \/>\n<meta name=\"author\" content=\"Gabriel Martins\" \/>\n<meta name=\"twitter:card\" content=\"summary_large_image\" \/>\n<meta name=\"twitter:label1\" content=\"Escrito por\" \/>\n\t<meta name=\"twitter:data1\" content=\"Gabriel Martins\" \/>\n\t<meta name=\"twitter:label2\" content=\"Est. tempo de leitura\" \/>\n\t<meta name=\"twitter:data2\" content=\"4 minutos\" \/>\n<!-- \/ Yoast SEO plugin. -->","yoast_head_json":{"title":"O vilarejo colorido que renasceu com arte urbana e virou roteiro internacional imperd\u00edvel - Estado de Minas - Em foco","description":"Casas vibrantes, arte urbana e tradi\u00e7\u00e3o fazem de Burano um destino inesquec\u00edvel. Conhe\u00e7a o vilarejo que encanta turistas de todo o mundo.","robots":{"index":"index","follow":"follow","max-snippet":"max-snippet:-1","max-image-preview":"max-image-preview:large","max-video-preview":"max-video-preview:-1"},"canonical":"https:\/\/www.em.com.br\/emfoco\/2025\/07\/15\/o-vilarejo-colorido-que-renasceu-com-arte-urbana-e-virou-roteiro-internacional-imperdivel\/","og_locale":"pt_BR","og_type":"article","og_title":"O vilarejo colorido que renasceu com arte urbana e virou roteiro internacional imperd\u00edvel - Estado de Minas - Em foco","og_description":"Casas vibrantes, arte urbana e tradi\u00e7\u00e3o fazem de Burano um destino inesquec\u00edvel. Conhe\u00e7a o vilarejo que encanta turistas de todo o mundo.","og_url":"https:\/\/www.em.com.br\/emfoco\/2025\/07\/15\/o-vilarejo-colorido-que-renasceu-com-arte-urbana-e-virou-roteiro-internacional-imperdivel\/","og_site_name":"Estado de Minas - Em foco","article_published_time":"2025-07-16T00:28:00+00:00","article_modified_time":"2025-07-14T22:03:18+00:00","og_image":[{"width":1280,"height":720,"url":"https:\/\/www.em.com.br\/emfoco\/wp-content\/uploads\/2025\/07\/Burano-Veneza_1752500761621.jpg","type":"image\/jpeg"}],"author":"Gabriel Martins","twitter_card":"summary_large_image","twitter_misc":{"Escrito por":"Gabriel Martins","Est. tempo de leitura":"4 minutos"},"schema":{"@context":"https:\/\/schema.org","@graph":[{"@type":"WebPage","@id":"https:\/\/www.em.com.br\/emfoco\/2025\/07\/15\/o-vilarejo-colorido-que-renasceu-com-arte-urbana-e-virou-roteiro-internacional-imperdivel\/","url":"https:\/\/www.em.com.br\/emfoco\/2025\/07\/15\/o-vilarejo-colorido-que-renasceu-com-arte-urbana-e-virou-roteiro-internacional-imperdivel\/","name":"O vilarejo colorido que renasceu com arte urbana e virou roteiro internacional imperd\u00edvel - Estado de Minas - Em foco","isPartOf":{"@id":"https:\/\/www.em.com.br\/emfoco\/#website"},"primaryImageOfPage":{"@id":"https:\/\/www.em.com.br\/emfoco\/2025\/07\/15\/o-vilarejo-colorido-que-renasceu-com-arte-urbana-e-virou-roteiro-internacional-imperdivel\/#primaryimage"},"image":{"@id":"https:\/\/www.em.com.br\/emfoco\/2025\/07\/15\/o-vilarejo-colorido-que-renasceu-com-arte-urbana-e-virou-roteiro-internacional-imperdivel\/#primaryimage"},"thumbnailUrl":"https:\/\/www.em.com.br\/emfoco\/wp-content\/uploads\/2025\/07\/Burano-Veneza_1752500761621.jpg","datePublished":"2025-07-16T00:28:00+00:00","dateModified":"2025-07-14T22:03:18+00:00","author":{"@id":"https:\/\/www.em.com.br\/emfoco\/#\/schema\/person\/1c9ddeab18b98abeffef834667bcf08a"},"description":"Casas vibrantes, arte urbana e tradi\u00e7\u00e3o fazem de Burano um destino inesquec\u00edvel. Conhe\u00e7a o vilarejo que encanta turistas de todo o mundo.","breadcrumb":{"@id":"https:\/\/www.em.com.br\/emfoco\/2025\/07\/15\/o-vilarejo-colorido-que-renasceu-com-arte-urbana-e-virou-roteiro-internacional-imperdivel\/#breadcrumb"},"inLanguage":"pt-BR","potentialAction":[{"@type":"ReadAction","target":["https:\/\/www.em.com.br\/emfoco\/2025\/07\/15\/o-vilarejo-colorido-que-renasceu-com-arte-urbana-e-virou-roteiro-internacional-imperdivel\/"]}]},{"@type":"ImageObject","inLanguage":"pt-BR","@id":"https:\/\/www.em.com.br\/emfoco\/2025\/07\/15\/o-vilarejo-colorido-que-renasceu-com-arte-urbana-e-virou-roteiro-internacional-imperdivel\/#primaryimage","url":"https:\/\/www.em.com.br\/emfoco\/wp-content\/uploads\/2025\/07\/Burano-Veneza_1752500761621.jpg","contentUrl":"https:\/\/www.em.com.br\/emfoco\/wp-content\/uploads\/2025\/07\/Burano-Veneza_1752500761621.jpg","width":1280,"height":720,"caption":"Burano, Veneza - Cr\u00e9ditos: depositphotos.com \/ marcorubino"},{"@type":"BreadcrumbList","@id":"https:\/\/www.em.com.br\/emfoco\/2025\/07\/15\/o-vilarejo-colorido-que-renasceu-com-arte-urbana-e-virou-roteiro-internacional-imperdivel\/#breadcrumb","itemListElement":[{"@type":"ListItem","position":1,"name":"In\u00edcio","item":"https:\/\/www.em.com.br\/emfoco\/"},{"@type":"ListItem","position":2,"name":"O vilarejo colorido que renasceu com arte urbana e virou roteiro internacional imperd\u00edvel"}]},{"@type":"WebSite","@id":"https:\/\/www.em.com.br\/emfoco\/#website","url":"https:\/\/www.em.com.br\/emfoco\/","name":"Estado de Minas - Em foco","description":"Acompanhe as \u00faltimas not\u00edcias e fique bem informado sobre tudo o que acontece em Minas Gerais, Brasil e no mundo.","potentialAction":[{"@type":"SearchAction","target":{"@type":"EntryPoint","urlTemplate":"https:\/\/www.em.com.br\/emfoco\/?s={search_term_string}"},"query-input":{"@type":"PropertyValueSpecification","valueRequired":true,"valueName":"search_term_string"}}],"inLanguage":"pt-BR"},{"@type":"Person","@id":"https:\/\/www.em.com.br\/emfoco\/#\/schema\/person\/1c9ddeab18b98abeffef834667bcf08a","name":"Gabriel Martins","image":{"@type":"ImageObject","inLanguage":"pt-BR","@id":"https:\/\/www.em.com.br\/emfoco\/#\/schema\/person\/image\/","url":"https:\/\/secure.gravatar.com\/avatar\/f0f1e2efdfd88f1ad2cb08c5c2731e50?s=96&d=mm&r=g","contentUrl":"https:\/\/secure.gravatar.com\/avatar\/f0f1e2efdfd88f1ad2cb08c5c2731e50?s=96&d=mm&r=g","caption":"Gabriel Martins"},"sameAs":["https:\/\/www.em.com.br\/emfoco\/"],"url":"https:\/\/www.em.com.br\/emfoco\/author\/gabrielmartinsmyth\/"}]}},"_links":{"self":[{"href":"https:\/\/www.em.com.br\/emfoco\/wp-json\/wp\/v2\/posts\/75496","targetHints":{"allow":["GET"]}}],"collection":[{"href":"https:\/\/www.em.com.br\/emfoco\/wp-json\/wp\/v2\/posts"}],"about":[{"href":"https:\/\/www.em.com.br\/emfoco\/wp-json\/wp\/v2\/types\/post"}],"author":[{"embeddable":true,"href":"https:\/\/www.em.com.br\/emfoco\/wp-json\/wp\/v2\/users\/13"}],"replies":[{"embeddable":true,"href":"https:\/\/www.em.com.br\/emfoco\/wp-json\/wp\/v2\/comments?post=75496"}],"version-history":[{"count":2,"href":"https:\/\/www.em.com.br\/emfoco\/wp-json\/wp\/v2\/posts\/75496\/revisions"}],"predecessor-version":[{"id":75506,"href":"https:\/\/www.em.com.br\/emfoco\/wp-json\/wp\/v2\/posts\/75496\/revisions\/75506"}],"wp:featuredmedia":[{"embeddable":true,"href":"https:\/\/www.em.com.br\/emfoco\/wp-json\/wp\/v2\/media\/75504"}],"wp:attachment":[{"href":"https:\/\/www.em.com.br\/emfoco\/wp-json\/wp\/v2\/media?parent=75496"}],"wp:term":[{"taxonomy":"category","embeddable":true,"href":"https:\/\/www.em.com.br\/emfoco\/wp-json\/wp\/v2\/categories?post=75496"},{"taxonomy":"post_tag","embeddable":true,"href":"https:\/\/www.em.com.br\/emfoco\/wp-json\/wp\/v2\/tags?post=75496"}],"curies":[{"name":"wp","href":"https:\/\/api.w.org\/{rel}","templated":true}]}}