{"id":75453,"date":"2025-07-15T16:48:00","date_gmt":"2025-07-15T19:48:00","guid":{"rendered":"https:\/\/www.em.com.br\/emfoco\/?p=75453"},"modified":"2025-07-14T19:02:40","modified_gmt":"2025-07-14T22:02:40","slug":"conheca-os-alimentos-que-mais-possuem-vitamina-c-e-que-auxiliam-na-sua-imunidade","status":"publish","type":"post","link":"https:\/\/www.em.com.br\/emfoco\/2025\/07\/15\/conheca-os-alimentos-que-mais-possuem-vitamina-c-e-que-auxiliam-na-sua-imunidade\/","title":{"rendered":"Conhe\u00e7a os alimentos que mais possuem Vitamina C e que auxiliam na sua imunidade"},"content":{"rendered":"\n<p>O consumo de vitamina C \u00e9 amplamente associado ao fortalecimento do sistema imunol\u00f3gico, mas seus benef\u00edcios v\u00e3o muito al\u00e9m dessa fun\u00e7\u00e3o crucial. A vitamina C, tamb\u00e9m conhecida como \u00e1cido asc\u00f3rbico, n\u00e3o apenas desempenha um papel vital na prote\u00e7\u00e3o das c\u00e9lulas contra danos, mas tamb\u00e9m \u00e9 essencial para a s\u00edntese de col\u00e1geno, absor\u00e7\u00e3o de nutrientes e at\u00e9 mesmo para a sa\u00fade cerebral. Este artigo explora a import\u00e2ncia da vitamina C, bem como identifica vegetais ricos nesse nutriente que muitas vezes s\u00e3o subestimados em compara\u00e7\u00e3o com as frutas c\u00edtricas.<\/p>\n\n\n\n<p>Os benef\u00edcios antioxidantes da vitamina C s\u00e3o bem conhecidos; ela age contra o estresse oxidativo, protege as c\u00e9lulas e possui efeitos anti-inflamat\u00f3rios que podem prevenir doen\u00e7as cr\u00f4nicas e agudas. Al\u00e9m disso, a vitamina C \u00e9 fundamental para a produ\u00e7\u00e3o de col\u00e1geno, prote\u00edna essencial para a <strong><a href=\"https:\/\/www.em.com.br\/emfoco\/2025\/03\/04\/saude-da-pele-em-dia-3-problemas-que-o-skincare-ajuda-a-tratar\/\" target=\"_blank\" rel=\"noreferrer noopener\">sa\u00fade da pele<\/a><\/strong>, articula\u00e7\u00f5es e tecidos. Sua contribui\u00e7\u00e3o para a absor\u00e7\u00e3o de ferro n\u00e3o-heme, encontrado em alimentos vegetais, \u00e9 especialmente ben\u00e9fica para aqueles que seguem dietas vegetarianas ou veganas.<\/p>\n\n\n\n<h2 class=\"wp-block-heading\">Qual o papel da vitamina C na sa\u00fade cerebral?<\/h2>\n\n\n\n<p><strong>A vitamina C participa da fun\u00e7\u00e3o dos neurotransmissores, sustentando a sa\u00fade cerebral e influenciando o humor, energia e foco.<\/strong> Isso a torna uma aliada n\u00e3o apenas do corpo, mas tamb\u00e9m da mente, contribuindo para melhorias na fun\u00e7\u00e3o cognitiva e no bem-estar geral. <strong>A defici\u00eancia dessa vitamina pode ter impactos negativos na fun\u00e7\u00e3o cerebral, refor\u00e7ando a import\u00e2ncia de uma ingest\u00e3o adequada.<\/strong> Al\u00e9m disso, estudos recentes sugerem que n\u00edveis adequados de vitamina C podem proteger contra o decl\u00ednio cognitivo relacionado \u00e0 idade e ajudar no combate ao estresse oxidativo que afeta diretamente as c\u00e9lulas cerebrais.<\/p>\n\n\n\n<figure class=\"wp-block-image size-large\"><img loading=\"lazy\" decoding=\"async\" width=\"1024\" height=\"576\" src=\"https:\/\/www.em.com.br\/emfoco\/wp-content\/uploads\/2025\/07\/digestao_1752158029292-1024x576.jpg\" alt=\"Voc\u00ea pode estar prejudicando seu est\u00f4mago com um simples copo de \u00e1gua\" class=\"wp-image-73953\" srcset=\"https:\/\/www.em.com.br\/emfoco\/wp-content\/uploads\/2025\/07\/digestao_1752158029292-1024x576.jpg 1024w, https:\/\/www.em.com.br\/emfoco\/wp-content\/uploads\/2025\/07\/digestao_1752158029292-300x169.jpg 300w, https:\/\/www.em.com.br\/emfoco\/wp-content\/uploads\/2025\/07\/digestao_1752158029292-768x432.jpg 768w, https:\/\/www.em.com.br\/emfoco\/wp-content\/uploads\/2025\/07\/digestao_1752158029292-750x422.jpg 750w, https:\/\/www.em.com.br\/emfoco\/wp-content\/uploads\/2025\/07\/digestao_1752158029292-1140x641.jpg 1140w, https:\/\/www.em.com.br\/emfoco\/wp-content\/uploads\/2025\/07\/digestao_1752158029292.jpg 1280w\" sizes=\"auto, (max-width: 1024px) 100vw, 1024px\" \/><figcaption class=\"wp-element-caption\">Ilustra\u00e7\u00e3o sobre digest\u00e3o &#8211; Cr\u00e9ditos: depositphotos.com \/ Elen_Heilin<\/figcaption><\/figure>\n\n\n\n<h2 class=\"wp-block-heading\">Quais vegetais s\u00e3o ricos em vitamina C?<\/h2>\n\n\n\n<p><strong>Embora as frutas c\u00edtricas sejam frequentemente celebradas por seu conte\u00fado de vitamina C, muitos vegetais cont\u00eam n\u00edveis surpreendentemente altos desse nutriente essencial.<\/strong> Entre eles est\u00e3o os piment\u00f5es vermelhos, broc\u00f3lis, couve, couve de Bruxelas, pimentas chili, kohlrabi e espinafre. <strong>Estes vegetais n\u00e3o apenas oferecem vitamina C em abund\u00e2ncia, mas tamb\u00e9m s\u00e3o fontes ricas de outros nutrientes vitais que suportam a sa\u00fade em geral.<\/strong> Para quem deseja variar ainda mais a dieta, vegetais como a salsa fresca e o repolho tamb\u00e9m fornecem boas quantidades deste nutriente, ampliando as op\u00e7\u00f5es de fontes vegetais de vitamina C.<\/p>\n\n\n\n<ul class=\"wp-block-list\">\n<li><strong>Piment\u00e3o vermelho:<\/strong> com 118 mg de vitamina C por x\u00edcara, o piment\u00e3o vermelho supera facilmente uma laranja pequena. Al\u00e9m disso, \u00e9 rico em vitamina A, que apoia a sa\u00fade da vis\u00e3o e da pele.<\/li>\n\n\n\n<li><strong>Br\u00f3colis:<\/strong> este vegetal fornece 102 mg de vitamina C por x\u00edcara e \u00e9 uma excelente fonte de fibras,<strong><a href=\"https:\/\/www.tuasaude.com\/vitamina-k\/\" target=\"_blank\" rel=\"noreferrer noopener\"> vitamina K<\/a><\/strong> e folato, todos essenciais para a sa\u00fade do cora\u00e7\u00e3o e das c\u00e9lulas.<\/li>\n\n\n\n<li><strong>Couve:<\/strong> considerada um superalimento, a couve oferece mais de 90 mg de vitamina C em duas x\u00edcaras cruas, al\u00e9m de antioxidantes que beneficiam a sa\u00fade \u00f3ssea e imunol\u00f3gica.<\/li>\n\n\n\n<li><strong>Couve de Bruxelas:<\/strong> rica em vitaminas A e K, essa couve tem m\u00faltiplos benef\u00edcios para a sa\u00fade, podendo ser consumida crua ou cozida.<\/li>\n\n\n\n<li><strong>Pimentas chili:<\/strong> conhecidas pelo seu sabor picante, elas oferecem o dobro de vitamina C de uma pequena laranja em apenas meia x\u00edcara.<\/li>\n\n\n\n<li><strong>Kohlrabi:<\/strong> este vegetal ex\u00f3tico, embora menos conhecido, \u00e9 uma excelente fonte de vitamina C, fibras e outros nutrientes que promovem a sa\u00fade \u00f3ssea e imunol\u00f3gica.<\/li>\n\n\n\n<li><strong>Espinafre:<\/strong> extremamente vers\u00e1til, o espinafre \u00e9 rico em vitamina C, al\u00e9m de vitamina K, c\u00e1lcio e ferro, contribuindo para a sa\u00fade do cora\u00e7\u00e3o e dos ossos.<\/li>\n<\/ul>\n\n\n\n<h2 class=\"wp-block-heading\">Como incorporar esses vegetais na dieta?<\/h2>\n\n\n\n<p><strong>Esses vegetais podem ser facilmente incorporados na dieta di\u00e1ria em uma variedade de pratos.<\/strong> O piment\u00e3o vermelho \u00e9 ideal para ser recheado ou servido com molhos. O br\u00f3colis pode ser adicionado em sopas ou refogado em azeite de oliva e alho. A couve e o espinafre s\u00e3o perfeitos em saladas, refogados ou at\u00e9 mesmo como chips. As couves de Bruxelas podem ser assadas com \u00f3leo de oliva, enquanto as pimentas chili d\u00e3o um toque picante a molhos e refogados. O kohlrabi pode ser consumido cru em saladas ou adicionado em pratos assados. Tamb\u00e9m \u00e9 interessante variar o preparo desses vegetais para preservar o teor de vitamina C, j\u00e1 que m\u00e9todos como o cozimento a vapor ajudam a manter mais nutrientes do que o cozimento em \u00e1gua.<\/p>\n\n\n\n<p><strong>O consumo adequado de vitamina C \u00e9 crucial para manter uma sa\u00fade abrangente e protegida, e os vegetais mencionados acima representam op\u00e7\u00f5es saborosas e nutritivas para garantir a ingest\u00e3o desse nutriente essencial, muitas vezes al\u00e9m do que uma laranja pode proporcionar.<\/strong> Integrar tais alimentos na dieta n\u00e3o s\u00f3 enriquecer\u00e1 o paladar, mas tamb\u00e9m oferecer\u00e1 um conjunto diversificado de benef\u00edcios para o bem-estar de qualquer indiv\u00edduo.<\/p>\n","protected":false},"excerpt":{"rendered":"<p>O consumo de vitamina C \u00e9 amplamente associado ao fortalecimento do sistema imunol\u00f3gico, mas seus benef\u00edcios v\u00e3o muito al\u00e9m dessa fun\u00e7\u00e3o crucial. A vitamina C, tamb\u00e9m conhecida como \u00e1cido asc\u00f3rbico, n\u00e3o apenas desempenha um papel vital na prote\u00e7\u00e3o das c\u00e9lulas contra danos, mas tamb\u00e9m \u00e9 essencial para a s\u00edntese de col\u00e1geno, absor\u00e7\u00e3o de nutrientes e [&hellip;]<\/p>\n","protected":false},"author":13,"featured_media":75464,"comment_status":"open","ping_status":"open","sticky":false,"template":"","format":"standard","meta":{"jnews-multi-image_gallery":[],"jnews_single_post":{"format":"standard"},"jnews_primary_category":[],"jnews_social_meta":[],"jnews_override_counter":[],"footnotes":""},"categories":[1,9053],"tags":[3509,415,3080,1990],"class_list":["post-75453","post","type-post","status-publish","format-standard","has-post-thumbnail","hentry","category-noticias","category-saude","tag-nutricao","tag-saude","tag-sistema-imunologico","tag-vitamina-c"],"yoast_head":"<!-- This site is optimized with the Yoast SEO plugin v23.8 - https:\/\/yoast.com\/wordpress\/plugins\/seo\/ -->\n<title>Conhe\u00e7a os alimentos que mais possuem Vitamina C e que auxiliam na sua imunidade - Estado de Minas - Em foco<\/title>\n<meta name=\"description\" content=\"Muitos vegetais possuem mais vitamina C que a laranja. Conhe\u00e7a os principais e aprenda a inclu\u00ed-los na sua alimenta\u00e7\u00e3o.\" \/>\n<meta name=\"robots\" content=\"index, follow, max-snippet:-1, max-image-preview:large, max-video-preview:-1\" \/>\n<link rel=\"canonical\" href=\"https:\/\/www.em.com.br\/emfoco\/2025\/07\/15\/conheca-os-alimentos-que-mais-possuem-vitamina-c-e-que-auxiliam-na-sua-imunidade\/\" \/>\n<meta property=\"og:locale\" content=\"pt_BR\" \/>\n<meta property=\"og:type\" content=\"article\" \/>\n<meta property=\"og:title\" content=\"Conhe\u00e7a os alimentos que mais possuem Vitamina C e que auxiliam na sua imunidade - Estado de Minas - Em foco\" \/>\n<meta property=\"og:description\" content=\"Muitos vegetais possuem mais vitamina C que a laranja. Conhe\u00e7a os principais e aprenda a inclu\u00ed-los na sua alimenta\u00e7\u00e3o.\" \/>\n<meta property=\"og:url\" content=\"https:\/\/www.em.com.br\/emfoco\/2025\/07\/15\/conheca-os-alimentos-que-mais-possuem-vitamina-c-e-que-auxiliam-na-sua-imunidade\/\" \/>\n<meta property=\"og:site_name\" content=\"Estado de Minas - Em foco\" \/>\n<meta property=\"article:published_time\" content=\"2025-07-15T19:48:00+00:00\" \/>\n<meta property=\"article:modified_time\" content=\"2025-07-14T22:02:40+00:00\" \/>\n<meta property=\"og:image\" content=\"https:\/\/www.em.com.br\/emfoco\/wp-content\/uploads\/2025\/07\/Vitamina-C_1752499001470.jpg\" \/>\n\t<meta property=\"og:image:width\" content=\"1279\" \/>\n\t<meta property=\"og:image:height\" content=\"720\" \/>\n\t<meta property=\"og:image:type\" content=\"image\/jpeg\" \/>\n<meta name=\"author\" content=\"Gabriel Martins\" \/>\n<meta name=\"twitter:card\" content=\"summary_large_image\" \/>\n<meta name=\"twitter:label1\" content=\"Escrito por\" \/>\n\t<meta name=\"twitter:data1\" content=\"Gabriel Martins\" \/>\n\t<meta name=\"twitter:label2\" content=\"Est. tempo de leitura\" \/>\n\t<meta name=\"twitter:data2\" content=\"5 minutos\" \/>\n<!-- \/ Yoast SEO plugin. -->","yoast_head_json":{"title":"Conhe\u00e7a os alimentos que mais possuem Vitamina C e que auxiliam na sua imunidade - Estado de Minas - Em foco","description":"Muitos vegetais possuem mais vitamina C que a laranja. Conhe\u00e7a os principais e aprenda a inclu\u00ed-los na sua alimenta\u00e7\u00e3o.","robots":{"index":"index","follow":"follow","max-snippet":"max-snippet:-1","max-image-preview":"max-image-preview:large","max-video-preview":"max-video-preview:-1"},"canonical":"https:\/\/www.em.com.br\/emfoco\/2025\/07\/15\/conheca-os-alimentos-que-mais-possuem-vitamina-c-e-que-auxiliam-na-sua-imunidade\/","og_locale":"pt_BR","og_type":"article","og_title":"Conhe\u00e7a os alimentos que mais possuem Vitamina C e que auxiliam na sua imunidade - Estado de Minas - Em foco","og_description":"Muitos vegetais possuem mais vitamina C que a laranja. Conhe\u00e7a os principais e aprenda a inclu\u00ed-los na sua alimenta\u00e7\u00e3o.","og_url":"https:\/\/www.em.com.br\/emfoco\/2025\/07\/15\/conheca-os-alimentos-que-mais-possuem-vitamina-c-e-que-auxiliam-na-sua-imunidade\/","og_site_name":"Estado de Minas - Em foco","article_published_time":"2025-07-15T19:48:00+00:00","article_modified_time":"2025-07-14T22:02:40+00:00","og_image":[{"width":1279,"height":720,"url":"https:\/\/www.em.com.br\/emfoco\/wp-content\/uploads\/2025\/07\/Vitamina-C_1752499001470.jpg","type":"image\/jpeg"}],"author":"Gabriel Martins","twitter_card":"summary_large_image","twitter_misc":{"Escrito por":"Gabriel Martins","Est. tempo de leitura":"5 minutos"},"schema":{"@context":"https:\/\/schema.org","@graph":[{"@type":"WebPage","@id":"https:\/\/www.em.com.br\/emfoco\/2025\/07\/15\/conheca-os-alimentos-que-mais-possuem-vitamina-c-e-que-auxiliam-na-sua-imunidade\/","url":"https:\/\/www.em.com.br\/emfoco\/2025\/07\/15\/conheca-os-alimentos-que-mais-possuem-vitamina-c-e-que-auxiliam-na-sua-imunidade\/","name":"Conhe\u00e7a os alimentos que mais possuem Vitamina C e que auxiliam na sua imunidade - Estado de Minas - Em foco","isPartOf":{"@id":"https:\/\/www.em.com.br\/emfoco\/#website"},"primaryImageOfPage":{"@id":"https:\/\/www.em.com.br\/emfoco\/2025\/07\/15\/conheca-os-alimentos-que-mais-possuem-vitamina-c-e-que-auxiliam-na-sua-imunidade\/#primaryimage"},"image":{"@id":"https:\/\/www.em.com.br\/emfoco\/2025\/07\/15\/conheca-os-alimentos-que-mais-possuem-vitamina-c-e-que-auxiliam-na-sua-imunidade\/#primaryimage"},"thumbnailUrl":"https:\/\/www.em.com.br\/emfoco\/wp-content\/uploads\/2025\/07\/Vitamina-C_1752499001470.jpg","datePublished":"2025-07-15T19:48:00+00:00","dateModified":"2025-07-14T22:02:40+00:00","author":{"@id":"https:\/\/www.em.com.br\/emfoco\/#\/schema\/person\/1c9ddeab18b98abeffef834667bcf08a"},"description":"Muitos vegetais possuem mais vitamina C que a laranja. Conhe\u00e7a os principais e aprenda a inclu\u00ed-los na sua alimenta\u00e7\u00e3o.","breadcrumb":{"@id":"https:\/\/www.em.com.br\/emfoco\/2025\/07\/15\/conheca-os-alimentos-que-mais-possuem-vitamina-c-e-que-auxiliam-na-sua-imunidade\/#breadcrumb"},"inLanguage":"pt-BR","potentialAction":[{"@type":"ReadAction","target":["https:\/\/www.em.com.br\/emfoco\/2025\/07\/15\/conheca-os-alimentos-que-mais-possuem-vitamina-c-e-que-auxiliam-na-sua-imunidade\/"]}]},{"@type":"ImageObject","inLanguage":"pt-BR","@id":"https:\/\/www.em.com.br\/emfoco\/2025\/07\/15\/conheca-os-alimentos-que-mais-possuem-vitamina-c-e-que-auxiliam-na-sua-imunidade\/#primaryimage","url":"https:\/\/www.em.com.br\/emfoco\/wp-content\/uploads\/2025\/07\/Vitamina-C_1752499001470.jpg","contentUrl":"https:\/\/www.em.com.br\/emfoco\/wp-content\/uploads\/2025\/07\/Vitamina-C_1752499001470.jpg","width":1279,"height":720,"caption":"Vitamina C - Cr\u00e9ditos: depositphotos.com \/ vicza"},{"@type":"BreadcrumbList","@id":"https:\/\/www.em.com.br\/emfoco\/2025\/07\/15\/conheca-os-alimentos-que-mais-possuem-vitamina-c-e-que-auxiliam-na-sua-imunidade\/#breadcrumb","itemListElement":[{"@type":"ListItem","position":1,"name":"In\u00edcio","item":"https:\/\/www.em.com.br\/emfoco\/"},{"@type":"ListItem","position":2,"name":"Conhe\u00e7a os alimentos que mais possuem Vitamina C e que auxiliam na sua imunidade"}]},{"@type":"WebSite","@id":"https:\/\/www.em.com.br\/emfoco\/#website","url":"https:\/\/www.em.com.br\/emfoco\/","name":"Estado de Minas - Em foco","description":"Acompanhe as \u00faltimas not\u00edcias e fique bem informado sobre tudo o que acontece em Minas Gerais, Brasil e no mundo.","potentialAction":[{"@type":"SearchAction","target":{"@type":"EntryPoint","urlTemplate":"https:\/\/www.em.com.br\/emfoco\/?s={search_term_string}"},"query-input":{"@type":"PropertyValueSpecification","valueRequired":true,"valueName":"search_term_string"}}],"inLanguage":"pt-BR"},{"@type":"Person","@id":"https:\/\/www.em.com.br\/emfoco\/#\/schema\/person\/1c9ddeab18b98abeffef834667bcf08a","name":"Gabriel Martins","image":{"@type":"ImageObject","inLanguage":"pt-BR","@id":"https:\/\/www.em.com.br\/emfoco\/#\/schema\/person\/image\/","url":"https:\/\/secure.gravatar.com\/avatar\/f0f1e2efdfd88f1ad2cb08c5c2731e50?s=96&d=mm&r=g","contentUrl":"https:\/\/secure.gravatar.com\/avatar\/f0f1e2efdfd88f1ad2cb08c5c2731e50?s=96&d=mm&r=g","caption":"Gabriel Martins"},"sameAs":["https:\/\/www.em.com.br\/emfoco\/"],"url":"https:\/\/www.em.com.br\/emfoco\/author\/gabrielmartinsmyth\/"}]}},"_links":{"self":[{"href":"https:\/\/www.em.com.br\/emfoco\/wp-json\/wp\/v2\/posts\/75453","targetHints":{"allow":["GET"]}}],"collection":[{"href":"https:\/\/www.em.com.br\/emfoco\/wp-json\/wp\/v2\/posts"}],"about":[{"href":"https:\/\/www.em.com.br\/emfoco\/wp-json\/wp\/v2\/types\/post"}],"author":[{"embeddable":true,"href":"https:\/\/www.em.com.br\/emfoco\/wp-json\/wp\/v2\/users\/13"}],"replies":[{"embeddable":true,"href":"https:\/\/www.em.com.br\/emfoco\/wp-json\/wp\/v2\/comments?post=75453"}],"version-history":[{"count":3,"href":"https:\/\/www.em.com.br\/emfoco\/wp-json\/wp\/v2\/posts\/75453\/revisions"}],"predecessor-version":[{"id":75918,"href":"https:\/\/www.em.com.br\/emfoco\/wp-json\/wp\/v2\/posts\/75453\/revisions\/75918"}],"wp:featuredmedia":[{"embeddable":true,"href":"https:\/\/www.em.com.br\/emfoco\/wp-json\/wp\/v2\/media\/75464"}],"wp:attachment":[{"href":"https:\/\/www.em.com.br\/emfoco\/wp-json\/wp\/v2\/media?parent=75453"}],"wp:term":[{"taxonomy":"category","embeddable":true,"href":"https:\/\/www.em.com.br\/emfoco\/wp-json\/wp\/v2\/categories?post=75453"},{"taxonomy":"post_tag","embeddable":true,"href":"https:\/\/www.em.com.br\/emfoco\/wp-json\/wp\/v2\/tags?post=75453"}],"curies":[{"name":"wp","href":"https:\/\/api.w.org\/{rel}","templated":true}]}}