{"id":7545,"date":"2024-12-30T11:20:00","date_gmt":"2024-12-30T14:20:00","guid":{"rendered":"https:\/\/www.em.com.br\/emfoco\/?p=7545"},"modified":"2024-12-29T18:53:34","modified_gmt":"2024-12-29T21:53:34","slug":"seguro-desemprego-no-brasil","status":"publish","type":"post","link":"https:\/\/www.em.com.br\/emfoco\/2024\/12\/30\/seguro-desemprego-no-brasil\/","title":{"rendered":"Seguro-Desemprego no Brasil"},"content":{"rendered":"\n<p>O <a href=\"https:\/\/www.gov.br\/pt-br\/servicos\/solicitar-o-seguro-desemprego\" target=\"_blank\" rel=\"noreferrer noopener\">seguro-desemprego<\/a> \u00e9 um benef\u00edcio crucial para trabalhadores <a href=\"https:\/\/www.em.com.br\/emfoco\/2024\/12\/29\/do-que-os-brasileiros-sao-capazes-confira\/\" target=\"_blank\" rel=\"noreferrer noopener\">brasileiros <\/a>dispensados sem justa causa. Em 2025, a expectativa \u00e9 de que o valor m\u00e1ximo permane\u00e7a em R$ 2.313,74, oferecendo um al\u00edvio financeiro tempor\u00e1rio aos rec\u00e9m-desempregados. Este aux\u00edlio \u00e9 calculado com base na m\u00e9dia salarial dos \u00faltimos tr\u00eas meses trabalhados, sendo essencial para a manuten\u00e7\u00e3o financeira no per\u00edodo de busca por uma nova coloca\u00e7\u00e3o.<\/p>\n\n\n\n<p>Os benefici\u00e1rios podem receber de tr\u00eas a cinco parcelas, variando conforme o tempo de contribui\u00e7\u00e3o. O papel do seguro-desemprego \u00e9 de grande relev\u00e2ncia social, pois auxilia na estabilidade financeira dos trabalhadores durante a transi\u00e7\u00e3o entre empregos. Embora tempor\u00e1rio, proporciona seguran\u00e7a e apoio em um momento de incerteza profissional.<\/p>\n\n\n\n<h2 class=\"wp-block-heading\">Como \u00e9 Calculado o Seguro-Desemprego?<\/h2>\n\n\n\n<p>O c\u00e1lculo do seguro-desemprego considera a m\u00e9dia salarial dos tr\u00eas meses anteriores \u00e0 demiss\u00e3o. O valor das parcelas pode variar de R$ 1.412, correspondente ao sal\u00e1rio m\u00ednimo, at\u00e9 o teto de R$ 2.313,74. Para aqueles cuja m\u00e9dia salarial supera R$ 3.402,65, o valor m\u00e1ximo do seguro \u00e9 atingido.<\/p>\n\n\n\n<p>Em casos de sal\u00e1rios abaixo desse patamar, o valor \u00e9 ajustado proporcionalmente para garantir uma base est\u00e1vel de apoio financeiro. O objetivo \u00e9 proporcionar uma cobertura m\u00ednima que permita ao trabalhador sustentar suas necessidades b\u00e1sicas enquanto busca novas oportunidades de emprego.<\/p>\n\n\n\n<h2 class=\"wp-block-heading\">Quem Tem Direito ao Seguro-Desemprego?<\/h2>\n\n\n\n<p>Somente trabalhadores demitidos sem justa causa t\u00eam direito ao seguro-desemprego. Eles devem provar que n\u00e3o possuem outra fonte de renda para o sustento pr\u00f3prio ou de suas fam\u00edlias. Al\u00e9m disso, devem ter trabalhado por um per\u00edodo m\u00ednimo, que varia conforme a solicita\u00e7\u00e3o do benef\u00edcio. Para a primeira solicita\u00e7\u00e3o, \u00e9 necess\u00e1rio ter trabalhado pelo menos 12 meses nos \u00faltimos 18 meses. Na segunda solicita\u00e7\u00e3o, o crit\u00e9rio \u00e9 de 9 meses nos \u00faltimos 12 meses, e, para as demais, a exig\u00eancia \u00e9 de 6 meses imediatamente anteriores \u00e0 demiss\u00e3o.<\/p>\n\n\n<div class=\"wp-block-image\">\n<figure class=\"aligncenter size-large\"><img loading=\"lazy\" decoding=\"async\" width=\"1024\" height=\"576\" src=\"https:\/\/www.em.com.br\/emfoco\/wp-content\/uploads\/2024\/12\/Brazil-Money_1734377057535-1024x576.jpg\" alt=\"\" class=\"wp-image-5293\" srcset=\"https:\/\/www.em.com.br\/emfoco\/wp-content\/uploads\/2024\/12\/Brazil-Money_1734377057535-1024x576.jpg 1024w, https:\/\/www.em.com.br\/emfoco\/wp-content\/uploads\/2024\/12\/Brazil-Money_1734377057535-300x169.jpg 300w, https:\/\/www.em.com.br\/emfoco\/wp-content\/uploads\/2024\/12\/Brazil-Money_1734377057535-768x432.jpg 768w, https:\/\/www.em.com.br\/emfoco\/wp-content\/uploads\/2024\/12\/Brazil-Money_1734377057535-750x422.jpg 750w, https:\/\/www.em.com.br\/emfoco\/wp-content\/uploads\/2024\/12\/Brazil-Money_1734377057535-1140x641.jpg 1140w, https:\/\/www.em.com.br\/emfoco\/wp-content\/uploads\/2024\/12\/Brazil-Money_1734377057535.jpg 1280w\" sizes=\"auto, (max-width: 1024px) 100vw, 1024px\" \/><figcaption class=\"wp-element-caption\">Dinheiro &#8211; Cr\u00e9ditos: depositphotos.com \/ rochu_2008<\/figcaption><\/figure><\/div>\n\n\n<p>Outra exig\u00eancia \u00e9 n\u00e3o estar recebendo benef\u00edcio previdenci\u00e1rio de presta\u00e7\u00e3o continuada, com algumas exce\u00e7\u00f5es como aux\u00edlio-acidente e abono de perman\u00eancia em servi\u00e7o.<\/p>\n\n\n\n<h2 class=\"wp-block-heading\">Como Solicitar o Seguro-Desemprego?<\/h2>\n\n\n\n<p>O trabalhador pode solicitar o seguro-desemprego comparecendo a uma superintend\u00eancia do Minist\u00e9rio do Trabalho ou a postos autorizados, como o Sistema Nacional de Emprego (SINE). \u00c9 necess\u00e1rio apresentar documentos pessoais e a carteira de trabalho. Alternativamente, \u00e9 poss\u00edvel realizar a solicita\u00e7\u00e3o de forma online pelo portal Gov.br ou pelo aplicativo da Carteira de Trabalho, dispon\u00edvel para Android e iOS.<\/p>\n\n\n\n<p>Este processo online tem facilitado a vida de muitos trabalhadores, permitindo um acesso mais r\u00e1pido e pr\u00e1tico ao benef\u00edcio. O avan\u00e7o das tecnologias de informa\u00e7\u00e3o tem sido um aliado nesta moderniza\u00e7\u00e3o dos servi\u00e7os p\u00fablicos.<\/p>\n\n\n\n<h2 class=\"wp-block-heading\">Quais S\u00e3o as Quest\u00f5es Mais Comuns Sobre o Seguro-Desemprego?<\/h2>\n\n\n\n<p>Uma d\u00favida comum \u00e9 como o seguro-desemprego se relaciona com o 13\u00ba sal\u00e1rio. Importante ressaltar que o benef\u00edcio \u00e9 calculado independentemente de quaisquer outros recebimentos. Al\u00e9m disso, um erro frequente \u00e9 n\u00e3o atender aos prazos estabelecidos para a solicita\u00e7\u00e3o, que deve ser feita entre 7 e 120 dias ap\u00f3s a demiss\u00e3o.<\/p>\n\n\n\n<ul class=\"wp-block-list\">\n<li><strong>Quem pode solicitar?<\/strong> Somente trabalhadores formais demitidos sem justa causa.<\/li>\n\n\n\n<li><strong>Qual \u00e9 o per\u00edodo de solicita\u00e7\u00e3o?<\/strong> De 7 a 120 dias a partir da demiss\u00e3o.<\/li>\n\n\n\n<li><strong>Pode ser solicitado online?<\/strong> Sim, pelo portal Gov.br ou aplicativo Carteira de Trabalho.<\/li>\n<\/ul>\n\n\n\n<p>Essas informa\u00e7\u00f5es visam esclarecer e orientar quem se enquadra nos crit\u00e9rios para aux\u00edlio, garantindo que n\u00e3o percam prazos ou fiquem desinformados sobre suas op\u00e7\u00f5es.<\/p>\n","protected":false},"excerpt":{"rendered":"<p>O seguro-desemprego \u00e9 um benef\u00edcio crucial para trabalhadores brasileiros dispensados sem justa causa. Em 2025, a expectativa \u00e9 de que o valor m\u00e1ximo permane\u00e7a em R$ 2.313,74, oferecendo um al\u00edvio financeiro tempor\u00e1rio aos rec\u00e9m-desempregados. Este aux\u00edlio \u00e9 calculado com base na m\u00e9dia salarial dos \u00faltimos tr\u00eas meses trabalhados, sendo essencial para a manuten\u00e7\u00e3o financeira no [&hellip;]<\/p>\n","protected":false},"author":7,"featured_media":7548,"comment_status":"open","ping_status":"open","sticky":false,"template":"","format":"standard","meta":{"jnews-multi-image_gallery":[],"jnews_single_post":{"format":"standard"},"jnews_primary_category":[],"jnews_social_meta":[],"jnews_override_counter":[],"footnotes":""},"categories":[28],"tags":[259,1833,1832,641],"class_list":["post-7545","post","type-post","status-publish","format-standard","has-post-thumbnail","hentry","category-economia","tag-beneficio","tag-desemprego","tag-seguro-desemprego","tag-trabalhador"],"yoast_head":"<!-- This site is optimized with the Yoast SEO plugin v23.8 - https:\/\/yoast.com\/wordpress\/plugins\/seo\/ -->\n<title>Seguro-Desemprego no Brasil - Estado de Minas - Em foco<\/title>\n<meta name=\"description\" content=\"O Seguro-Desemprego \u00e9 um benef\u00edcio brasileiro para trabalhadores demitidos sem justa causa. Veja como funciona, quem tem direito, como solicitar e muito mais.\" \/>\n<meta name=\"robots\" content=\"index, follow, max-snippet:-1, max-image-preview:large, max-video-preview:-1\" \/>\n<link rel=\"canonical\" href=\"https:\/\/www.em.com.br\/emfoco\/2024\/12\/30\/seguro-desemprego-no-brasil\/\" \/>\n<meta property=\"og:locale\" content=\"pt_BR\" \/>\n<meta property=\"og:type\" content=\"article\" \/>\n<meta property=\"og:title\" content=\"Seguro-Desemprego no Brasil - Estado de Minas - Em foco\" \/>\n<meta property=\"og:description\" content=\"O Seguro-Desemprego \u00e9 um benef\u00edcio brasileiro para trabalhadores demitidos sem justa causa. Veja como funciona, quem tem direito, como solicitar e muito mais.\" \/>\n<meta property=\"og:url\" content=\"https:\/\/www.em.com.br\/emfoco\/2024\/12\/30\/seguro-desemprego-no-brasil\/\" \/>\n<meta property=\"og:site_name\" content=\"Estado de Minas - Em foco\" \/>\n<meta property=\"article:published_time\" content=\"2024-12-30T14:20:00+00:00\" \/>\n<meta property=\"article:modified_time\" content=\"2024-12-29T21:53:34+00:00\" \/>\n<meta property=\"og:image\" content=\"https:\/\/www.em.com.br\/emfoco\/wp-content\/uploads\/2024\/12\/Salario_1735509096626.jpg\" \/>\n\t<meta property=\"og:image:width\" content=\"1280\" \/>\n\t<meta property=\"og:image:height\" content=\"720\" \/>\n\t<meta property=\"og:image:type\" content=\"image\/jpeg\" \/>\n<meta name=\"author\" content=\"Kelvin\" \/>\n<meta name=\"twitter:card\" content=\"summary_large_image\" \/>\n<meta name=\"twitter:label1\" content=\"Escrito por\" \/>\n\t<meta name=\"twitter:data1\" content=\"Kelvin\" \/>\n\t<meta name=\"twitter:label2\" content=\"Est. tempo de leitura\" \/>\n\t<meta name=\"twitter:data2\" content=\"4 minutos\" \/>\n<!-- \/ Yoast SEO plugin. -->","yoast_head_json":{"title":"Seguro-Desemprego no Brasil - Estado de Minas - Em foco","description":"O Seguro-Desemprego \u00e9 um benef\u00edcio brasileiro para trabalhadores demitidos sem justa causa. Veja como funciona, quem tem direito, como solicitar e muito mais.","robots":{"index":"index","follow":"follow","max-snippet":"max-snippet:-1","max-image-preview":"max-image-preview:large","max-video-preview":"max-video-preview:-1"},"canonical":"https:\/\/www.em.com.br\/emfoco\/2024\/12\/30\/seguro-desemprego-no-brasil\/","og_locale":"pt_BR","og_type":"article","og_title":"Seguro-Desemprego no Brasil - Estado de Minas - Em foco","og_description":"O Seguro-Desemprego \u00e9 um benef\u00edcio brasileiro para trabalhadores demitidos sem justa causa. Veja como funciona, quem tem direito, como solicitar e muito mais.","og_url":"https:\/\/www.em.com.br\/emfoco\/2024\/12\/30\/seguro-desemprego-no-brasil\/","og_site_name":"Estado de Minas - Em foco","article_published_time":"2024-12-30T14:20:00+00:00","article_modified_time":"2024-12-29T21:53:34+00:00","og_image":[{"width":1280,"height":720,"url":"https:\/\/www.em.com.br\/emfoco\/wp-content\/uploads\/2024\/12\/Salario_1735509096626.jpg","type":"image\/jpeg"}],"author":"Kelvin","twitter_card":"summary_large_image","twitter_misc":{"Escrito por":"Kelvin","Est. tempo de leitura":"4 minutos"},"schema":{"@context":"https:\/\/schema.org","@graph":[{"@type":"WebPage","@id":"https:\/\/www.em.com.br\/emfoco\/2024\/12\/30\/seguro-desemprego-no-brasil\/","url":"https:\/\/www.em.com.br\/emfoco\/2024\/12\/30\/seguro-desemprego-no-brasil\/","name":"Seguro-Desemprego no Brasil - Estado de Minas - Em foco","isPartOf":{"@id":"https:\/\/www.em.com.br\/emfoco\/#website"},"primaryImageOfPage":{"@id":"https:\/\/www.em.com.br\/emfoco\/2024\/12\/30\/seguro-desemprego-no-brasil\/#primaryimage"},"image":{"@id":"https:\/\/www.em.com.br\/emfoco\/2024\/12\/30\/seguro-desemprego-no-brasil\/#primaryimage"},"thumbnailUrl":"https:\/\/www.em.com.br\/emfoco\/wp-content\/uploads\/2024\/12\/Salario_1735509096626.jpg","datePublished":"2024-12-30T14:20:00+00:00","dateModified":"2024-12-29T21:53:34+00:00","author":{"@id":"https:\/\/www.em.com.br\/emfoco\/#\/schema\/person\/fb0a7f48c6fbb94b83f413a80f61917d"},"description":"O Seguro-Desemprego \u00e9 um benef\u00edcio brasileiro para trabalhadores demitidos sem justa causa. Veja como funciona, quem tem direito, como solicitar e muito mais.","breadcrumb":{"@id":"https:\/\/www.em.com.br\/emfoco\/2024\/12\/30\/seguro-desemprego-no-brasil\/#breadcrumb"},"inLanguage":"pt-BR","potentialAction":[{"@type":"ReadAction","target":["https:\/\/www.em.com.br\/emfoco\/2024\/12\/30\/seguro-desemprego-no-brasil\/"]}]},{"@type":"ImageObject","inLanguage":"pt-BR","@id":"https:\/\/www.em.com.br\/emfoco\/2024\/12\/30\/seguro-desemprego-no-brasil\/#primaryimage","url":"https:\/\/www.em.com.br\/emfoco\/wp-content\/uploads\/2024\/12\/Salario_1735509096626.jpg","contentUrl":"https:\/\/www.em.com.br\/emfoco\/wp-content\/uploads\/2024\/12\/Salario_1735509096626.jpg","width":1280,"height":720,"caption":"Dinheiro - Cr\u00e9ditos: depositphotos.com \/ KostyaKlimenko"},{"@type":"BreadcrumbList","@id":"https:\/\/www.em.com.br\/emfoco\/2024\/12\/30\/seguro-desemprego-no-brasil\/#breadcrumb","itemListElement":[{"@type":"ListItem","position":1,"name":"In\u00edcio","item":"https:\/\/www.em.com.br\/emfoco\/"},{"@type":"ListItem","position":2,"name":"Seguro-Desemprego no Brasil"}]},{"@type":"WebSite","@id":"https:\/\/www.em.com.br\/emfoco\/#website","url":"https:\/\/www.em.com.br\/emfoco\/","name":"Estado de Minas - Em foco","description":"Acompanhe as \u00faltimas not\u00edcias e fique bem informado sobre tudo o que acontece em Minas Gerais, Brasil e no mundo.","potentialAction":[{"@type":"SearchAction","target":{"@type":"EntryPoint","urlTemplate":"https:\/\/www.em.com.br\/emfoco\/?s={search_term_string}"},"query-input":{"@type":"PropertyValueSpecification","valueRequired":true,"valueName":"search_term_string"}}],"inLanguage":"pt-BR"},{"@type":"Person","@id":"https:\/\/www.em.com.br\/emfoco\/#\/schema\/person\/fb0a7f48c6fbb94b83f413a80f61917d","name":"Kelvin","image":{"@type":"ImageObject","inLanguage":"pt-BR","@id":"https:\/\/www.em.com.br\/emfoco\/#\/schema\/person\/image\/","url":"https:\/\/secure.gravatar.com\/avatar\/e74f84337e6bf6c4c5e88fbdffa05270?s=96&d=mm&r=g","contentUrl":"https:\/\/secure.gravatar.com\/avatar\/e74f84337e6bf6c4c5e88fbdffa05270?s=96&d=mm&r=g","caption":"Kelvin"},"sameAs":["https:\/\/www.em.com.br\/emfoco"],"url":"https:\/\/www.em.com.br\/emfoco\/author\/kelvinmyth\/"}]}},"_links":{"self":[{"href":"https:\/\/www.em.com.br\/emfoco\/wp-json\/wp\/v2\/posts\/7545","targetHints":{"allow":["GET"]}}],"collection":[{"href":"https:\/\/www.em.com.br\/emfoco\/wp-json\/wp\/v2\/posts"}],"about":[{"href":"https:\/\/www.em.com.br\/emfoco\/wp-json\/wp\/v2\/types\/post"}],"author":[{"embeddable":true,"href":"https:\/\/www.em.com.br\/emfoco\/wp-json\/wp\/v2\/users\/7"}],"replies":[{"embeddable":true,"href":"https:\/\/www.em.com.br\/emfoco\/wp-json\/wp\/v2\/comments?post=7545"}],"version-history":[{"count":2,"href":"https:\/\/www.em.com.br\/emfoco\/wp-json\/wp\/v2\/posts\/7545\/revisions"}],"predecessor-version":[{"id":7549,"href":"https:\/\/www.em.com.br\/emfoco\/wp-json\/wp\/v2\/posts\/7545\/revisions\/7549"}],"wp:featuredmedia":[{"embeddable":true,"href":"https:\/\/www.em.com.br\/emfoco\/wp-json\/wp\/v2\/media\/7548"}],"wp:attachment":[{"href":"https:\/\/www.em.com.br\/emfoco\/wp-json\/wp\/v2\/media?parent=7545"}],"wp:term":[{"taxonomy":"category","embeddable":true,"href":"https:\/\/www.em.com.br\/emfoco\/wp-json\/wp\/v2\/categories?post=7545"},{"taxonomy":"post_tag","embeddable":true,"href":"https:\/\/www.em.com.br\/emfoco\/wp-json\/wp\/v2\/tags?post=7545"}],"curies":[{"name":"wp","href":"https:\/\/api.w.org\/{rel}","templated":true}]}}