{"id":75447,"date":"2025-07-15T06:48:00","date_gmt":"2025-07-15T09:48:00","guid":{"rendered":"https:\/\/www.em.com.br\/emfoco\/?p=75447"},"modified":"2025-07-14T18:59:13","modified_gmt":"2025-07-14T21:59:13","slug":"o-melhor-exercicio-para-queimar-gordura-e-deixar-seu-abdomen-fortalecido-e-torneado","status":"publish","type":"post","link":"https:\/\/www.em.com.br\/emfoco\/2025\/07\/15\/o-melhor-exercicio-para-queimar-gordura-e-deixar-seu-abdomen-fortalecido-e-torneado\/","title":{"rendered":"O melhor exerc\u00edcio para queimar gordura e deixar seu abd\u00f4men fortalecido e torneado"},"content":{"rendered":"\n<p>O exerc\u00edcio f\u00edsico \u00e9 uma pr\u00e1tica essencial para a manuten\u00e7\u00e3o da sa\u00fade e do bem-estar. Entre as diversas op\u00e7\u00f5es dispon\u00edveis, algumas se destacam pela simplicidade e pelos benef\u00edcios abrangentes, como \u00e9 o caso da &#8220;prancha com eleva\u00e7\u00e3o do joelho&#8221;. Esta t\u00e9cnica \u00e9 frequentemente recomendada por profissionais de educa\u00e7\u00e3o f\u00edsica devido \u00e0 sua efic\u00e1cia na melhoria da frequ\u00eancia card\u00edaca, fortalecimento do core e aumento do gasto cal\u00f3rico em poucos minutos por dia.<\/p>\n\n\n\n<p>Este exerc\u00edcio, destacado por <strong>Jarrod Nobbe<\/strong>, personal trainer, oferece uma abordagem pr\u00e1tica, eliminando a necessidade de equipamentos de academia ou longas rotinas de treino. A prancha, em sua forma cl\u00e1ssica, j\u00e1 \u00e9 renomada por ativar a musculatura central do corpo, englobando os m\u00fasculos abdominais, flexores do quadril e estabilizadores da coluna. A variante com eleva\u00e7\u00e3o do joelho adiciona um componente aer\u00f3bico ao movimento, preservando o alinhamento corporal enquanto impulsiona o ritmo card\u00edaco atrav\u00e9s do movimento alternado das pernas.<\/p>\n\n\n\n<h2 class=\"wp-block-heading\">Quais s\u00e3o os benef\u00edcios da prancha com eleva\u00e7\u00e3o do joelho?<\/h2>\n\n\n\n<p><strong>Este exerc\u00edcio \u00e9 uma excelente op\u00e7\u00e3o para quem busca um trabalho f\u00edsico completo sem complica\u00e7\u00f5es.<\/strong> A pr\u00e1tica constante da prancha com eleva\u00e7\u00e3o do joelho pode levar a um melhor equil\u00edbrio, controle corporal e intensidade de treino, servindo tanto aos iniciantes quanto a praticantes avan\u00e7ados. Al\u00e9m de trabalhar a for\u00e7a muscular, ele oferece ganhos cardiovasculares significativos, aumentando o consumo cal\u00f3rico e auxiliando na melhora da postura e fortalecimento do core. A longo prazo, tamb\u00e9m pode contribuir para a preven\u00e7\u00e3o de dores lombares e melhora da estabilidade do tronco durante outras atividades di\u00e1rias.<\/p>\n\n\n\n<figure class=\"wp-block-image size-large\"><img loading=\"lazy\" decoding=\"async\" width=\"1024\" height=\"576\" src=\"https:\/\/www.em.com.br\/emfoco\/wp-content\/uploads\/2025\/07\/Plank_1752499982430-1024x576.jpg\" alt=\"O melhor exerc\u00edcio para queimar gordura e deixar seu abd\u00f4men fortalecido e torneado \" class=\"wp-image-75483\" srcset=\"https:\/\/www.em.com.br\/emfoco\/wp-content\/uploads\/2025\/07\/Plank_1752499982430-1024x576.jpg 1024w, https:\/\/www.em.com.br\/emfoco\/wp-content\/uploads\/2025\/07\/Plank_1752499982430-300x169.jpg 300w, https:\/\/www.em.com.br\/emfoco\/wp-content\/uploads\/2025\/07\/Plank_1752499982430-768x432.jpg 768w, https:\/\/www.em.com.br\/emfoco\/wp-content\/uploads\/2025\/07\/Plank_1752499982430-750x422.jpg 750w, https:\/\/www.em.com.br\/emfoco\/wp-content\/uploads\/2025\/07\/Plank_1752499982430-1140x641.jpg 1140w, https:\/\/www.em.com.br\/emfoco\/wp-content\/uploads\/2025\/07\/Plank_1752499982430.jpg 1280w\" sizes=\"auto, (max-width: 1024px) 100vw, 1024px\" \/><figcaption class=\"wp-element-caption\">Prancha &#8211; Cr\u00e9ditos: depositphotos.com \/ ArturVerkhovetskiy<\/figcaption><\/figure>\n\n\n\n<h2 class=\"wp-block-heading\">Como executar corretamente a prancha com eleva\u00e7\u00e3o do joelho?<\/h2>\n\n\n\n<p><strong>Executar o exerc\u00edcio corretamente \u00e9 fundamental para garantir seus <a href=\"https:\/\/www.em.com.br\/emfoco\/2025\/07\/13\/essa-fruta-brasileira-tem-mais-beneficios-do-que-voce-imagina\/\" target=\"_blank\" rel=\"noreferrer noopener\">benef\u00edcios <\/a>e evitar les\u00f5es.<\/strong> A posi\u00e7\u00e3o inicial \u00e9 semelhante \u00e0 prancha tradicional, com os antebra\u00e7os apoiados no ch\u00e3o e os cotovelos alinhados sob os ombros. As pernas devem estar esticadas, mantendo o corpo em linha reta. O movimento consiste em alternar a eleva\u00e7\u00e3o de cada joelho em dire\u00e7\u00e3o ao peito, garantindo que o tronco permane\u00e7a est\u00e1vel e sem inclina\u00e7\u00e3o. Uma dica \u00e9 manter o abd\u00f4men sempre ativado e o olhar voltado para baixo, favorecendo o alinhamento da coluna cervical.<\/p>\n\n\n\n<h2 class=\"wp-block-heading\">Ser\u00e1 que \u00e9 necess\u00e1rio fazer ajustes na rotina de exerc\u00edcios para incorporar este movimento?<\/h2>\n\n\n\n<p><strong>Incorporar a prancha com eleva\u00e7\u00e3o do joelho na rotina n\u00e3o requer grandes ajustes, tornando-se uma adi\u00e7\u00e3o pr\u00e1tica a qualquer regime de exerc\u00edcios.<\/strong> Para iniciantes, recomenda-se executar tr\u00eas s\u00e9ries de 30 a 60 segundos, com breves per\u00edodos de descanso entre elas. \u00c0 medida que se ganha for\u00e7a e condi\u00e7\u00e3o f\u00edsica, a dura\u00e7\u00e3o e a intensidade das s\u00e9ries podem ser aumentadas gradualmente.<\/p>\n\n\n\n<ul class=\"wp-block-list\">\n<li>Inicia-se com s\u00e9ries mais curtas e t\u00e9cnicas precisas;<\/li>\n\n\n\n<li>Progride-se para pr\u00e1ticas mais extensas conforme a melhora f\u00edsica;<\/li>\n\n\n\n<li>Recomenda-se praticar 5-6 vezes por semana para resultados significativos.<\/li>\n<\/ul>\n\n\n\n<p>\u00a0Al\u00e9m de contribuir para a perda de peso, este exerc\u00edcio \u00e9 adequado para quem busca manuten\u00e7\u00e3o da forma f\u00edsica e fortalecimento do core, sendo acess\u00edvel para pessoas de todas as faixas et\u00e1rias e n\u00edveis de aptid\u00e3o. Com a pr\u00e1tica constante, a prancha com eleva\u00e7\u00e3o do joelho pode ser incorporada \u00e0 rotina di\u00e1ria, proporcionando um treino eficaz para o cora\u00e7\u00e3o e os m\u00fasculos abdominais de forma precisa e sem estresse. Para quem deseja variar ainda mais, pode-se combinar a prancha com outros<strong><a href=\"https:\/\/www.tuasaude.com\/exercicios-funcionais\/\" target=\"_blank\" rel=\"noreferrer noopener\"> exerc\u00edcios funcionais<\/a><\/strong>, potencializando os resultados gerais.<\/p>\n","protected":false},"excerpt":{"rendered":"<p>O exerc\u00edcio f\u00edsico \u00e9 uma pr\u00e1tica essencial para a manuten\u00e7\u00e3o da sa\u00fade e do bem-estar. Entre as diversas op\u00e7\u00f5es dispon\u00edveis, algumas se destacam pela simplicidade e pelos benef\u00edcios abrangentes, como \u00e9 o caso da &#8220;prancha com eleva\u00e7\u00e3o do joelho&#8221;. Esta t\u00e9cnica \u00e9 frequentemente recomendada por profissionais de educa\u00e7\u00e3o f\u00edsica devido \u00e0 sua efic\u00e1cia na melhoria [&hellip;]<\/p>\n","protected":false},"author":13,"featured_media":75481,"comment_status":"open","ping_status":"open","sticky":false,"template":"","format":"standard","meta":{"jnews-multi-image_gallery":[],"jnews_single_post":{"format":"standard"},"jnews_primary_category":[],"jnews_social_meta":[],"jnews_override_counter":[],"footnotes":""},"categories":[8691,1],"tags":[711,4955,11625,415],"class_list":["post-75447","post","type-post","status-publish","format-standard","has-post-thumbnail","hentry","category-bem-estar","category-noticias","tag-bem-estar","tag-exercicio-fisico","tag-prancha","tag-saude"],"yoast_head":"<!-- This site is optimized with the Yoast SEO plugin v23.8 - https:\/\/yoast.com\/wordpress\/plugins\/seo\/ -->\n<title>O melhor exerc\u00edcio para queimar gordura e deixar seu abd\u00f4men fortalecido e torneado - Estado de Minas - Em foco<\/title>\n<meta name=\"description\" content=\"A prancha com eleva\u00e7\u00e3o do joelho fortalece o abd\u00f4men e melhora o ritmo card\u00edaco. Aprenda como fazer em casa e ter resultados vis\u00edveis.\" \/>\n<meta name=\"robots\" content=\"index, follow, max-snippet:-1, max-image-preview:large, max-video-preview:-1\" \/>\n<link rel=\"canonical\" href=\"https:\/\/www.em.com.br\/emfoco\/2025\/07\/15\/o-melhor-exercicio-para-queimar-gordura-e-deixar-seu-abdomen-fortalecido-e-torneado\/\" \/>\n<meta property=\"og:locale\" content=\"pt_BR\" \/>\n<meta property=\"og:type\" content=\"article\" \/>\n<meta property=\"og:title\" content=\"O melhor exerc\u00edcio para queimar gordura e deixar seu abd\u00f4men fortalecido e torneado - Estado de Minas - Em foco\" \/>\n<meta property=\"og:description\" content=\"A prancha com eleva\u00e7\u00e3o do joelho fortalece o abd\u00f4men e melhora o ritmo card\u00edaco. Aprenda como fazer em casa e ter resultados vis\u00edveis.\" \/>\n<meta property=\"og:url\" content=\"https:\/\/www.em.com.br\/emfoco\/2025\/07\/15\/o-melhor-exercicio-para-queimar-gordura-e-deixar-seu-abdomen-fortalecido-e-torneado\/\" \/>\n<meta property=\"og:site_name\" content=\"Estado de Minas - Em foco\" \/>\n<meta property=\"article:published_time\" content=\"2025-07-15T09:48:00+00:00\" \/>\n<meta property=\"article:modified_time\" content=\"2025-07-14T21:59:13+00:00\" \/>\n<meta property=\"og:image\" content=\"https:\/\/www.em.com.br\/emfoco\/wp-content\/uploads\/2025\/07\/Prancha-abdominal_1752499931957.jpg\" \/>\n\t<meta property=\"og:image:width\" content=\"1280\" \/>\n\t<meta property=\"og:image:height\" content=\"720\" \/>\n\t<meta property=\"og:image:type\" content=\"image\/jpeg\" \/>\n<meta name=\"author\" content=\"Gabriel Martins\" \/>\n<meta name=\"twitter:card\" content=\"summary_large_image\" \/>\n<meta name=\"twitter:label1\" content=\"Escrito por\" \/>\n\t<meta name=\"twitter:data1\" content=\"Gabriel Martins\" \/>\n\t<meta name=\"twitter:label2\" content=\"Est. tempo de leitura\" \/>\n\t<meta name=\"twitter:data2\" content=\"4 minutos\" \/>\n<!-- \/ Yoast SEO plugin. -->","yoast_head_json":{"title":"O melhor exerc\u00edcio para queimar gordura e deixar seu abd\u00f4men fortalecido e torneado - Estado de Minas - Em foco","description":"A prancha com eleva\u00e7\u00e3o do joelho fortalece o abd\u00f4men e melhora o ritmo card\u00edaco. Aprenda como fazer em casa e ter resultados vis\u00edveis.","robots":{"index":"index","follow":"follow","max-snippet":"max-snippet:-1","max-image-preview":"max-image-preview:large","max-video-preview":"max-video-preview:-1"},"canonical":"https:\/\/www.em.com.br\/emfoco\/2025\/07\/15\/o-melhor-exercicio-para-queimar-gordura-e-deixar-seu-abdomen-fortalecido-e-torneado\/","og_locale":"pt_BR","og_type":"article","og_title":"O melhor exerc\u00edcio para queimar gordura e deixar seu abd\u00f4men fortalecido e torneado - Estado de Minas - Em foco","og_description":"A prancha com eleva\u00e7\u00e3o do joelho fortalece o abd\u00f4men e melhora o ritmo card\u00edaco. Aprenda como fazer em casa e ter resultados vis\u00edveis.","og_url":"https:\/\/www.em.com.br\/emfoco\/2025\/07\/15\/o-melhor-exercicio-para-queimar-gordura-e-deixar-seu-abdomen-fortalecido-e-torneado\/","og_site_name":"Estado de Minas - Em foco","article_published_time":"2025-07-15T09:48:00+00:00","article_modified_time":"2025-07-14T21:59:13+00:00","og_image":[{"width":1280,"height":720,"url":"https:\/\/www.em.com.br\/emfoco\/wp-content\/uploads\/2025\/07\/Prancha-abdominal_1752499931957.jpg","type":"image\/jpeg"}],"author":"Gabriel Martins","twitter_card":"summary_large_image","twitter_misc":{"Escrito por":"Gabriel Martins","Est. tempo de leitura":"4 minutos"},"schema":{"@context":"https:\/\/schema.org","@graph":[{"@type":"WebPage","@id":"https:\/\/www.em.com.br\/emfoco\/2025\/07\/15\/o-melhor-exercicio-para-queimar-gordura-e-deixar-seu-abdomen-fortalecido-e-torneado\/","url":"https:\/\/www.em.com.br\/emfoco\/2025\/07\/15\/o-melhor-exercicio-para-queimar-gordura-e-deixar-seu-abdomen-fortalecido-e-torneado\/","name":"O melhor exerc\u00edcio para queimar gordura e deixar seu abd\u00f4men fortalecido e torneado - Estado de Minas - Em foco","isPartOf":{"@id":"https:\/\/www.em.com.br\/emfoco\/#website"},"primaryImageOfPage":{"@id":"https:\/\/www.em.com.br\/emfoco\/2025\/07\/15\/o-melhor-exercicio-para-queimar-gordura-e-deixar-seu-abdomen-fortalecido-e-torneado\/#primaryimage"},"image":{"@id":"https:\/\/www.em.com.br\/emfoco\/2025\/07\/15\/o-melhor-exercicio-para-queimar-gordura-e-deixar-seu-abdomen-fortalecido-e-torneado\/#primaryimage"},"thumbnailUrl":"https:\/\/www.em.com.br\/emfoco\/wp-content\/uploads\/2025\/07\/Prancha-abdominal_1752499931957.jpg","datePublished":"2025-07-15T09:48:00+00:00","dateModified":"2025-07-14T21:59:13+00:00","author":{"@id":"https:\/\/www.em.com.br\/emfoco\/#\/schema\/person\/1c9ddeab18b98abeffef834667bcf08a"},"description":"A prancha com eleva\u00e7\u00e3o do joelho fortalece o abd\u00f4men e melhora o ritmo card\u00edaco. Aprenda como fazer em casa e ter resultados vis\u00edveis.","breadcrumb":{"@id":"https:\/\/www.em.com.br\/emfoco\/2025\/07\/15\/o-melhor-exercicio-para-queimar-gordura-e-deixar-seu-abdomen-fortalecido-e-torneado\/#breadcrumb"},"inLanguage":"pt-BR","potentialAction":[{"@type":"ReadAction","target":["https:\/\/www.em.com.br\/emfoco\/2025\/07\/15\/o-melhor-exercicio-para-queimar-gordura-e-deixar-seu-abdomen-fortalecido-e-torneado\/"]}]},{"@type":"ImageObject","inLanguage":"pt-BR","@id":"https:\/\/www.em.com.br\/emfoco\/2025\/07\/15\/o-melhor-exercicio-para-queimar-gordura-e-deixar-seu-abdomen-fortalecido-e-torneado\/#primaryimage","url":"https:\/\/www.em.com.br\/emfoco\/wp-content\/uploads\/2025\/07\/Prancha-abdominal_1752499931957.jpg","contentUrl":"https:\/\/www.em.com.br\/emfoco\/wp-content\/uploads\/2025\/07\/Prancha-abdominal_1752499931957.jpg","width":1280,"height":720,"caption":"Prancha abdominal - Cr\u00e9ditos: depositphotos.com \/ benschonewille"},{"@type":"BreadcrumbList","@id":"https:\/\/www.em.com.br\/emfoco\/2025\/07\/15\/o-melhor-exercicio-para-queimar-gordura-e-deixar-seu-abdomen-fortalecido-e-torneado\/#breadcrumb","itemListElement":[{"@type":"ListItem","position":1,"name":"In\u00edcio","item":"https:\/\/www.em.com.br\/emfoco\/"},{"@type":"ListItem","position":2,"name":"O melhor exerc\u00edcio para queimar gordura e deixar seu abd\u00f4men fortalecido e torneado"}]},{"@type":"WebSite","@id":"https:\/\/www.em.com.br\/emfoco\/#website","url":"https:\/\/www.em.com.br\/emfoco\/","name":"Estado de Minas - Em foco","description":"Acompanhe as \u00faltimas not\u00edcias e fique bem informado sobre tudo o que acontece em Minas Gerais, Brasil e no mundo.","potentialAction":[{"@type":"SearchAction","target":{"@type":"EntryPoint","urlTemplate":"https:\/\/www.em.com.br\/emfoco\/?s={search_term_string}"},"query-input":{"@type":"PropertyValueSpecification","valueRequired":true,"valueName":"search_term_string"}}],"inLanguage":"pt-BR"},{"@type":"Person","@id":"https:\/\/www.em.com.br\/emfoco\/#\/schema\/person\/1c9ddeab18b98abeffef834667bcf08a","name":"Gabriel Martins","image":{"@type":"ImageObject","inLanguage":"pt-BR","@id":"https:\/\/www.em.com.br\/emfoco\/#\/schema\/person\/image\/","url":"https:\/\/secure.gravatar.com\/avatar\/f0f1e2efdfd88f1ad2cb08c5c2731e50?s=96&d=mm&r=g","contentUrl":"https:\/\/secure.gravatar.com\/avatar\/f0f1e2efdfd88f1ad2cb08c5c2731e50?s=96&d=mm&r=g","caption":"Gabriel Martins"},"sameAs":["https:\/\/www.em.com.br\/emfoco\/"],"url":"https:\/\/www.em.com.br\/emfoco\/author\/gabrielmartinsmyth\/"}]}},"_links":{"self":[{"href":"https:\/\/www.em.com.br\/emfoco\/wp-json\/wp\/v2\/posts\/75447","targetHints":{"allow":["GET"]}}],"collection":[{"href":"https:\/\/www.em.com.br\/emfoco\/wp-json\/wp\/v2\/posts"}],"about":[{"href":"https:\/\/www.em.com.br\/emfoco\/wp-json\/wp\/v2\/types\/post"}],"author":[{"embeddable":true,"href":"https:\/\/www.em.com.br\/emfoco\/wp-json\/wp\/v2\/users\/13"}],"replies":[{"embeddable":true,"href":"https:\/\/www.em.com.br\/emfoco\/wp-json\/wp\/v2\/comments?post=75447"}],"version-history":[{"count":2,"href":"https:\/\/www.em.com.br\/emfoco\/wp-json\/wp\/v2\/posts\/75447\/revisions"}],"predecessor-version":[{"id":75484,"href":"https:\/\/www.em.com.br\/emfoco\/wp-json\/wp\/v2\/posts\/75447\/revisions\/75484"}],"wp:featuredmedia":[{"embeddable":true,"href":"https:\/\/www.em.com.br\/emfoco\/wp-json\/wp\/v2\/media\/75481"}],"wp:attachment":[{"href":"https:\/\/www.em.com.br\/emfoco\/wp-json\/wp\/v2\/media?parent=75447"}],"wp:term":[{"taxonomy":"category","embeddable":true,"href":"https:\/\/www.em.com.br\/emfoco\/wp-json\/wp\/v2\/categories?post=75447"},{"taxonomy":"post_tag","embeddable":true,"href":"https:\/\/www.em.com.br\/emfoco\/wp-json\/wp\/v2\/tags?post=75447"}],"curies":[{"name":"wp","href":"https:\/\/api.w.org\/{rel}","templated":true}]}}