{"id":75311,"date":"2025-07-13T20:40:00","date_gmt":"2025-07-13T23:40:00","guid":{"rendered":"https:\/\/www.em.com.br\/emfoco\/?p=75311"},"modified":"2025-07-13T18:21:38","modified_gmt":"2025-07-13T21:21:38","slug":"essas-cidades-do-sul-tem-que-tantas-outras-nao-conseguem-oferecer","status":"publish","type":"post","link":"https:\/\/www.em.com.br\/emfoco\/2025\/07\/13\/essas-cidades-do-sul-tem-que-tantas-outras-nao-conseguem-oferecer\/","title":{"rendered":"Essas cidades do Sul t\u00eam que tantas outras n\u00e3o conseguem oferecer"},"content":{"rendered":"\n<p>O estilo de vida nas cidades tranquilas do sul do <strong>Brasil <\/strong>costuma chamar aten\u00e7\u00e3o de quem valoriza sossego, ambiente seguro e boa infraestrutura. Nessas regi\u00f5es, \u00e9 poss\u00edvel notar um ritmo de vida mais sereno, impulsionado por fatores como menor densidade populacional e uma presen\u00e7a marcante de \u00e1reas verdes. Elementos como seguran\u00e7a e acesso eficiente a servi\u00e7os b\u00e1sicos tamb\u00e9m contribuem para criar um ambiente saud\u00e1vel e mais prop\u00edcio ao bem-estar, segundo o site <a href=\"https:\/\/revistaanamaria.com.br\/cidades\/as-cidades-mais-tranquilas-para-viver-no-sul-do-brasil\/\" target=\"_blank\" rel=\"noreferrer noopener\">Revista Ana Maria.<\/a><\/p>\n\n\n\n<p>Nesse contexto, habitantes de pequenas e m\u00e9dias localidades do Sul contam com rotinas menos agitadas, maior contato com a natureza e oportunidades de lazer ao ar livre. O cen\u00e1rio se completa com a oferta consistente de servi\u00e7os p\u00fablicos, como sa\u00fade, educa\u00e7\u00e3o e op\u00e7\u00f5es culturais. Diferentes cidades despontam como lugares ideais para quem almeja qualidade de vida e tranquilidade, combinando atrativos naturais, eventos marcantes e refer\u00eancias hist\u00f3ricas ou arquitet\u00f4nicas.<\/p>\n\n\n\n<h2 class=\"wp-block-heading\">O que diferencia Gramado das outras cidades do sul do Brasil?<\/h2>\n\n\n\n<p>Gramado, situada na Serra Ga\u00facha, destaca-se n\u00e3o apenas pelo apelo tur\u00edstico, mas tamb\u00e9m pela infraestrutura moderna e pelos servi\u00e7os de qualidade oferecidos a seus moradores. O cuidado urban\u00edstico, a presen\u00e7a de jardins floridos e a inspira\u00e7\u00e3o da arquitetura europeia resultam em um ambiente acolhedor, de visual \u00fanico. Embora seja reconhecida nacionalmente por festas como o Natal Luz e seu festival de cinema, a cidade vai al\u00e9m do turismo e se dedica a garantir seguran\u00e7a, entretenimento e bem-estar \u00e0 popula\u00e7\u00e3o local.<\/p>\n\n\n\n<p>Al\u00e9m das paisagens exuberantes, <strong>Gramado<\/strong> proporciona uma experi\u00eancia diferenciada ao oferecer escolas de excel\u00eancia, hospitais equipados e uma diversidade de restaurantes e atividades culturais. O acesso facilitado a servi\u00e7os b\u00e1sicos e a infraestrutura tur\u00edstica favorecem quem opta pela cidade como resid\u00eancia, permitindo usufruir de viv\u00eancia tranquila sem abrir m\u00e3o do conforto e do dinamismo caracter\u00edsticos de um grande polo de lazer.<\/p>\n\n\n\n<h2 class=\"wp-block-heading\">Joinville \u00e9 sin\u00f4nimo de tranquilidade mesmo sendo a maior das cidades de Santa Catarina?<\/h2>\n\n\n\n<p>Mesmo com status de maior munic\u00edpio catarinense, Joinville consegue balancear desenvolvimento econ\u00f4mico e qualidade de vida. O munic\u00edpio investe em setores produtivos, cultura e urbanismo, garantindo uma rede ampla de servi\u00e7os \u00e0 popula\u00e7\u00e3o. Um dos atrativos de Joinville est\u00e1 nos espa\u00e7os verdes distribu\u00eddos por diferentes bairros, incluindo parques e pra\u00e7as que favorecem momentos de lazer ao ar livre.<\/p>\n\n\n\n<ul class=\"wp-block-list\">\n<li><strong>Economia diversificada<\/strong> com destaque para ind\u00fastrias e com\u00e9rcio.<\/li>\n\n\n\n<li><strong>Eventos culturais<\/strong>, como o tradicional Festival de Dan\u00e7a, promovem integra\u00e7\u00e3o e impulsionam o turismo.<\/li>\n\n\n\n<li><strong>Infraestrutura robusta<\/strong> em sa\u00fade, educa\u00e7\u00e3o e transportes.<\/li>\n\n\n\n<li><strong>Ambientes tranquilos<\/strong> mesmo em \u00e1reas urbanizadas, gra\u00e7as \u00e0 presen\u00e7a de \u00e1reas naturais preservadas.<\/li>\n<\/ul>\n\n\n\n<p>A perman\u00eancia de costumes tradicionais, combinada ao crescimento controlado, torna Joinville uma escolha relevante para quem procura sossego, sem abrir m\u00e3o dos benef\u00edcios de uma cidade grande.<\/p>\n\n\n\n<h2 class=\"wp-block-heading\">Quais caracter\u00edsticas fazem de Florian\u00f3polis uma refer\u00eancia em qualidade de vida?<\/h2>\n\n\n\n<p>Florian\u00f3polis surge frequentemente como exemplo na busca por melhor qualidade de vida no Brasil. Conhecida nacionalmente por suas belas praias, a capital catarinense alia paisagens naturais a uma infraestrutura completa, favorecendo estilos de vida ativos e equilibrados. Condom\u00ednios residenciais pr\u00f3ximos \u00e0 natureza, trilhas ecol\u00f3gicas e marinas oferecem op\u00e7\u00f5es diversificadas de lazer para moradores e visitantes.<\/p>\n\n\n<div class=\"wp-block-image\">\n<figure class=\"aligncenter size-large\"><img loading=\"lazy\" decoding=\"async\" width=\"1024\" height=\"576\" src=\"https:\/\/www.em.com.br\/emfoco\/wp-content\/uploads\/2025\/07\/Florianopolis_1752441188037-1024x576.jpg\" alt=\"Essas cidades do Sul t\u00eam que tantas outras n\u00e3o conseguem oferecer\" class=\"wp-image-75313\" srcset=\"https:\/\/www.em.com.br\/emfoco\/wp-content\/uploads\/2025\/07\/Florianopolis_1752441188037-1024x576.jpg 1024w, https:\/\/www.em.com.br\/emfoco\/wp-content\/uploads\/2025\/07\/Florianopolis_1752441188037-300x169.jpg 300w, https:\/\/www.em.com.br\/emfoco\/wp-content\/uploads\/2025\/07\/Florianopolis_1752441188037-768x432.jpg 768w, https:\/\/www.em.com.br\/emfoco\/wp-content\/uploads\/2025\/07\/Florianopolis_1752441188037-750x422.jpg 750w, https:\/\/www.em.com.br\/emfoco\/wp-content\/uploads\/2025\/07\/Florianopolis_1752441188037-1140x641.jpg 1140w, https:\/\/www.em.com.br\/emfoco\/wp-content\/uploads\/2025\/07\/Florianopolis_1752441188037.jpg 1280w\" sizes=\"auto, (max-width: 1024px) 100vw, 1024px\" \/><figcaption class=\"wp-element-caption\">Floripa (Cr\u00e9ditos: depositphotos.com \/ Keola)<\/figcaption><\/figure><\/div>\n\n\n<ol class=\"wp-block-list\">\n<li><strong>Belezas naturais<\/strong> preservadas, entre praias, parques e trilhas.<\/li>\n\n\n\n<li><strong>Servi\u00e7os p\u00fablicos de qualidade<\/strong> em sa\u00fade, transporte e educa\u00e7\u00e3o.<\/li>\n\n\n\n<li><strong>Cena cultural e gastron\u00f4mica<\/strong> ativa, com festas populares e culin\u00e1ria variada.<\/li>\n<\/ol>\n\n\n\n<p>A diversidade sociocultural de Florian\u00f3polis se manifesta nos eventos <a href=\"https:\/\/www.em.com.br\/emfoco\/2025\/07\/12\/estas-cidades-surpreenderam-no-ranking-de-bem-estar-e-economia\/\" target=\"_blank\" rel=\"noreferrer noopener\">locais<\/a>, museus e mercados t\u00edpicos. O conjunto desses elementos transforma a ilha em um polo desejado para resid\u00eancia, sobretudo por quem prioriza bem-estar f\u00edsico, mental e conv\u00edvio social harmonioso.<\/p>\n\n\n\n<h2 class=\"wp-block-heading\">Curitiba e Blumenau: quais fatores explicam a sensa\u00e7\u00e3o de bem-estar?<\/h2>\n\n\n\n<p>Curitiba \u00e9 constantemente lembrada por ter planejamento urbano eficiente e sistema de transporte p\u00fablico modelo. O munic\u00edpio se empenha em manter uma ampla rede de parques, bosques e jardins, proporcionando \u00e0 popula\u00e7\u00e3o alternativas acess\u00edveis para lazer e esportes. Al\u00e9m disso, a cidade mant\u00e9m um calend\u00e1rio de eventos culturais diversificado e uma infraestrutura s\u00f3lida em \u00e1reas essenciais.<\/p>\n\n\n\n<p>Blumenau, por sua vez, destaca-se pela influ\u00eancia da imigra\u00e7\u00e3o alem\u00e3, percept\u00edvel em sua arquitetura, festividades e costumes. Com tradi\u00e7\u00e3o de hospitalidade, oferece \u00e1reas verdes e estrutura urbana organizada, favorecendo o conv\u00edvio social e a seguran\u00e7a. Os servi\u00e7os de sa\u00fade e educa\u00e7\u00e3o se somam \u00e0 realiza\u00e7\u00e3o de grandes eventos, como a Oktoberfest, para proporcionar dinamismo sem comprometer o ambiente pacato.<\/p>\n\n\n\n<p>A combina\u00e7\u00e3o de boas pr\u00e1ticas de urbanismo, respeito \u00e0s tradi\u00e7\u00f5es regionais e investimentos em servi\u00e7os transformam Curitiba e Blumenau em ambientes prop\u00edcios para quem preza por tranquilidade e qualidade de vida no sul do pa\u00eds. Com diferentes identidades, ambas seguem atraindo moradores que buscam equil\u00edbrio entre rotina calma e acesso pleno a oportunidades urbanas.<\/p>\n","protected":false},"excerpt":{"rendered":"<p>O estilo de vida nas cidades tranquilas do sul do Brasil costuma chamar aten\u00e7\u00e3o de quem valoriza sossego, ambiente seguro e boa infraestrutura. Nessas regi\u00f5es, \u00e9 poss\u00edvel notar um ritmo de vida mais sereno, impulsionado por fatores como menor densidade populacional e uma presen\u00e7a marcante de \u00e1reas verdes. Elementos como seguran\u00e7a e acesso eficiente a [&hellip;]<\/p>\n","protected":false},"author":10,"featured_media":75312,"comment_status":"open","ping_status":"open","sticky":false,"template":"","format":"standard","meta":{"jnews-multi-image_gallery":[],"jnews_single_post":{"format":"standard"},"jnews_primary_category":[],"jnews_social_meta":[],"jnews_override_counter":[],"footnotes":""},"categories":[26],"tags":[183,327,1181],"class_list":["post-75311","post","type-post","status-publish","format-standard","has-post-thumbnail","hentry","category-cidades","tag-cidades","tag-qualidade-de-vida","tag-sul-do-brasil"],"yoast_head":"<!-- This site is optimized with the Yoast SEO plugin v23.8 - https:\/\/yoast.com\/wordpress\/plugins\/seo\/ -->\n<title>Essas cidades do Sul t\u00eam que tantas outras n\u00e3o conseguem oferecer - Estado de Minas - Em foco<\/title>\n<meta name=\"description\" content=\"Morar em cidades do Sul pode ser a mudan\u00e7a que voc\u00ea procura. Infraestrutura, natureza e seguran\u00e7a em locais que priorizam bem-estar e lazer\" \/>\n<meta name=\"robots\" content=\"index, follow, max-snippet:-1, max-image-preview:large, max-video-preview:-1\" \/>\n<link rel=\"canonical\" href=\"https:\/\/www.em.com.br\/emfoco\/2025\/07\/13\/essas-cidades-do-sul-tem-que-tantas-outras-nao-conseguem-oferecer\/\" \/>\n<meta property=\"og:locale\" content=\"pt_BR\" \/>\n<meta property=\"og:type\" content=\"article\" \/>\n<meta property=\"og:title\" content=\"Essas cidades do Sul t\u00eam que tantas outras n\u00e3o conseguem oferecer - Estado de Minas - Em foco\" \/>\n<meta property=\"og:description\" content=\"Morar em cidades do Sul pode ser a mudan\u00e7a que voc\u00ea procura. Infraestrutura, natureza e seguran\u00e7a em locais que priorizam bem-estar e lazer\" \/>\n<meta property=\"og:url\" content=\"https:\/\/www.em.com.br\/emfoco\/2025\/07\/13\/essas-cidades-do-sul-tem-que-tantas-outras-nao-conseguem-oferecer\/\" \/>\n<meta property=\"og:site_name\" content=\"Estado de Minas - Em foco\" \/>\n<meta property=\"article:published_time\" content=\"2025-07-13T23:40:00+00:00\" \/>\n<meta property=\"article:modified_time\" content=\"2025-07-13T21:21:38+00:00\" \/>\n<meta property=\"og:image\" content=\"https:\/\/www.em.com.br\/emfoco\/wp-content\/uploads\/2025\/07\/Joinville_1752441095763.jpg\" \/>\n\t<meta property=\"og:image:width\" content=\"1280\" \/>\n\t<meta property=\"og:image:height\" content=\"720\" \/>\n\t<meta property=\"og:image:type\" content=\"image\/jpeg\" \/>\n<meta name=\"author\" content=\"Patryck Reinehr\" \/>\n<meta name=\"twitter:card\" content=\"summary_large_image\" \/>\n<meta name=\"twitter:label1\" content=\"Escrito por\" \/>\n\t<meta name=\"twitter:data1\" content=\"Patryck Reinehr\" \/>\n\t<meta name=\"twitter:label2\" content=\"Est. tempo de leitura\" \/>\n\t<meta name=\"twitter:data2\" content=\"5 minutos\" \/>\n<!-- \/ Yoast SEO plugin. -->","yoast_head_json":{"title":"Essas cidades do Sul t\u00eam que tantas outras n\u00e3o conseguem oferecer - Estado de Minas - Em foco","description":"Morar em cidades do Sul pode ser a mudan\u00e7a que voc\u00ea procura. Infraestrutura, natureza e seguran\u00e7a em locais que priorizam bem-estar e lazer","robots":{"index":"index","follow":"follow","max-snippet":"max-snippet:-1","max-image-preview":"max-image-preview:large","max-video-preview":"max-video-preview:-1"},"canonical":"https:\/\/www.em.com.br\/emfoco\/2025\/07\/13\/essas-cidades-do-sul-tem-que-tantas-outras-nao-conseguem-oferecer\/","og_locale":"pt_BR","og_type":"article","og_title":"Essas cidades do Sul t\u00eam que tantas outras n\u00e3o conseguem oferecer - Estado de Minas - Em foco","og_description":"Morar em cidades do Sul pode ser a mudan\u00e7a que voc\u00ea procura. Infraestrutura, natureza e seguran\u00e7a em locais que priorizam bem-estar e lazer","og_url":"https:\/\/www.em.com.br\/emfoco\/2025\/07\/13\/essas-cidades-do-sul-tem-que-tantas-outras-nao-conseguem-oferecer\/","og_site_name":"Estado de Minas - Em foco","article_published_time":"2025-07-13T23:40:00+00:00","article_modified_time":"2025-07-13T21:21:38+00:00","og_image":[{"width":1280,"height":720,"url":"https:\/\/www.em.com.br\/emfoco\/wp-content\/uploads\/2025\/07\/Joinville_1752441095763.jpg","type":"image\/jpeg"}],"author":"Patryck Reinehr","twitter_card":"summary_large_image","twitter_misc":{"Escrito por":"Patryck Reinehr","Est. tempo de leitura":"5 minutos"},"schema":{"@context":"https:\/\/schema.org","@graph":[{"@type":"WebPage","@id":"https:\/\/www.em.com.br\/emfoco\/2025\/07\/13\/essas-cidades-do-sul-tem-que-tantas-outras-nao-conseguem-oferecer\/","url":"https:\/\/www.em.com.br\/emfoco\/2025\/07\/13\/essas-cidades-do-sul-tem-que-tantas-outras-nao-conseguem-oferecer\/","name":"Essas cidades do Sul t\u00eam que tantas outras n\u00e3o conseguem oferecer - Estado de Minas - Em foco","isPartOf":{"@id":"https:\/\/www.em.com.br\/emfoco\/#website"},"primaryImageOfPage":{"@id":"https:\/\/www.em.com.br\/emfoco\/2025\/07\/13\/essas-cidades-do-sul-tem-que-tantas-outras-nao-conseguem-oferecer\/#primaryimage"},"image":{"@id":"https:\/\/www.em.com.br\/emfoco\/2025\/07\/13\/essas-cidades-do-sul-tem-que-tantas-outras-nao-conseguem-oferecer\/#primaryimage"},"thumbnailUrl":"https:\/\/www.em.com.br\/emfoco\/wp-content\/uploads\/2025\/07\/Joinville_1752441095763.jpg","datePublished":"2025-07-13T23:40:00+00:00","dateModified":"2025-07-13T21:21:38+00:00","author":{"@id":"https:\/\/www.em.com.br\/emfoco\/#\/schema\/person\/43407752bebcbbb4d0ec79deedc0d7ce"},"description":"Morar em cidades do Sul pode ser a mudan\u00e7a que voc\u00ea procura. Infraestrutura, natureza e seguran\u00e7a em locais que priorizam bem-estar e lazer","breadcrumb":{"@id":"https:\/\/www.em.com.br\/emfoco\/2025\/07\/13\/essas-cidades-do-sul-tem-que-tantas-outras-nao-conseguem-oferecer\/#breadcrumb"},"inLanguage":"pt-BR","potentialAction":[{"@type":"ReadAction","target":["https:\/\/www.em.com.br\/emfoco\/2025\/07\/13\/essas-cidades-do-sul-tem-que-tantas-outras-nao-conseguem-oferecer\/"]}]},{"@type":"ImageObject","inLanguage":"pt-BR","@id":"https:\/\/www.em.com.br\/emfoco\/2025\/07\/13\/essas-cidades-do-sul-tem-que-tantas-outras-nao-conseguem-oferecer\/#primaryimage","url":"https:\/\/www.em.com.br\/emfoco\/wp-content\/uploads\/2025\/07\/Joinville_1752441095763.jpg","contentUrl":"https:\/\/www.em.com.br\/emfoco\/wp-content\/uploads\/2025\/07\/Joinville_1752441095763.jpg","width":1280,"height":720,"caption":"Joinville (Cr\u00e9ditos: depositphotos.com \/ paulosezio)"},{"@type":"BreadcrumbList","@id":"https:\/\/www.em.com.br\/emfoco\/2025\/07\/13\/essas-cidades-do-sul-tem-que-tantas-outras-nao-conseguem-oferecer\/#breadcrumb","itemListElement":[{"@type":"ListItem","position":1,"name":"In\u00edcio","item":"https:\/\/www.em.com.br\/emfoco\/"},{"@type":"ListItem","position":2,"name":"Essas cidades do Sul t\u00eam que tantas outras n\u00e3o conseguem oferecer"}]},{"@type":"WebSite","@id":"https:\/\/www.em.com.br\/emfoco\/#website","url":"https:\/\/www.em.com.br\/emfoco\/","name":"Estado de Minas - Em foco","description":"Acompanhe as \u00faltimas not\u00edcias e fique bem informado sobre tudo o que acontece em Minas Gerais, Brasil e no mundo.","potentialAction":[{"@type":"SearchAction","target":{"@type":"EntryPoint","urlTemplate":"https:\/\/www.em.com.br\/emfoco\/?s={search_term_string}"},"query-input":{"@type":"PropertyValueSpecification","valueRequired":true,"valueName":"search_term_string"}}],"inLanguage":"pt-BR"},{"@type":"Person","@id":"https:\/\/www.em.com.br\/emfoco\/#\/schema\/person\/43407752bebcbbb4d0ec79deedc0d7ce","name":"Patryck Reinehr","image":{"@type":"ImageObject","inLanguage":"pt-BR","@id":"https:\/\/www.em.com.br\/emfoco\/#\/schema\/person\/image\/","url":"https:\/\/secure.gravatar.com\/avatar\/570c7fb2898c0e2df0823196891bea88?s=96&d=mm&r=g","contentUrl":"https:\/\/secure.gravatar.com\/avatar\/570c7fb2898c0e2df0823196891bea88?s=96&d=mm&r=g","caption":"Patryck Reinehr"},"url":"https:\/\/www.em.com.br\/emfoco\/author\/patryckmyth\/"}]}},"_links":{"self":[{"href":"https:\/\/www.em.com.br\/emfoco\/wp-json\/wp\/v2\/posts\/75311","targetHints":{"allow":["GET"]}}],"collection":[{"href":"https:\/\/www.em.com.br\/emfoco\/wp-json\/wp\/v2\/posts"}],"about":[{"href":"https:\/\/www.em.com.br\/emfoco\/wp-json\/wp\/v2\/types\/post"}],"author":[{"embeddable":true,"href":"https:\/\/www.em.com.br\/emfoco\/wp-json\/wp\/v2\/users\/10"}],"replies":[{"embeddable":true,"href":"https:\/\/www.em.com.br\/emfoco\/wp-json\/wp\/v2\/comments?post=75311"}],"version-history":[{"count":1,"href":"https:\/\/www.em.com.br\/emfoco\/wp-json\/wp\/v2\/posts\/75311\/revisions"}],"predecessor-version":[{"id":75314,"href":"https:\/\/www.em.com.br\/emfoco\/wp-json\/wp\/v2\/posts\/75311\/revisions\/75314"}],"wp:featuredmedia":[{"embeddable":true,"href":"https:\/\/www.em.com.br\/emfoco\/wp-json\/wp\/v2\/media\/75312"}],"wp:attachment":[{"href":"https:\/\/www.em.com.br\/emfoco\/wp-json\/wp\/v2\/media?parent=75311"}],"wp:term":[{"taxonomy":"category","embeddable":true,"href":"https:\/\/www.em.com.br\/emfoco\/wp-json\/wp\/v2\/categories?post=75311"},{"taxonomy":"post_tag","embeddable":true,"href":"https:\/\/www.em.com.br\/emfoco\/wp-json\/wp\/v2\/tags?post=75311"}],"curies":[{"name":"wp","href":"https:\/\/api.w.org\/{rel}","templated":true}]}}