{"id":75230,"date":"2025-07-12T19:50:00","date_gmt":"2025-07-12T22:50:00","guid":{"rendered":"https:\/\/www.em.com.br\/emfoco\/?p=75230"},"modified":"2025-07-12T18:08:51","modified_gmt":"2025-07-12T21:08:51","slug":"salvia-no-vaso-no-jardim-ou-no-apartamento-ela-vai-bem-em-todo-lugar","status":"publish","type":"post","link":"https:\/\/www.em.com.br\/emfoco\/2025\/07\/12\/salvia-no-vaso-no-jardim-ou-no-apartamento-ela-vai-bem-em-todo-lugar\/","title":{"rendered":"S\u00e1lvia no vaso, no jardim ou no apartamento! Ela vai bem em todo lugar"},"content":{"rendered":"\n<p>A s\u00e1lvia, conhecida cientificamente como <em>Salvia officinalis<\/em>, destaca-se como uma erva antiga e multifuncional, cuja presen\u00e7a \u00e9 valorizada tanto na gastronomia quanto no cuidado com a sa\u00fade. O cultivo dom\u00e9stico desse arbusto perfumado tornou-se cada vez mais comum, principalmente pela praticidade de manter a planta em jardins, varandas e at\u00e9 mesmo dentro de apartamentos. O aroma marcante e as propriedades naturais fazem da s\u00e1lvia uma escolha interessante para quem busca integrar ingredientes frescos e saud\u00e1veis \u00e0 rotina, segundo o site <a href=\"https:\/\/receitasdepesos.com.br\/tudo-sobre-como-plantar-salvia-com-sol-e-poda-certa.html\/\" target=\"_blank\" rel=\"noreferrer noopener\">Receitas de Peso.<\/a><\/p>\n\n\n\n<p>Dentre as vantagens encontradas, o cultivo de s\u00e1lvia permite, ainda, o aproveitamento de folhas frescas para ch\u00e1s e temperos, al\u00e9m de possibilitar o uso medicinal por meio de infus\u00f5es e extratos. Adapt\u00e1vel a diferentes ambientes, a erva exige poucos cuidados e pode se tornar um elemento decorativo, oferecendo um toque verde ao ambiente e tornando o processo de cultivo simples e prazeroso, mesmo para quem n\u00e3o possui experi\u00eancia pr\u00e9via com plantas.<\/p>\n\n\n\n<h2 class=\"wp-block-heading\">Qual o ambiente ideal para plantar s\u00e1lvia?<\/h2>\n\n\n\n<p>Para garantir o desenvolvimento adequado da s\u00e1lvia, o local de cultivo \u00e9 um aspecto determinante. A planta prospera quando recebe luz intensa por, no m\u00ednimo, cinco horas di\u00e1rias, tornando ambientes ensolarados indispens\u00e1veis. Janelas voltadas para o norte, varandas abertas e canteiros elevados com boa drenagem s\u00e3o as op\u00e7\u00f5es mais recomendadas, pois promovem a aera\u00e7\u00e3o e evitam o ac\u00famulo excessivo de umidade que pode prejudicar o crescimento.<\/p>\n\n\n\n<p>O cultivo em vasos tamb\u00e9m \u00e9 bastante <a href=\"https:\/\/www.em.com.br\/emfoco\/2025\/07\/11\/o-melhor-pudim-de-geladeira-que-une-coco-e-chocolate-cremoso\/\" target=\"_blank\" rel=\"noreferrer noopener\">eficiente<\/a>, desde que o recipiente tenha pelo menos 25 cent\u00edmetros de profundidade e permita a sa\u00edda do excesso de \u00e1gua. \u00c9 fundamental evitar ambientes internos pouco iluminados ou expostos \u00e0 sombra cont\u00ednua, pois a falta de sol pode comprometer a vitalidade e o aroma das folhas.<\/p>\n\n\n\n<h2 class=\"wp-block-heading\">Como preparar o solo adequado para a s\u00e1lvia?<\/h2>\n\n\n\n<p>O substrato exerce papel fundamental no sucesso do plantio de s\u00e1lvia em casa. A recomenda\u00e7\u00e3o \u00e9 investir em uma mistura rica em mat\u00e9ria org\u00e2nica, por\u00e9m leve e bem drenante, com pH levemente alcalino (entre 6,5 e 7,5). A inclus\u00e3o de compostos como areia grossa ou perlita facilita o escoamento da \u00e1gua e previne o encharcamento.<\/p>\n\n\n\n<ul class=\"wp-block-list\">\n<li>Dois ter\u00e7os de terra vegetal peneirada<\/li>\n\n\n\n<li>Um ter\u00e7o de areia grossa ou perlita<\/li>\n\n\n\n<li>Adi\u00e7\u00e3o de h\u00famus de minhoca ou composto org\u00e2nico<\/li>\n\n\n\n<li>Opcional: pequenas quantidades de calc\u00e1rio dolom\u00edtico ou cinzas para equilibrar o pH<\/li>\n<\/ul>\n\n\n\n<p>Evitar substratos compactados \u00e9 essencial, pois as ra\u00edzes da s\u00e1lvia preferem solos soltos onde possam se expandir facilmente. A combina\u00e7\u00e3o desses elementos cria um ambiente favor\u00e1vel para que a planta expresse todo o seu potencial arom\u00e1tico e ornamental.<\/p>\n\n\n\n<h2 class=\"wp-block-heading\">Quais s\u00e3o os principais m\u00e9todos de plantio da s\u00e1lvia?<\/h2>\n\n\n\n<p>A reprodu\u00e7\u00e3o da s\u00e1lvia pode ser feita por sementes, mudas ou estacas. O plantio a partir de mudas ou de estacas costuma ser mais \u00e1gil, pois permite o aproveitamento das caracter\u00edsticas originais da planta e acelera o in\u00edcio da colheita. Independentemente do m\u00e9todo escolhido, alguns cuidados s\u00e3o indispens\u00e1veis para garantir brotos saud\u00e1veis e vigorosos.<\/p>\n\n\n\n<ol class=\"wp-block-list\">\n<li><strong>Plantio com mudas:<\/strong> Colocar a muda em vaso ou canteiro com solo preparado, regando levemente logo ap\u00f3s o plantio.<\/li>\n\n\n\n<li><strong>Semeadura:<\/strong> Distribuir as sementes sobre o substrato, cobrindo-as com uma camada fina de terra; manter a umidade at\u00e9 o surgimento dos brotos, geralmente entre 7 e 21 dias.<\/li>\n\n\n\n<li><strong>Estaquia:<\/strong> Retirar ramos saud\u00e1veis da planta-m\u00e3e, cortar na altura de um n\u00f3 e fixar no substrato \u00famido at\u00e9 o enraizamento.<\/li>\n<\/ol>\n\n\n\n<p>Independentemente do m\u00e9todo, \u00e9 indispens\u00e1vel posicionar a planta em local ensolarado e regar somente quando o solo estiver seco ao toque. Isso evita o excesso de \u00e1gua, comum em ambientes dom\u00e9sticos.<\/p>\n\n\n<div class=\"wp-block-image\">\n<figure class=\"aligncenter size-large\"><img loading=\"lazy\" decoding=\"async\" width=\"1024\" height=\"576\" src=\"https:\/\/www.em.com.br\/emfoco\/wp-content\/uploads\/2025\/07\/salvia_1752354189581-1024x576.jpg\" alt=\"S\u00e1lvia no vaso, no jardim ou no apartamento! Ela vai bem em todo lugar\" class=\"wp-image-75234\" srcset=\"https:\/\/www.em.com.br\/emfoco\/wp-content\/uploads\/2025\/07\/salvia_1752354189581-1024x576.jpg 1024w, https:\/\/www.em.com.br\/emfoco\/wp-content\/uploads\/2025\/07\/salvia_1752354189581-300x169.jpg 300w, https:\/\/www.em.com.br\/emfoco\/wp-content\/uploads\/2025\/07\/salvia_1752354189581-768x432.jpg 768w, https:\/\/www.em.com.br\/emfoco\/wp-content\/uploads\/2025\/07\/salvia_1752354189581-750x422.jpg 750w, https:\/\/www.em.com.br\/emfoco\/wp-content\/uploads\/2025\/07\/salvia_1752354189581-1140x641.jpg 1140w, https:\/\/www.em.com.br\/emfoco\/wp-content\/uploads\/2025\/07\/salvia_1752354189581.jpg 1280w\" sizes=\"auto, (max-width: 1024px) 100vw, 1024px\" \/><figcaption class=\"wp-element-caption\">S\u00e1lvia (Cr\u00e9ditos: depositphotos.com \/ haraldmuc)<\/figcaption><\/figure><\/div>\n\n\n<h2 class=\"wp-block-heading\">Como manter a s\u00e1lvia saud\u00e1vel durante o cultivo?<\/h2>\n\n\n\n<p>Alguns cuidados rotineiros contribuem para prolongar a vida \u00fatil da s\u00e1lvia e garantir folhas sempre frescas. Al\u00e9m de manter o solo levemente seco e proporcionar sol constante, a poda ap\u00f3s os per\u00edodos de flora\u00e7\u00e3o favorece a renova\u00e7\u00e3o dos ramos e impede o crescimento desordenado. Outro ponto importante \u00e9 a aduba\u00e7\u00e3o: recomenda-se fertilizar a planta a cada dois meses com composto org\u00e2nico ou adubo mineral equilibrado em nitrog\u00eanio, f\u00f3sforo e pot\u00e1ssio, como o NPK 4-14-8.<\/p>\n\n\n\n<ul class=\"wp-block-list\">\n<li>Regar apenas quando o substrato estiver seco<\/li>\n\n\n\n<li>Poda regular para renova\u00e7\u00e3o dos ramos<\/li>\n\n\n\n<li>Aduba\u00e7\u00e3o bimestral com composto org\u00e2nico<\/li>\n\n\n\n<li>Ventila\u00e7\u00e3o constante para evitar fungos e pragas<\/li>\n<\/ul>\n\n\n\n<p>A presen\u00e7a de pragas como cochonilhas, pulg\u00f5es ou \u00e1caros pode ser controlada com \u00f3leo de neem ou preparados naturais \u00e0 base de alho. Folhas murchas ou doentes devem ser removidas periodicamente para estimular o desenvolvimento de novos brotos e evitar infesta\u00e7\u00f5es.<\/p>\n\n\n\n<h2 class=\"wp-block-heading\">Quando e como realizar a colheita das folhas de s\u00e1lvia?<\/h2>\n\n\n\n<p>O tempo entre o plantio e a colheita varia conforme o m\u00e9todo e as condi\u00e7\u00f5es de cultivo, mas normalmente \u00e9 poss\u00edvel realizar as primeiras colheitas entre dois e tr\u00eas meses ap\u00f3s o plantio. O ideal \u00e9 colher pela manh\u00e3, quando os \u00f3leos essenciais est\u00e3o mais concentrados e as folhas s\u00e3o mais arom\u00e1ticas. Recomenda-se o uso de tesoura afiada para cortar os ramos sempre acima de um n\u00f3, evitando retirar grande parte da planta de uma s\u00f3 vez.<\/p>\n\n\n\n<p>Ap\u00f3s a colheita, as folhas frescas podem ser utilizadas diretamente em pratos ou secas \u00e0 sombra em local ventilado. Essa secagem contribui para manter o sabor e as propriedades das folhas por mais tempo, sendo indicada a armazenagem em recipientes herm\u00e9ticos e protegidos da luz.<\/p>\n\n\n\n<p>O cultivo da s\u00e1lvia, ao longo de 2025, mant\u00e9m-se como op\u00e7\u00e3o vi\u00e1vel tanto para ambientes externos quanto internos, apresentando uma excelente conviv\u00eancia com outras esp\u00e9cies arom\u00e1ticas que preferem ambientes pouco \u00famidos, como alecrim e tomilho. Dessa forma, a s\u00e1lvia segue como destaque entre as plantas mais vers\u00e1teis e f\u00e1ceis de cuidar no universo das ervas dom\u00e9sticas.<\/p>\n","protected":false},"excerpt":{"rendered":"<p>A s\u00e1lvia, conhecida cientificamente como Salvia officinalis, destaca-se como uma erva antiga e multifuncional, cuja presen\u00e7a \u00e9 valorizada tanto na gastronomia quanto no cuidado com a sa\u00fade. O cultivo dom\u00e9stico desse arbusto perfumado tornou-se cada vez mais comum, principalmente pela praticidade de manter a planta em jardins, varandas e at\u00e9 mesmo dentro de apartamentos. O [&hellip;]<\/p>\n","protected":false},"author":10,"featured_media":75233,"comment_status":"open","ping_status":"open","sticky":false,"template":"","format":"standard","meta":{"jnews-multi-image_gallery":[],"jnews_single_post":{"format":"standard"},"jnews_primary_category":[],"jnews_social_meta":[],"jnews_override_counter":[],"footnotes":""},"categories":[29],"tags":[3139,3779,9482],"class_list":["post-75230","post","type-post","status-publish","format-standard","has-post-thumbnail","hentry","category-entretenimento","tag-cultivo","tag-planta","tag-salvia"],"yoast_head":"<!-- This site is optimized with the Yoast SEO plugin v23.8 - https:\/\/yoast.com\/wordpress\/plugins\/seo\/ -->\n<title>S\u00e1lvia no vaso, no jardim ou no apartamento! Ela vai bem em todo lugar - Estado de Minas - Em foco<\/title>\n<meta name=\"description\" content=\"S\u00e1lvia no vaso ou no jardim rende folhas arom\u00e1ticas e tem f\u00e1cil manuten\u00e7\u00e3o. Descubra os segredos para uma colheita farta e duradoura.\" \/>\n<meta name=\"robots\" content=\"index, follow, max-snippet:-1, max-image-preview:large, max-video-preview:-1\" \/>\n<link rel=\"canonical\" href=\"https:\/\/www.em.com.br\/emfoco\/2025\/07\/12\/salvia-no-vaso-no-jardim-ou-no-apartamento-ela-vai-bem-em-todo-lugar\/\" \/>\n<meta property=\"og:locale\" content=\"pt_BR\" \/>\n<meta property=\"og:type\" content=\"article\" \/>\n<meta property=\"og:title\" content=\"S\u00e1lvia no vaso, no jardim ou no apartamento! Ela vai bem em todo lugar - Estado de Minas - Em foco\" \/>\n<meta property=\"og:description\" content=\"S\u00e1lvia no vaso ou no jardim rende folhas arom\u00e1ticas e tem f\u00e1cil manuten\u00e7\u00e3o. Descubra os segredos para uma colheita farta e duradoura.\" \/>\n<meta property=\"og:url\" content=\"https:\/\/www.em.com.br\/emfoco\/2025\/07\/12\/salvia-no-vaso-no-jardim-ou-no-apartamento-ela-vai-bem-em-todo-lugar\/\" \/>\n<meta property=\"og:site_name\" content=\"Estado de Minas - Em foco\" \/>\n<meta property=\"article:published_time\" content=\"2025-07-12T22:50:00+00:00\" \/>\n<meta property=\"article:modified_time\" content=\"2025-07-12T21:08:51+00:00\" \/>\n<meta property=\"og:image\" content=\"https:\/\/www.em.com.br\/emfoco\/wp-content\/uploads\/2025\/07\/salvia_1752354042305.jpg\" \/>\n\t<meta property=\"og:image:width\" content=\"1280\" \/>\n\t<meta property=\"og:image:height\" content=\"720\" \/>\n\t<meta property=\"og:image:type\" content=\"image\/jpeg\" \/>\n<meta name=\"author\" content=\"Patryck Reinehr\" \/>\n<meta name=\"twitter:card\" content=\"summary_large_image\" \/>\n<meta name=\"twitter:label1\" content=\"Escrito por\" \/>\n\t<meta name=\"twitter:data1\" content=\"Patryck Reinehr\" \/>\n\t<meta name=\"twitter:label2\" content=\"Est. tempo de leitura\" \/>\n\t<meta name=\"twitter:data2\" content=\"6 minutos\" \/>\n<!-- \/ Yoast SEO plugin. -->","yoast_head_json":{"title":"S\u00e1lvia no vaso, no jardim ou no apartamento! Ela vai bem em todo lugar - Estado de Minas - Em foco","description":"S\u00e1lvia no vaso ou no jardim rende folhas arom\u00e1ticas e tem f\u00e1cil manuten\u00e7\u00e3o. Descubra os segredos para uma colheita farta e duradoura.","robots":{"index":"index","follow":"follow","max-snippet":"max-snippet:-1","max-image-preview":"max-image-preview:large","max-video-preview":"max-video-preview:-1"},"canonical":"https:\/\/www.em.com.br\/emfoco\/2025\/07\/12\/salvia-no-vaso-no-jardim-ou-no-apartamento-ela-vai-bem-em-todo-lugar\/","og_locale":"pt_BR","og_type":"article","og_title":"S\u00e1lvia no vaso, no jardim ou no apartamento! Ela vai bem em todo lugar - Estado de Minas - Em foco","og_description":"S\u00e1lvia no vaso ou no jardim rende folhas arom\u00e1ticas e tem f\u00e1cil manuten\u00e7\u00e3o. Descubra os segredos para uma colheita farta e duradoura.","og_url":"https:\/\/www.em.com.br\/emfoco\/2025\/07\/12\/salvia-no-vaso-no-jardim-ou-no-apartamento-ela-vai-bem-em-todo-lugar\/","og_site_name":"Estado de Minas - Em foco","article_published_time":"2025-07-12T22:50:00+00:00","article_modified_time":"2025-07-12T21:08:51+00:00","og_image":[{"width":1280,"height":720,"url":"https:\/\/www.em.com.br\/emfoco\/wp-content\/uploads\/2025\/07\/salvia_1752354042305.jpg","type":"image\/jpeg"}],"author":"Patryck Reinehr","twitter_card":"summary_large_image","twitter_misc":{"Escrito por":"Patryck Reinehr","Est. tempo de leitura":"6 minutos"},"schema":{"@context":"https:\/\/schema.org","@graph":[{"@type":"WebPage","@id":"https:\/\/www.em.com.br\/emfoco\/2025\/07\/12\/salvia-no-vaso-no-jardim-ou-no-apartamento-ela-vai-bem-em-todo-lugar\/","url":"https:\/\/www.em.com.br\/emfoco\/2025\/07\/12\/salvia-no-vaso-no-jardim-ou-no-apartamento-ela-vai-bem-em-todo-lugar\/","name":"S\u00e1lvia no vaso, no jardim ou no apartamento! Ela vai bem em todo lugar - Estado de Minas - Em foco","isPartOf":{"@id":"https:\/\/www.em.com.br\/emfoco\/#website"},"primaryImageOfPage":{"@id":"https:\/\/www.em.com.br\/emfoco\/2025\/07\/12\/salvia-no-vaso-no-jardim-ou-no-apartamento-ela-vai-bem-em-todo-lugar\/#primaryimage"},"image":{"@id":"https:\/\/www.em.com.br\/emfoco\/2025\/07\/12\/salvia-no-vaso-no-jardim-ou-no-apartamento-ela-vai-bem-em-todo-lugar\/#primaryimage"},"thumbnailUrl":"https:\/\/www.em.com.br\/emfoco\/wp-content\/uploads\/2025\/07\/salvia_1752354042305.jpg","datePublished":"2025-07-12T22:50:00+00:00","dateModified":"2025-07-12T21:08:51+00:00","author":{"@id":"https:\/\/www.em.com.br\/emfoco\/#\/schema\/person\/43407752bebcbbb4d0ec79deedc0d7ce"},"description":"S\u00e1lvia no vaso ou no jardim rende folhas arom\u00e1ticas e tem f\u00e1cil manuten\u00e7\u00e3o. Descubra os segredos para uma colheita farta e duradoura.","breadcrumb":{"@id":"https:\/\/www.em.com.br\/emfoco\/2025\/07\/12\/salvia-no-vaso-no-jardim-ou-no-apartamento-ela-vai-bem-em-todo-lugar\/#breadcrumb"},"inLanguage":"pt-BR","potentialAction":[{"@type":"ReadAction","target":["https:\/\/www.em.com.br\/emfoco\/2025\/07\/12\/salvia-no-vaso-no-jardim-ou-no-apartamento-ela-vai-bem-em-todo-lugar\/"]}]},{"@type":"ImageObject","inLanguage":"pt-BR","@id":"https:\/\/www.em.com.br\/emfoco\/2025\/07\/12\/salvia-no-vaso-no-jardim-ou-no-apartamento-ela-vai-bem-em-todo-lugar\/#primaryimage","url":"https:\/\/www.em.com.br\/emfoco\/wp-content\/uploads\/2025\/07\/salvia_1752354042305.jpg","contentUrl":"https:\/\/www.em.com.br\/emfoco\/wp-content\/uploads\/2025\/07\/salvia_1752354042305.jpg","width":1280,"height":720,"caption":"S\u00e1lvia (Cr\u00e9ditos: depositphotos.com \/ tuelekza)"},{"@type":"BreadcrumbList","@id":"https:\/\/www.em.com.br\/emfoco\/2025\/07\/12\/salvia-no-vaso-no-jardim-ou-no-apartamento-ela-vai-bem-em-todo-lugar\/#breadcrumb","itemListElement":[{"@type":"ListItem","position":1,"name":"In\u00edcio","item":"https:\/\/www.em.com.br\/emfoco\/"},{"@type":"ListItem","position":2,"name":"S\u00e1lvia no vaso, no jardim ou no apartamento! Ela vai bem em todo lugar"}]},{"@type":"WebSite","@id":"https:\/\/www.em.com.br\/emfoco\/#website","url":"https:\/\/www.em.com.br\/emfoco\/","name":"Estado de Minas - Em foco","description":"Acompanhe as \u00faltimas not\u00edcias e fique bem informado sobre tudo o que acontece em Minas Gerais, Brasil e no mundo.","potentialAction":[{"@type":"SearchAction","target":{"@type":"EntryPoint","urlTemplate":"https:\/\/www.em.com.br\/emfoco\/?s={search_term_string}"},"query-input":{"@type":"PropertyValueSpecification","valueRequired":true,"valueName":"search_term_string"}}],"inLanguage":"pt-BR"},{"@type":"Person","@id":"https:\/\/www.em.com.br\/emfoco\/#\/schema\/person\/43407752bebcbbb4d0ec79deedc0d7ce","name":"Patryck Reinehr","image":{"@type":"ImageObject","inLanguage":"pt-BR","@id":"https:\/\/www.em.com.br\/emfoco\/#\/schema\/person\/image\/","url":"https:\/\/secure.gravatar.com\/avatar\/570c7fb2898c0e2df0823196891bea88?s=96&d=mm&r=g","contentUrl":"https:\/\/secure.gravatar.com\/avatar\/570c7fb2898c0e2df0823196891bea88?s=96&d=mm&r=g","caption":"Patryck Reinehr"},"url":"https:\/\/www.em.com.br\/emfoco\/author\/patryckmyth\/"}]}},"_links":{"self":[{"href":"https:\/\/www.em.com.br\/emfoco\/wp-json\/wp\/v2\/posts\/75230","targetHints":{"allow":["GET"]}}],"collection":[{"href":"https:\/\/www.em.com.br\/emfoco\/wp-json\/wp\/v2\/posts"}],"about":[{"href":"https:\/\/www.em.com.br\/emfoco\/wp-json\/wp\/v2\/types\/post"}],"author":[{"embeddable":true,"href":"https:\/\/www.em.com.br\/emfoco\/wp-json\/wp\/v2\/users\/10"}],"replies":[{"embeddable":true,"href":"https:\/\/www.em.com.br\/emfoco\/wp-json\/wp\/v2\/comments?post=75230"}],"version-history":[{"count":1,"href":"https:\/\/www.em.com.br\/emfoco\/wp-json\/wp\/v2\/posts\/75230\/revisions"}],"predecessor-version":[{"id":75238,"href":"https:\/\/www.em.com.br\/emfoco\/wp-json\/wp\/v2\/posts\/75230\/revisions\/75238"}],"wp:featuredmedia":[{"embeddable":true,"href":"https:\/\/www.em.com.br\/emfoco\/wp-json\/wp\/v2\/media\/75233"}],"wp:attachment":[{"href":"https:\/\/www.em.com.br\/emfoco\/wp-json\/wp\/v2\/media?parent=75230"}],"wp:term":[{"taxonomy":"category","embeddable":true,"href":"https:\/\/www.em.com.br\/emfoco\/wp-json\/wp\/v2\/categories?post=75230"},{"taxonomy":"post_tag","embeddable":true,"href":"https:\/\/www.em.com.br\/emfoco\/wp-json\/wp\/v2\/tags?post=75230"}],"curies":[{"name":"wp","href":"https:\/\/api.w.org\/{rel}","templated":true}]}}