{"id":75190,"date":"2025-07-13T10:58:00","date_gmt":"2025-07-13T13:58:00","guid":{"rendered":"https:\/\/www.em.com.br\/emfoco\/?p=75190"},"modified":"2025-07-12T17:46:23","modified_gmt":"2025-07-12T20:46:23","slug":"inss-divulga-calendario-oficial-de-pagamentos-para-julho-e-agosto","status":"publish","type":"post","link":"https:\/\/www.em.com.br\/emfoco\/2025\/07\/13\/inss-divulga-calendario-oficial-de-pagamentos-para-julho-e-agosto\/","title":{"rendered":"INSS divulga calend\u00e1rio oficial de pagamentos para julho e agosto"},"content":{"rendered":"\n<p>O <strong>Instituto Nacional do Seguro Social<\/strong> (<a href=\"https:\/\/www.em.com.br\/emfoco\/2025\/07\/12\/segurados-celebram-datas-definidas-para-receber-beneficio-do-inss\/\" target=\"_blank\" rel=\"noreferrer noopener\">INSS<\/a>) \u00e9 respons\u00e1vel pelo pagamento de benef\u00edcios previdenci\u00e1rios a milh\u00f5es de brasileiros. Garantir que os segurados saibam as datas exatas de recebimento \u00e9 essencial para que possam organizar suas finan\u00e7as de maneira eficaz. Em 2025, esse processo continua a ser estruturado de acordo com o n\u00famero final do benef\u00edcio, desconsiderando o d\u00edgito ap\u00f3s o tra\u00e7o.<\/p>\n\n\n\n<p>O acesso \u00e0s informa\u00e7\u00f5es detalhadas sobre o pagamento pode ser feito de maneira pr\u00e1tica atrav\u00e9s do aplicativo ou portal <strong>Meu INSS<\/strong>. Essa plataforma digital oferece diversas funcionalidades, incluindo consulta ao extrato de pagamento, atualiza\u00e7\u00e3o de dados pessoais e acesso a outros servi\u00e7os integrados. Para utilizar, basta acessar com o <strong>CPF <\/strong>e a senha da conta <strong>Gov.br<\/strong>.<\/p>\n\n\n\n<h2 class=\"wp-block-heading\">Como consultar a data de pagamento?<\/h2>\n\n\n<div class=\"wp-block-image\">\n<figure class=\"aligncenter size-large\"><img loading=\"lazy\" decoding=\"async\" width=\"1024\" height=\"576\" src=\"https:\/\/www.em.com.br\/emfoco\/wp-content\/uploads\/2025\/06\/inss_1749151298371-1024x576.jpg\" alt=\"Segurados celebram datas definidas para receber benef\u00edcio do INSS\" class=\"wp-image-56498\" srcset=\"https:\/\/www.em.com.br\/emfoco\/wp-content\/uploads\/2025\/06\/inss_1749151298371-1024x576.jpg 1024w, https:\/\/www.em.com.br\/emfoco\/wp-content\/uploads\/2025\/06\/inss_1749151298371-300x169.jpg 300w, https:\/\/www.em.com.br\/emfoco\/wp-content\/uploads\/2025\/06\/inss_1749151298371-768x432.jpg 768w, https:\/\/www.em.com.br\/emfoco\/wp-content\/uploads\/2025\/06\/inss_1749151298371-750x422.jpg 750w, https:\/\/www.em.com.br\/emfoco\/wp-content\/uploads\/2025\/06\/inss_1749151298371-1140x642.jpg 1140w, https:\/\/www.em.com.br\/emfoco\/wp-content\/uploads\/2025\/06\/inss_1749151298371.jpg 1279w\" sizes=\"auto, (max-width: 1024px) 100vw, 1024px\" \/><figcaption class=\"wp-element-caption\">Papel escrito INSS &#8211; Cr\u00e9ditos: depositphotos.com \/ fernandokazuo<\/figcaption><\/figure><\/div>\n\n\n<p>Para saber a data exata do pagamento, o segurado deve verificar o pen\u00faltimo n\u00famero do benef\u00edcio. O calend\u00e1rio de pagamentos \u00e9 dividido para quem recebe at\u00e9 um sal\u00e1rio m\u00ednimo e para aqueles acima deste valor. As informa\u00e7\u00f5es atualizadas est\u00e3o dispon\u00edveis tanto no aplicativo quanto no site <em><a href=\"https:\/\/www.gov.br\/inss\/pt-br\" target=\"_blank\" rel=\"noreferrer noopener\">Meu INSS<\/a><\/em>. Para mais d\u00favidas, a <strong>Central 135<\/strong> oferece suporte eletr\u00f4nico di\u00e1rio e com atendentes em hor\u00e1rio comercial.<\/p>\n\n\n\n<h2 class=\"wp-block-heading\">Calend\u00e1rio de pagamento para 2025<\/h2>\n\n\n\n<p>O calend\u00e1rio \u00e9 cuidadosamente organizado para evitar sobrecargas no sistema. As datas de pagamento variam levemente a cada m\u00eas, ajustando-se conforme necess\u00e1rio ao longo do ano. Em julho e agosto de 2025, as datas foram divulgadas da seguinte forma:<\/p>\n\n\n\n<ul class=\"wp-block-list\">\n<li><strong>Para quem recebe at\u00e9 um sal\u00e1rio m\u00ednimo:<\/strong>\n<ul class=\"wp-block-list\">\n<li>Final 1: 25 de julho<\/li>\n\n\n\n<li>Final 2: 28 de julho<\/li>\n\n\n\n<li>Final 3: 29 de julho<\/li>\n\n\n\n<li>Final 4: 30 de julho<\/li>\n\n\n\n<li>Final 5: 31 de julho<\/li>\n\n\n\n<li>Final 6: 1\u00ba de agosto<\/li>\n\n\n\n<li>Final 7: 4 de agosto<\/li>\n\n\n\n<li>Final 8: 5 de agosto<\/li>\n\n\n\n<li>Final 9: 6 de agosto<\/li>\n\n\n\n<li>Final 0: 7 de agosto<\/li>\n<\/ul>\n<\/li>\n\n\n\n<li><strong>Para quem recebe acima de um sal\u00e1rio m\u00ednimo:<\/strong>\n<ul class=\"wp-block-list\">\n<li>Finais 1 e 6: 1\u00ba de agosto<\/li>\n\n\n\n<li>Finais 2 e 7: 4 de agosto<\/li>\n\n\n\n<li>Finais 3 e 8: 5 de agosto<\/li>\n\n\n\n<li>Finais 4 e 9: 6 de agosto<\/li>\n\n\n\n<li>Finais 5 e 0: 7 de agosto<\/li>\n<\/ul>\n<\/li>\n<\/ul>\n\n\n\n<h2 class=\"wp-block-heading\">Benef\u00edcios do uso do portal Meu INSS<\/h2>\n\n\n\n<p>A digitaliza\u00e7\u00e3o de servi\u00e7os governamentais, como o <strong>Meu INSS<\/strong>, tem facilitado o acesso dos segurados a informa\u00e7\u00f5es cruciais de forma r\u00e1pida e eficiente. Essa plataforma n\u00e3o apenas permite a consulta ao calend\u00e1rio de pagamentos, mas tamb\u00e9m a gest\u00e3o de dados pessoais e outros servi\u00e7os previdenci\u00e1rios. Al\u00e9m disso, contribui para a diminui\u00e7\u00e3o de filas nas ag\u00eancias f\u00edsicas, promovendo maior comodidade e praticidade aos usu\u00e1rios.<\/p>\n\n\n\n<h2 class=\"wp-block-heading\">Como o INSS estrutura seus servi\u00e7os?<\/h2>\n\n\n\n<p>A estrutura\u00e7\u00e3o dos pagamentos e servi\u00e7os do <strong>INSS <\/strong>\u00e9 uma tarefa complexa e delicada que demanda precis\u00e3o e cuidado. Atrav\u00e9s de sistemas integrados e tecnologia, o <strong>INSS <\/strong>tem buscado otimizar e simplificar o acesso a seus servi\u00e7os para um p\u00fablico vasto e diversificado. Manter o sistema atualizado e acess\u00edvel \u00e9 uma prioridade que beneficia milh\u00f5es de brasileiros, garantindo dignidade e suporte financeiro necess\u00e1rio em diversas fases da vida.<\/p>\n","protected":false},"excerpt":{"rendered":"<p>O Instituto Nacional do Seguro Social (INSS) \u00e9 respons\u00e1vel pelo pagamento de benef\u00edcios previdenci\u00e1rios a milh\u00f5es de brasileiros. Garantir que os segurados saibam as datas exatas de recebimento \u00e9 essencial para que possam organizar suas finan\u00e7as de maneira eficaz. Em 2025, esse processo continua a ser estruturado de acordo com o n\u00famero final do benef\u00edcio, [&hellip;]<\/p>\n","protected":false},"author":20,"featured_media":56492,"comment_status":"open","ping_status":"open","sticky":false,"template":"","format":"standard","meta":{"jnews-multi-image_gallery":[],"jnews_single_post":{"format":"standard"},"jnews_primary_category":[],"jnews_social_meta":[],"jnews_override_counter":[],"footnotes":""},"categories":[28,1],"tags":[174,300],"class_list":["post-75190","post","type-post","status-publish","format-standard","has-post-thumbnail","hentry","category-economia","category-noticias","tag-inss","tag-pagamento"],"yoast_head":"<!-- This site is optimized with the Yoast SEO plugin v23.8 - https:\/\/yoast.com\/wordpress\/plugins\/seo\/ -->\n<title>INSS divulga calend\u00e1rio oficial de pagamentos para julho e agosto - Estado de Minas - Em foco<\/title>\n<meta name=\"description\" content=\"INSS confirma calend\u00e1rio oficial para pagamentos em julho e agosto com datas detalhadas para ajudar aposentados a se organizarem.\" \/>\n<meta name=\"robots\" content=\"index, follow, max-snippet:-1, max-image-preview:large, max-video-preview:-1\" \/>\n<link rel=\"canonical\" href=\"https:\/\/www.em.com.br\/emfoco\/2025\/07\/13\/inss-divulga-calendario-oficial-de-pagamentos-para-julho-e-agosto\/\" \/>\n<meta property=\"og:locale\" content=\"pt_BR\" \/>\n<meta property=\"og:type\" content=\"article\" \/>\n<meta property=\"og:title\" content=\"INSS divulga calend\u00e1rio oficial de pagamentos para julho e agosto - Estado de Minas - Em foco\" \/>\n<meta property=\"og:description\" content=\"INSS confirma calend\u00e1rio oficial para pagamentos em julho e agosto com datas detalhadas para ajudar aposentados a se organizarem.\" \/>\n<meta property=\"og:url\" content=\"https:\/\/www.em.com.br\/emfoco\/2025\/07\/13\/inss-divulga-calendario-oficial-de-pagamentos-para-julho-e-agosto\/\" \/>\n<meta property=\"og:site_name\" content=\"Estado de Minas - Em foco\" \/>\n<meta property=\"article:published_time\" content=\"2025-07-13T13:58:00+00:00\" \/>\n<meta property=\"article:modified_time\" content=\"2025-07-12T20:46:23+00:00\" \/>\n<meta property=\"og:image\" content=\"https:\/\/www.em.com.br\/emfoco\/wp-content\/uploads\/2025\/06\/PAGAMENTOS-DO-INSS-2025-2.png\" \/>\n\t<meta property=\"og:image:width\" content=\"1280\" \/>\n\t<meta property=\"og:image:height\" content=\"720\" \/>\n\t<meta property=\"og:image:type\" content=\"image\/png\" \/>\n<meta name=\"author\" content=\"Ingrid Diniz\" \/>\n<meta name=\"twitter:card\" content=\"summary_large_image\" \/>\n<meta name=\"twitter:label1\" content=\"Escrito por\" \/>\n\t<meta name=\"twitter:data1\" content=\"Ingrid Diniz\" \/>\n\t<meta name=\"twitter:label2\" content=\"Est. tempo de leitura\" \/>\n\t<meta name=\"twitter:data2\" content=\"4 minutos\" \/>\n<!-- \/ Yoast SEO plugin. -->","yoast_head_json":{"title":"INSS divulga calend\u00e1rio oficial de pagamentos para julho e agosto - Estado de Minas - Em foco","description":"INSS confirma calend\u00e1rio oficial para pagamentos em julho e agosto com datas detalhadas para ajudar aposentados a se organizarem.","robots":{"index":"index","follow":"follow","max-snippet":"max-snippet:-1","max-image-preview":"max-image-preview:large","max-video-preview":"max-video-preview:-1"},"canonical":"https:\/\/www.em.com.br\/emfoco\/2025\/07\/13\/inss-divulga-calendario-oficial-de-pagamentos-para-julho-e-agosto\/","og_locale":"pt_BR","og_type":"article","og_title":"INSS divulga calend\u00e1rio oficial de pagamentos para julho e agosto - Estado de Minas - Em foco","og_description":"INSS confirma calend\u00e1rio oficial para pagamentos em julho e agosto com datas detalhadas para ajudar aposentados a se organizarem.","og_url":"https:\/\/www.em.com.br\/emfoco\/2025\/07\/13\/inss-divulga-calendario-oficial-de-pagamentos-para-julho-e-agosto\/","og_site_name":"Estado de Minas - Em foco","article_published_time":"2025-07-13T13:58:00+00:00","article_modified_time":"2025-07-12T20:46:23+00:00","og_image":[{"width":1280,"height":720,"url":"https:\/\/www.em.com.br\/emfoco\/wp-content\/uploads\/2025\/06\/PAGAMENTOS-DO-INSS-2025-2.png","type":"image\/png"}],"author":"Ingrid Diniz","twitter_card":"summary_large_image","twitter_misc":{"Escrito por":"Ingrid Diniz","Est. tempo de leitura":"4 minutos"},"schema":{"@context":"https:\/\/schema.org","@graph":[{"@type":"WebPage","@id":"https:\/\/www.em.com.br\/emfoco\/2025\/07\/13\/inss-divulga-calendario-oficial-de-pagamentos-para-julho-e-agosto\/","url":"https:\/\/www.em.com.br\/emfoco\/2025\/07\/13\/inss-divulga-calendario-oficial-de-pagamentos-para-julho-e-agosto\/","name":"INSS divulga calend\u00e1rio oficial de pagamentos para julho e agosto - Estado de Minas - Em foco","isPartOf":{"@id":"https:\/\/www.em.com.br\/emfoco\/#website"},"primaryImageOfPage":{"@id":"https:\/\/www.em.com.br\/emfoco\/2025\/07\/13\/inss-divulga-calendario-oficial-de-pagamentos-para-julho-e-agosto\/#primaryimage"},"image":{"@id":"https:\/\/www.em.com.br\/emfoco\/2025\/07\/13\/inss-divulga-calendario-oficial-de-pagamentos-para-julho-e-agosto\/#primaryimage"},"thumbnailUrl":"https:\/\/www.em.com.br\/emfoco\/wp-content\/uploads\/2025\/06\/PAGAMENTOS-DO-INSS-2025-2.png","datePublished":"2025-07-13T13:58:00+00:00","dateModified":"2025-07-12T20:46:23+00:00","author":{"@id":"https:\/\/www.em.com.br\/emfoco\/#\/schema\/person\/649e610b4eb8fff87ff394e54fe17b2b"},"description":"INSS confirma calend\u00e1rio oficial para pagamentos em julho e agosto com datas detalhadas para ajudar aposentados a se organizarem.","breadcrumb":{"@id":"https:\/\/www.em.com.br\/emfoco\/2025\/07\/13\/inss-divulga-calendario-oficial-de-pagamentos-para-julho-e-agosto\/#breadcrumb"},"inLanguage":"pt-BR","potentialAction":[{"@type":"ReadAction","target":["https:\/\/www.em.com.br\/emfoco\/2025\/07\/13\/inss-divulga-calendario-oficial-de-pagamentos-para-julho-e-agosto\/"]}]},{"@type":"ImageObject","inLanguage":"pt-BR","@id":"https:\/\/www.em.com.br\/emfoco\/2025\/07\/13\/inss-divulga-calendario-oficial-de-pagamentos-para-julho-e-agosto\/#primaryimage","url":"https:\/\/www.em.com.br\/emfoco\/wp-content\/uploads\/2025\/06\/PAGAMENTOS-DO-INSS-2025-2.png","contentUrl":"https:\/\/www.em.com.br\/emfoco\/wp-content\/uploads\/2025\/06\/PAGAMENTOS-DO-INSS-2025-2.png","width":1280,"height":720,"caption":"Bolsa Fam\u00edlia paga benefici\u00e1rios de NIS final 6 - Cr\u00e9ditos: GOV.BR\/Divulga\u00e7\u00e3o"},{"@type":"BreadcrumbList","@id":"https:\/\/www.em.com.br\/emfoco\/2025\/07\/13\/inss-divulga-calendario-oficial-de-pagamentos-para-julho-e-agosto\/#breadcrumb","itemListElement":[{"@type":"ListItem","position":1,"name":"In\u00edcio","item":"https:\/\/www.em.com.br\/emfoco\/"},{"@type":"ListItem","position":2,"name":"INSS divulga calend\u00e1rio oficial de pagamentos para julho e agosto"}]},{"@type":"WebSite","@id":"https:\/\/www.em.com.br\/emfoco\/#website","url":"https:\/\/www.em.com.br\/emfoco\/","name":"Estado de Minas - Em foco","description":"Acompanhe as \u00faltimas not\u00edcias e fique bem informado sobre tudo o que acontece em Minas Gerais, Brasil e no mundo.","potentialAction":[{"@type":"SearchAction","target":{"@type":"EntryPoint","urlTemplate":"https:\/\/www.em.com.br\/emfoco\/?s={search_term_string}"},"query-input":{"@type":"PropertyValueSpecification","valueRequired":true,"valueName":"search_term_string"}}],"inLanguage":"pt-BR"},{"@type":"Person","@id":"https:\/\/www.em.com.br\/emfoco\/#\/schema\/person\/649e610b4eb8fff87ff394e54fe17b2b","name":"Ingrid Diniz","image":{"@type":"ImageObject","inLanguage":"pt-BR","@id":"https:\/\/www.em.com.br\/emfoco\/#\/schema\/person\/image\/","url":"https:\/\/secure.gravatar.com\/avatar\/a3baa1449ec5c39b4c42babc9d4f3951?s=96&d=mm&r=g","contentUrl":"https:\/\/secure.gravatar.com\/avatar\/a3baa1449ec5c39b4c42babc9d4f3951?s=96&d=mm&r=g","caption":"Ingrid Diniz"},"sameAs":["https:\/\/www.em.com.br\/"],"url":"https:\/\/www.em.com.br\/emfoco\/author\/ingridmyth\/"}]}},"_links":{"self":[{"href":"https:\/\/www.em.com.br\/emfoco\/wp-json\/wp\/v2\/posts\/75190","targetHints":{"allow":["GET"]}}],"collection":[{"href":"https:\/\/www.em.com.br\/emfoco\/wp-json\/wp\/v2\/posts"}],"about":[{"href":"https:\/\/www.em.com.br\/emfoco\/wp-json\/wp\/v2\/types\/post"}],"author":[{"embeddable":true,"href":"https:\/\/www.em.com.br\/emfoco\/wp-json\/wp\/v2\/users\/20"}],"replies":[{"embeddable":true,"href":"https:\/\/www.em.com.br\/emfoco\/wp-json\/wp\/v2\/comments?post=75190"}],"version-history":[{"count":1,"href":"https:\/\/www.em.com.br\/emfoco\/wp-json\/wp\/v2\/posts\/75190\/revisions"}],"predecessor-version":[{"id":75212,"href":"https:\/\/www.em.com.br\/emfoco\/wp-json\/wp\/v2\/posts\/75190\/revisions\/75212"}],"wp:featuredmedia":[{"embeddable":true,"href":"https:\/\/www.em.com.br\/emfoco\/wp-json\/wp\/v2\/media\/56492"}],"wp:attachment":[{"href":"https:\/\/www.em.com.br\/emfoco\/wp-json\/wp\/v2\/media?parent=75190"}],"wp:term":[{"taxonomy":"category","embeddable":true,"href":"https:\/\/www.em.com.br\/emfoco\/wp-json\/wp\/v2\/categories?post=75190"},{"taxonomy":"post_tag","embeddable":true,"href":"https:\/\/www.em.com.br\/emfoco\/wp-json\/wp\/v2\/tags?post=75190"}],"curies":[{"name":"wp","href":"https:\/\/api.w.org\/{rel}","templated":true}]}}