{"id":75133,"date":"2025-07-14T15:28:00","date_gmt":"2025-07-14T18:28:00","guid":{"rendered":"https:\/\/www.em.com.br\/emfoco\/?p=75133"},"modified":"2025-07-12T17:41:15","modified_gmt":"2025-07-12T20:41:15","slug":"com-aproximacao-do-lancamento-de-quarteto-fantastico-primeiros-passos-marvel-solta-novo-teaser-e-deixa-fas-entusiasmados","status":"publish","type":"post","link":"https:\/\/www.em.com.br\/emfoco\/2025\/07\/14\/com-aproximacao-do-lancamento-de-quarteto-fantastico-primeiros-passos-marvel-solta-novo-teaser-e-deixa-fas-entusiasmados\/","title":{"rendered":"&#8220;Quarteto Fant\u00e1stico: Primeiros Passos&#8221;, Marvel solta novo teaser e deixa f\u00e3s entusiasmados"},"content":{"rendered":"\n<p>O universo cinematogr\u00e1fico sempre guarda grandes expectativas quando se trata de adapta\u00e7\u00f5es de hist\u00f3rias em quadrinhos, e o novo filme &#8220;Quarteto Fant\u00e1stico: Primeiros Passos&#8221; n\u00e3o \u00e9 uma exce\u00e7\u00e3o. A produ\u00e7\u00e3o se lan\u00e7a em uma nova dire\u00e7\u00e3o, distanciando-se das antigas abordagens e prometendo trazer uma vis\u00e3o refrescante dos ic\u00f4nicos personagens da Marvel. Com estreia marcada para 24 de julho de 2025, este filme \u00e9 um dos lan\u00e7amentos mais esperados do ano.<\/p>\n\n\n\n<h2 class=\"wp-block-heading\">O que esperar do novo filme?<\/h2>\n\n\n\n<p><strong>Diferente das produ\u00e7\u00f5es anteriores que se concentraram em mostrar como o Quarteto Fant\u00e1stico adquiriu seus poderes, &#8220;Primeiros Passos&#8221; busca explorar a trajet\u00f3ria dos personagens j\u00e1 familiarizados com suas habilidades.<\/strong> Esta decis\u00e3o narrativa oferece a oportunidade de investir em novas aventuras e conflitos, sem amarrar-se aos eventos iniciais frequentemente revisitados. Este novo ponto de partida proporciona uma experi\u00eancia renovada tanto para os espectadores veteranos quanto para os novos f\u00e3s. Al\u00e9m disso, h\u00e1 rumores de que o filme contar\u00e1 com participa\u00e7\u00f5es especiais de personagens cl\u00e1ssicos da Marvel, tornando a produ\u00e7\u00e3o ainda mais instigante para quem acompanha o universo dos quadrinhos.<\/p>\n\n\n\n<figure class=\"wp-block-embed is-type-video is-provider-youtube wp-block-embed-youtube wp-embed-aspect-16-9 wp-has-aspect-ratio\"><div class=\"wp-block-embed__wrapper\">\n<div class=\"jeg_video_container jeg_video_content\"><iframe loading=\"lazy\" title=\"The Fantastic Four: First Steps | Fantastivision | In Theaters July 25\" width=\"500\" height=\"281\" src=\"https:\/\/www.youtube.com\/embed\/b-WdRqzSJ9w?feature=oembed\" frameborder=\"0\" allow=\"accelerometer; autoplay; clipboard-write; encrypted-media; gyroscope; picture-in-picture; web-share\" referrerpolicy=\"strict-origin-when-cross-origin\" allowfullscreen><\/iframe><\/div>\n<\/div><\/figure>\n\n\n\n<h2 class=\"wp-block-heading\">Elenco e dire\u00e7\u00e3o: escolhas decisivas<\/h2>\n\n\n\n<p>Dirigido por <strong>Matt Shakman<\/strong>, o filme conta com um elenco estelar que promete capturar a ess\u00eancia dos personagens. <strong><a href=\"https:\/\/www.instagram.com\/pascalispunk\/?hl=pt\" target=\"_blank\" rel=\"noreferrer noopener\">Pedro Pascal<\/a> \u00e9 escalado como Reed Richards, o Sr. Fant\u00e1stico, enquanto <\/strong>Vanessa Kirby<strong> interpreta Sue Storm, a Mulher Invis\u00edvel.<\/strong> <strong>Joseph Quinn<\/strong> e <strong>Ebon Moss-Bachrach<\/strong> completam o time como Johnny Storm (Tocha Humana) e Ben Grimm (O Coisa), respectivamente. A combina\u00e7\u00e3o desses talentos traz uma expectativa de qu\u00edmica e dinamismo que pode ser um diferencial no sucesso da trama. Rumores indicam, ainda, que novos personagens poder\u00e3o ser apresentados para uma futura expans\u00e3o do grupo nas pr\u00f3ximas fases do MCU.<\/p>\n\n\n\n<h2 class=\"wp-block-heading\">Um universo paralelo: nova jogada da Marvel?<\/h2>\n\n\n\n<p><strong>Uma das revela\u00e7\u00f5es mais intrigantes sobre o filme \u00e9 sua ambienta\u00e7\u00e3o em uma Terra paralela ao Universo Cinematogr\u00e1fico Marvel principal.<\/strong> Este detalhe confere aos criadores a liberdade criativa de desenvolver enredos independentes das cronologias j\u00e1 estabelecidas pelo MCU. Al\u00e9m de garantir uma narrativa aut\u00f4noma, este ambiente paralelo promete mergulhar no desconhecido com a chegada de amea\u00e7as como Galactus, acompanhado por uma nova vers\u00e3o da Surfista Prateada. Especula\u00e7\u00f5es surgem sobre poss\u00edveis liga\u00e7\u00f5es com outras realidades alternativas apresentadas recentemente em produ\u00e7\u00f5es do <strong><a href=\"https:\/\/www.em.com.br\/emfoco\/2025\/04\/21\/quarteto-fantastico-primeiros-passos-marca-nova-era-para-a-marvel-e-mcu\/\" target=\"_blank\" rel=\"noreferrer noopener\">MCU<\/a><\/strong>, ampliando ainda mais as possibilidades criativas.<\/p>\n\n\n\n<h2 class=\"wp-block-heading\">Visual e estilo: anos 60 com um toque futurista<\/h2>\n\n\n\n<p><strong>Uma Nova York dos anos 60 com um toque futurista servir\u00e1 de cen\u00e1rio, prometendo um estilo visual \u00fanico e cativante.<\/strong> Esta escolha est\u00e9tica abre portas para uma fus\u00e3o intrigante entre o cl\u00e1ssico e o inovador, criando um ambiente onde a nostalgia dos quadrinhos cl\u00e1ssicos encontra a inova\u00e7\u00e3o do cinema moderno. O filme busca capturar tanto a ess\u00eancia atemporal dos personagens como a emo\u00e7\u00e3o de um novo futuro. Al\u00e9m disso, a equipe de produ\u00e7\u00e3o investiu em efeitos especiais de ponta para real\u00e7ar tanto os cen\u00e1rios quanto os poderes dos her\u00f3is.<\/p>\n\n\n\n<h2 class=\"wp-block-heading\">O futuro do Quarteto Fant\u00e1stico no MCU<\/h2>\n\n\n\n<p><strong>A produ\u00e7\u00e3o n\u00e3o apenas inaugura uma nova fase para o Quarteto, como tamb\u00e9m se coloca como um marco para o futuro do Universo Marvel nos cinemas.<\/strong> Este filme \u00e9 o pontap\u00e9 inicial da Fase 6 do MCU, que promete integrar hist\u00f3rias que culminar\u00e3o em eventos \u00e9picos futuros. Com isso, &#8220;Quarteto Fant\u00e1stico: Primeiros Passos&#8221; tem a miss\u00e3o de solidificar uma base robusta para suas continua\u00e7\u00f5es e para novas conex\u00f5es dentro deste vasto universo. A expectativa \u00e9 alta para que essa reinterpreta\u00e7\u00e3o possa finalmente fazer jus ao legado dos quadrinhos e conquistar um espa\u00e7o duradouro no cora\u00e7\u00e3o dos f\u00e3s. F\u00e3s est\u00e3o ansiosos para saber como o grupo ser\u00e1 introduzido em crossovers e intera\u00e7\u00f5es futuras no MCU.<\/p>\n","protected":false},"excerpt":{"rendered":"<p>O universo cinematogr\u00e1fico sempre guarda grandes expectativas quando se trata de adapta\u00e7\u00f5es de hist\u00f3rias em quadrinhos, e o novo filme &#8220;Quarteto Fant\u00e1stico: Primeiros Passos&#8221; n\u00e3o \u00e9 uma exce\u00e7\u00e3o. A produ\u00e7\u00e3o se lan\u00e7a em uma nova dire\u00e7\u00e3o, distanciando-se das antigas abordagens e prometendo trazer uma vis\u00e3o refrescante dos ic\u00f4nicos personagens da Marvel. Com estreia marcada para [&hellip;]<\/p>\n","protected":false},"author":13,"featured_media":37525,"comment_status":"open","ping_status":"open","sticky":false,"template":"","format":"standard","meta":{"jnews-multi-image_gallery":[],"jnews_single_post":{"format":"standard"},"jnews_primary_category":[],"jnews_social_meta":[],"jnews_override_counter":[],"footnotes":""},"categories":[29,137,1],"tags":[637,999,3707,7443],"class_list":["post-75133","post","type-post","status-publish","format-standard","has-post-thumbnail","hentry","category-entretenimento","category-filmes","category-noticias","tag-cinema","tag-marvel","tag-mcu","tag-quarteto-fantastico"],"yoast_head":"<!-- This site is optimized with the Yoast SEO plugin v23.8 - https:\/\/yoast.com\/wordpress\/plugins\/seo\/ -->\n<title>&quot;Quarteto Fant\u00e1stico: Primeiros Passos&quot;, Marvel solta novo teaser e deixa f\u00e3s entusiasmados - Estado de Minas - Em foco<\/title>\n<meta name=\"description\" content=\"Quarteto Fant\u00e1stico: Primeiros Passos estreia com elenco de peso e nova abordagem. Marvel promete a vers\u00e3o mais ousada at\u00e9 hoje.\" \/>\n<meta name=\"robots\" content=\"index, follow, max-snippet:-1, max-image-preview:large, max-video-preview:-1\" \/>\n<link rel=\"canonical\" href=\"https:\/\/www.em.com.br\/emfoco\/2025\/07\/14\/com-aproximacao-do-lancamento-de-quarteto-fantastico-primeiros-passos-marvel-solta-novo-teaser-e-deixa-fas-entusiasmados\/\" \/>\n<meta property=\"og:locale\" content=\"pt_BR\" \/>\n<meta property=\"og:type\" content=\"article\" \/>\n<meta property=\"og:title\" content=\"&quot;Quarteto Fant\u00e1stico: Primeiros Passos&quot;, Marvel solta novo teaser e deixa f\u00e3s entusiasmados - Estado de Minas - Em foco\" \/>\n<meta property=\"og:description\" content=\"Quarteto Fant\u00e1stico: Primeiros Passos estreia com elenco de peso e nova abordagem. Marvel promete a vers\u00e3o mais ousada at\u00e9 hoje.\" \/>\n<meta property=\"og:url\" content=\"https:\/\/www.em.com.br\/emfoco\/2025\/07\/14\/com-aproximacao-do-lancamento-de-quarteto-fantastico-primeiros-passos-marvel-solta-novo-teaser-e-deixa-fas-entusiasmados\/\" \/>\n<meta property=\"og:site_name\" content=\"Estado de Minas - Em foco\" \/>\n<meta property=\"article:published_time\" content=\"2025-07-14T18:28:00+00:00\" \/>\n<meta property=\"article:modified_time\" content=\"2025-07-12T20:41:15+00:00\" \/>\n<meta property=\"og:image\" content=\"https:\/\/www.em.com.br\/emfoco\/wp-content\/uploads\/2025\/04\/Design-sem-nome-9.jpg\" \/>\n\t<meta property=\"og:image:width\" content=\"1280\" \/>\n\t<meta property=\"og:image:height\" content=\"720\" \/>\n\t<meta property=\"og:image:type\" content=\"image\/jpeg\" \/>\n<meta name=\"author\" content=\"Gabriel Martins\" \/>\n<meta name=\"twitter:card\" content=\"summary_large_image\" \/>\n<meta name=\"twitter:label1\" content=\"Escrito por\" \/>\n\t<meta name=\"twitter:data1\" content=\"Gabriel Martins\" \/>\n\t<meta name=\"twitter:label2\" content=\"Est. tempo de leitura\" \/>\n\t<meta name=\"twitter:data2\" content=\"4 minutos\" \/>\n<!-- \/ Yoast SEO plugin. -->","yoast_head_json":{"title":"\"Quarteto Fant\u00e1stico: Primeiros Passos\", Marvel solta novo teaser e deixa f\u00e3s entusiasmados - Estado de Minas - Em foco","description":"Quarteto Fant\u00e1stico: Primeiros Passos estreia com elenco de peso e nova abordagem. Marvel promete a vers\u00e3o mais ousada at\u00e9 hoje.","robots":{"index":"index","follow":"follow","max-snippet":"max-snippet:-1","max-image-preview":"max-image-preview:large","max-video-preview":"max-video-preview:-1"},"canonical":"https:\/\/www.em.com.br\/emfoco\/2025\/07\/14\/com-aproximacao-do-lancamento-de-quarteto-fantastico-primeiros-passos-marvel-solta-novo-teaser-e-deixa-fas-entusiasmados\/","og_locale":"pt_BR","og_type":"article","og_title":"\"Quarteto Fant\u00e1stico: Primeiros Passos\", Marvel solta novo teaser e deixa f\u00e3s entusiasmados - Estado de Minas - Em foco","og_description":"Quarteto Fant\u00e1stico: Primeiros Passos estreia com elenco de peso e nova abordagem. Marvel promete a vers\u00e3o mais ousada at\u00e9 hoje.","og_url":"https:\/\/www.em.com.br\/emfoco\/2025\/07\/14\/com-aproximacao-do-lancamento-de-quarteto-fantastico-primeiros-passos-marvel-solta-novo-teaser-e-deixa-fas-entusiasmados\/","og_site_name":"Estado de Minas - Em foco","article_published_time":"2025-07-14T18:28:00+00:00","article_modified_time":"2025-07-12T20:41:15+00:00","og_image":[{"width":1280,"height":720,"url":"https:\/\/www.em.com.br\/emfoco\/wp-content\/uploads\/2025\/04\/Design-sem-nome-9.jpg","type":"image\/jpeg"}],"author":"Gabriel Martins","twitter_card":"summary_large_image","twitter_misc":{"Escrito por":"Gabriel Martins","Est. tempo de leitura":"4 minutos"},"schema":{"@context":"https:\/\/schema.org","@graph":[{"@type":"WebPage","@id":"https:\/\/www.em.com.br\/emfoco\/2025\/07\/14\/com-aproximacao-do-lancamento-de-quarteto-fantastico-primeiros-passos-marvel-solta-novo-teaser-e-deixa-fas-entusiasmados\/","url":"https:\/\/www.em.com.br\/emfoco\/2025\/07\/14\/com-aproximacao-do-lancamento-de-quarteto-fantastico-primeiros-passos-marvel-solta-novo-teaser-e-deixa-fas-entusiasmados\/","name":"\"Quarteto Fant\u00e1stico: Primeiros Passos\", Marvel solta novo teaser e deixa f\u00e3s entusiasmados - Estado de Minas - Em foco","isPartOf":{"@id":"https:\/\/www.em.com.br\/emfoco\/#website"},"primaryImageOfPage":{"@id":"https:\/\/www.em.com.br\/emfoco\/2025\/07\/14\/com-aproximacao-do-lancamento-de-quarteto-fantastico-primeiros-passos-marvel-solta-novo-teaser-e-deixa-fas-entusiasmados\/#primaryimage"},"image":{"@id":"https:\/\/www.em.com.br\/emfoco\/2025\/07\/14\/com-aproximacao-do-lancamento-de-quarteto-fantastico-primeiros-passos-marvel-solta-novo-teaser-e-deixa-fas-entusiasmados\/#primaryimage"},"thumbnailUrl":"https:\/\/www.em.com.br\/emfoco\/wp-content\/uploads\/2025\/04\/Design-sem-nome-9.jpg","datePublished":"2025-07-14T18:28:00+00:00","dateModified":"2025-07-12T20:41:15+00:00","author":{"@id":"https:\/\/www.em.com.br\/emfoco\/#\/schema\/person\/1c9ddeab18b98abeffef834667bcf08a"},"description":"Quarteto Fant\u00e1stico: Primeiros Passos estreia com elenco de peso e nova abordagem. Marvel promete a vers\u00e3o mais ousada at\u00e9 hoje.","breadcrumb":{"@id":"https:\/\/www.em.com.br\/emfoco\/2025\/07\/14\/com-aproximacao-do-lancamento-de-quarteto-fantastico-primeiros-passos-marvel-solta-novo-teaser-e-deixa-fas-entusiasmados\/#breadcrumb"},"inLanguage":"pt-BR","potentialAction":[{"@type":"ReadAction","target":["https:\/\/www.em.com.br\/emfoco\/2025\/07\/14\/com-aproximacao-do-lancamento-de-quarteto-fantastico-primeiros-passos-marvel-solta-novo-teaser-e-deixa-fas-entusiasmados\/"]}]},{"@type":"ImageObject","inLanguage":"pt-BR","@id":"https:\/\/www.em.com.br\/emfoco\/2025\/07\/14\/com-aproximacao-do-lancamento-de-quarteto-fantastico-primeiros-passos-marvel-solta-novo-teaser-e-deixa-fas-entusiasmados\/#primaryimage","url":"https:\/\/www.em.com.br\/emfoco\/wp-content\/uploads\/2025\/04\/Design-sem-nome-9.jpg","contentUrl":"https:\/\/www.em.com.br\/emfoco\/wp-content\/uploads\/2025\/04\/Design-sem-nome-9.jpg","width":1280,"height":720,"caption":"Quarteto Fant\u00e1stico: Primeiros Passos - Cr\u00e9ditos: Divulga\u00e7\u00e3o\/Marvel Studios"},{"@type":"BreadcrumbList","@id":"https:\/\/www.em.com.br\/emfoco\/2025\/07\/14\/com-aproximacao-do-lancamento-de-quarteto-fantastico-primeiros-passos-marvel-solta-novo-teaser-e-deixa-fas-entusiasmados\/#breadcrumb","itemListElement":[{"@type":"ListItem","position":1,"name":"In\u00edcio","item":"https:\/\/www.em.com.br\/emfoco\/"},{"@type":"ListItem","position":2,"name":"&#8220;Quarteto Fant\u00e1stico: Primeiros Passos&#8221;, Marvel solta novo teaser e deixa f\u00e3s entusiasmados"}]},{"@type":"WebSite","@id":"https:\/\/www.em.com.br\/emfoco\/#website","url":"https:\/\/www.em.com.br\/emfoco\/","name":"Estado de Minas - Em foco","description":"Acompanhe as \u00faltimas not\u00edcias e fique bem informado sobre tudo o que acontece em Minas Gerais, Brasil e no mundo.","potentialAction":[{"@type":"SearchAction","target":{"@type":"EntryPoint","urlTemplate":"https:\/\/www.em.com.br\/emfoco\/?s={search_term_string}"},"query-input":{"@type":"PropertyValueSpecification","valueRequired":true,"valueName":"search_term_string"}}],"inLanguage":"pt-BR"},{"@type":"Person","@id":"https:\/\/www.em.com.br\/emfoco\/#\/schema\/person\/1c9ddeab18b98abeffef834667bcf08a","name":"Gabriel Martins","image":{"@type":"ImageObject","inLanguage":"pt-BR","@id":"https:\/\/www.em.com.br\/emfoco\/#\/schema\/person\/image\/","url":"https:\/\/secure.gravatar.com\/avatar\/f0f1e2efdfd88f1ad2cb08c5c2731e50?s=96&d=mm&r=g","contentUrl":"https:\/\/secure.gravatar.com\/avatar\/f0f1e2efdfd88f1ad2cb08c5c2731e50?s=96&d=mm&r=g","caption":"Gabriel Martins"},"sameAs":["https:\/\/www.em.com.br\/emfoco\/"],"url":"https:\/\/www.em.com.br\/emfoco\/author\/gabrielmartinsmyth\/"}]}},"_links":{"self":[{"href":"https:\/\/www.em.com.br\/emfoco\/wp-json\/wp\/v2\/posts\/75133","targetHints":{"allow":["GET"]}}],"collection":[{"href":"https:\/\/www.em.com.br\/emfoco\/wp-json\/wp\/v2\/posts"}],"about":[{"href":"https:\/\/www.em.com.br\/emfoco\/wp-json\/wp\/v2\/types\/post"}],"author":[{"embeddable":true,"href":"https:\/\/www.em.com.br\/emfoco\/wp-json\/wp\/v2\/users\/13"}],"replies":[{"embeddable":true,"href":"https:\/\/www.em.com.br\/emfoco\/wp-json\/wp\/v2\/comments?post=75133"}],"version-history":[{"count":3,"href":"https:\/\/www.em.com.br\/emfoco\/wp-json\/wp\/v2\/posts\/75133\/revisions"}],"predecessor-version":[{"id":75210,"href":"https:\/\/www.em.com.br\/emfoco\/wp-json\/wp\/v2\/posts\/75133\/revisions\/75210"}],"wp:featuredmedia":[{"embeddable":true,"href":"https:\/\/www.em.com.br\/emfoco\/wp-json\/wp\/v2\/media\/37525"}],"wp:attachment":[{"href":"https:\/\/www.em.com.br\/emfoco\/wp-json\/wp\/v2\/media?parent=75133"}],"wp:term":[{"taxonomy":"category","embeddable":true,"href":"https:\/\/www.em.com.br\/emfoco\/wp-json\/wp\/v2\/categories?post=75133"},{"taxonomy":"post_tag","embeddable":true,"href":"https:\/\/www.em.com.br\/emfoco\/wp-json\/wp\/v2\/tags?post=75133"}],"curies":[{"name":"wp","href":"https:\/\/api.w.org\/{rel}","templated":true}]}}