{"id":75080,"date":"2025-07-14T09:50:00","date_gmt":"2025-07-14T12:50:00","guid":{"rendered":"https:\/\/www.em.com.br\/emfoco\/?p=75080"},"modified":"2025-07-14T19:07:14","modified_gmt":"2025-07-14T22:07:14","slug":"dr-alexandre-feldman-crm-sp-59046-este-e-o-segredo-de-alguns-medicos-nao-ficarem-doentes","status":"publish","type":"post","link":"https:\/\/www.em.com.br\/emfoco\/2025\/07\/14\/dr-alexandre-feldman-crm-sp-59046-este-e-o-segredo-de-alguns-medicos-nao-ficarem-doentes\/","title":{"rendered":"Dr. Alexandre Feldman, CRM-SP 59046: \u201cEste \u00e9 o segredo de alguns m\u00e9dicos n\u00e3o ficarem doentes\u201d"},"content":{"rendered":"\n<p>Voc\u00ea j\u00e1 parou para pensar por que m\u00e9dicos dificilmente ficam doentes? O <strong>Dr. Alexandre Feldman (CRM-SP 59046)<\/strong>, m\u00e9dico, escritor e palestrante, compartilhou uma reflex\u00e3o interessante sobre isso. Segundo ele, al\u00e9m dos cuidados t\u00e9cnicos, existe um fator emocional poderoso: a qualidade das conex\u00f5es humanas. O v\u00ednculo com pacientes e seguidores fortalece o sistema imunol\u00f3gico e colabora para a sa\u00fade como um todo.<\/p>\n\n\n\n<p>Presente nas redes sociais como <strong>@enxaqueca<\/strong>, o Dr. Feldman conta que sente-se energizado ao receber o carinho de quem acompanha seu trabalho. Ele destaca que esse tipo de conex\u00e3o, mesmo sem contato f\u00edsico direto, \u00e9 capaz de produzir efeitos reais no corpo. Trata-se do que a ci\u00eancia chama de rela\u00e7\u00e3o parassocial, uma forma de v\u00ednculo que desperta sensa\u00e7\u00e3o de acolhimento, bem-estar e prote\u00e7\u00e3o.<\/p>\n\n\n\n<h2 class=\"wp-block-heading\">Como as conex\u00f5es sociais impactam o sistema imunol\u00f3gico?<\/h2>\n\n\n\n<p>Estudos em neuroci\u00eancia e imunologia mostram que pessoas com boas rela\u00e7\u00f5es sociais t\u00eam menor risco de desenvolver doen\u00e7as infecciosas. O contato afetivo reduz o estresse, regula os horm\u00f4nios e fortalece as defesas naturais do organismo. Isso vale tanto para intera\u00e7\u00f5es presenciais quanto para conex\u00f5es feitas por redes sociais.<\/p>\n\n\n\n<p>A sensa\u00e7\u00e3o de pertencimento e apoio emocional gera impactos diretos no funcionamento do corpo. A presen\u00e7a de um c\u00edrculo social afetuoso est\u00e1 associada \u00e0 menor produ\u00e7\u00e3o de subst\u00e2ncias inflamat\u00f3rias, como o cortisol, e ao aumento de c\u00e9lulas que combatem v\u00edrus e bact\u00e9rias. \u00c9 a prova de que o cuidado emocional tamb\u00e9m \u00e9 parte da medicina preventiva.<\/p>\n\n\n\n<h2 class=\"wp-block-heading\">O que \u00e9 uma rela\u00e7\u00e3o parassocial e por que ela faz bem?<\/h2>\n\n\n\n<p>A rela\u00e7\u00e3o parassocial acontece quando criamos uma conex\u00e3o emocional com algu\u00e9m que conhecemos apenas virtualmente, como m\u00e9dicos, influenciadores ou artistas. Mesmo sem contato direto, sentimos familiaridade, empatia e confian\u00e7a. \u00c9 como se aquela pessoa fizesse parte da nossa vida, mesmo que o v\u00ednculo n\u00e3o seja rec\u00edproco.<\/p>\n\n\n<div class=\"wp-block-image\">\n<figure class=\"aligncenter size-large\"><img loading=\"lazy\" decoding=\"async\" width=\"1024\" height=\"576\" src=\"https:\/\/www.em.com.br\/emfoco\/wp-content\/uploads\/2025\/07\/conexao-emocional_1752366748087-1024x576.jpg\" alt=\"\" class=\"wp-image-75273\" srcset=\"https:\/\/www.em.com.br\/emfoco\/wp-content\/uploads\/2025\/07\/conexao-emocional_1752366748087-1024x576.jpg 1024w, https:\/\/www.em.com.br\/emfoco\/wp-content\/uploads\/2025\/07\/conexao-emocional_1752366748087-300x169.jpg 300w, https:\/\/www.em.com.br\/emfoco\/wp-content\/uploads\/2025\/07\/conexao-emocional_1752366748087-768x432.jpg 768w, https:\/\/www.em.com.br\/emfoco\/wp-content\/uploads\/2025\/07\/conexao-emocional_1752366748087-750x422.jpg 750w, https:\/\/www.em.com.br\/emfoco\/wp-content\/uploads\/2025\/07\/conexao-emocional_1752366748087-1140x641.jpg 1140w, https:\/\/www.em.com.br\/emfoco\/wp-content\/uploads\/2025\/07\/conexao-emocional_1752366748087.jpg 1280w\" sizes=\"auto, (max-width: 1024px) 100vw, 1024px\" \/><figcaption class=\"wp-element-caption\">Homens interagindo com tela de notebook &#8211; Cr\u00e9ditos: depositphotos.com \/ AllaSerebrina<\/figcaption><\/figure><\/div>\n\n\n<p>Para o Dr. Feldman, esse tipo de intera\u00e7\u00e3o n\u00e3o \u00e9 superficial. Ele relata que muitas vezes pacientes o abordam dizendo que j\u00e1 o conhecem de longa data, mesmo que nunca tenham tido contato direto. Essa proximidade emocional \u00e9 ben\u00e9fica tanto para o seguidor quanto para o profissional, criando um ambiente de apoio m\u00fatuo que favorece a sa\u00fade mental e f\u00edsica.<\/p>\n\n\n\n<h2 class=\"wp-block-heading\">A empatia pode fortalecer o corpo?<\/h2>\n\n\n\n<p>Sim. Demonstrar empatia e gratid\u00e3o ativa regi\u00f5es do c\u00e9rebro relacionadas ao prazer e \u00e0 motiva\u00e7\u00e3o. Quando uma pessoa se sente acolhida, seu organismo responde com a libera\u00e7\u00e3o de horm\u00f4nios como a ocitocina, que tem efeitos anti-inflamat\u00f3rios e reguladores do humor. Essa resposta fisiol\u00f3gica contribui para uma imunidade mais equilibrada.<\/p>\n\n\n\n<p>Da mesma forma, quem oferece carinho tamb\u00e9m colhe benef\u00edcios. Ajudar, ouvir ou agradecer gera respostas qu\u00edmicas positivas no corpo, como redu\u00e7\u00e3o da ansiedade e fortalecimento do sistema imune. O m\u00e9dico que escuta e conforta seus pacientes, como no caso do Dr. Feldman, tamb\u00e9m se fortalece por meio dessas intera\u00e7\u00f5es humanas.<\/p>\n\n\n\n<h2 class=\"wp-block-heading\">O apoio virtual tem o mesmo efeito que o presencial?<\/h2>\n\n\n\n<p>Embora o contato f\u00edsico tenha benef\u00edcios \u00fanicos, o apoio recebido pelas redes sociais pode ter efeitos similares no campo emocional. Coment\u00e1rios, mensagens de gratid\u00e3o e intera\u00e7\u00f5es positivas criam um senso de comunidade que reduz o sentimento de solid\u00e3o e aumenta a sensa\u00e7\u00e3o de pertencimento. Isso \u00e9 especialmente importante em tempos em que o conv\u00edvio presencial pode ser limitado.<\/p>\n\n\n\n<p>O Dr. Feldman refor\u00e7a que se sente verdadeiramente acompanhado por seus seguidores. Mesmo aqueles que apenas assistem e n\u00e3o interagem diretamente exercem um papel importante. Ele afirma que essa rede de apoio constante \u00e9 um dos fatores que o mant\u00e9m saud\u00e1vel, motivado e emocionalmente equilibrado para continuar cuidando de tantas pessoas.<\/p>\n\n\n\n<h2 class=\"wp-block-heading\">Por que reconhecer esse v\u00ednculo \u00e9 t\u00e3o importante?<\/h2>\n\n\n\n<p>Valorizar as rela\u00e7\u00f5es sociais como parte da sa\u00fade integral \u00e9 uma mudan\u00e7a de paradigma. Mais do que exames e tratamentos, o ser humano precisa de afeto, aten\u00e7\u00e3o e sentido de pertencimento. Reconhecer que o carinho recebido, mesmo \u00e0 dist\u00e2ncia, pode proteger o corpo \u00e9 um passo importante na constru\u00e7\u00e3o de uma vida mais saud\u00e1vel.<\/p>\n\n\n\n<blockquote class=\"instagram-media\" data-instgrm-captioned data-instgrm-permalink=\"https:\/\/www.instagram.com\/reel\/DL-NH1CsT89\/?utm_source=ig_embed&amp;utm_campaign=loading\" data-instgrm-version=\"14\" style=\" background:#FFF; border:0; border-radius:3px; box-shadow:0 0 1px 0 rgba(0,0,0,0.5),0 1px 10px 0 rgba(0,0,0,0.15); margin: 1px; max-width:540px; min-width:326px; padding:0; width:99.375%; width:-webkit-calc(100% - 2px); width:calc(100% - 2px);\"><div style=\"padding:16px;\"> <a href=\"https:\/\/www.instagram.com\/reel\/DL-NH1CsT89\/?utm_source=ig_embed&amp;utm_campaign=loading\" style=\" background:#FFFFFF; line-height:0; padding:0 0; text-align:center; text-decoration:none; width:100%;\" target=\"_blank\"> <div style=\" display: flex; flex-direction: row; align-items: center;\"> <div style=\"background-color: #F4F4F4; border-radius: 50%; flex-grow: 0; height: 40px; margin-right: 14px; width: 40px;\"><\/div> <div style=\"display: flex; flex-direction: column; flex-grow: 1; justify-content: center;\"> <div style=\" background-color: #F4F4F4; border-radius: 4px; flex-grow: 0; height: 14px; margin-bottom: 6px; width: 100px;\"><\/div> <div style=\" background-color: #F4F4F4; border-radius: 4px; flex-grow: 0; height: 14px; width: 60px;\"><\/div><\/div><\/div><div style=\"padding: 19% 0;\"><\/div> <div style=\"display:block; height:50px; margin:0 auto 12px; width:50px;\"><svg width=\"50px\" height=\"50px\" viewBox=\"0 0 60 60\" version=\"1.1\" xmlns=\"https:\/\/www.w3.org\/2000\/svg\" xmlns:xlink=\"https:\/\/www.w3.org\/1999\/xlink\"><g stroke=\"none\" stroke-width=\"1\" fill=\"none\" fill-rule=\"evenodd\"><g transform=\"translate(-511.000000, -20.000000)\" fill=\"#000000\"><g><path d=\"M556.869,30.41 C554.814,30.41 553.148,32.076 553.148,34.131 C553.148,36.186 554.814,37.852 556.869,37.852 C558.924,37.852 560.59,36.186 560.59,34.131 C560.59,32.076 558.924,30.41 556.869,30.41 M541,60.657 C535.114,60.657 530.342,55.887 530.342,50 C530.342,44.114 535.114,39.342 541,39.342 C546.887,39.342 551.658,44.114 551.658,50 C551.658,55.887 546.887,60.657 541,60.657 M541,33.886 C532.1,33.886 524.886,41.1 524.886,50 C524.886,58.899 532.1,66.113 541,66.113 C549.9,66.113 557.115,58.899 557.115,50 C557.115,41.1 549.9,33.886 541,33.886 M565.378,62.101 C565.244,65.022 564.756,66.606 564.346,67.663 C563.803,69.06 563.154,70.057 562.106,71.106 C561.058,72.155 560.06,72.803 558.662,73.347 C557.607,73.757 556.021,74.244 553.102,74.378 C549.944,74.521 548.997,74.552 541,74.552 C533.003,74.552 532.056,74.521 528.898,74.378 C525.979,74.244 524.393,73.757 523.338,73.347 C521.94,72.803 520.942,72.155 519.894,71.106 C518.846,70.057 518.197,69.06 517.654,67.663 C517.244,66.606 516.755,65.022 516.623,62.101 C516.479,58.943 516.448,57.996 516.448,50 C516.448,42.003 516.479,41.056 516.623,37.899 C516.755,34.978 517.244,33.391 517.654,32.338 C518.197,30.938 518.846,29.942 519.894,28.894 C520.942,27.846 521.94,27.196 523.338,26.654 C524.393,26.244 525.979,25.756 528.898,25.623 C532.057,25.479 533.004,25.448 541,25.448 C548.997,25.448 549.943,25.479 553.102,25.623 C556.021,25.756 557.607,26.244 558.662,26.654 C560.06,27.196 561.058,27.846 562.106,28.894 C563.154,29.942 563.803,30.938 564.346,32.338 C564.756,33.391 565.244,34.978 565.378,37.899 C565.522,41.056 565.552,42.003 565.552,50 C565.552,57.996 565.522,58.943 565.378,62.101 M570.82,37.631 C570.674,34.438 570.167,32.258 569.425,30.349 C568.659,28.377 567.633,26.702 565.965,25.035 C564.297,23.368 562.623,22.342 560.652,21.575 C558.743,20.834 556.562,20.326 553.369,20.18 C550.169,20.033 549.148,20 541,20 C532.853,20 531.831,20.033 528.631,20.18 C525.438,20.326 523.257,20.834 521.349,21.575 C519.376,22.342 517.703,23.368 516.035,25.035 C514.368,26.702 513.342,28.377 512.574,30.349 C511.834,32.258 511.326,34.438 511.181,37.631 C511.035,40.831 511,41.851 511,50 C511,58.147 511.035,59.17 511.181,62.369 C511.326,65.562 511.834,67.743 512.574,69.651 C513.342,71.625 514.368,73.296 516.035,74.965 C517.703,76.634 519.376,77.658 521.349,78.425 C523.257,79.167 525.438,79.673 528.631,79.82 C531.831,79.965 532.853,80.001 541,80.001 C549.148,80.001 550.169,79.965 553.369,79.82 C556.562,79.673 558.743,79.167 560.652,78.425 C562.623,77.658 564.297,76.634 565.965,74.965 C567.633,73.296 568.659,71.625 569.425,69.651 C570.167,67.743 570.674,65.562 570.82,62.369 C570.966,59.17 571,58.147 571,50 C571,41.851 570.966,40.831 570.82,37.631\"><\/path><\/g><\/g><\/g><\/svg><\/div><div style=\"padding-top: 8px;\"> <div style=\" color:#3897f0; font-family:Arial,sans-serif; font-size:14px; font-style:normal; font-weight:550; line-height:18px;\">Ver essa foto no Instagram<\/div><\/div><div style=\"padding: 12.5% 0;\"><\/div> <div style=\"display: flex; flex-direction: row; margin-bottom: 14px; align-items: center;\"><div> <div style=\"background-color: #F4F4F4; border-radius: 50%; height: 12.5px; width: 12.5px; transform: translateX(0px) translateY(7px);\"><\/div> <div style=\"background-color: #F4F4F4; height: 12.5px; transform: rotate(-45deg) translateX(3px) translateY(1px); width: 12.5px; flex-grow: 0; margin-right: 14px; margin-left: 2px;\"><\/div> <div style=\"background-color: #F4F4F4; border-radius: 50%; height: 12.5px; width: 12.5px; transform: translateX(9px) translateY(-18px);\"><\/div><\/div><div style=\"margin-left: 8px;\"> <div style=\" background-color: #F4F4F4; border-radius: 50%; flex-grow: 0; height: 20px; width: 20px;\"><\/div> <div style=\" width: 0; height: 0; border-top: 2px solid transparent; border-left: 6px solid #f4f4f4; border-bottom: 2px solid transparent; transform: translateX(16px) translateY(-4px) rotate(30deg)\"><\/div><\/div><div style=\"margin-left: auto;\"> <div style=\" width: 0px; border-top: 8px solid #F4F4F4; border-right: 8px solid transparent; transform: translateY(16px);\"><\/div> <div style=\" background-color: #F4F4F4; flex-grow: 0; height: 12px; width: 16px; transform: translateY(-4px);\"><\/div> <div style=\" width: 0; height: 0; border-top: 8px solid #F4F4F4; border-left: 8px solid transparent; transform: translateY(-4px) translateX(8px);\"><\/div><\/div><\/div> <div style=\"display: flex; flex-direction: column; flex-grow: 1; justify-content: center; margin-bottom: 24px;\"> <div style=\" background-color: #F4F4F4; border-radius: 4px; flex-grow: 0; height: 14px; margin-bottom: 6px; width: 224px;\"><\/div> <div style=\" background-color: #F4F4F4; border-radius: 4px; flex-grow: 0; height: 14px; width: 144px;\"><\/div><\/div><\/a><p style=\" color:#c9c8cd; font-family:Arial,sans-serif; font-size:14px; line-height:17px; margin-bottom:0; margin-top:8px; overflow:hidden; padding:8px 0 7px; text-align:center; text-overflow:ellipsis; white-space:nowrap;\"><a href=\"https:\/\/www.instagram.com\/reel\/DL-NH1CsT89\/?utm_source=ig_embed&amp;utm_campaign=loading\" style=\" color:#c9c8cd; font-family:Arial,sans-serif; font-size:14px; font-style:normal; font-weight:normal; line-height:17px; text-decoration:none;\" target=\"_blank\">Uma publica\u00e7\u00e3o compartilhada por Dr. Alexandre Feldman (@enxaqueca)<\/a><\/p><\/div><\/blockquote>\n<script async src=\"\/\/www.instagram.com\/embed.js\"><\/script>\n\n\n\n<p>O Dr. Feldman encerra sua fala com gratid\u00e3o, refor\u00e7ando que o carinho que recebe \u00e9 combust\u00edvel para sua miss\u00e3o. E essa troca genu\u00edna \u00e9, tamb\u00e9m, um dos segredos para sua imunidade elevada e resist\u00eancia diante de tantas demandas do dia a dia.<\/p>\n\n\n\n<h2 class=\"wp-block-heading\">Fontes e links utilizados<\/h2>\n\n\n\n<ul class=\"wp-block-list\">\n<li>Harvard Health Publishing \u2013 \u201cDo parasocial relationships fill a loneliness gap?\u201d<br><a href=\"https:\/\/www.health.harvard.edu\/blog\/do-parasocial-relationships-fill-a-loneliness-gap-202409303074\" target=\"_blank\" rel=\"noreferrer noopener\">https:\/\/www.health.harvard.edu\/blog\/do-parasocial-relationships-fill-a-loneliness-gap-202409303074<\/a><\/li>\n\n\n\n<li>Verywell Health \u2013 \u201cWhy Giving and Receiving Is Good for Your Health\u201d<br><a href=\"https:\/\/www.verywellhealth.com\/why-giving-and-receiving-is-good-for-you-5214175\" target=\"_blank\" rel=\"noreferrer noopener\">https:\/\/www.verywellhealth.com\/why-giving-and-receiving-is-good-for-you-5214175<\/a><\/li>\n\n\n\n<li>ScienceDirect \u2013 \u201cSocial relationships and immune function\u201d<br><a href=\"https:\/\/www.sciencedirect.com\/science\/article\/pii\/S2666354625000511\" target=\"_blank\" rel=\"noreferrer noopener\">https:\/\/www.sciencedirect.com\/science\/article\/pii\/S2666354625000511<\/a><\/li>\n\n\n\n<li>ResearchGate \u2013 \u201cSocial media influencers and followers&#8217; loneliness\u201d<br><a href=\"https:\/\/www.researchgate.net\/publication\/386047812\" target=\"_blank\" rel=\"noreferrer noopener\">https:\/\/www.researchgate.net\/publication\/386047812<\/a><\/li>\n<\/ul>\n\n\n\n<p><\/p>\n","protected":false},"excerpt":{"rendered":"<p>Voc\u00ea j\u00e1 parou para pensar por que m\u00e9dicos dificilmente ficam doentes? O Dr. Alexandre Feldman (CRM-SP 59046), m\u00e9dico, escritor e palestrante, compartilhou uma reflex\u00e3o interessante sobre isso. Segundo ele, al\u00e9m dos cuidados t\u00e9cnicos, existe um fator emocional poderoso: a qualidade das conex\u00f5es humanas. O v\u00ednculo com pacientes e seguidores fortalece o sistema imunol\u00f3gico e colabora [&hellip;]<\/p>\n","protected":false},"author":17,"featured_media":75359,"comment_status":"open","ping_status":"open","sticky":false,"template":"","format":"standard","meta":{"jnews-multi-image_gallery":[],"jnews_single_post":{"format":"standard"},"jnews_primary_category":[],"jnews_social_meta":[],"jnews_override_counter":[],"footnotes":""},"categories":[9053],"tags":[5858,5155,415],"class_list":["post-75080","post","type-post","status-publish","format-standard","has-post-thumbnail","hentry","category-saude","tag-gratidao","tag-psicologia","tag-saude"],"yoast_head":"<!-- This site is optimized with the Yoast SEO plugin v23.8 - https:\/\/yoast.com\/wordpress\/plugins\/seo\/ -->\n<title>Dr. Alexandre Feldman, CRM-SP 59046: \u201cEste \u00e9 o segredo de alguns m\u00e9dicos n\u00e3o ficarem doentes\u201d - Estado de Minas - Em foco<\/title>\n<meta name=\"description\" content=\"Gratid\u00e3o e conex\u00e3o verdadeira aumentam a imunidade e reduzem o estresse. O que o Dr. Feldman revelou vai mudar sua forma de ver a sa\u00fade.\" \/>\n<meta name=\"robots\" content=\"index, follow, max-snippet:-1, max-image-preview:large, max-video-preview:-1\" \/>\n<link rel=\"canonical\" href=\"https:\/\/www.em.com.br\/emfoco\/2025\/07\/14\/dr-alexandre-feldman-crm-sp-59046-este-e-o-segredo-de-alguns-medicos-nao-ficarem-doentes\/\" \/>\n<meta property=\"og:locale\" content=\"pt_BR\" \/>\n<meta property=\"og:type\" content=\"article\" \/>\n<meta property=\"og:title\" content=\"Dr. Alexandre Feldman, CRM-SP 59046: \u201cEste \u00e9 o segredo de alguns m\u00e9dicos n\u00e3o ficarem doentes\u201d - Estado de Minas - Em foco\" \/>\n<meta property=\"og:description\" content=\"Gratid\u00e3o e conex\u00e3o verdadeira aumentam a imunidade e reduzem o estresse. O que o Dr. Feldman revelou vai mudar sua forma de ver a sa\u00fade.\" \/>\n<meta property=\"og:url\" content=\"https:\/\/www.em.com.br\/emfoco\/2025\/07\/14\/dr-alexandre-feldman-crm-sp-59046-este-e-o-segredo-de-alguns-medicos-nao-ficarem-doentes\/\" \/>\n<meta property=\"og:site_name\" content=\"Estado de Minas - Em foco\" \/>\n<meta property=\"article:published_time\" content=\"2025-07-14T12:50:00+00:00\" \/>\n<meta property=\"article:modified_time\" content=\"2025-07-14T22:07:14+00:00\" \/>\n<meta property=\"og:image\" content=\"https:\/\/www.em.com.br\/emfoco\/wp-content\/uploads\/2025\/07\/dr-alexandre-feldman-sobre-imunidade-dos-medicos.jpg\" \/>\n\t<meta property=\"og:image:width\" content=\"1200\" \/>\n\t<meta property=\"og:image:height\" content=\"628\" \/>\n\t<meta property=\"og:image:type\" content=\"image\/jpeg\" \/>\n<meta name=\"author\" content=\"Lucas Sampaio\" \/>\n<meta name=\"twitter:card\" content=\"summary_large_image\" \/>\n<meta name=\"twitter:label1\" content=\"Escrito por\" \/>\n\t<meta name=\"twitter:data1\" content=\"Lucas Sampaio\" \/>\n\t<meta name=\"twitter:label2\" content=\"Est. tempo de leitura\" \/>\n\t<meta name=\"twitter:data2\" content=\"5 minutos\" \/>\n<!-- \/ Yoast SEO plugin. -->","yoast_head_json":{"title":"Dr. Alexandre Feldman, CRM-SP 59046: \u201cEste \u00e9 o segredo de alguns m\u00e9dicos n\u00e3o ficarem doentes\u201d - Estado de Minas - Em foco","description":"Gratid\u00e3o e conex\u00e3o verdadeira aumentam a imunidade e reduzem o estresse. O que o Dr. Feldman revelou vai mudar sua forma de ver a sa\u00fade.","robots":{"index":"index","follow":"follow","max-snippet":"max-snippet:-1","max-image-preview":"max-image-preview:large","max-video-preview":"max-video-preview:-1"},"canonical":"https:\/\/www.em.com.br\/emfoco\/2025\/07\/14\/dr-alexandre-feldman-crm-sp-59046-este-e-o-segredo-de-alguns-medicos-nao-ficarem-doentes\/","og_locale":"pt_BR","og_type":"article","og_title":"Dr. Alexandre Feldman, CRM-SP 59046: \u201cEste \u00e9 o segredo de alguns m\u00e9dicos n\u00e3o ficarem doentes\u201d - Estado de Minas - Em foco","og_description":"Gratid\u00e3o e conex\u00e3o verdadeira aumentam a imunidade e reduzem o estresse. O que o Dr. Feldman revelou vai mudar sua forma de ver a sa\u00fade.","og_url":"https:\/\/www.em.com.br\/emfoco\/2025\/07\/14\/dr-alexandre-feldman-crm-sp-59046-este-e-o-segredo-de-alguns-medicos-nao-ficarem-doentes\/","og_site_name":"Estado de Minas - Em foco","article_published_time":"2025-07-14T12:50:00+00:00","article_modified_time":"2025-07-14T22:07:14+00:00","og_image":[{"width":1200,"height":628,"url":"https:\/\/www.em.com.br\/emfoco\/wp-content\/uploads\/2025\/07\/dr-alexandre-feldman-sobre-imunidade-dos-medicos.jpg","type":"image\/jpeg"}],"author":"Lucas Sampaio","twitter_card":"summary_large_image","twitter_misc":{"Escrito por":"Lucas Sampaio","Est. tempo de leitura":"5 minutos"},"schema":{"@context":"https:\/\/schema.org","@graph":[{"@type":"WebPage","@id":"https:\/\/www.em.com.br\/emfoco\/2025\/07\/14\/dr-alexandre-feldman-crm-sp-59046-este-e-o-segredo-de-alguns-medicos-nao-ficarem-doentes\/","url":"https:\/\/www.em.com.br\/emfoco\/2025\/07\/14\/dr-alexandre-feldman-crm-sp-59046-este-e-o-segredo-de-alguns-medicos-nao-ficarem-doentes\/","name":"Dr. Alexandre Feldman, CRM-SP 59046: \u201cEste \u00e9 o segredo de alguns m\u00e9dicos n\u00e3o ficarem doentes\u201d - Estado de Minas - Em foco","isPartOf":{"@id":"https:\/\/www.em.com.br\/emfoco\/#website"},"primaryImageOfPage":{"@id":"https:\/\/www.em.com.br\/emfoco\/2025\/07\/14\/dr-alexandre-feldman-crm-sp-59046-este-e-o-segredo-de-alguns-medicos-nao-ficarem-doentes\/#primaryimage"},"image":{"@id":"https:\/\/www.em.com.br\/emfoco\/2025\/07\/14\/dr-alexandre-feldman-crm-sp-59046-este-e-o-segredo-de-alguns-medicos-nao-ficarem-doentes\/#primaryimage"},"thumbnailUrl":"https:\/\/www.em.com.br\/emfoco\/wp-content\/uploads\/2025\/07\/dr-alexandre-feldman-sobre-imunidade-dos-medicos.jpg","datePublished":"2025-07-14T12:50:00+00:00","dateModified":"2025-07-14T22:07:14+00:00","author":{"@id":"https:\/\/www.em.com.br\/emfoco\/#\/schema\/person\/9ad4c536bd87f5bb8006420332b99aef"},"description":"Gratid\u00e3o e conex\u00e3o verdadeira aumentam a imunidade e reduzem o estresse. O que o Dr. Feldman revelou vai mudar sua forma de ver a sa\u00fade.","breadcrumb":{"@id":"https:\/\/www.em.com.br\/emfoco\/2025\/07\/14\/dr-alexandre-feldman-crm-sp-59046-este-e-o-segredo-de-alguns-medicos-nao-ficarem-doentes\/#breadcrumb"},"inLanguage":"pt-BR","potentialAction":[{"@type":"ReadAction","target":["https:\/\/www.em.com.br\/emfoco\/2025\/07\/14\/dr-alexandre-feldman-crm-sp-59046-este-e-o-segredo-de-alguns-medicos-nao-ficarem-doentes\/"]}]},{"@type":"ImageObject","inLanguage":"pt-BR","@id":"https:\/\/www.em.com.br\/emfoco\/2025\/07\/14\/dr-alexandre-feldman-crm-sp-59046-este-e-o-segredo-de-alguns-medicos-nao-ficarem-doentes\/#primaryimage","url":"https:\/\/www.em.com.br\/emfoco\/wp-content\/uploads\/2025\/07\/dr-alexandre-feldman-sobre-imunidade-dos-medicos.jpg","contentUrl":"https:\/\/www.em.com.br\/emfoco\/wp-content\/uploads\/2025\/07\/dr-alexandre-feldman-sobre-imunidade-dos-medicos.jpg","width":1200,"height":628,"caption":"Reprodu\u00e7\u00e3o (Instagram: @enxaqueca)"},{"@type":"BreadcrumbList","@id":"https:\/\/www.em.com.br\/emfoco\/2025\/07\/14\/dr-alexandre-feldman-crm-sp-59046-este-e-o-segredo-de-alguns-medicos-nao-ficarem-doentes\/#breadcrumb","itemListElement":[{"@type":"ListItem","position":1,"name":"In\u00edcio","item":"https:\/\/www.em.com.br\/emfoco\/"},{"@type":"ListItem","position":2,"name":"Dr. Alexandre Feldman, CRM-SP 59046: \u201cEste \u00e9 o segredo de alguns m\u00e9dicos n\u00e3o ficarem doentes\u201d"}]},{"@type":"WebSite","@id":"https:\/\/www.em.com.br\/emfoco\/#website","url":"https:\/\/www.em.com.br\/emfoco\/","name":"Estado de Minas - Em foco","description":"Acompanhe as \u00faltimas not\u00edcias e fique bem informado sobre tudo o que acontece em Minas Gerais, Brasil e no mundo.","potentialAction":[{"@type":"SearchAction","target":{"@type":"EntryPoint","urlTemplate":"https:\/\/www.em.com.br\/emfoco\/?s={search_term_string}"},"query-input":{"@type":"PropertyValueSpecification","valueRequired":true,"valueName":"search_term_string"}}],"inLanguage":"pt-BR"},{"@type":"Person","@id":"https:\/\/www.em.com.br\/emfoco\/#\/schema\/person\/9ad4c536bd87f5bb8006420332b99aef","name":"Lucas Sampaio","image":{"@type":"ImageObject","inLanguage":"pt-BR","@id":"https:\/\/www.em.com.br\/emfoco\/#\/schema\/person\/image\/","url":"https:\/\/secure.gravatar.com\/avatar\/2696b9676ad143cd7135b717faf6f79f?s=96&d=mm&r=g","contentUrl":"https:\/\/secure.gravatar.com\/avatar\/2696b9676ad143cd7135b717faf6f79f?s=96&d=mm&r=g","caption":"Lucas Sampaio"},"sameAs":["https:\/\/www.em.com.br\/emfoco\/"],"url":"https:\/\/www.em.com.br\/emfoco\/author\/lucasmyth\/"}]}},"_links":{"self":[{"href":"https:\/\/www.em.com.br\/emfoco\/wp-json\/wp\/v2\/posts\/75080","targetHints":{"allow":["GET"]}}],"collection":[{"href":"https:\/\/www.em.com.br\/emfoco\/wp-json\/wp\/v2\/posts"}],"about":[{"href":"https:\/\/www.em.com.br\/emfoco\/wp-json\/wp\/v2\/types\/post"}],"author":[{"embeddable":true,"href":"https:\/\/www.em.com.br\/emfoco\/wp-json\/wp\/v2\/users\/17"}],"replies":[{"embeddable":true,"href":"https:\/\/www.em.com.br\/emfoco\/wp-json\/wp\/v2\/comments?post=75080"}],"version-history":[{"count":9,"href":"https:\/\/www.em.com.br\/emfoco\/wp-json\/wp\/v2\/posts\/75080\/revisions"}],"predecessor-version":[{"id":75922,"href":"https:\/\/www.em.com.br\/emfoco\/wp-json\/wp\/v2\/posts\/75080\/revisions\/75922"}],"wp:featuredmedia":[{"embeddable":true,"href":"https:\/\/www.em.com.br\/emfoco\/wp-json\/wp\/v2\/media\/75359"}],"wp:attachment":[{"href":"https:\/\/www.em.com.br\/emfoco\/wp-json\/wp\/v2\/media?parent=75080"}],"wp:term":[{"taxonomy":"category","embeddable":true,"href":"https:\/\/www.em.com.br\/emfoco\/wp-json\/wp\/v2\/categories?post=75080"},{"taxonomy":"post_tag","embeddable":true,"href":"https:\/\/www.em.com.br\/emfoco\/wp-json\/wp\/v2\/tags?post=75080"}],"curies":[{"name":"wp","href":"https:\/\/api.w.org\/{rel}","templated":true}]}}