{"id":75061,"date":"2025-07-13T16:40:00","date_gmt":"2025-07-13T19:40:00","guid":{"rendered":"https:\/\/www.em.com.br\/emfoco\/?p=75061"},"modified":"2025-07-23T21:59:20","modified_gmt":"2025-07-24T00:59:20","slug":"5-chas-anti-inflamatorios-que-ajudam-a-aliviar-a-retencao-de-liquidos","status":"publish","type":"post","link":"https:\/\/www.em.com.br\/emfoco\/2025\/07\/13\/5-chas-anti-inflamatorios-que-ajudam-a-aliviar-a-retencao-de-liquidos\/","title":{"rendered":"5 ch\u00e1s anti-inflamat\u00f3rios que ajudam a aliviar a reten\u00e7\u00e3o de l\u00edquidos"},"content":{"rendered":"\n<p>Com o aumento do calor, \u00e9 comum o <strong>incha\u00e7o causado pela <a href=\"https:\/\/www.rededorsaoluiz.com.br\/doencas\/retencao-de-liquidos\" target=\"_blank\" rel=\"noreferrer noopener\">reten\u00e7\u00e3o de l\u00edquidos<\/a><\/strong>. Para aliviar esse desconforto, infus\u00f5es com propriedades anti-inflamat\u00f3rias e diur\u00e9ticas s\u00e3o uma alternativa leve e eficaz.<\/p>\n\n\n\n<p>Al\u00e9m de ajudarem na hidrata\u00e7\u00e3o, essas bebidas frias favorecem a digest\u00e3o, estimulam a circula\u00e7\u00e3o e ainda satisfazem a vontade por doces sem adicionar calorias.<\/p>\n\n\n\n<h2 class=\"wp-block-heading\">Por que a infus\u00e3o de abacaxi com coco \u00e9 indicada?<\/h2>\n\n\n\n<p>Essa combina\u00e7\u00e3o \u00e9 popular no ver\u00e3o por unir <strong>bromelina, presente no <a href=\"https:\/\/www.em.com.br\/emfoco\/2025\/07\/12\/aprenda-como-cultivar-abacaxi-e-aproveitar-suas-propriedades-digestivas\/\" target=\"_blank\" rel=\"noreferrer noopener\">abacaxi<\/a><\/strong>, que facilita a digest\u00e3o e tem leve a\u00e7\u00e3o diur\u00e9tica, com os minerais do coco, como o pot\u00e1ssio, que ajudam a equilibrar os fluidos corporais.<\/p>\n\n\n\n<p>Al\u00e9m de saborosa, essa infus\u00e3o ajuda a desinchar e pode ser facilmente encontrada em supermercados, sendo uma op\u00e7\u00e3o pr\u00e1tica para consumir gelada.<\/p>\n\n\n\n<h2 class=\"wp-block-heading\">Como o gengibre atua contra o incha\u00e7o?<\/h2>\n\n\n\n<p>O gengibre \u00e9 um <strong>anti-inflamat\u00f3rio natural<\/strong> que tamb\u00e9m estimula o sistema digestivo. Ideal para quem busca uma infus\u00e3o refrescante com benef\u00edcios metab\u00f3licos.<\/p>\n\n\n\n<p>Adicione lim\u00e3o ou sua casca \u00e0 bebida para intensificar o sabor e potencializar os efeitos antioxidantes, al\u00e9m de ajudar no controle do apetite.<\/p>\n\n\n\n<figure class=\"wp-block-image\"><img decoding=\"async\" src=\"https:\/\/www.em.com.br\/emfoco\/wp-content\/uploads\/2025\/05\/cha_1746363531337-1024x576.jpg\" alt=\"\"\/><figcaption class=\"wp-element-caption\">Ch\u00e1 &#8211; Cr\u00e9ditos: depositphotos.com \/ gresey<\/figcaption><\/figure>\n\n\n\n<h2 class=\"wp-block-heading\">Por que o hibisco \u00e9 uma boa escolha no ver\u00e3o?<\/h2>\n\n\n\n<p>Com sabor doce e c\u00edtrico, o hibisco \u00e9 conhecido por suas <strong>propriedades calmantes e diur\u00e9ticas<\/strong>. \u00c9 eficaz para aliviar o nervosismo e o incha\u00e7o pr\u00e9-menstrual.<\/p>\n\n\n\n<p>Al\u00e9m disso, favorece a digest\u00e3o e contribui para a sa\u00fade do cora\u00e7\u00e3o, tornando-se uma infus\u00e3o vers\u00e1til para consumo di\u00e1rio.<\/p>\n\n\n\n<h2 class=\"wp-block-heading\">Ch\u00e1 verde ajuda mesmo na reten\u00e7\u00e3o de l\u00edquidos?<\/h2>\n\n\n\n<p>Sim, o <strong>ch\u00e1 verde<\/strong> \u00e9 um dos mais recomendados. Ele auxilia no combate \u00e0 reten\u00e7\u00e3o de l\u00edquidos e ainda tem a\u00e7\u00e3o antioxidante gra\u00e7as \u00e0 presen\u00e7a de catequinas, que ajudam a eliminar radicais livres.<\/p>\n\n\n\n<p>Consumido frio, torna-se uma op\u00e7\u00e3o energ\u00e9tica e leve, ajudando tamb\u00e9m na preven\u00e7\u00e3o da celulite e na melhora da apar\u00eancia da pele.<\/p>\n\n\n\n<h2 class=\"wp-block-heading\">Qual \u00e9 o efeito do rabo de cavalo no organismo?<\/h2>\n\n\n\n<p>Tradicional nas dietas diur\u00e9ticas, o <strong>rabo de cavalo<\/strong> \u00e9 uma infus\u00e3o purificante que combate o incha\u00e7o corporal e ocular. \u00c9 especialmente indicada para aliviar o peso nas pernas ao final do dia.<\/p>\n\n\n\n<p>Com a\u00e7\u00e3o drenante e remineralizante, \u00e9 ideal para incluir na rotina de quem sente os efeitos do calor de forma mais intensa.<\/p>\n\n\n\n<h2 class=\"wp-block-heading\">Infus\u00f5es frias substituem bebidas a\u00e7ucaradas no ver\u00e3o?<\/h2>\n\n\n\n<p>Sim, essas infus\u00f5es s\u00e3o alternativas saud\u00e1veis e refrescantes. Como t\u00eam <strong>sabor adocicado natural<\/strong>, podem reduzir a vontade por doces e refrigerantes sem adi\u00e7\u00e3o de a\u00e7\u00facar ou ado\u00e7antes artificiais.<\/p>\n\n\n\n<ul class=\"wp-block-list\">\n<li>Prepare em infus\u00e3o quente e adicione gelo para resfriar.<\/li>\n\n\n\n<li>Armazene em jarras de vidro na geladeira para beber ao longo do dia.<\/li>\n\n\n\n<li>Inclua raspas de lim\u00e3o, gengibre ou c\u00farcuma para mais sabor e benef\u00edcios.<\/li>\n<\/ul>\n","protected":false},"excerpt":{"rendered":"<p>Com o aumento do calor, \u00e9 comum o incha\u00e7o causado pela reten\u00e7\u00e3o de l\u00edquidos. Para aliviar esse desconforto, infus\u00f5es com propriedades anti-inflamat\u00f3rias e diur\u00e9ticas s\u00e3o uma alternativa leve e eficaz. Al\u00e9m de ajudarem na hidrata\u00e7\u00e3o, essas bebidas frias favorecem a digest\u00e3o, estimulam a circula\u00e7\u00e3o e ainda satisfazem a vontade por doces sem adicionar calorias. Por [&hellip;]<\/p>\n","protected":false},"author":11,"featured_media":44406,"comment_status":"open","ping_status":"open","sticky":false,"template":"","format":"standard","meta":{"jnews-multi-image_gallery":[],"jnews_single_post":{"format":"standard"},"jnews_primary_category":[],"jnews_social_meta":[],"jnews_override_counter":[],"footnotes":""},"categories":[8691,1],"tags":[2803,4881,711,4577],"class_list":["post-75061","post","type-post","status-publish","format-standard","has-post-thumbnail","hentry","category-bem-estar","category-noticias","tag-anti-inflamatorio","tag-bebidas","tag-bem-estar","tag-chas"],"yoast_head":"<!-- This site is optimized with the Yoast SEO plugin v23.8 - https:\/\/yoast.com\/wordpress\/plugins\/seo\/ -->\n<title>5 ch\u00e1s anti-inflamat\u00f3rios que ajudam a aliviar a reten\u00e7\u00e3o de l\u00edquidos - Estado de Minas - Em foco<\/title>\n<meta name=\"description\" content=\"Bebidas geladas que ajudam no incha\u00e7o e refrescam o corpo viram tend\u00eancia no ver\u00e3o. Veja quais infus\u00f5es s\u00e3o ideais para o calor.\" \/>\n<meta name=\"robots\" content=\"index, follow, max-snippet:-1, max-image-preview:large, max-video-preview:-1\" \/>\n<link rel=\"canonical\" href=\"https:\/\/www.em.com.br\/emfoco\/2025\/07\/13\/5-chas-anti-inflamatorios-que-ajudam-a-aliviar-a-retencao-de-liquidos\/\" \/>\n<meta property=\"og:locale\" content=\"pt_BR\" \/>\n<meta property=\"og:type\" content=\"article\" \/>\n<meta property=\"og:title\" content=\"5 ch\u00e1s anti-inflamat\u00f3rios que ajudam a aliviar a reten\u00e7\u00e3o de l\u00edquidos - Estado de Minas - Em foco\" \/>\n<meta property=\"og:description\" content=\"Bebidas geladas que ajudam no incha\u00e7o e refrescam o corpo viram tend\u00eancia no ver\u00e3o. Veja quais infus\u00f5es s\u00e3o ideais para o calor.\" \/>\n<meta property=\"og:url\" content=\"https:\/\/www.em.com.br\/emfoco\/2025\/07\/13\/5-chas-anti-inflamatorios-que-ajudam-a-aliviar-a-retencao-de-liquidos\/\" \/>\n<meta property=\"og:site_name\" content=\"Estado de Minas - Em foco\" \/>\n<meta property=\"article:published_time\" content=\"2025-07-13T19:40:00+00:00\" \/>\n<meta property=\"article:modified_time\" content=\"2025-07-24T00:59:20+00:00\" \/>\n<meta property=\"og:image\" content=\"https:\/\/www.em.com.br\/emfoco\/wp-content\/uploads\/2025\/05\/cha_1746415182060.jpg\" \/>\n\t<meta property=\"og:image:width\" content=\"1280\" \/>\n\t<meta property=\"og:image:height\" content=\"720\" \/>\n\t<meta property=\"og:image:type\" content=\"image\/jpeg\" \/>\n<meta name=\"author\" content=\"Andre\u0301 Rangel\u00a0\" \/>\n<meta name=\"twitter:card\" content=\"summary_large_image\" \/>\n<meta name=\"twitter:label1\" content=\"Escrito por\" \/>\n\t<meta name=\"twitter:data1\" content=\"Andre\u0301 Rangel\u00a0\" \/>\n\t<meta name=\"twitter:label2\" content=\"Est. tempo de leitura\" \/>\n\t<meta name=\"twitter:data2\" content=\"3 minutos\" \/>\n<!-- \/ Yoast SEO plugin. -->","yoast_head_json":{"title":"5 ch\u00e1s anti-inflamat\u00f3rios que ajudam a aliviar a reten\u00e7\u00e3o de l\u00edquidos - Estado de Minas - Em foco","description":"Bebidas geladas que ajudam no incha\u00e7o e refrescam o corpo viram tend\u00eancia no ver\u00e3o. Veja quais infus\u00f5es s\u00e3o ideais para o calor.","robots":{"index":"index","follow":"follow","max-snippet":"max-snippet:-1","max-image-preview":"max-image-preview:large","max-video-preview":"max-video-preview:-1"},"canonical":"https:\/\/www.em.com.br\/emfoco\/2025\/07\/13\/5-chas-anti-inflamatorios-que-ajudam-a-aliviar-a-retencao-de-liquidos\/","og_locale":"pt_BR","og_type":"article","og_title":"5 ch\u00e1s anti-inflamat\u00f3rios que ajudam a aliviar a reten\u00e7\u00e3o de l\u00edquidos - Estado de Minas - Em foco","og_description":"Bebidas geladas que ajudam no incha\u00e7o e refrescam o corpo viram tend\u00eancia no ver\u00e3o. Veja quais infus\u00f5es s\u00e3o ideais para o calor.","og_url":"https:\/\/www.em.com.br\/emfoco\/2025\/07\/13\/5-chas-anti-inflamatorios-que-ajudam-a-aliviar-a-retencao-de-liquidos\/","og_site_name":"Estado de Minas - Em foco","article_published_time":"2025-07-13T19:40:00+00:00","article_modified_time":"2025-07-24T00:59:20+00:00","og_image":[{"width":1280,"height":720,"url":"https:\/\/www.em.com.br\/emfoco\/wp-content\/uploads\/2025\/05\/cha_1746415182060.jpg","type":"image\/jpeg"}],"author":"Andre\u0301 Rangel\u00a0","twitter_card":"summary_large_image","twitter_misc":{"Escrito por":"Andre\u0301 Rangel\u00a0","Est. tempo de leitura":"3 minutos"},"schema":{"@context":"https:\/\/schema.org","@graph":[{"@type":"WebPage","@id":"https:\/\/www.em.com.br\/emfoco\/2025\/07\/13\/5-chas-anti-inflamatorios-que-ajudam-a-aliviar-a-retencao-de-liquidos\/","url":"https:\/\/www.em.com.br\/emfoco\/2025\/07\/13\/5-chas-anti-inflamatorios-que-ajudam-a-aliviar-a-retencao-de-liquidos\/","name":"5 ch\u00e1s anti-inflamat\u00f3rios que ajudam a aliviar a reten\u00e7\u00e3o de l\u00edquidos - Estado de Minas - Em foco","isPartOf":{"@id":"https:\/\/www.em.com.br\/emfoco\/#website"},"primaryImageOfPage":{"@id":"https:\/\/www.em.com.br\/emfoco\/2025\/07\/13\/5-chas-anti-inflamatorios-que-ajudam-a-aliviar-a-retencao-de-liquidos\/#primaryimage"},"image":{"@id":"https:\/\/www.em.com.br\/emfoco\/2025\/07\/13\/5-chas-anti-inflamatorios-que-ajudam-a-aliviar-a-retencao-de-liquidos\/#primaryimage"},"thumbnailUrl":"https:\/\/www.em.com.br\/emfoco\/wp-content\/uploads\/2025\/05\/cha_1746415182060.jpg","datePublished":"2025-07-13T19:40:00+00:00","dateModified":"2025-07-24T00:59:20+00:00","author":{"@id":"https:\/\/www.em.com.br\/emfoco\/#\/schema\/person\/60eda09c1fedf0d6891f4cef4b60b8b8"},"description":"Bebidas geladas que ajudam no incha\u00e7o e refrescam o corpo viram tend\u00eancia no ver\u00e3o. Veja quais infus\u00f5es s\u00e3o ideais para o calor.","breadcrumb":{"@id":"https:\/\/www.em.com.br\/emfoco\/2025\/07\/13\/5-chas-anti-inflamatorios-que-ajudam-a-aliviar-a-retencao-de-liquidos\/#breadcrumb"},"inLanguage":"pt-BR","potentialAction":[{"@type":"ReadAction","target":["https:\/\/www.em.com.br\/emfoco\/2025\/07\/13\/5-chas-anti-inflamatorios-que-ajudam-a-aliviar-a-retencao-de-liquidos\/"]}]},{"@type":"ImageObject","inLanguage":"pt-BR","@id":"https:\/\/www.em.com.br\/emfoco\/2025\/07\/13\/5-chas-anti-inflamatorios-que-ajudam-a-aliviar-a-retencao-de-liquidos\/#primaryimage","url":"https:\/\/www.em.com.br\/emfoco\/wp-content\/uploads\/2025\/05\/cha_1746415182060.jpg","contentUrl":"https:\/\/www.em.com.br\/emfoco\/wp-content\/uploads\/2025\/05\/cha_1746415182060.jpg","width":1280,"height":720,"caption":"Mulher tomando ch\u00e1 - Ch\u00e1 - Cr\u00e9ditos: depositphotos.com \/ gresey"},{"@type":"BreadcrumbList","@id":"https:\/\/www.em.com.br\/emfoco\/2025\/07\/13\/5-chas-anti-inflamatorios-que-ajudam-a-aliviar-a-retencao-de-liquidos\/#breadcrumb","itemListElement":[{"@type":"ListItem","position":1,"name":"In\u00edcio","item":"https:\/\/www.em.com.br\/emfoco\/"},{"@type":"ListItem","position":2,"name":"5 ch\u00e1s anti-inflamat\u00f3rios que ajudam a aliviar a reten\u00e7\u00e3o de l\u00edquidos"}]},{"@type":"WebSite","@id":"https:\/\/www.em.com.br\/emfoco\/#website","url":"https:\/\/www.em.com.br\/emfoco\/","name":"Estado de Minas - Em foco","description":"Acompanhe as \u00faltimas not\u00edcias e fique bem informado sobre tudo o que acontece em Minas Gerais, Brasil e no mundo.","potentialAction":[{"@type":"SearchAction","target":{"@type":"EntryPoint","urlTemplate":"https:\/\/www.em.com.br\/emfoco\/?s={search_term_string}"},"query-input":{"@type":"PropertyValueSpecification","valueRequired":true,"valueName":"search_term_string"}}],"inLanguage":"pt-BR"},{"@type":"Person","@id":"https:\/\/www.em.com.br\/emfoco\/#\/schema\/person\/60eda09c1fedf0d6891f4cef4b60b8b8","name":"Andre\u0301 Rangel\u00a0","image":{"@type":"ImageObject","inLanguage":"pt-BR","@id":"https:\/\/www.em.com.br\/emfoco\/#\/schema\/person\/image\/","url":"https:\/\/secure.gravatar.com\/avatar\/6234dc814c77c8ef6d8bba622c787efc?s=96&d=mm&r=g","contentUrl":"https:\/\/secure.gravatar.com\/avatar\/6234dc814c77c8ef6d8bba622c787efc?s=96&d=mm&r=g","caption":"Andre\u0301 Rangel\u00a0"},"url":"https:\/\/www.em.com.br\/emfoco\/author\/luizmyth\/"}]}},"_links":{"self":[{"href":"https:\/\/www.em.com.br\/emfoco\/wp-json\/wp\/v2\/posts\/75061","targetHints":{"allow":["GET"]}}],"collection":[{"href":"https:\/\/www.em.com.br\/emfoco\/wp-json\/wp\/v2\/posts"}],"about":[{"href":"https:\/\/www.em.com.br\/emfoco\/wp-json\/wp\/v2\/types\/post"}],"author":[{"embeddable":true,"href":"https:\/\/www.em.com.br\/emfoco\/wp-json\/wp\/v2\/users\/11"}],"replies":[{"embeddable":true,"href":"https:\/\/www.em.com.br\/emfoco\/wp-json\/wp\/v2\/comments?post=75061"}],"version-history":[{"count":3,"href":"https:\/\/www.em.com.br\/emfoco\/wp-json\/wp\/v2\/posts\/75061\/revisions"}],"predecessor-version":[{"id":80652,"href":"https:\/\/www.em.com.br\/emfoco\/wp-json\/wp\/v2\/posts\/75061\/revisions\/80652"}],"wp:featuredmedia":[{"embeddable":true,"href":"https:\/\/www.em.com.br\/emfoco\/wp-json\/wp\/v2\/media\/44406"}],"wp:attachment":[{"href":"https:\/\/www.em.com.br\/emfoco\/wp-json\/wp\/v2\/media?parent=75061"}],"wp:term":[{"taxonomy":"category","embeddable":true,"href":"https:\/\/www.em.com.br\/emfoco\/wp-json\/wp\/v2\/categories?post=75061"},{"taxonomy":"post_tag","embeddable":true,"href":"https:\/\/www.em.com.br\/emfoco\/wp-json\/wp\/v2\/tags?post=75061"}],"curies":[{"name":"wp","href":"https:\/\/api.w.org\/{rel}","templated":true}]}}