{"id":74859,"date":"2025-07-14T10:08:00","date_gmt":"2025-07-14T13:08:00","guid":{"rendered":"https:\/\/www.em.com.br\/emfoco\/?p=74859"},"modified":"2025-07-12T17:33:13","modified_gmt":"2025-07-12T20:33:13","slug":"bebe-precisa-arrotar-sempre-apos-as-mamadas-veja-o-que-dizem-os-pediatras","status":"publish","type":"post","link":"https:\/\/www.em.com.br\/emfoco\/2025\/07\/14\/bebe-precisa-arrotar-sempre-apos-as-mamadas-veja-o-que-dizem-os-pediatras\/","title":{"rendered":"Beb\u00ea precisa arrotar sempre ap\u00f3s as mamadas? Veja o que dizem os pediatras"},"content":{"rendered":"\n<p>A pr\u00e1tica de fazer o beb\u00ea arrotar ap\u00f3s uma mamada tem sido amplamente seguida por gera\u00e7\u00f5es de cuidadores ao redor do mundo. Mas ser\u00e1 que essa pr\u00e1tica \u00e9 realmente necess\u00e1ria? O ponto central da discuss\u00e3o gira em torno do conforto e bem-estar do beb\u00ea, mas tamb\u00e9m levanta quest\u00f5es sobre as instru\u00e7\u00f5es que s\u00e3o passadas atrav\u00e9s das gera\u00e7\u00f5es e se ainda fazem sentido \u00e0 luz das evid\u00eancias cient\u00edficas atuais.<\/p>\n\n\n\n<p>Comumente, \u00e9 dito que arrotar ir\u00e1 ajudar o beb\u00ea a eliminar o ar engolido durante a amamenta\u00e7\u00e3o, evitando desconfortos como <strong><a href=\"https:\/\/www.em.com.br\/emfoco\/2025\/06\/28\/cha-de-folha-de-goiabeira-ajuda-na-digestao-e-ainda-combate-gases-e-colicas\/\" target=\"_blank\" rel=\"noreferrer noopener\">gases e c\u00f3licas.<\/a><\/strong> No entanto, especialistas em pediatria sugerem que as necessidades podem variar de beb\u00ea para beb\u00ea, e n\u00e3o h\u00e1 uma solu\u00e7\u00e3o que se aplique a todos. Portanto, \u00e9 importante considerar a individualidade de cada crian\u00e7a ao decidir sobre essa pr\u00e1tica.<\/p>\n\n\n\n<h2 class=\"wp-block-heading\">Por que os pediatras recomendam arrotar ap\u00f3s cada mamada?<\/h2>\n\n\n\n<p><strong>A recomenda\u00e7\u00e3o para fazer o beb\u00ea arrotar ap\u00f3s as mamadas surge, principalmente, da cren\u00e7a de que isso pode ajudar a liberar o ar ingerido durante a alimenta\u00e7\u00e3o.<\/strong> Quando um beb\u00ea mama, tanto no peito quanto na mamadeira, ele pode acabar engolindo ar, o que pode causar um desconforto significativo se n\u00e3o for liberado.<\/p>\n\n\n\n<p>Pediatras argumentam que, enquanto muitos beb\u00eas podem n\u00e3o precisar arrotar ap\u00f3s cada alimenta\u00e7\u00e3o, para alguns, essa pr\u00e1tica pode ser essencial para evitar um ac\u00famulo de gases no est\u00f4mago. Al\u00e9m disso, o ato de arrotar tamb\u00e9m pode ser uma forma de verificar se o beb\u00ea est\u00e1 ficando satisfeito com a quantidade de leite que ingeriu, sem outros desconfortos.<\/p>\n\n\n\n<figure class=\"wp-block-image size-large\"><img loading=\"lazy\" decoding=\"async\" width=\"1024\" height=\"576\" src=\"https:\/\/www.em.com.br\/emfoco\/wp-content\/uploads\/2025\/07\/bebe-arrotando_1752272178668-1024x576.jpg\" alt=\"Beb\u00ea precisa arrotar sempre ap\u00f3s as mamadas? Veja o que dizem os pediatras\" class=\"wp-image-74893\" srcset=\"https:\/\/www.em.com.br\/emfoco\/wp-content\/uploads\/2025\/07\/bebe-arrotando_1752272178668-1024x576.jpg 1024w, https:\/\/www.em.com.br\/emfoco\/wp-content\/uploads\/2025\/07\/bebe-arrotando_1752272178668-300x169.jpg 300w, https:\/\/www.em.com.br\/emfoco\/wp-content\/uploads\/2025\/07\/bebe-arrotando_1752272178668-768x432.jpg 768w, https:\/\/www.em.com.br\/emfoco\/wp-content\/uploads\/2025\/07\/bebe-arrotando_1752272178668-750x422.jpg 750w, https:\/\/www.em.com.br\/emfoco\/wp-content\/uploads\/2025\/07\/bebe-arrotando_1752272178668-1140x641.jpg 1140w, https:\/\/www.em.com.br\/emfoco\/wp-content\/uploads\/2025\/07\/bebe-arrotando_1752272178668.jpg 1280w\" sizes=\"auto, (max-width: 1024px) 100vw, 1024px\" \/><figcaption class=\"wp-element-caption\">Beb\u00ea arrotando &#8211; Cr\u00e9ditos: depositphotos.com \/ jbrown777<\/figcaption><\/figure>\n\n\n\n<h2 class=\"wp-block-heading\">Todo beb\u00ea precisa arrotar? Quando n\u00e3o \u00e9 necess\u00e1rio?<\/h2>\n\n\n\n<p><strong>Uma das perguntas mais frequentes entre os novos pais \u00e9 se todos os beb\u00eas precisam realmente arrotar ap\u00f3s cada mamada. A verdade \u00e9 que cada beb\u00ea \u00e9 \u00fanico, e enquanto alguns necessitam desse cuidado para evitar desconfortos, outros podem n\u00e3o apresentar a mesma necessidade.<\/strong> N\u00e3o h\u00e1 uma regra fixa, e a observa\u00e7\u00e3o constante dos sinais de conforto ou desconforto do beb\u00ea \u00e9 crucial.<\/p>\n\n\n\n<p>Existem momentos em que o beb\u00ea pode n\u00e3o precisar arrotar, especialmente se ele parecer estar tranquilo e n\u00e3o mostrar sinais de desconforto, como se contorcer ou ficar irritado. Al\u00e9m disso, alguns estudos indicam que, \u00e0 medida que os beb\u00eas crescem e seu sistema digestivo amadurece, a necessidade de arrotar pode diminuir.<\/p>\n\n\n\n<h2 class=\"wp-block-heading\">Como realizar a pr\u00e1tica de forma adequada e segura?<\/h2>\n\n\n\n<p><strong>Quando a decis\u00e3o de ajudar o beb\u00ea a arrotar \u00e9 tomada, a maneira correta de fazer isso \u00e9 essencial para garantir efic\u00e1cia e seguran\u00e7a.<\/strong> Os especialistas aconselham m\u00e9todos como segurar o beb\u00ea em posi\u00e7\u00e3o vertical, apoiando gentilmente a cabe\u00e7a e as costas, e dar leves batidinhas nas costas.<\/p>\n\n\n\n<p>Outra t\u00e9cnica eficaz \u00e9 deitar o beb\u00ea para frente, sobre as suas pernas, tamb\u00e9m apoiando a cabe\u00e7a e o pesco\u00e7o, enquanto aplica suaves batidinhas nas costas. \u00c9 importante faz\u00ea-lo com paci\u00eancia, uma vez que pode demorar alguns minutos at\u00e9 que o beb\u00ea libere o ar. Se o beb\u00ea apresentar sinais de desconforto persistente ou dificuldade para arrotar, recomenda-se buscar orienta\u00e7\u00e3o profissional para descartar outras poss\u00edveis causas, como refluxo.<\/p>\n\n\n\n<h2 class=\"wp-block-heading\">Quais s\u00e3o os sinais de que o beb\u00ea n\u00e3o precisa arrotar?<\/h2>\n\n\n\n<p><strong>Os pais frequentemente buscam sinais claros que ajudem a determinar se o beb\u00ea est\u00e1 bem sem arrotar.<\/strong> Dados comportamentais, como um beb\u00ea que dorme tranquilamente ap\u00f3s a mamada ou demonstra satisfa\u00e7\u00e3o sem agita\u00e7\u00e3o, podem indicar que ele n\u00e3o est\u00e1 sofrendo de desconforto g\u00e1strico devido a gases presos.<\/p>\n\n\n\n<p>Al\u00e9m disso, se a alimenta\u00e7\u00e3o se segue sem epis\u00f3dios de c\u00f3licas ou excessivos regurgitamentos, \u00e9 poss\u00edvel que o beb\u00ea esteja ingerindo a quantidade apropriada de leite sem engolir tanto ar. Observa\u00e7\u00f5es cuidadosas e, quando necess\u00e1rio, consultas com o pediatra podem ajudar a resolver d\u00favidas persistentes sobre a necessidade de arrotar. \u00c9 interessante lembrar que cada beb\u00ea tem seu ritmo, e a orienta\u00e7\u00e3o personalizada do pediatra \u00e9 fundamental para garantir o <strong><a href=\"https:\/\/www.protrt19.org.br\/2021\/11\/12\/o-que-e-bem-estar-fisico-e-mental\/\" target=\"_blank\" rel=\"noreferrer noopener\">bem-estar<\/a><\/strong> do rec\u00e9m-nascido.<\/p>\n","protected":false},"excerpt":{"rendered":"<p>A pr\u00e1tica de fazer o beb\u00ea arrotar ap\u00f3s uma mamada tem sido amplamente seguida por gera\u00e7\u00f5es de cuidadores ao redor do mundo. Mas ser\u00e1 que essa pr\u00e1tica \u00e9 realmente necess\u00e1ria? O ponto central da discuss\u00e3o gira em torno do conforto e bem-estar do beb\u00ea, mas tamb\u00e9m levanta quest\u00f5es sobre as instru\u00e7\u00f5es que s\u00e3o passadas atrav\u00e9s [&hellip;]<\/p>\n","protected":false},"author":13,"featured_media":74889,"comment_status":"open","ping_status":"open","sticky":false,"template":"","format":"standard","meta":{"jnews-multi-image_gallery":[],"jnews_single_post":{"format":"standard"},"jnews_primary_category":[],"jnews_social_meta":[],"jnews_override_counter":[],"footnotes":""},"categories":[8819,1],"tags":[11878,7359,342,415],"class_list":["post-74859","post","type-post","status-publish","format-standard","has-post-thumbnail","hentry","category-curiosidades","category-noticias","tag-arrotar","tag-bebe","tag-cuidados","tag-saude"],"yoast_head":"<!-- This site is optimized with the Yoast SEO plugin v23.8 - https:\/\/yoast.com\/wordpress\/plugins\/seo\/ -->\n<title>Beb\u00ea precisa arrotar sempre ap\u00f3s as mamadas? Veja o que dizem os pediatras - Estado de Minas - Em foco<\/title>\n<meta name=\"description\" content=\"Nem todo beb\u00ea precisa arrotar ap\u00f3s mamar e a ci\u00eancia atual explica por qu\u00ea. Veja quando o arroto \u00e9 necess\u00e1rio e como faz\u00ea-lo de forma segura.\" \/>\n<meta name=\"robots\" content=\"index, follow, max-snippet:-1, max-image-preview:large, max-video-preview:-1\" \/>\n<link rel=\"canonical\" href=\"https:\/\/www.em.com.br\/emfoco\/2025\/07\/14\/bebe-precisa-arrotar-sempre-apos-as-mamadas-veja-o-que-dizem-os-pediatras\/\" \/>\n<meta property=\"og:locale\" content=\"pt_BR\" \/>\n<meta property=\"og:type\" content=\"article\" \/>\n<meta property=\"og:title\" content=\"Beb\u00ea precisa arrotar sempre ap\u00f3s as mamadas? Veja o que dizem os pediatras - Estado de Minas - Em foco\" \/>\n<meta property=\"og:description\" content=\"Nem todo beb\u00ea precisa arrotar ap\u00f3s mamar e a ci\u00eancia atual explica por qu\u00ea. Veja quando o arroto \u00e9 necess\u00e1rio e como faz\u00ea-lo de forma segura.\" \/>\n<meta property=\"og:url\" content=\"https:\/\/www.em.com.br\/emfoco\/2025\/07\/14\/bebe-precisa-arrotar-sempre-apos-as-mamadas-veja-o-que-dizem-os-pediatras\/\" \/>\n<meta property=\"og:site_name\" content=\"Estado de Minas - Em foco\" \/>\n<meta property=\"article:published_time\" content=\"2025-07-14T13:08:00+00:00\" \/>\n<meta property=\"article:modified_time\" content=\"2025-07-12T20:33:13+00:00\" \/>\n<meta property=\"og:image\" content=\"https:\/\/www.em.com.br\/emfoco\/wp-content\/uploads\/2025\/07\/bebe-arrotando_1752272103728.jpg\" \/>\n\t<meta property=\"og:image:width\" content=\"1280\" \/>\n\t<meta property=\"og:image:height\" content=\"720\" \/>\n\t<meta property=\"og:image:type\" content=\"image\/jpeg\" \/>\n<meta name=\"author\" content=\"Gabriel Martins\" \/>\n<meta name=\"twitter:card\" content=\"summary_large_image\" \/>\n<meta name=\"twitter:label1\" content=\"Escrito por\" \/>\n\t<meta name=\"twitter:data1\" content=\"Gabriel Martins\" \/>\n\t<meta name=\"twitter:label2\" content=\"Est. tempo de leitura\" \/>\n\t<meta name=\"twitter:data2\" content=\"4 minutos\" \/>\n<!-- \/ Yoast SEO plugin. -->","yoast_head_json":{"title":"Beb\u00ea precisa arrotar sempre ap\u00f3s as mamadas? Veja o que dizem os pediatras - Estado de Minas - Em foco","description":"Nem todo beb\u00ea precisa arrotar ap\u00f3s mamar e a ci\u00eancia atual explica por qu\u00ea. Veja quando o arroto \u00e9 necess\u00e1rio e como faz\u00ea-lo de forma segura.","robots":{"index":"index","follow":"follow","max-snippet":"max-snippet:-1","max-image-preview":"max-image-preview:large","max-video-preview":"max-video-preview:-1"},"canonical":"https:\/\/www.em.com.br\/emfoco\/2025\/07\/14\/bebe-precisa-arrotar-sempre-apos-as-mamadas-veja-o-que-dizem-os-pediatras\/","og_locale":"pt_BR","og_type":"article","og_title":"Beb\u00ea precisa arrotar sempre ap\u00f3s as mamadas? Veja o que dizem os pediatras - Estado de Minas - Em foco","og_description":"Nem todo beb\u00ea precisa arrotar ap\u00f3s mamar e a ci\u00eancia atual explica por qu\u00ea. Veja quando o arroto \u00e9 necess\u00e1rio e como faz\u00ea-lo de forma segura.","og_url":"https:\/\/www.em.com.br\/emfoco\/2025\/07\/14\/bebe-precisa-arrotar-sempre-apos-as-mamadas-veja-o-que-dizem-os-pediatras\/","og_site_name":"Estado de Minas - Em foco","article_published_time":"2025-07-14T13:08:00+00:00","article_modified_time":"2025-07-12T20:33:13+00:00","og_image":[{"width":1280,"height":720,"url":"https:\/\/www.em.com.br\/emfoco\/wp-content\/uploads\/2025\/07\/bebe-arrotando_1752272103728.jpg","type":"image\/jpeg"}],"author":"Gabriel Martins","twitter_card":"summary_large_image","twitter_misc":{"Escrito por":"Gabriel Martins","Est. tempo de leitura":"4 minutos"},"schema":{"@context":"https:\/\/schema.org","@graph":[{"@type":"WebPage","@id":"https:\/\/www.em.com.br\/emfoco\/2025\/07\/14\/bebe-precisa-arrotar-sempre-apos-as-mamadas-veja-o-que-dizem-os-pediatras\/","url":"https:\/\/www.em.com.br\/emfoco\/2025\/07\/14\/bebe-precisa-arrotar-sempre-apos-as-mamadas-veja-o-que-dizem-os-pediatras\/","name":"Beb\u00ea precisa arrotar sempre ap\u00f3s as mamadas? Veja o que dizem os pediatras - Estado de Minas - Em foco","isPartOf":{"@id":"https:\/\/www.em.com.br\/emfoco\/#website"},"primaryImageOfPage":{"@id":"https:\/\/www.em.com.br\/emfoco\/2025\/07\/14\/bebe-precisa-arrotar-sempre-apos-as-mamadas-veja-o-que-dizem-os-pediatras\/#primaryimage"},"image":{"@id":"https:\/\/www.em.com.br\/emfoco\/2025\/07\/14\/bebe-precisa-arrotar-sempre-apos-as-mamadas-veja-o-que-dizem-os-pediatras\/#primaryimage"},"thumbnailUrl":"https:\/\/www.em.com.br\/emfoco\/wp-content\/uploads\/2025\/07\/bebe-arrotando_1752272103728.jpg","datePublished":"2025-07-14T13:08:00+00:00","dateModified":"2025-07-12T20:33:13+00:00","author":{"@id":"https:\/\/www.em.com.br\/emfoco\/#\/schema\/person\/1c9ddeab18b98abeffef834667bcf08a"},"description":"Nem todo beb\u00ea precisa arrotar ap\u00f3s mamar e a ci\u00eancia atual explica por qu\u00ea. Veja quando o arroto \u00e9 necess\u00e1rio e como faz\u00ea-lo de forma segura.","breadcrumb":{"@id":"https:\/\/www.em.com.br\/emfoco\/2025\/07\/14\/bebe-precisa-arrotar-sempre-apos-as-mamadas-veja-o-que-dizem-os-pediatras\/#breadcrumb"},"inLanguage":"pt-BR","potentialAction":[{"@type":"ReadAction","target":["https:\/\/www.em.com.br\/emfoco\/2025\/07\/14\/bebe-precisa-arrotar-sempre-apos-as-mamadas-veja-o-que-dizem-os-pediatras\/"]}]},{"@type":"ImageObject","inLanguage":"pt-BR","@id":"https:\/\/www.em.com.br\/emfoco\/2025\/07\/14\/bebe-precisa-arrotar-sempre-apos-as-mamadas-veja-o-que-dizem-os-pediatras\/#primaryimage","url":"https:\/\/www.em.com.br\/emfoco\/wp-content\/uploads\/2025\/07\/bebe-arrotando_1752272103728.jpg","contentUrl":"https:\/\/www.em.com.br\/emfoco\/wp-content\/uploads\/2025\/07\/bebe-arrotando_1752272103728.jpg","width":1280,"height":720,"caption":"Beb\u00ea arrotando - Cr\u00e9ditos: depositphotos.com \/ Feverpitch"},{"@type":"BreadcrumbList","@id":"https:\/\/www.em.com.br\/emfoco\/2025\/07\/14\/bebe-precisa-arrotar-sempre-apos-as-mamadas-veja-o-que-dizem-os-pediatras\/#breadcrumb","itemListElement":[{"@type":"ListItem","position":1,"name":"In\u00edcio","item":"https:\/\/www.em.com.br\/emfoco\/"},{"@type":"ListItem","position":2,"name":"Beb\u00ea precisa arrotar sempre ap\u00f3s as mamadas? Veja o que dizem os pediatras"}]},{"@type":"WebSite","@id":"https:\/\/www.em.com.br\/emfoco\/#website","url":"https:\/\/www.em.com.br\/emfoco\/","name":"Estado de Minas - Em foco","description":"Acompanhe as \u00faltimas not\u00edcias e fique bem informado sobre tudo o que acontece em Minas Gerais, Brasil e no mundo.","potentialAction":[{"@type":"SearchAction","target":{"@type":"EntryPoint","urlTemplate":"https:\/\/www.em.com.br\/emfoco\/?s={search_term_string}"},"query-input":{"@type":"PropertyValueSpecification","valueRequired":true,"valueName":"search_term_string"}}],"inLanguage":"pt-BR"},{"@type":"Person","@id":"https:\/\/www.em.com.br\/emfoco\/#\/schema\/person\/1c9ddeab18b98abeffef834667bcf08a","name":"Gabriel Martins","image":{"@type":"ImageObject","inLanguage":"pt-BR","@id":"https:\/\/www.em.com.br\/emfoco\/#\/schema\/person\/image\/","url":"https:\/\/secure.gravatar.com\/avatar\/f0f1e2efdfd88f1ad2cb08c5c2731e50?s=96&d=mm&r=g","contentUrl":"https:\/\/secure.gravatar.com\/avatar\/f0f1e2efdfd88f1ad2cb08c5c2731e50?s=96&d=mm&r=g","caption":"Gabriel Martins"},"sameAs":["https:\/\/www.em.com.br\/emfoco\/"],"url":"https:\/\/www.em.com.br\/emfoco\/author\/gabrielmartinsmyth\/"}]}},"_links":{"self":[{"href":"https:\/\/www.em.com.br\/emfoco\/wp-json\/wp\/v2\/posts\/74859","targetHints":{"allow":["GET"]}}],"collection":[{"href":"https:\/\/www.em.com.br\/emfoco\/wp-json\/wp\/v2\/posts"}],"about":[{"href":"https:\/\/www.em.com.br\/emfoco\/wp-json\/wp\/v2\/types\/post"}],"author":[{"embeddable":true,"href":"https:\/\/www.em.com.br\/emfoco\/wp-json\/wp\/v2\/users\/13"}],"replies":[{"embeddable":true,"href":"https:\/\/www.em.com.br\/emfoco\/wp-json\/wp\/v2\/comments?post=74859"}],"version-history":[{"count":2,"href":"https:\/\/www.em.com.br\/emfoco\/wp-json\/wp\/v2\/posts\/74859\/revisions"}],"predecessor-version":[{"id":74895,"href":"https:\/\/www.em.com.br\/emfoco\/wp-json\/wp\/v2\/posts\/74859\/revisions\/74895"}],"wp:featuredmedia":[{"embeddable":true,"href":"https:\/\/www.em.com.br\/emfoco\/wp-json\/wp\/v2\/media\/74889"}],"wp:attachment":[{"href":"https:\/\/www.em.com.br\/emfoco\/wp-json\/wp\/v2\/media?parent=74859"}],"wp:term":[{"taxonomy":"category","embeddable":true,"href":"https:\/\/www.em.com.br\/emfoco\/wp-json\/wp\/v2\/categories?post=74859"},{"taxonomy":"post_tag","embeddable":true,"href":"https:\/\/www.em.com.br\/emfoco\/wp-json\/wp\/v2\/tags?post=74859"}],"curies":[{"name":"wp","href":"https:\/\/api.w.org\/{rel}","templated":true}]}}