{"id":74790,"date":"2025-07-12T20:38:00","date_gmt":"2025-07-12T23:38:00","guid":{"rendered":"https:\/\/www.em.com.br\/emfoco\/?p=74790"},"modified":"2025-07-11T18:38:52","modified_gmt":"2025-07-11T21:38:52","slug":"mudanca-silenciosa-no-bpc-promete-mais-seguranca-para-familias","status":"publish","type":"post","link":"https:\/\/www.em.com.br\/emfoco\/2025\/07\/12\/mudanca-silenciosa-no-bpc-promete-mais-seguranca-para-familias\/","title":{"rendered":"Mudan\u00e7a silenciosa no BPC promete mais seguran\u00e7a para fam\u00edlias"},"content":{"rendered":"\n<p>O <strong>Benef\u00edcio de Presta\u00e7\u00e3o Continuada<\/strong> (<a href=\"https:\/\/www.em.com.br\/emfoco\/2025\/07\/08\/bpc-comeca-a-ser-pago-dia-25-com-novo-calendario-confirmado-pelo-inss\/\" target=\"_blank\" rel=\"noreferrer noopener\">BPC<\/a>), tamb\u00e9m conhecido como <strong><a href=\"https:\/\/www.planalto.gov.br\/ccivil_03\/leis\/l8742.htm\" target=\"_blank\" rel=\"noreferrer noopener\">LOAS<\/a><\/strong>, \u00e9 um aux\u00edlio social garantido pela <strong>Lei Org\u00e2nica da Assist\u00eancia Social<\/strong>. Este benef\u00edcio \u00e9 destinado a idosos acima de 65 anos e pessoas com defici\u00eancia que vivem em situa\u00e7\u00e3o de vulnerabilidade social e econ\u00f4mica no <strong>Brasil<\/strong>. A concess\u00e3o do <strong>BPC <\/strong>n\u00e3o exige contribui\u00e7\u00e3o pr\u00e9via \u00e0 previd\u00eancia, o que o diferencia de aposentadorias tradicionais. Em 2025, o <strong>BPC <\/strong>segue como suporte essencial para inclus\u00e3o social de indiv\u00edduos e fam\u00edlias que enfrentam dificuldades financeiras acentuadas.<\/p>\n\n\n\n<p>O benefici\u00e1rio do <strong>BPC <\/strong>recebe mensalmente o valor correspondente a um sal\u00e1rio m\u00ednimo nacional. Essa pol\u00edtica de assist\u00eancia emergencial tem como objetivos principais:<\/p>\n\n\n\n<ul class=\"wp-block-list\">\n<li>Assegurar o m\u00ednimo necess\u00e1rio para viver;<\/li>\n\n\n\n<li>Proporcionar dignidade;<\/li>\n\n\n\n<li>Promover melhoria na qualidade de vida dessas pessoas.<\/li>\n<\/ul>\n\n\n\n<p>Para se qualificar, o requerente deve comprovar que a renda familiar per capita mensal n\u00e3o supera um quarto do sal\u00e1rio m\u00ednimo vigente. Com essa regra, o governo busca garantir que apenas quem realmente necessita acesse o recurso.<\/p>\n\n\n\n<h2 class=\"wp-block-heading\">Quem tem direito ao BPC?<\/h2>\n\n\n<div class=\"wp-block-image\">\n<figure class=\"aligncenter size-large\"><img loading=\"lazy\" decoding=\"async\" width=\"1024\" height=\"576\" src=\"https:\/\/www.em.com.br\/emfoco\/wp-content\/uploads\/2025\/06\/idoso-tecnologia_1745341129302-1024x576.jpg\" alt=\"Aposentados ficam em alerta com golpes mais sofisticados\" class=\"wp-image-54994\" srcset=\"https:\/\/www.em.com.br\/emfoco\/wp-content\/uploads\/2025\/06\/idoso-tecnologia_1745341129302-1024x576.jpg 1024w, https:\/\/www.em.com.br\/emfoco\/wp-content\/uploads\/2025\/06\/idoso-tecnologia_1745341129302-300x169.jpg 300w, https:\/\/www.em.com.br\/emfoco\/wp-content\/uploads\/2025\/06\/idoso-tecnologia_1745341129302-768x432.jpg 768w, https:\/\/www.em.com.br\/emfoco\/wp-content\/uploads\/2025\/06\/idoso-tecnologia_1745341129302-750x422.jpg 750w, https:\/\/www.em.com.br\/emfoco\/wp-content\/uploads\/2025\/06\/idoso-tecnologia_1745341129302-1140x641.jpg 1140w, https:\/\/www.em.com.br\/emfoco\/wp-content\/uploads\/2025\/06\/idoso-tecnologia_1745341129302.jpg 1280w\" sizes=\"auto, (max-width: 1024px) 100vw, 1024px\" \/><figcaption class=\"wp-element-caption\">Idoso usando o tablet &#8211; Cr\u00e9ditos: depositphotos.com \/ HayDmitriy<\/figcaption><\/figure><\/div>\n\n\n<p>Para acessar o <strong>BPC<\/strong>, o requerente deve se encaixar em um dos dois perfis principais:<\/p>\n\n\n\n<ul class=\"wp-block-list\">\n<li>Ser uma pessoa idosa, com 65 anos ou mais;<\/li>\n\n\n\n<li>Ser uma pessoa com defici\u00eancia, sem limite de idade definido.<\/li>\n<\/ul>\n\n\n\n<p>Al\u00e9m disso, para pessoas com defici\u00eancia:<\/p>\n\n\n\n<ul class=\"wp-block-list\">\n<li>Deve-se comprovar a condi\u00e7\u00e3o por meio de laudos m\u00e9dicos;<\/li>\n\n\n\n<li>Passar por avalia\u00e7\u00f5es sociais realizadas por profissionais capacitados.<\/li>\n<\/ul>\n\n\n\n<p>O c\u00e1lculo da renda per capita leva em conta todos os membros da fam\u00edlia, fator crucial para determinar quem tem direito ao benef\u00edcio.<\/p>\n\n\n\n<h2 class=\"wp-block-heading\">Como solicitar o BPC?<\/h2>\n\n\n\n<p>O processo de solicita\u00e7\u00e3o do BPC envolve algumas etapas fundamentais:<\/p>\n\n\n\n<ol class=\"wp-block-list\">\n<li>Registrar-se no <strong>Cadastro \u00danico para Programas Sociais do Governo Federal<\/strong> (<a href=\"https:\/\/www.gov.br\/pt-br\/servicos\/consultar-dados-do-cadastro-unico-cadunico\" target=\"_blank\" rel=\"noreferrer noopener\">Cad\u00danico<\/a>);<\/li>\n\n\n\n<li>Manter o cadastro sempre atualizado;<\/li>\n\n\n\n<li>Dirigir-se a uma ag\u00eancia do <strong>INSS <\/strong>para formalizar a solicita\u00e7\u00e3o;<\/li>\n\n\n\n<li>Apresentar toda a documenta\u00e7\u00e3o necess\u00e1ria, que inclui:\n<ul class=\"wp-block-list\">\n<li>Provas de renda;<\/li>\n\n\n\n<li>Documentos de identifica\u00e7\u00e3o;<\/li>\n\n\n\n<li>Laudos m\u00e9dicos (quando aplic\u00e1vel).<\/li>\n<\/ul>\n<\/li>\n<\/ol>\n\n\n\n<p>O acompanhamento do pedido pode ser feito pelo site ou aplicativo <strong>Meu INSS<\/strong>. Recomenda-se guardar todos os comprovantes entregues.<\/p>\n\n\n\n<h2 class=\"wp-block-heading\">Quais s\u00e3o os desafios enfrentados pelos benefici\u00e1rios do BPC?<\/h2>\n\n\n\n<p>Apesar do <strong>BPC <\/strong>representar um al\u00edvio para muitos brasileiros, os benefici\u00e1rios enfrentam alguns desafios durante a obten\u00e7\u00e3o e manuten\u00e7\u00e3o do benef\u00edcio. Os principais obst\u00e1culos incluem:<\/p>\n\n\n\n<ul class=\"wp-block-list\">\n<li>Burocracia na coleta e apresenta\u00e7\u00e3o de documentos;<\/li>\n\n\n\n<li>Revis\u00f5es frequentes de renda, que podem acarretar suspens\u00e3o tempor\u00e1ria do benef\u00edcio;<\/li>\n\n\n\n<li>Falta de informa\u00e7\u00e3o adequada sobre direitos e procedimentos, levando \u00e0 subutiliza\u00e7\u00e3o do aux\u00edlio;<\/li>\n\n\n\n<li>Valor do benef\u00edcio, muitas vezes, insuficiente para suprir todas as necessidades b\u00e1sicas, especialmente devido \u00e0 alta da infla\u00e7\u00e3o e dos custos de vida.<\/li>\n<\/ul>\n\n\n\n<p>Para lidar com essas dificuldades, \u00e9 recomend\u00e1vel:<\/p>\n\n\n\n<ul class=\"wp-block-list\">\n<li>Buscar aux\u00edlio com assistentes sociais;<\/li>\n\n\n\n<li>Manter a documenta\u00e7\u00e3o sempre organizada;<\/li>\n\n\n\n<li>Participar de grupos de orienta\u00e7\u00e3o e defesa dos direitos sociais.<\/li>\n<\/ul>\n\n\n\n<h2 class=\"wp-block-heading\">O que esperar do futuro do BPC?<\/h2>\n\n\n\n<p>O <strong>Benef\u00edcio de Presta\u00e7\u00e3o Continuada<\/strong> segue em pauta nos debates p\u00fablicos, e h\u00e1 diversas propostas de reforma. Pontos em discuss\u00e3o incluem:<\/p>\n\n\n\n<ul class=\"wp-block-list\">\n<li>Ajuste do crit\u00e9rio de renda para refletir melhor a realidade econ\u00f4mica atual, principalmente em regi\u00f5es de custo de vida mais elevado;<\/li>\n\n\n\n<li>Aprimoramento dos processos de avalia\u00e7\u00e3o de defici\u00eancia, garantindo que quem realmente necessita receba o aux\u00edlio;<\/li>\n\n\n\n<li>Melhorias na acessibilidade das informa\u00e7\u00f5es e redu\u00e7\u00e3o da burocracia no acesso ao benef\u00edcio.<\/li>\n<\/ul>\n\n\n\n<p>Em s\u00edntese, o <strong>BPC <\/strong>continuar\u00e1 sendo parte vital da rede de prote\u00e7\u00e3o social no Brasil, mas precisa de atualiza\u00e7\u00f5es para acompanhar as mudan\u00e7as econ\u00f4micas e sociais e garantir inclus\u00e3o social \u00e0s fam\u00edlias mais vulner\u00e1veis.<\/p>\n","protected":false},"excerpt":{"rendered":"<p>O Benef\u00edcio de Presta\u00e7\u00e3o Continuada (BPC), tamb\u00e9m conhecido como LOAS, \u00e9 um aux\u00edlio social garantido pela Lei Org\u00e2nica da Assist\u00eancia Social. Este benef\u00edcio \u00e9 destinado a idosos acima de 65 anos e pessoas com defici\u00eancia que vivem em situa\u00e7\u00e3o de vulnerabilidade social e econ\u00f4mica no Brasil. A concess\u00e3o do BPC n\u00e3o exige contribui\u00e7\u00e3o pr\u00e9via \u00e0 [&hellip;]<\/p>\n","protected":false},"author":20,"featured_media":57205,"comment_status":"open","ping_status":"open","sticky":false,"template":"","format":"standard","meta":{"jnews-multi-image_gallery":[],"jnews_single_post":{"format":"standard"},"jnews_primary_category":[],"jnews_social_meta":[],"jnews_override_counter":[],"footnotes":""},"categories":[28,1],"tags":[257,258],"class_list":["post-74790","post","type-post","status-publish","format-standard","has-post-thumbnail","hentry","category-economia","category-noticias","tag-bpc","tag-loas"],"yoast_head":"<!-- This site is optimized with the Yoast SEO plugin v23.8 - https:\/\/yoast.com\/wordpress\/plugins\/seo\/ -->\n<title>Mudan\u00e7a silenciosa no BPC promete mais seguran\u00e7a para fam\u00edlias - Estado de Minas - Em foco<\/title>\n<meta name=\"description\" content=\"Mudan\u00e7a no BPC em 2025 promete mais seguran\u00e7a e dignidade para quem mais precisa garantindo renda m\u00ednima para fam\u00edlias.\" \/>\n<meta name=\"robots\" content=\"index, follow, max-snippet:-1, max-image-preview:large, max-video-preview:-1\" \/>\n<link rel=\"canonical\" href=\"https:\/\/www.em.com.br\/emfoco\/2025\/07\/12\/mudanca-silenciosa-no-bpc-promete-mais-seguranca-para-familias\/\" \/>\n<meta property=\"og:locale\" content=\"pt_BR\" \/>\n<meta property=\"og:type\" content=\"article\" \/>\n<meta property=\"og:title\" content=\"Mudan\u00e7a silenciosa no BPC promete mais seguran\u00e7a para fam\u00edlias - Estado de Minas - Em foco\" \/>\n<meta property=\"og:description\" content=\"Mudan\u00e7a no BPC em 2025 promete mais seguran\u00e7a e dignidade para quem mais precisa garantindo renda m\u00ednima para fam\u00edlias.\" \/>\n<meta property=\"og:url\" content=\"https:\/\/www.em.com.br\/emfoco\/2025\/07\/12\/mudanca-silenciosa-no-bpc-promete-mais-seguranca-para-familias\/\" \/>\n<meta property=\"og:site_name\" content=\"Estado de Minas - Em foco\" \/>\n<meta property=\"article:published_time\" content=\"2025-07-12T23:38:00+00:00\" \/>\n<meta property=\"article:modified_time\" content=\"2025-07-11T21:38:52+00:00\" \/>\n<meta property=\"og:image\" content=\"https:\/\/www.em.com.br\/emfoco\/wp-content\/uploads\/2025\/06\/pais_1749223248432.jpg\" \/>\n\t<meta property=\"og:image:width\" content=\"1280\" \/>\n\t<meta property=\"og:image:height\" content=\"720\" \/>\n\t<meta property=\"og:image:type\" content=\"image\/jpeg\" \/>\n<meta name=\"author\" content=\"Ingrid Diniz\" \/>\n<meta name=\"twitter:card\" content=\"summary_large_image\" \/>\n<meta name=\"twitter:label1\" content=\"Escrito por\" \/>\n\t<meta name=\"twitter:data1\" content=\"Ingrid Diniz\" \/>\n\t<meta name=\"twitter:label2\" content=\"Est. tempo de leitura\" \/>\n\t<meta name=\"twitter:data2\" content=\"4 minutos\" \/>\n<!-- \/ Yoast SEO plugin. -->","yoast_head_json":{"title":"Mudan\u00e7a silenciosa no BPC promete mais seguran\u00e7a para fam\u00edlias - Estado de Minas - Em foco","description":"Mudan\u00e7a no BPC em 2025 promete mais seguran\u00e7a e dignidade para quem mais precisa garantindo renda m\u00ednima para fam\u00edlias.","robots":{"index":"index","follow":"follow","max-snippet":"max-snippet:-1","max-image-preview":"max-image-preview:large","max-video-preview":"max-video-preview:-1"},"canonical":"https:\/\/www.em.com.br\/emfoco\/2025\/07\/12\/mudanca-silenciosa-no-bpc-promete-mais-seguranca-para-familias\/","og_locale":"pt_BR","og_type":"article","og_title":"Mudan\u00e7a silenciosa no BPC promete mais seguran\u00e7a para fam\u00edlias - Estado de Minas - Em foco","og_description":"Mudan\u00e7a no BPC em 2025 promete mais seguran\u00e7a e dignidade para quem mais precisa garantindo renda m\u00ednima para fam\u00edlias.","og_url":"https:\/\/www.em.com.br\/emfoco\/2025\/07\/12\/mudanca-silenciosa-no-bpc-promete-mais-seguranca-para-familias\/","og_site_name":"Estado de Minas - Em foco","article_published_time":"2025-07-12T23:38:00+00:00","article_modified_time":"2025-07-11T21:38:52+00:00","og_image":[{"width":1280,"height":720,"url":"https:\/\/www.em.com.br\/emfoco\/wp-content\/uploads\/2025\/06\/pais_1749223248432.jpg","type":"image\/jpeg"}],"author":"Ingrid Diniz","twitter_card":"summary_large_image","twitter_misc":{"Escrito por":"Ingrid Diniz","Est. tempo de leitura":"4 minutos"},"schema":{"@context":"https:\/\/schema.org","@graph":[{"@type":"WebPage","@id":"https:\/\/www.em.com.br\/emfoco\/2025\/07\/12\/mudanca-silenciosa-no-bpc-promete-mais-seguranca-para-familias\/","url":"https:\/\/www.em.com.br\/emfoco\/2025\/07\/12\/mudanca-silenciosa-no-bpc-promete-mais-seguranca-para-familias\/","name":"Mudan\u00e7a silenciosa no BPC promete mais seguran\u00e7a para fam\u00edlias - Estado de Minas - Em foco","isPartOf":{"@id":"https:\/\/www.em.com.br\/emfoco\/#website"},"primaryImageOfPage":{"@id":"https:\/\/www.em.com.br\/emfoco\/2025\/07\/12\/mudanca-silenciosa-no-bpc-promete-mais-seguranca-para-familias\/#primaryimage"},"image":{"@id":"https:\/\/www.em.com.br\/emfoco\/2025\/07\/12\/mudanca-silenciosa-no-bpc-promete-mais-seguranca-para-familias\/#primaryimage"},"thumbnailUrl":"https:\/\/www.em.com.br\/emfoco\/wp-content\/uploads\/2025\/06\/pais_1749223248432.jpg","datePublished":"2025-07-12T23:38:00+00:00","dateModified":"2025-07-11T21:38:52+00:00","author":{"@id":"https:\/\/www.em.com.br\/emfoco\/#\/schema\/person\/649e610b4eb8fff87ff394e54fe17b2b"},"description":"Mudan\u00e7a no BPC em 2025 promete mais seguran\u00e7a e dignidade para quem mais precisa garantindo renda m\u00ednima para fam\u00edlias.","breadcrumb":{"@id":"https:\/\/www.em.com.br\/emfoco\/2025\/07\/12\/mudanca-silenciosa-no-bpc-promete-mais-seguranca-para-familias\/#breadcrumb"},"inLanguage":"pt-BR","potentialAction":[{"@type":"ReadAction","target":["https:\/\/www.em.com.br\/emfoco\/2025\/07\/12\/mudanca-silenciosa-no-bpc-promete-mais-seguranca-para-familias\/"]}]},{"@type":"ImageObject","inLanguage":"pt-BR","@id":"https:\/\/www.em.com.br\/emfoco\/2025\/07\/12\/mudanca-silenciosa-no-bpc-promete-mais-seguranca-para-familias\/#primaryimage","url":"https:\/\/www.em.com.br\/emfoco\/wp-content\/uploads\/2025\/06\/pais_1749223248432.jpg","contentUrl":"https:\/\/www.em.com.br\/emfoco\/wp-content\/uploads\/2025\/06\/pais_1749223248432.jpg","width":1280,"height":720,"caption":"Fam\u00edlia - Cr\u00e9ditos: depositphotos.com \/ EdZbarzhyvetsky"},{"@type":"BreadcrumbList","@id":"https:\/\/www.em.com.br\/emfoco\/2025\/07\/12\/mudanca-silenciosa-no-bpc-promete-mais-seguranca-para-familias\/#breadcrumb","itemListElement":[{"@type":"ListItem","position":1,"name":"In\u00edcio","item":"https:\/\/www.em.com.br\/emfoco\/"},{"@type":"ListItem","position":2,"name":"Mudan\u00e7a silenciosa no BPC promete mais seguran\u00e7a para fam\u00edlias"}]},{"@type":"WebSite","@id":"https:\/\/www.em.com.br\/emfoco\/#website","url":"https:\/\/www.em.com.br\/emfoco\/","name":"Estado de Minas - Em foco","description":"Acompanhe as \u00faltimas not\u00edcias e fique bem informado sobre tudo o que acontece em Minas Gerais, Brasil e no mundo.","potentialAction":[{"@type":"SearchAction","target":{"@type":"EntryPoint","urlTemplate":"https:\/\/www.em.com.br\/emfoco\/?s={search_term_string}"},"query-input":{"@type":"PropertyValueSpecification","valueRequired":true,"valueName":"search_term_string"}}],"inLanguage":"pt-BR"},{"@type":"Person","@id":"https:\/\/www.em.com.br\/emfoco\/#\/schema\/person\/649e610b4eb8fff87ff394e54fe17b2b","name":"Ingrid Diniz","image":{"@type":"ImageObject","inLanguage":"pt-BR","@id":"https:\/\/www.em.com.br\/emfoco\/#\/schema\/person\/image\/","url":"https:\/\/secure.gravatar.com\/avatar\/a3baa1449ec5c39b4c42babc9d4f3951?s=96&d=mm&r=g","contentUrl":"https:\/\/secure.gravatar.com\/avatar\/a3baa1449ec5c39b4c42babc9d4f3951?s=96&d=mm&r=g","caption":"Ingrid Diniz"},"sameAs":["https:\/\/www.em.com.br\/"],"url":"https:\/\/www.em.com.br\/emfoco\/author\/ingridmyth\/"}]}},"_links":{"self":[{"href":"https:\/\/www.em.com.br\/emfoco\/wp-json\/wp\/v2\/posts\/74790","targetHints":{"allow":["GET"]}}],"collection":[{"href":"https:\/\/www.em.com.br\/emfoco\/wp-json\/wp\/v2\/posts"}],"about":[{"href":"https:\/\/www.em.com.br\/emfoco\/wp-json\/wp\/v2\/types\/post"}],"author":[{"embeddable":true,"href":"https:\/\/www.em.com.br\/emfoco\/wp-json\/wp\/v2\/users\/20"}],"replies":[{"embeddable":true,"href":"https:\/\/www.em.com.br\/emfoco\/wp-json\/wp\/v2\/comments?post=74790"}],"version-history":[{"count":1,"href":"https:\/\/www.em.com.br\/emfoco\/wp-json\/wp\/v2\/posts\/74790\/revisions"}],"predecessor-version":[{"id":74837,"href":"https:\/\/www.em.com.br\/emfoco\/wp-json\/wp\/v2\/posts\/74790\/revisions\/74837"}],"wp:featuredmedia":[{"embeddable":true,"href":"https:\/\/www.em.com.br\/emfoco\/wp-json\/wp\/v2\/media\/57205"}],"wp:attachment":[{"href":"https:\/\/www.em.com.br\/emfoco\/wp-json\/wp\/v2\/media?parent=74790"}],"wp:term":[{"taxonomy":"category","embeddable":true,"href":"https:\/\/www.em.com.br\/emfoco\/wp-json\/wp\/v2\/categories?post=74790"},{"taxonomy":"post_tag","embeddable":true,"href":"https:\/\/www.em.com.br\/emfoco\/wp-json\/wp\/v2\/tags?post=74790"}],"curies":[{"name":"wp","href":"https:\/\/api.w.org\/{rel}","templated":true}]}}