{"id":74787,"date":"2025-07-12T16:38:00","date_gmt":"2025-07-12T19:38:00","guid":{"rendered":"https:\/\/www.em.com.br\/emfoco\/?p=74787"},"modified":"2025-07-12T16:38:12","modified_gmt":"2025-07-12T19:38:12","slug":"nova-regra-do-aviso-previo-garante-mais-dinheiro-na-rescisao","status":"publish","type":"post","link":"https:\/\/www.em.com.br\/emfoco\/2025\/07\/12\/nova-regra-do-aviso-previo-garante-mais-dinheiro-na-rescisao\/","title":{"rendered":"Nova regra do aviso pr\u00e9vio garante mais dinheiro na rescis\u00e3o"},"content":{"rendered":"\n<p>No mercado de trabalho, o t\u00e9rmino de um v\u00ednculo empregat\u00edcio \u00e9 uma realidade enfrentada por muitos profissionais. Quando isso ocorre, o instituto do aviso pr\u00e9vio se torna uma etapa imprescind\u00edvel, garantindo direitos e proporcionando certa previsibilidade tanto ao empregador quanto ao trabalhador. O <strong>Brasil <\/strong>possui uma legisla\u00e7\u00e3o complexa sobre o aviso pr\u00e9vio, abrangendo diferentes modalidades e prazos, sempre com o intuito de proteger interesses de ambas as partes.<\/p>\n\n\n\n<p>Em linhas gerais, o aviso pr\u00e9vio \u00e9 uma comunica\u00e7\u00e3o formal de que o contrato de trabalho ser\u00e1 encerrado. Esta comunica\u00e7\u00e3o deve ser feita por escrito e pode decorrer tanto da iniciativa do empregador quanto do empregado. A legisla\u00e7\u00e3o trabalhista brasileira, por meio da <strong>Consolida\u00e7\u00e3o das Leis do Trabalho<\/strong> (<a href=\"https:\/\/www.em.com.br\/emfoco\/2025\/07\/04\/descanso-semanal-remunerado-e-direito-garantido-pela-clt\/\" target=\"_blank\" rel=\"noreferrer noopener\">CLT<\/a>), estabelece diretrizes claras sobre como deve ser feito esse processo, assegurando direitos e evitando problemas jur\u00eddicos futuros.<\/p>\n\n\n\n<h2 class=\"wp-block-heading\">O que \u00e9 o aviso pr\u00e9vio trabalhado?<\/h2>\n\n\n<div class=\"wp-block-image\">\n<figure class=\"aligncenter size-large\"><img loading=\"lazy\" decoding=\"async\" width=\"1024\" height=\"576\" src=\"https:\/\/www.em.com.br\/emfoco\/wp-content\/uploads\/2025\/06\/trabalhador-carteira-de-trabalho-1024x576.png\" alt=\"Trabalhadores respiram aliviados com aumento no seguro-desemprego\" class=\"wp-image-68360\" srcset=\"https:\/\/www.em.com.br\/emfoco\/wp-content\/uploads\/2025\/06\/trabalhador-carteira-de-trabalho-1024x576.png 1024w, https:\/\/www.em.com.br\/emfoco\/wp-content\/uploads\/2025\/06\/trabalhador-carteira-de-trabalho-300x169.png 300w, https:\/\/www.em.com.br\/emfoco\/wp-content\/uploads\/2025\/06\/trabalhador-carteira-de-trabalho-768x432.png 768w, https:\/\/www.em.com.br\/emfoco\/wp-content\/uploads\/2025\/06\/trabalhador-carteira-de-trabalho-750x422.png 750w, https:\/\/www.em.com.br\/emfoco\/wp-content\/uploads\/2025\/06\/trabalhador-carteira-de-trabalho-1140x641.png 1140w, https:\/\/www.em.com.br\/emfoco\/wp-content\/uploads\/2025\/06\/trabalhador-carteira-de-trabalho.png 1280w\" sizes=\"auto, (max-width: 1024px) 100vw, 1024px\" \/><figcaption class=\"wp-element-caption\">Trabalhador feliz na esquerda com carteiras de trabalho na direita &#8211; Cr\u00e9dito: depositphotos.com \/ SarkisSeysian e depositphotos.com \/ moviafilmes<\/figcaption><\/figure><\/div>\n\n\n<p>O aviso pr\u00e9vio trabalhado ocorre quando o trabalhador \u00e9 comunicado da rescis\u00e3o de seu contrato e cumpre sua jornada de trabalho habitual pelo per\u00edodo m\u00ednimo de 30 dias. Durante esse tempo, o funcion\u00e1rio tem direito de reduzir sua jornada di\u00e1ria em duas horas ou, alternativamente, n\u00e3o trabalhar por sete dias corridos no final do per\u00edodo. Essa flexibiliza\u00e7\u00e3o tem o intuito de proporcionar ao trabalhador tempo para procurar um novo emprego.<\/p>\n\n\n\n<h2 class=\"wp-block-heading\">Como funciona o aviso pr\u00e9vio indenizado?<\/h2>\n\n\n\n<p>Diferente do trabalhado, o aviso pr\u00e9vio indenizado consiste na dispensa do cumprimento do per\u00edodo de aviso, com a empresa pagando ao trabalhador o valor correspondente aos 30 dias de aviso. Essa modalidade \u00e9 comum quando o empregador deseja encerrar a rela\u00e7\u00e3o de trabalho imediatamente, sem que o empregado cumpra o per\u00edodo adicional. O valor dessa indeniza\u00e7\u00e3o deve constar no saldo de rescis\u00e3o e ser pago junto com as demais verbas rescis\u00f3rias.<\/p>\n\n\n\n<h2 class=\"wp-block-heading\">Quais s\u00e3o as regras espec\u00edficas do aviso pr\u00e9vio?<\/h2>\n\n\n\n<p>A legisla\u00e7\u00e3o brasileira determina que, al\u00e9m dos 30 dias convencionais, seja acrescido um dia adicional de aviso pr\u00e9vio a cada ano completo de trabalho na mesma empresa, tendo um limite de <strong>at\u00e9 90 dias<\/strong>. Essa norma visa reconhecer a longevidade do v\u00ednculo empregat\u00edcio. No entanto, esse adicional de dias s\u00f3 se aplica quando a rescis\u00e3o do contrato parte do empregador.<\/p>\n\n\n\n<ul class=\"wp-block-list\">\n<li><strong>Rescis\u00e3o por parte do empregador:<\/strong> O funcion\u00e1rio tem direito a 30 dias de aviso pr\u00e9vio, mais um dia adicional por ano trabalhado na empresa, at\u00e9 um limite de 90 dias.<\/li>\n\n\n\n<li><strong>Rescis\u00e3o por parte do empregado:<\/strong> Nesse caso, a dura\u00e7\u00e3o do aviso pr\u00e9vio \u00e9, geralmente, de apenas 30 dias, sem o acr\u00e9scimo de dias por tempo de servi\u00e7o.<\/li>\n\n\n\n<li><strong>Convoca\u00e7\u00e3o do aviso:<\/strong> A comunica\u00e7\u00e3o deve ser feita por escrito e registrada, a partir do momento em que uma das partes decide pela rescis\u00e3o do contrato de trabalho.<\/li>\n<\/ul>\n\n\n\n<h2 class=\"wp-block-heading\">Como as empresas devem lidar com o aviso pr\u00e9vio?<\/h2>\n\n\n\n<p>Para assegurar uma transi\u00e7\u00e3o tranquila e dentro dos par\u00e2metros legais, as empresas precisam compreender as especificidades do aviso pr\u00e9vio. \u00c9 crucial garantir que todos os procedimentos sejam seguidos \u00e0 risca para evitar conflitos e passivos trabalhistas. De acordo com a <strong><a href=\"https:\/\/www.planalto.gov.br\/ccivil_03\/decreto-lei\/del5452.htm\" target=\"_blank\" rel=\"noreferrer noopener\">CLT<\/a><\/strong>, o n\u00e3o cumprimento adequado do aviso pr\u00e9vio pode resultar em puni\u00e7\u00f5es para o empregador, como o pagamento de multas administrativas.<\/p>\n\n\n\n<p>Al\u00e9m de cumprir as normas, \u00e9 essencial que as empresas fa\u00e7am o registro adequado de todas as etapas do processo rescis\u00f3rio. Isso n\u00e3o s\u00f3 facilita futuras auditorias, mas tamb\u00e9m protege a institui\u00e7\u00e3o de alega\u00e7\u00f5es de descumprimento das regras trabalhistas. Ademais, oferecer suporte aos trabalhadores durante esse per\u00edodo, como esclarecimentos sobre direitos e processos, contribui para uma rela\u00e7\u00e3o mais saud\u00e1vel e harmoniosa.<\/p>\n\n\n\n<p>Assim sendo, compreender a forma correta de aplicar as regras do aviso pr\u00e9vio \u00e9 um passo fundamental para todas as partes envolvidas, garantindo um t\u00e9rmino de contrato mais justo e menos conturbado. Essa clareza n\u00e3o s\u00f3 evita lit\u00edgios desnecess\u00e1rios, como tamb\u00e9m fortalece a confian\u00e7a entre empregadores e empregados, crucial para o ambiente corporativo.<\/p>\n","protected":false},"excerpt":{"rendered":"<p>No mercado de trabalho, o t\u00e9rmino de um v\u00ednculo empregat\u00edcio \u00e9 uma realidade enfrentada por muitos profissionais. Quando isso ocorre, o instituto do aviso pr\u00e9vio se torna uma etapa imprescind\u00edvel, garantindo direitos e proporcionando certa previsibilidade tanto ao empregador quanto ao trabalhador. O Brasil possui uma legisla\u00e7\u00e3o complexa sobre o aviso pr\u00e9vio, abrangendo diferentes modalidades [&hellip;]<\/p>\n","protected":false},"author":20,"featured_media":71516,"comment_status":"open","ping_status":"open","sticky":false,"template":"","format":"standard","meta":{"jnews-multi-image_gallery":[],"jnews_single_post":{"format":"standard"},"jnews_primary_category":[],"jnews_social_meta":[],"jnews_override_counter":[],"footnotes":""},"categories":[28,1],"tags":[9987,1052,12041],"class_list":["post-74787","post","type-post","status-publish","format-standard","has-post-thumbnail","hentry","category-economia","category-noticias","tag-aviso-previo","tag-clt","tag-regras-e-direitos-trabalhistas"],"yoast_head":"<!-- This site is optimized with the Yoast SEO plugin v23.8 - https:\/\/yoast.com\/wordpress\/plugins\/seo\/ -->\n<title>Nova regra do aviso pr\u00e9vio garante mais dinheiro na rescis\u00e3o - Estado de Minas - Em foco<\/title>\n<meta name=\"description\" content=\"Entenda como o aviso pr\u00e9vio trabalhado ou indenizado pode influenciar no valor final que voc\u00ea vai receber ap\u00f3s a demiss\u00e3o.\" \/>\n<meta name=\"robots\" content=\"index, follow, max-snippet:-1, max-image-preview:large, max-video-preview:-1\" \/>\n<link rel=\"canonical\" href=\"https:\/\/www.em.com.br\/emfoco\/2025\/07\/12\/nova-regra-do-aviso-previo-garante-mais-dinheiro-na-rescisao\/\" \/>\n<meta property=\"og:locale\" content=\"pt_BR\" \/>\n<meta property=\"og:type\" content=\"article\" \/>\n<meta property=\"og:title\" content=\"Nova regra do aviso pr\u00e9vio garante mais dinheiro na rescis\u00e3o - Estado de Minas - Em foco\" \/>\n<meta property=\"og:description\" content=\"Entenda como o aviso pr\u00e9vio trabalhado ou indenizado pode influenciar no valor final que voc\u00ea vai receber ap\u00f3s a demiss\u00e3o.\" \/>\n<meta property=\"og:url\" content=\"https:\/\/www.em.com.br\/emfoco\/2025\/07\/12\/nova-regra-do-aviso-previo-garante-mais-dinheiro-na-rescisao\/\" \/>\n<meta property=\"og:site_name\" content=\"Estado de Minas - Em foco\" \/>\n<meta property=\"article:published_time\" content=\"2025-07-12T19:38:00+00:00\" \/>\n<meta property=\"article:modified_time\" content=\"2025-07-12T19:38:12+00:00\" \/>\n<meta property=\"og:image\" content=\"https:\/\/www.em.com.br\/emfoco\/wp-content\/uploads\/2025\/07\/emprestimo_1751653688295.jpg\" \/>\n\t<meta property=\"og:image:width\" content=\"1280\" \/>\n\t<meta property=\"og:image:height\" content=\"720\" \/>\n\t<meta property=\"og:image:type\" content=\"image\/jpeg\" \/>\n<meta name=\"author\" content=\"Ingrid Diniz\" \/>\n<meta name=\"twitter:card\" content=\"summary_large_image\" \/>\n<meta name=\"twitter:label1\" content=\"Escrito por\" \/>\n\t<meta name=\"twitter:data1\" content=\"Ingrid Diniz\" \/>\n\t<meta name=\"twitter:label2\" content=\"Est. tempo de leitura\" \/>\n\t<meta name=\"twitter:data2\" content=\"4 minutos\" \/>\n<!-- \/ Yoast SEO plugin. -->","yoast_head_json":{"title":"Nova regra do aviso pr\u00e9vio garante mais dinheiro na rescis\u00e3o - Estado de Minas - Em foco","description":"Entenda como o aviso pr\u00e9vio trabalhado ou indenizado pode influenciar no valor final que voc\u00ea vai receber ap\u00f3s a demiss\u00e3o.","robots":{"index":"index","follow":"follow","max-snippet":"max-snippet:-1","max-image-preview":"max-image-preview:large","max-video-preview":"max-video-preview:-1"},"canonical":"https:\/\/www.em.com.br\/emfoco\/2025\/07\/12\/nova-regra-do-aviso-previo-garante-mais-dinheiro-na-rescisao\/","og_locale":"pt_BR","og_type":"article","og_title":"Nova regra do aviso pr\u00e9vio garante mais dinheiro na rescis\u00e3o - Estado de Minas - Em foco","og_description":"Entenda como o aviso pr\u00e9vio trabalhado ou indenizado pode influenciar no valor final que voc\u00ea vai receber ap\u00f3s a demiss\u00e3o.","og_url":"https:\/\/www.em.com.br\/emfoco\/2025\/07\/12\/nova-regra-do-aviso-previo-garante-mais-dinheiro-na-rescisao\/","og_site_name":"Estado de Minas - Em foco","article_published_time":"2025-07-12T19:38:00+00:00","article_modified_time":"2025-07-12T19:38:12+00:00","og_image":[{"width":1280,"height":720,"url":"https:\/\/www.em.com.br\/emfoco\/wp-content\/uploads\/2025\/07\/emprestimo_1751653688295.jpg","type":"image\/jpeg"}],"author":"Ingrid Diniz","twitter_card":"summary_large_image","twitter_misc":{"Escrito por":"Ingrid Diniz","Est. tempo de leitura":"4 minutos"},"schema":{"@context":"https:\/\/schema.org","@graph":[{"@type":"WebPage","@id":"https:\/\/www.em.com.br\/emfoco\/2025\/07\/12\/nova-regra-do-aviso-previo-garante-mais-dinheiro-na-rescisao\/","url":"https:\/\/www.em.com.br\/emfoco\/2025\/07\/12\/nova-regra-do-aviso-previo-garante-mais-dinheiro-na-rescisao\/","name":"Nova regra do aviso pr\u00e9vio garante mais dinheiro na rescis\u00e3o - Estado de Minas - Em foco","isPartOf":{"@id":"https:\/\/www.em.com.br\/emfoco\/#website"},"primaryImageOfPage":{"@id":"https:\/\/www.em.com.br\/emfoco\/2025\/07\/12\/nova-regra-do-aviso-previo-garante-mais-dinheiro-na-rescisao\/#primaryimage"},"image":{"@id":"https:\/\/www.em.com.br\/emfoco\/2025\/07\/12\/nova-regra-do-aviso-previo-garante-mais-dinheiro-na-rescisao\/#primaryimage"},"thumbnailUrl":"https:\/\/www.em.com.br\/emfoco\/wp-content\/uploads\/2025\/07\/emprestimo_1751653688295.jpg","datePublished":"2025-07-12T19:38:00+00:00","dateModified":"2025-07-12T19:38:12+00:00","author":{"@id":"https:\/\/www.em.com.br\/emfoco\/#\/schema\/person\/649e610b4eb8fff87ff394e54fe17b2b"},"description":"Entenda como o aviso pr\u00e9vio trabalhado ou indenizado pode influenciar no valor final que voc\u00ea vai receber ap\u00f3s a demiss\u00e3o.","breadcrumb":{"@id":"https:\/\/www.em.com.br\/emfoco\/2025\/07\/12\/nova-regra-do-aviso-previo-garante-mais-dinheiro-na-rescisao\/#breadcrumb"},"inLanguage":"pt-BR","potentialAction":[{"@type":"ReadAction","target":["https:\/\/www.em.com.br\/emfoco\/2025\/07\/12\/nova-regra-do-aviso-previo-garante-mais-dinheiro-na-rescisao\/"]}]},{"@type":"ImageObject","inLanguage":"pt-BR","@id":"https:\/\/www.em.com.br\/emfoco\/2025\/07\/12\/nova-regra-do-aviso-previo-garante-mais-dinheiro-na-rescisao\/#primaryimage","url":"https:\/\/www.em.com.br\/emfoco\/wp-content\/uploads\/2025\/07\/emprestimo_1751653688295.jpg","contentUrl":"https:\/\/www.em.com.br\/emfoco\/wp-content\/uploads\/2025\/07\/emprestimo_1751653688295.jpg","width":1280,"height":720,"caption":"Contrato - Cr\u00e9ditos: depositphotos.com \/ AndrewLozovyi"},{"@type":"BreadcrumbList","@id":"https:\/\/www.em.com.br\/emfoco\/2025\/07\/12\/nova-regra-do-aviso-previo-garante-mais-dinheiro-na-rescisao\/#breadcrumb","itemListElement":[{"@type":"ListItem","position":1,"name":"In\u00edcio","item":"https:\/\/www.em.com.br\/emfoco\/"},{"@type":"ListItem","position":2,"name":"Nova regra do aviso pr\u00e9vio garante mais dinheiro na rescis\u00e3o"}]},{"@type":"WebSite","@id":"https:\/\/www.em.com.br\/emfoco\/#website","url":"https:\/\/www.em.com.br\/emfoco\/","name":"Estado de Minas - Em foco","description":"Acompanhe as \u00faltimas not\u00edcias e fique bem informado sobre tudo o que acontece em Minas Gerais, Brasil e no mundo.","potentialAction":[{"@type":"SearchAction","target":{"@type":"EntryPoint","urlTemplate":"https:\/\/www.em.com.br\/emfoco\/?s={search_term_string}"},"query-input":{"@type":"PropertyValueSpecification","valueRequired":true,"valueName":"search_term_string"}}],"inLanguage":"pt-BR"},{"@type":"Person","@id":"https:\/\/www.em.com.br\/emfoco\/#\/schema\/person\/649e610b4eb8fff87ff394e54fe17b2b","name":"Ingrid Diniz","image":{"@type":"ImageObject","inLanguage":"pt-BR","@id":"https:\/\/www.em.com.br\/emfoco\/#\/schema\/person\/image\/","url":"https:\/\/secure.gravatar.com\/avatar\/a3baa1449ec5c39b4c42babc9d4f3951?s=96&d=mm&r=g","contentUrl":"https:\/\/secure.gravatar.com\/avatar\/a3baa1449ec5c39b4c42babc9d4f3951?s=96&d=mm&r=g","caption":"Ingrid Diniz"},"sameAs":["https:\/\/www.em.com.br\/"],"url":"https:\/\/www.em.com.br\/emfoco\/author\/ingridmyth\/"}]}},"_links":{"self":[{"href":"https:\/\/www.em.com.br\/emfoco\/wp-json\/wp\/v2\/posts\/74787","targetHints":{"allow":["GET"]}}],"collection":[{"href":"https:\/\/www.em.com.br\/emfoco\/wp-json\/wp\/v2\/posts"}],"about":[{"href":"https:\/\/www.em.com.br\/emfoco\/wp-json\/wp\/v2\/types\/post"}],"author":[{"embeddable":true,"href":"https:\/\/www.em.com.br\/emfoco\/wp-json\/wp\/v2\/users\/20"}],"replies":[{"embeddable":true,"href":"https:\/\/www.em.com.br\/emfoco\/wp-json\/wp\/v2\/comments?post=74787"}],"version-history":[{"count":1,"href":"https:\/\/www.em.com.br\/emfoco\/wp-json\/wp\/v2\/posts\/74787\/revisions"}],"predecessor-version":[{"id":74816,"href":"https:\/\/www.em.com.br\/emfoco\/wp-json\/wp\/v2\/posts\/74787\/revisions\/74816"}],"wp:featuredmedia":[{"embeddable":true,"href":"https:\/\/www.em.com.br\/emfoco\/wp-json\/wp\/v2\/media\/71516"}],"wp:attachment":[{"href":"https:\/\/www.em.com.br\/emfoco\/wp-json\/wp\/v2\/media?parent=74787"}],"wp:term":[{"taxonomy":"category","embeddable":true,"href":"https:\/\/www.em.com.br\/emfoco\/wp-json\/wp\/v2\/categories?post=74787"},{"taxonomy":"post_tag","embeddable":true,"href":"https:\/\/www.em.com.br\/emfoco\/wp-json\/wp\/v2\/tags?post=74787"}],"curies":[{"name":"wp","href":"https:\/\/api.w.org\/{rel}","templated":true}]}}