{"id":74767,"date":"2025-07-13T09:18:19","date_gmt":"2025-07-13T12:18:19","guid":{"rendered":"https:\/\/www.em.com.br\/emfoco\/?p=74767"},"modified":"2025-07-13T02:57:01","modified_gmt":"2025-07-13T05:57:01","slug":"fugir-da-raiva-constantemente-pode-ser-um-sintoma-psicologico","status":"publish","type":"post","link":"https:\/\/www.em.com.br\/emfoco\/2025\/07\/13\/fugir-da-raiva-constantemente-pode-ser-um-sintoma-psicologico\/","title":{"rendered":"Fugir da raiva constantemente pode ser um sintoma psicol\u00f3gico"},"content":{"rendered":"\n<p><strong>Se voc\u00ea nunca fica com raiva<\/strong>, esse comportamento pode ser um sinal de alerta psicol\u00f3gico e merece aten\u00e7\u00e3o. A aus\u00eancia total dessa emo\u00e7\u00e3o, muitas vezes vista como positiva, pode indicar dificuldades emocionais importantes. Entender as ra\u00edzes desse padr\u00e3o ajuda a promover uma rela\u00e7\u00e3o mais saud\u00e1vel com os pr\u00f3prios sentimentos.<\/p>\n\n\n\n<ul class=\"wp-block-list\">\n<li><strong>Sa\u00fade mental<\/strong>: Impactos do bloqueio da raiva sobre o bem-estar emocional.<\/li>\n\n\n\n<li><strong>Repress\u00e3o emocional<\/strong>: Por que algumas pessoas evitam expressar sentimentos negativos?<\/li>\n\n\n\n<li><strong>Sinais de alerta<\/strong>: Como reconhecer quando essa aus\u00eancia \u00e9 prejudicial \u00e0 sa\u00fade.<\/li>\n<\/ul>\n\n\n\n<h2 class=\"wp-block-heading\">Por que nunca sentir raiva pode indicar um problema psicol\u00f3gico?<\/h2>\n\n\n\n<p>A aus\u00eancia frequente de&nbsp;<strong>raiva<\/strong>&nbsp;n\u00e3o significa obrigatoriamente equil\u00edbrio emocional. A raiva \u00e9 uma emo\u00e7\u00e3o humana natural que, quando n\u00e3o reconhecida ou expressa, pode ser um sinal de repress\u00e3o emocional. Profissionais de sa\u00fade mental alertam que n\u00e3o sentir ou mostrar raiva pode apontar para dificuldades em lidar com sentimentos negativos.<\/p>\n\n\n\n<p>Pessoas que nunca ficam bravas costumam apresentar padr\u00f5es de comportamento ligados \u00e0 busca de aprova\u00e7\u00e3o, medo de conflitos ou experi\u00eancias traum\u00e1ticas anteriores. Nestes casos, a evita\u00e7\u00e3o da raiva serve como mecanismo de defesa para proteger contra julgamentos ou rejei\u00e7\u00f5es. Essa estrat\u00e9gia, por\u00e9m, pode comprometer o desenvolvimento de uma sa\u00fade mental robusta e a autenticidade nas rela\u00e7\u00f5es cotidianas.<\/p>\n\n\n<div class=\"wp-block-image\">\n<figure class=\"aligncenter size-large\"><img loading=\"lazy\" decoding=\"async\" width=\"1024\" height=\"576\" src=\"https:\/\/www.em.com.br\/emfoco\/wp-content\/uploads\/2025\/07\/Fugir-da-raiva-1024x576.png\" alt=\"Fugir da raiva\" class=\"wp-image-74771\" srcset=\"https:\/\/www.em.com.br\/emfoco\/wp-content\/uploads\/2025\/07\/Fugir-da-raiva-1024x576.png 1024w, https:\/\/www.em.com.br\/emfoco\/wp-content\/uploads\/2025\/07\/Fugir-da-raiva-300x169.png 300w, https:\/\/www.em.com.br\/emfoco\/wp-content\/uploads\/2025\/07\/Fugir-da-raiva-768x432.png 768w, https:\/\/www.em.com.br\/emfoco\/wp-content\/uploads\/2025\/07\/Fugir-da-raiva-750x422.png 750w, https:\/\/www.em.com.br\/emfoco\/wp-content\/uploads\/2025\/07\/Fugir-da-raiva-1140x641.png 1140w, https:\/\/www.em.com.br\/emfoco\/wp-content\/uploads\/2025\/07\/Fugir-da-raiva.png 1280w\" sizes=\"auto, (max-width: 1024px) 100vw, 1024px\" \/><figcaption class=\"wp-element-caption\">4Fugir da raiva &#8211; Cr\u00e9ditos: depositphotos.com \/ olly18 &#8211; Cr\u00e9ditos: depositphotos.com \/ HayDmitriy<\/figcaption><\/figure><\/div>\n\n\n<h2 class=\"wp-block-heading\">Quais s\u00e3o as consequ\u00eancias de reprimir sentimentos como a raiva?<\/h2>\n\n\n\n<p>Reprimir emo\u00e7\u00f5es, especialmente a&nbsp;<strong>raiva<\/strong>, pode causar ac\u00famulo de tens\u00e3o interna, levando a quadros de estresse, ansiedade e sintomas f\u00edsicos como dores musculares ou dist\u00farbios digestivos. Com o tempo, a dificuldade em externalizar emo\u00e7\u00f5es negativas pode tamb\u00e9m dificultar o estabelecimento de limites saud\u00e1veis, aumentando o risco de ser submetido a situa\u00e7\u00f5es prejudiciais repetidamente.<\/p>\n\n\n\n<p>Aten\u00e7\u00e3o: O bloqueio constante dessas emo\u00e7\u00f5es pode agravar transtornos psicol\u00f3gicos, como depress\u00e3o ou transtornos somat\u00f3formes. Profissionais sugerem buscar apoio psicol\u00f3gico caso a aus\u00eancia de raiva comprometa rela\u00e7\u00f5es interpessoais ou a qualidade de vida.<\/p>\n\n\n\n<p>Leia tamb\u00e9m: <a href=\"https:\/\/www.em.com.br\/emfoco\/2025\/07\/11\/a-felicidade-intensa-mexe-com-o-cerebro-mais-do-que-imaginamos\/\" target=\"_blank\" rel=\"noreferrer noopener\">A felicidade intensa mexe com o c\u00e9rebro mais do que imaginamos<\/a><\/p>\n\n\n\n<h2 class=\"wp-block-heading\">Como identificar o bloqueio e buscar equil\u00edbrio emocional?<\/h2>\n\n\n\n<p>Perceber se a&nbsp;<strong>raiva<\/strong>&nbsp;est\u00e1 sendo evitada exige autopercep\u00e7\u00e3o e an\u00e1lise do pr\u00f3prio comportamento. Alguns sinais comuns s\u00e3o:<\/p>\n\n\n\n<ul class=\"wp-block-list\">\n<li>Dificuldade em dizer \u201cn\u00e3o\u201d mesmo quando necess\u00e1rio<\/li>\n\n\n\n<li>Priorizar necessidades dos outros ao extremo<\/li>\n\n\n\n<li>Sensa\u00e7\u00e3o de vazio emocional ou distanciamento afetivo<\/li>\n<\/ul>\n\n\n\n<p>Encontrar equil\u00edbrio emocional passa por reconhecer e aceitar todas as emo\u00e7\u00f5es, incluindo aquelas consideradas negativas. O processo pode envolver terapia, pr\u00e1ticas de autocuidado ou <a href=\"https:\/\/www.gov.br\/saude\/pt-br\/assuntos\/saude-de-a-a-z\/s\/saude-mental\" target=\"_blank\" rel=\"noreferrer noopener\">conversas <\/a>sinceras com pessoas de confian\u00e7a. Aprender a expressar sentimentos de maneira respeitosa contribui para fortalecer rela\u00e7\u00f5es e evitar sobrecarga mental.<\/p>\n\n\n\n<p>Dica r\u00e1pida: Permitir-se sentir raiva n\u00e3o significa perder o controle. Trata-se de identificar o sentimento e buscar formas saud\u00e1veis de comunica\u00e7\u00e3o.<\/p>\n\n\n\n<h2 class=\"wp-block-heading\">Sa\u00fade emocional requer express\u00e3o das emo\u00e7\u00f5es<\/h2>\n\n\n\n<ul class=\"wp-block-list\">\n<li>O&nbsp;<strong>bloqueio da raiva<\/strong>&nbsp;pode estar relacionado \u00e0 repress\u00e3o emocional e precisa ser observado.<\/li>\n\n\n\n<li>Identificar e trabalhar sentimentos negativos \u00e9 fundamental para o bem-estar mental e rela\u00e7\u00f5es saud\u00e1veis.<\/li>\n\n\n\n<li>Buscar equil\u00edbrio emocional com suporte profissional pode ajudar a prevenir quadros de ansiedade e depress\u00e3o.<\/li>\n<\/ul>\n","protected":false},"excerpt":{"rendered":"<p>Se voc\u00ea nunca fica com raiva, esse comportamento pode ser um sinal de alerta psicol\u00f3gico e merece aten\u00e7\u00e3o. A aus\u00eancia total dessa emo\u00e7\u00e3o, muitas vezes vista como positiva, pode indicar dificuldades emocionais importantes. Entender as ra\u00edzes desse padr\u00e3o ajuda a promover uma rela\u00e7\u00e3o mais saud\u00e1vel com os pr\u00f3prios sentimentos. Por que nunca sentir raiva pode [&hellip;]<\/p>\n","protected":false},"author":15,"featured_media":74770,"comment_status":"open","ping_status":"open","sticky":false,"template":"","format":"standard","meta":{"jnews-multi-image_gallery":[],"jnews_single_post":{"format":"standard"},"jnews_primary_category":[],"jnews_social_meta":[],"jnews_override_counter":[],"footnotes":""},"categories":[8819],"tags":[1060,5155,7526,410],"class_list":["post-74767","post","type-post","status-publish","format-standard","has-post-thumbnail","hentry","category-curiosidades","tag-emocoes","tag-psicologia","tag-raiva","tag-saude-mental"],"yoast_head":"<!-- This site is optimized with the Yoast SEO plugin v23.8 - https:\/\/yoast.com\/wordpress\/plugins\/seo\/ -->\n<title>Fugir da raiva constantemente pode ser um sintoma psicol\u00f3gico - Estado de Minas - Em foco<\/title>\n<meta name=\"description\" content=\"Nunca sentir raiva pode parecer maturidade mas pode indicar bloqueio emocional. Veja o que a psicologia diz sobre essa aus\u00eancia de rea\u00e7\u00e3o\" \/>\n<meta name=\"robots\" content=\"index, follow, max-snippet:-1, max-image-preview:large, max-video-preview:-1\" \/>\n<link rel=\"canonical\" href=\"https:\/\/www.em.com.br\/emfoco\/2025\/07\/13\/fugir-da-raiva-constantemente-pode-ser-um-sintoma-psicologico\/\" \/>\n<meta property=\"og:locale\" content=\"pt_BR\" \/>\n<meta property=\"og:type\" content=\"article\" \/>\n<meta property=\"og:title\" content=\"Fugir da raiva constantemente pode ser um sintoma psicol\u00f3gico - Estado de Minas - Em foco\" \/>\n<meta property=\"og:description\" content=\"Nunca sentir raiva pode parecer maturidade mas pode indicar bloqueio emocional. Veja o que a psicologia diz sobre essa aus\u00eancia de rea\u00e7\u00e3o\" \/>\n<meta property=\"og:url\" content=\"https:\/\/www.em.com.br\/emfoco\/2025\/07\/13\/fugir-da-raiva-constantemente-pode-ser-um-sintoma-psicologico\/\" \/>\n<meta property=\"og:site_name\" content=\"Estado de Minas - Em foco\" \/>\n<meta property=\"article:published_time\" content=\"2025-07-13T12:18:19+00:00\" \/>\n<meta property=\"article:modified_time\" content=\"2025-07-13T05:57:01+00:00\" \/>\n<meta property=\"og:image\" content=\"https:\/\/www.em.com.br\/emfoco\/wp-content\/uploads\/2025\/07\/raiva_1752266550376.jpg\" \/>\n\t<meta property=\"og:image:width\" content=\"1280\" \/>\n\t<meta property=\"og:image:height\" content=\"720\" \/>\n\t<meta property=\"og:image:type\" content=\"image\/jpeg\" \/>\n<meta name=\"author\" content=\"Douglas Myth\" \/>\n<meta name=\"twitter:card\" content=\"summary_large_image\" \/>\n<meta name=\"twitter:label1\" content=\"Escrito por\" \/>\n\t<meta name=\"twitter:data1\" content=\"Douglas Myth\" \/>\n\t<meta name=\"twitter:label2\" content=\"Est. tempo de leitura\" \/>\n\t<meta name=\"twitter:data2\" content=\"4 minutos\" \/>\n<!-- \/ Yoast SEO plugin. -->","yoast_head_json":{"title":"Fugir da raiva constantemente pode ser um sintoma psicol\u00f3gico - Estado de Minas - Em foco","description":"Nunca sentir raiva pode parecer maturidade mas pode indicar bloqueio emocional. Veja o que a psicologia diz sobre essa aus\u00eancia de rea\u00e7\u00e3o","robots":{"index":"index","follow":"follow","max-snippet":"max-snippet:-1","max-image-preview":"max-image-preview:large","max-video-preview":"max-video-preview:-1"},"canonical":"https:\/\/www.em.com.br\/emfoco\/2025\/07\/13\/fugir-da-raiva-constantemente-pode-ser-um-sintoma-psicologico\/","og_locale":"pt_BR","og_type":"article","og_title":"Fugir da raiva constantemente pode ser um sintoma psicol\u00f3gico - Estado de Minas - Em foco","og_description":"Nunca sentir raiva pode parecer maturidade mas pode indicar bloqueio emocional. Veja o que a psicologia diz sobre essa aus\u00eancia de rea\u00e7\u00e3o","og_url":"https:\/\/www.em.com.br\/emfoco\/2025\/07\/13\/fugir-da-raiva-constantemente-pode-ser-um-sintoma-psicologico\/","og_site_name":"Estado de Minas - Em foco","article_published_time":"2025-07-13T12:18:19+00:00","article_modified_time":"2025-07-13T05:57:01+00:00","og_image":[{"width":1280,"height":720,"url":"https:\/\/www.em.com.br\/emfoco\/wp-content\/uploads\/2025\/07\/raiva_1752266550376.jpg","type":"image\/jpeg"}],"author":"Douglas Myth","twitter_card":"summary_large_image","twitter_misc":{"Escrito por":"Douglas Myth","Est. tempo de leitura":"4 minutos"},"schema":{"@context":"https:\/\/schema.org","@graph":[{"@type":"WebPage","@id":"https:\/\/www.em.com.br\/emfoco\/2025\/07\/13\/fugir-da-raiva-constantemente-pode-ser-um-sintoma-psicologico\/","url":"https:\/\/www.em.com.br\/emfoco\/2025\/07\/13\/fugir-da-raiva-constantemente-pode-ser-um-sintoma-psicologico\/","name":"Fugir da raiva constantemente pode ser um sintoma psicol\u00f3gico - Estado de Minas - Em foco","isPartOf":{"@id":"https:\/\/www.em.com.br\/emfoco\/#website"},"primaryImageOfPage":{"@id":"https:\/\/www.em.com.br\/emfoco\/2025\/07\/13\/fugir-da-raiva-constantemente-pode-ser-um-sintoma-psicologico\/#primaryimage"},"image":{"@id":"https:\/\/www.em.com.br\/emfoco\/2025\/07\/13\/fugir-da-raiva-constantemente-pode-ser-um-sintoma-psicologico\/#primaryimage"},"thumbnailUrl":"https:\/\/www.em.com.br\/emfoco\/wp-content\/uploads\/2025\/07\/raiva_1752266550376.jpg","datePublished":"2025-07-13T12:18:19+00:00","dateModified":"2025-07-13T05:57:01+00:00","author":{"@id":"https:\/\/www.em.com.br\/emfoco\/#\/schema\/person\/bba594b7eebe9b9885fec3a5c7837089"},"description":"Nunca sentir raiva pode parecer maturidade mas pode indicar bloqueio emocional. Veja o que a psicologia diz sobre essa aus\u00eancia de rea\u00e7\u00e3o","breadcrumb":{"@id":"https:\/\/www.em.com.br\/emfoco\/2025\/07\/13\/fugir-da-raiva-constantemente-pode-ser-um-sintoma-psicologico\/#breadcrumb"},"inLanguage":"pt-BR","potentialAction":[{"@type":"ReadAction","target":["https:\/\/www.em.com.br\/emfoco\/2025\/07\/13\/fugir-da-raiva-constantemente-pode-ser-um-sintoma-psicologico\/"]}]},{"@type":"ImageObject","inLanguage":"pt-BR","@id":"https:\/\/www.em.com.br\/emfoco\/2025\/07\/13\/fugir-da-raiva-constantemente-pode-ser-um-sintoma-psicologico\/#primaryimage","url":"https:\/\/www.em.com.br\/emfoco\/wp-content\/uploads\/2025\/07\/raiva_1752266550376.jpg","contentUrl":"https:\/\/www.em.com.br\/emfoco\/wp-content\/uploads\/2025\/07\/raiva_1752266550376.jpg","width":1280,"height":720,"caption":"Fugir da raiva - Cr\u00e9ditos: depositphotos.com \/ HayDmitriy"},{"@type":"BreadcrumbList","@id":"https:\/\/www.em.com.br\/emfoco\/2025\/07\/13\/fugir-da-raiva-constantemente-pode-ser-um-sintoma-psicologico\/#breadcrumb","itemListElement":[{"@type":"ListItem","position":1,"name":"In\u00edcio","item":"https:\/\/www.em.com.br\/emfoco\/"},{"@type":"ListItem","position":2,"name":"Fugir da raiva constantemente pode ser um sintoma psicol\u00f3gico"}]},{"@type":"WebSite","@id":"https:\/\/www.em.com.br\/emfoco\/#website","url":"https:\/\/www.em.com.br\/emfoco\/","name":"Estado de Minas - Em foco","description":"Acompanhe as \u00faltimas not\u00edcias e fique bem informado sobre tudo o que acontece em Minas Gerais, Brasil e no mundo.","potentialAction":[{"@type":"SearchAction","target":{"@type":"EntryPoint","urlTemplate":"https:\/\/www.em.com.br\/emfoco\/?s={search_term_string}"},"query-input":{"@type":"PropertyValueSpecification","valueRequired":true,"valueName":"search_term_string"}}],"inLanguage":"pt-BR"},{"@type":"Person","@id":"https:\/\/www.em.com.br\/emfoco\/#\/schema\/person\/bba594b7eebe9b9885fec3a5c7837089","name":"Douglas Myth","image":{"@type":"ImageObject","inLanguage":"pt-BR","@id":"https:\/\/www.em.com.br\/emfoco\/#\/schema\/person\/image\/","url":"https:\/\/secure.gravatar.com\/avatar\/1ac3cf50d0e68642c697dc0c960c802f?s=96&d=mm&r=g","contentUrl":"https:\/\/secure.gravatar.com\/avatar\/1ac3cf50d0e68642c697dc0c960c802f?s=96&d=mm&r=g","caption":"Douglas Myth"},"url":"https:\/\/www.em.com.br\/emfoco\/author\/douglasmyth\/"}]}},"_links":{"self":[{"href":"https:\/\/www.em.com.br\/emfoco\/wp-json\/wp\/v2\/posts\/74767","targetHints":{"allow":["GET"]}}],"collection":[{"href":"https:\/\/www.em.com.br\/emfoco\/wp-json\/wp\/v2\/posts"}],"about":[{"href":"https:\/\/www.em.com.br\/emfoco\/wp-json\/wp\/v2\/types\/post"}],"author":[{"embeddable":true,"href":"https:\/\/www.em.com.br\/emfoco\/wp-json\/wp\/v2\/users\/15"}],"replies":[{"embeddable":true,"href":"https:\/\/www.em.com.br\/emfoco\/wp-json\/wp\/v2\/comments?post=74767"}],"version-history":[{"count":4,"href":"https:\/\/www.em.com.br\/emfoco\/wp-json\/wp\/v2\/posts\/74767\/revisions"}],"predecessor-version":[{"id":75289,"href":"https:\/\/www.em.com.br\/emfoco\/wp-json\/wp\/v2\/posts\/74767\/revisions\/75289"}],"wp:featuredmedia":[{"embeddable":true,"href":"https:\/\/www.em.com.br\/emfoco\/wp-json\/wp\/v2\/media\/74770"}],"wp:attachment":[{"href":"https:\/\/www.em.com.br\/emfoco\/wp-json\/wp\/v2\/media?parent=74767"}],"wp:term":[{"taxonomy":"category","embeddable":true,"href":"https:\/\/www.em.com.br\/emfoco\/wp-json\/wp\/v2\/categories?post=74767"},{"taxonomy":"post_tag","embeddable":true,"href":"https:\/\/www.em.com.br\/emfoco\/wp-json\/wp\/v2\/tags?post=74767"}],"curies":[{"name":"wp","href":"https:\/\/api.w.org\/{rel}","templated":true}]}}