{"id":7473,"date":"2025-01-06T21:20:00","date_gmt":"2025-01-07T00:20:00","guid":{"rendered":"https:\/\/www.em.com.br\/emfoco\/?p=7473"},"modified":"2024-12-28T23:41:29","modified_gmt":"2024-12-29T02:41:29","slug":"a-surpreendente-cidade-paulista-que-desponta-no-indice-de-progresso-social","status":"publish","type":"post","link":"https:\/\/www.em.com.br\/emfoco\/2025\/01\/06\/a-surpreendente-cidade-paulista-que-desponta-no-indice-de-progresso-social\/","title":{"rendered":"A Surpreendente Cidade Paulista que Desponta no \u00cdndice de Progresso Social"},"content":{"rendered":"\n<p>Gavi\u00e3o Peixoto, uma cidade no cora\u00e7\u00e3o do estado de <strong><a href=\"https:\/\/www.em.com.br\/emfoco\/2024\/12\/22\/descubra-a-cidade-mais-barata-para-comprar-imoveis-em-sao-paulo\/\" target=\"_blank\" rel=\"noreferrer noopener\">S\u00e3o Paulo<\/a><\/strong>, tem se destacado por sua evolu\u00e7\u00e3o surpreendente em termos de progresso social e urbano. Desde sua emancipa\u00e7\u00e3o pol\u00edtica em 1995, quando se separou de Araraquara, a cidade tem demonstrado uma capacidade impressionante de crescimento e desenvolvimento, ocupando posi\u00e7\u00f5es de lideran\u00e7a no <strong><a href=\"https:\/\/ipsbrasil.org.br\/\" target=\"_blank\" rel=\"noreferrer noopener\">\u00cdndice de Progresso Social<\/a><\/strong> (IPS) do Brasil.<\/p>\n\n\n\n<p>A estrat\u00e9gia da cidade tem sido uma combina\u00e7\u00e3o de gest\u00e3o urbana eficiente e investimentos em programas sociais que juntos transformaram a infraestrutura local, melhorando significativamente o acesso a servi\u00e7os essenciais e elevando a qualidade de vida de seus habitantes.<\/p>\n\n\n\n<h2 class=\"wp-block-heading\">O Que Mensura o \u00cdndice de Progresso Social?<\/h2>\n\n\n\n<p>Para entender o sucesso de Gavi\u00e3o Peixoto no IPS, \u00e9 importante saber que este \u00edndice avalia o bem-estar humano em tr\u00eas dimens\u00f5es principais: <strong>Necessidades Humanas B\u00e1sicas<\/strong>, <strong>Fundamentos do Bem-estar<\/strong> e <strong>Oportunidades<\/strong>. Esses crit\u00e9rios abrangem desde o acesso \u00e0 sa\u00fade e saneamento at\u00e9 a garantia de direitos e acessos a oportunidades educacionais e econ\u00f4micas.<\/p>\n\n\n\n<p>Nesse contexto, Gavi\u00e3o Peixoto se destaca especialmente pela excel\u00eancia em seus servi\u00e7os de saneamento e sa\u00fade, o que n\u00e3o apenas promove a longevidade de sua popula\u00e7\u00e3o, mas tamb\u00e9m melhora a satisfa\u00e7\u00e3o com a vida na cidade.<\/p>\n\n\n\n<figure class=\"wp-block-image size-full\"><img loading=\"lazy\" decoding=\"async\" width=\"959\" height=\"540\" src=\"https:\/\/www.em.com.br\/emfoco\/wp-content\/uploads\/2024\/12\/image-71-e1734461525309.png\" alt=\"Conhe\u00e7a a Cidade Paulista Que Se Tornou Refer\u00eancia Nacional em Qualidade de Vida\" class=\"wp-image-5457\" srcset=\"https:\/\/www.em.com.br\/emfoco\/wp-content\/uploads\/2024\/12\/image-71-e1734461525309.png 959w, https:\/\/www.em.com.br\/emfoco\/wp-content\/uploads\/2024\/12\/image-71-e1734461525309-300x169.png 300w, https:\/\/www.em.com.br\/emfoco\/wp-content\/uploads\/2024\/12\/image-71-e1734461525309-768x432.png 768w, https:\/\/www.em.com.br\/emfoco\/wp-content\/uploads\/2024\/12\/image-71-e1734461525309-750x422.png 750w\" sizes=\"auto, (max-width: 959px) 100vw, 959px\" \/><figcaption class=\"wp-element-caption\">Gavi\u00e3o Peixoto &#8211; Cr\u00e9ditos: YT: Jr Longo<\/figcaption><\/figure>\n\n\n\n<h2 class=\"wp-block-heading\">Qual \u00c9 o Impacto da Embraer na Cidade?<\/h2>\n\n\n\n<p>Desde a instala\u00e7\u00e3o de uma unidade da Embraer em 2001, Gavi\u00e3o Peixoto experimentou uma transforma\u00e7\u00e3o econ\u00f4mica significativa. Esta gigante do setor aeroespacial n\u00e3o s\u00f3 criou empregos locais, mas tamb\u00e9m atraiu uma base diversificada de profissionais para a cidade, impulsionando o mercado de trabalho com oportunidades valiosas.<\/p>\n\n\n\n<p>O crescimento econ\u00f4mico derivado da presen\u00e7a da Embraer trouxe estabilidade financeira e elevou o padr\u00e3o de vida, destacando a cidade como uma \u00e1rea promissora para o desenvolvimento industrial e tecnol\u00f3gico.<\/p>\n\n\n\n<h2 class=\"wp-block-heading\">Quais S\u00e3o os Atributos que Tornam Gavi\u00e3o Peixoto Atraente para se Viver?<\/h2>\n\n\n\n<p>Combinando uma ambi\u00eancia serena com boas condi\u00e7\u00f5es educacionais e oportunidades de emprego, Gavi\u00e3o Peixoto tem se tornado uma escolha desej\u00e1vel para muitas fam\u00edlias. As iniciativas educacionais locais, apoiadas por pol\u00edticas de incentivo ao desenvolvimento pessoal, criam um ambiente prop\u00edcio ao crescimento familiar e ao aprendizado cont\u00ednuo.<\/p>\n\n\n\n<p>Al\u00e9m disso, a cidade se beneficiou de um planejamento urbano planejado, proporcionando seguran\u00e7a e qualidade de vida, fatores cruciais para aqueles que desejam um lugar equilibrado para morar e trabalhar.<\/p>\n\n\n\n<h2 class=\"wp-block-heading\">Gavi\u00e3o Peixoto: Exemplo de Desenvolvimento Sustent\u00e1vel<\/h2>\n\n\n\n<p>O caso de Gavi\u00e3o Peixoto serve como uma li\u00e7\u00e3o valiosa sobre como pequenas cidades podem alcan\u00e7ar altos n\u00edveis de desenvolvimento humano e qualidade de vida. Atrav\u00e9s de pol\u00edticas p\u00fablicas bem executadas e um forte compromisso com a melhoria cont\u00ednua, a cidade se estabelece como um modelo de como a gest\u00e3o eficiente e as parcerias estrat\u00e9gicas podem transformar realidades.<\/p>\n\n\n\n<p>Com foco em turismo sustent\u00e1vel e na preserva\u00e7\u00e3o de sua heran\u00e7a cultural, Gavi\u00e3o Peixoto continua a expandir suas capacidades, criando um ambiente inclusivo e progressista para todos que escolhem chamar este local de lar.<\/p>\n","protected":false},"excerpt":{"rendered":"<p>Gavi\u00e3o Peixoto, uma cidade no cora\u00e7\u00e3o do estado de S\u00e3o Paulo, tem se destacado por sua evolu\u00e7\u00e3o surpreendente em termos de progresso social e urbano. Desde sua emancipa\u00e7\u00e3o pol\u00edtica em 1995, quando se separou de Araraquara, a cidade tem demonstrado uma capacidade impressionante de crescimento e desenvolvimento, ocupando posi\u00e7\u00f5es de lideran\u00e7a no \u00cdndice de Progresso [&hellip;]<\/p>\n","protected":false},"author":5,"featured_media":5562,"comment_status":"open","ping_status":"open","sticky":false,"template":"","format":"standard","meta":{"jnews-multi-image_gallery":[],"jnews_single_post":{"format":"standard"},"jnews_primary_category":[],"jnews_social_meta":[],"jnews_override_counter":[],"footnotes":""},"categories":[26,1],"tags":[552,2634,553,1192,157],"class_list":["post-7473","post","type-post","status-publish","format-standard","has-post-thumbnail","hentry","category-cidades","category-noticias","tag-gaviao-peixoto","tag-paulista","tag-sao-paulo","tag-sudeste","tag-turismo"],"yoast_head":"<!-- This site is optimized with the Yoast SEO plugin v23.8 - https:\/\/yoast.com\/wordpress\/plugins\/seo\/ -->\n<title>A Surpreendente Cidade Paulista que Desponta no \u00cdndice de Progresso Social - Estado de Minas - Em foco<\/title>\n<meta name=\"description\" content=\"Quer morar em uma cidade com alta qualidade de vida? Conhe\u00e7a Gavi\u00e3o Peixoto e descubra tudo o que ela tem a oferecer.\" \/>\n<meta name=\"robots\" content=\"index, follow, max-snippet:-1, max-image-preview:large, max-video-preview:-1\" \/>\n<link rel=\"canonical\" href=\"https:\/\/www.em.com.br\/emfoco\/2025\/01\/06\/a-surpreendente-cidade-paulista-que-desponta-no-indice-de-progresso-social\/\" \/>\n<meta property=\"og:locale\" content=\"pt_BR\" \/>\n<meta property=\"og:type\" content=\"article\" \/>\n<meta property=\"og:title\" content=\"A Surpreendente Cidade Paulista que Desponta no \u00cdndice de Progresso Social - Estado de Minas - Em foco\" \/>\n<meta property=\"og:description\" content=\"Quer morar em uma cidade com alta qualidade de vida? Conhe\u00e7a Gavi\u00e3o Peixoto e descubra tudo o que ela tem a oferecer.\" \/>\n<meta property=\"og:url\" content=\"https:\/\/www.em.com.br\/emfoco\/2025\/01\/06\/a-surpreendente-cidade-paulista-que-desponta-no-indice-de-progresso-social\/\" \/>\n<meta property=\"og:site_name\" content=\"Estado de Minas - Em foco\" \/>\n<meta property=\"article:published_time\" content=\"2025-01-07T00:20:00+00:00\" \/>\n<meta property=\"article:modified_time\" content=\"2024-12-29T02:41:29+00:00\" \/>\n<meta property=\"og:image\" content=\"https:\/\/www.em.com.br\/emfoco\/wp-content\/uploads\/2024\/12\/melhores_1734524179188.png\" \/>\n\t<meta property=\"og:image:width\" content=\"1280\" \/>\n\t<meta property=\"og:image:height\" content=\"720\" \/>\n\t<meta property=\"og:image:type\" content=\"image\/png\" \/>\n<meta name=\"author\" content=\"N\u00fabia Rangel\" \/>\n<meta name=\"twitter:card\" content=\"summary_large_image\" \/>\n<meta name=\"twitter:label1\" content=\"Escrito por\" \/>\n\t<meta name=\"twitter:data1\" content=\"N\u00fabia Rangel\" \/>\n\t<meta name=\"twitter:label2\" content=\"Est. tempo de leitura\" \/>\n\t<meta name=\"twitter:data2\" content=\"4 minutos\" \/>\n<!-- \/ Yoast SEO plugin. -->","yoast_head_json":{"title":"A Surpreendente Cidade Paulista que Desponta no \u00cdndice de Progresso Social - Estado de Minas - Em foco","description":"Quer morar em uma cidade com alta qualidade de vida? Conhe\u00e7a Gavi\u00e3o Peixoto e descubra tudo o que ela tem a oferecer.","robots":{"index":"index","follow":"follow","max-snippet":"max-snippet:-1","max-image-preview":"max-image-preview:large","max-video-preview":"max-video-preview:-1"},"canonical":"https:\/\/www.em.com.br\/emfoco\/2025\/01\/06\/a-surpreendente-cidade-paulista-que-desponta-no-indice-de-progresso-social\/","og_locale":"pt_BR","og_type":"article","og_title":"A Surpreendente Cidade Paulista que Desponta no \u00cdndice de Progresso Social - Estado de Minas - Em foco","og_description":"Quer morar em uma cidade com alta qualidade de vida? Conhe\u00e7a Gavi\u00e3o Peixoto e descubra tudo o que ela tem a oferecer.","og_url":"https:\/\/www.em.com.br\/emfoco\/2025\/01\/06\/a-surpreendente-cidade-paulista-que-desponta-no-indice-de-progresso-social\/","og_site_name":"Estado de Minas - Em foco","article_published_time":"2025-01-07T00:20:00+00:00","article_modified_time":"2024-12-29T02:41:29+00:00","og_image":[{"width":1280,"height":720,"url":"https:\/\/www.em.com.br\/emfoco\/wp-content\/uploads\/2024\/12\/melhores_1734524179188.png","type":"image\/png"}],"author":"N\u00fabia Rangel","twitter_card":"summary_large_image","twitter_misc":{"Escrito por":"N\u00fabia Rangel","Est. tempo de leitura":"4 minutos"},"schema":{"@context":"https:\/\/schema.org","@graph":[{"@type":"WebPage","@id":"https:\/\/www.em.com.br\/emfoco\/2025\/01\/06\/a-surpreendente-cidade-paulista-que-desponta-no-indice-de-progresso-social\/","url":"https:\/\/www.em.com.br\/emfoco\/2025\/01\/06\/a-surpreendente-cidade-paulista-que-desponta-no-indice-de-progresso-social\/","name":"A Surpreendente Cidade Paulista que Desponta no \u00cdndice de Progresso Social - Estado de Minas - Em foco","isPartOf":{"@id":"https:\/\/www.em.com.br\/emfoco\/#website"},"primaryImageOfPage":{"@id":"https:\/\/www.em.com.br\/emfoco\/2025\/01\/06\/a-surpreendente-cidade-paulista-que-desponta-no-indice-de-progresso-social\/#primaryimage"},"image":{"@id":"https:\/\/www.em.com.br\/emfoco\/2025\/01\/06\/a-surpreendente-cidade-paulista-que-desponta-no-indice-de-progresso-social\/#primaryimage"},"thumbnailUrl":"https:\/\/www.em.com.br\/emfoco\/wp-content\/uploads\/2024\/12\/melhores_1734524179188.png","datePublished":"2025-01-07T00:20:00+00:00","dateModified":"2024-12-29T02:41:29+00:00","author":{"@id":"https:\/\/www.em.com.br\/emfoco\/#\/schema\/person\/524437ef54f8a5d32591b143307f2e20"},"description":"Quer morar em uma cidade com alta qualidade de vida? Conhe\u00e7a Gavi\u00e3o Peixoto e descubra tudo o que ela tem a oferecer.","breadcrumb":{"@id":"https:\/\/www.em.com.br\/emfoco\/2025\/01\/06\/a-surpreendente-cidade-paulista-que-desponta-no-indice-de-progresso-social\/#breadcrumb"},"inLanguage":"pt-BR","potentialAction":[{"@type":"ReadAction","target":["https:\/\/www.em.com.br\/emfoco\/2025\/01\/06\/a-surpreendente-cidade-paulista-que-desponta-no-indice-de-progresso-social\/"]}]},{"@type":"ImageObject","inLanguage":"pt-BR","@id":"https:\/\/www.em.com.br\/emfoco\/2025\/01\/06\/a-surpreendente-cidade-paulista-que-desponta-no-indice-de-progresso-social\/#primaryimage","url":"https:\/\/www.em.com.br\/emfoco\/wp-content\/uploads\/2024\/12\/melhores_1734524179188.png","contentUrl":"https:\/\/www.em.com.br\/emfoco\/wp-content\/uploads\/2024\/12\/melhores_1734524179188.png","width":1280,"height":720,"caption":"Imagem Ilustrativa de Sucesso - Cr\u00e9ditos: depositphotos.com \/ violetkaipa"},{"@type":"BreadcrumbList","@id":"https:\/\/www.em.com.br\/emfoco\/2025\/01\/06\/a-surpreendente-cidade-paulista-que-desponta-no-indice-de-progresso-social\/#breadcrumb","itemListElement":[{"@type":"ListItem","position":1,"name":"In\u00edcio","item":"https:\/\/www.em.com.br\/emfoco\/"},{"@type":"ListItem","position":2,"name":"A Surpreendente Cidade Paulista que Desponta no \u00cdndice de Progresso Social"}]},{"@type":"WebSite","@id":"https:\/\/www.em.com.br\/emfoco\/#website","url":"https:\/\/www.em.com.br\/emfoco\/","name":"Estado de Minas - Em foco","description":"Acompanhe as \u00faltimas not\u00edcias e fique bem informado sobre tudo o que acontece em Minas Gerais, Brasil e no mundo.","potentialAction":[{"@type":"SearchAction","target":{"@type":"EntryPoint","urlTemplate":"https:\/\/www.em.com.br\/emfoco\/?s={search_term_string}"},"query-input":{"@type":"PropertyValueSpecification","valueRequired":true,"valueName":"search_term_string"}}],"inLanguage":"pt-BR"},{"@type":"Person","@id":"https:\/\/www.em.com.br\/emfoco\/#\/schema\/person\/524437ef54f8a5d32591b143307f2e20","name":"N\u00fabia Rangel","image":{"@type":"ImageObject","inLanguage":"pt-BR","@id":"https:\/\/www.em.com.br\/emfoco\/#\/schema\/person\/image\/","url":"https:\/\/secure.gravatar.com\/avatar\/47cff2827a5ba23c37e8068c86817ea4?s=96&d=mm&r=g","contentUrl":"https:\/\/secure.gravatar.com\/avatar\/47cff2827a5ba23c37e8068c86817ea4?s=96&d=mm&r=g","caption":"N\u00fabia Rangel"},"sameAs":["https:\/\/www.em.com.br\/emfoco\/"],"url":"https:\/\/www.em.com.br\/emfoco\/author\/nubiamyth\/"}]}},"_links":{"self":[{"href":"https:\/\/www.em.com.br\/emfoco\/wp-json\/wp\/v2\/posts\/7473","targetHints":{"allow":["GET"]}}],"collection":[{"href":"https:\/\/www.em.com.br\/emfoco\/wp-json\/wp\/v2\/posts"}],"about":[{"href":"https:\/\/www.em.com.br\/emfoco\/wp-json\/wp\/v2\/types\/post"}],"author":[{"embeddable":true,"href":"https:\/\/www.em.com.br\/emfoco\/wp-json\/wp\/v2\/users\/5"}],"replies":[{"embeddable":true,"href":"https:\/\/www.em.com.br\/emfoco\/wp-json\/wp\/v2\/comments?post=7473"}],"version-history":[{"count":2,"href":"https:\/\/www.em.com.br\/emfoco\/wp-json\/wp\/v2\/posts\/7473\/revisions"}],"predecessor-version":[{"id":7475,"href":"https:\/\/www.em.com.br\/emfoco\/wp-json\/wp\/v2\/posts\/7473\/revisions\/7475"}],"wp:featuredmedia":[{"embeddable":true,"href":"https:\/\/www.em.com.br\/emfoco\/wp-json\/wp\/v2\/media\/5562"}],"wp:attachment":[{"href":"https:\/\/www.em.com.br\/emfoco\/wp-json\/wp\/v2\/media?parent=7473"}],"wp:term":[{"taxonomy":"category","embeddable":true,"href":"https:\/\/www.em.com.br\/emfoco\/wp-json\/wp\/v2\/categories?post=7473"},{"taxonomy":"post_tag","embeddable":true,"href":"https:\/\/www.em.com.br\/emfoco\/wp-json\/wp\/v2\/tags?post=7473"}],"curies":[{"name":"wp","href":"https:\/\/api.w.org\/{rel}","templated":true}]}}