{"id":74579,"date":"2025-07-13T19:48:00","date_gmt":"2025-07-13T22:48:00","guid":{"rendered":"https:\/\/www.em.com.br\/emfoco\/?p=74579"},"modified":"2025-07-11T15:21:02","modified_gmt":"2025-07-11T18:21:02","slug":"essa-cidade-mineira-esconde-paisagens-e-cultura-de-tirar-o-folego","status":"publish","type":"post","link":"https:\/\/www.em.com.br\/emfoco\/2025\/07\/13\/essa-cidade-mineira-esconde-paisagens-e-cultura-de-tirar-o-folego\/","title":{"rendered":"Essa cidade mineira esconde paisagens e cultura de tirar o f\u00f4lego"},"content":{"rendered":"\n<p>A cidade de\u00a0<strong><a href=\"https:\/\/www.instagram.com\/prefeituradealfenas\/\" target=\"_blank\" rel=\"noreferrer noopener\">Alfenas<\/a><\/strong>, situada no cora\u00e7\u00e3o de\u00a0<strong>Minas Gerais<\/strong>, \u00e9 uma joia do Sul do estado, conhecida por sua forte presen\u00e7a acad\u00eamica e paisagens encantadoras. Se destaca como um destino tur\u00edstico que combina cultura e natureza, oferecendo uma diversidade de experi\u00eancias para os visitantes.<\/p>\n\n\n\n<ul class=\"wp-block-list\">\n<li><strong>Campus Universit\u00e1rio:<\/strong>\u00a0<strong>Alfenas<\/strong>\u00a0abriga uma renomada universidade, sendo um importante polo educacional.<\/li>\n\n\n\n<li><strong>Beleza Natural:<\/strong>\u00a0Rodeada por serras e lagos, a cidade oferece paisagens inspiradoras.<\/li>\n\n\n\n<li><strong>Vida Cultural Din\u00e2mica:<\/strong>\u00a0Eventos e festivais enriquecem o calend\u00e1rio anual da cidade.<\/li>\n<\/ul>\n\n\n\n<h2 class=\"wp-block-heading\">O que torna Alfenas uma cidade universit\u00e1ria?<\/h2>\n\n\n\n<p><strong>Alfenas<\/strong>&nbsp;\u00e9 reconhecida por abrigar a&nbsp;<strong>Universidade Federal de Alfenas<\/strong>&nbsp;(UNIFAL), uma institui\u00e7\u00e3o que atrai estudantes de diversas partes do pa\u00eds. Fundada no in\u00edcio do&nbsp;<strong>s\u00e9culo XX<\/strong>, a universidade desempenha um papel crucial no desenvolvimento econ\u00f4mico e cultural da regi\u00e3o. O campus oferece um ambiente acad\u00eamico vibrante, com v\u00e1rias faculdades e centros de pesquisa, contribuindo significativamente para a forma\u00e7\u00e3o de profissionais em diversas \u00e1reas.<\/p>\n\n\n\n<h2 class=\"wp-block-heading\">Quais s\u00e3o as principais atra\u00e7\u00f5es tur\u00edsticas de Alfenas?<\/h2>\n\n\n\n<p>Ao visitar&nbsp;<strong>Alfenas<\/strong>, os turistas podem explorar um leque variado de atra\u00e7\u00f5es. Entre os destaques est\u00e3o a&nbsp;<strong>Igreja Matriz de S\u00e3o Jos\u00e9 e Dores<\/strong>, uma obra arquitet\u00f4nica do&nbsp;<strong>s\u00e9culo XVIII<\/strong>&nbsp;que impressiona pela beleza de seus detalhes. Al\u00e9m disso, a cidade \u00e9 cercada por paisagens naturais, como o&nbsp;<strong>Lago de Furnas<\/strong>, ideal para atividades ao ar livre, como passeios de barco e pesca. Parques e pra\u00e7as, como a&nbsp;<strong>Pra\u00e7a Get\u00falio Vargas<\/strong>, oferecem espa\u00e7os para relaxamento e lazer no centro urbano.<\/p>\n\n\n\n<p>Leia tamb\u00e9m: <a href=\"https:\/\/www.em.com.br\/emfoco\/2025\/07\/09\/as-melhores-cidades-de-minas-para-viajar-gastando-pouco\/\" target=\"_blank\" rel=\"noreferrer noopener\">As melhores cidades de Minas para viajar gastando pouco<\/a><\/p>\n\n\n\n<figure class=\"wp-block-image\"><img decoding=\"async\" src=\"https:\/\/www.em.com.br\/emfoco\/wp-content\/uploads\/2025\/05\/AlfenasMG-1024x576.jpg\" alt=\"\"\/><figcaption class=\"wp-element-caption\">Igreja no centro de Alfenas\/MG &#8211; Cr\u00e9ditos: Divulga\u00e7\u00e3o\/Wikimedia Commons<\/figcaption><\/figure>\n\n\n\n<h2 class=\"wp-block-heading\">Como \u00e9 a cena cultural em Alfenas?<\/h2>\n\n\n\n<p>A vida cultural em&nbsp;<strong>Alfenas<\/strong>&nbsp;\u00e9 marcada por eventos que celebram a m\u00fasica, o teatro e a culin\u00e1ria regional. Festivais de m\u00fasica e feiras gastron\u00f4micas ocorrem ao longo do ano, refletindo a diversidade e a criatividade dos alfenenses. Estes eventos promovem a intera\u00e7\u00e3o entre moradores e visitantes, tornando a cidade um ponto de encontro de culturas e tradi\u00e7\u00f5es.<\/p>\n\n\n\n<h2 class=\"wp-block-heading\">Como \u00e9 a culin\u00e1ria t\u00edpica de Alfenas?<\/h2>\n\n\n\n<p>A culin\u00e1ria em&nbsp;<strong>Alfenas<\/strong>&nbsp;\u00e9 um atrativo \u00e0 parte. Os visitantes encontram pratos tradicionais da cozinha mineira, como o p\u00e3o de queijo, o feij\u00e3o tropeiro, o doce de leite e queijos artesanais. Al\u00e9m disso, diversos restaurantes e caf\u00e9s da cidade incluem receitas regionais com toques contempor\u00e2neos em seus card\u00e1pios, levando turistas e moradores a explorarem novos sabores com ingredientes frescos e locais. Muitos desses estabelecimentos participam de festivais gastron\u00f4micos ao longo do ano, valorizando ainda mais a tradi\u00e7\u00e3o culin\u00e1ria local.<\/p>\n\n\n\n<h2 class=\"wp-block-heading\">Resumindo as encantadoras caracter\u00edsticas de Alfenas<\/h2>\n\n\n\n<ul class=\"wp-block-list\">\n<li>A educa\u00e7\u00e3o \u00e9 um pilar fundamental, com a UNIFAL impactando positivamente a comunidade local.<\/li>\n\n\n\n<li>Os atrativos naturais e hist\u00f3ricos oferecem um excelente mix de lazer e aprendizado para todos os visitantes.<\/li>\n\n\n\n<li>A din\u00e2mica cultural mant\u00e9m a cidade viva e atrativa, com uma rica programa\u00e7\u00e3o de eventos e festivais.<\/li>\n<\/ul>\n","protected":false},"excerpt":{"rendered":"<p>A cidade de\u00a0Alfenas, situada no cora\u00e7\u00e3o de\u00a0Minas Gerais, \u00e9 uma joia do Sul do estado, conhecida por sua forte presen\u00e7a acad\u00eamica e paisagens encantadoras. Se destaca como um destino tur\u00edstico que combina cultura e natureza, oferecendo uma diversidade de experi\u00eancias para os visitantes. O que torna Alfenas uma cidade universit\u00e1ria? Alfenas&nbsp;\u00e9 reconhecida por abrigar a&nbsp;Universidade [&hellip;]<\/p>\n","protected":false},"author":11,"featured_media":44639,"comment_status":"open","ping_status":"open","sticky":false,"template":"","format":"standard","meta":{"jnews-multi-image_gallery":[],"jnews_single_post":{"format":"standard"},"jnews_primary_category":[],"jnews_social_meta":[],"jnews_override_counter":[],"footnotes":""},"categories":[26,1],"tags":[12015,11179,9344,207],"class_list":["post-74579","post","type-post","status-publish","format-standard","has-post-thumbnail","hentry","category-cidades","category-noticias","tag-alfenas","tag-cidade-2","tag-minas","tag-minas-gerais"],"yoast_head":"<!-- This site is optimized with the Yoast SEO plugin v23.8 - https:\/\/yoast.com\/wordpress\/plugins\/seo\/ -->\n<title>Essa cidade mineira esconde paisagens e cultura de tirar o f\u00f4lego - Estado de Minas - Em foco<\/title>\n<meta name=\"description\" content=\"Com clima acolhedor e forte vida acad\u00eamica, Alfenas conquista moradores e turistas de todo o Brasil.\" \/>\n<meta name=\"robots\" content=\"index, follow, max-snippet:-1, max-image-preview:large, max-video-preview:-1\" \/>\n<link rel=\"canonical\" href=\"https:\/\/www.em.com.br\/emfoco\/2025\/07\/13\/essa-cidade-mineira-esconde-paisagens-e-cultura-de-tirar-o-folego\/\" \/>\n<meta property=\"og:locale\" content=\"pt_BR\" \/>\n<meta property=\"og:type\" content=\"article\" \/>\n<meta property=\"og:title\" content=\"Essa cidade mineira esconde paisagens e cultura de tirar o f\u00f4lego - Estado de Minas - Em foco\" \/>\n<meta property=\"og:description\" content=\"Com clima acolhedor e forte vida acad\u00eamica, Alfenas conquista moradores e turistas de todo o Brasil.\" \/>\n<meta property=\"og:url\" content=\"https:\/\/www.em.com.br\/emfoco\/2025\/07\/13\/essa-cidade-mineira-esconde-paisagens-e-cultura-de-tirar-o-folego\/\" \/>\n<meta property=\"og:site_name\" content=\"Estado de Minas - Em foco\" \/>\n<meta property=\"article:published_time\" content=\"2025-07-13T22:48:00+00:00\" \/>\n<meta property=\"article:modified_time\" content=\"2025-07-11T18:21:02+00:00\" \/>\n<meta property=\"og:image\" content=\"https:\/\/www.em.com.br\/emfoco\/wp-content\/uploads\/2025\/05\/Serra_da_Chapada_-_Lavras_Novas_MG.jpg\" \/>\n\t<meta property=\"og:image:width\" content=\"1280\" \/>\n\t<meta property=\"og:image:height\" content=\"720\" \/>\n\t<meta property=\"og:image:type\" content=\"image\/jpeg\" \/>\n<meta name=\"author\" content=\"Andre\u0301 Rangel\u00a0\" \/>\n<meta name=\"twitter:card\" content=\"summary_large_image\" \/>\n<meta name=\"twitter:label1\" content=\"Escrito por\" \/>\n\t<meta name=\"twitter:data1\" content=\"Andre\u0301 Rangel\u00a0\" \/>\n\t<meta name=\"twitter:label2\" content=\"Est. tempo de leitura\" \/>\n\t<meta name=\"twitter:data2\" content=\"3 minutos\" \/>\n<!-- \/ Yoast SEO plugin. -->","yoast_head_json":{"title":"Essa cidade mineira esconde paisagens e cultura de tirar o f\u00f4lego - Estado de Minas - Em foco","description":"Com clima acolhedor e forte vida acad\u00eamica, Alfenas conquista moradores e turistas de todo o Brasil.","robots":{"index":"index","follow":"follow","max-snippet":"max-snippet:-1","max-image-preview":"max-image-preview:large","max-video-preview":"max-video-preview:-1"},"canonical":"https:\/\/www.em.com.br\/emfoco\/2025\/07\/13\/essa-cidade-mineira-esconde-paisagens-e-cultura-de-tirar-o-folego\/","og_locale":"pt_BR","og_type":"article","og_title":"Essa cidade mineira esconde paisagens e cultura de tirar o f\u00f4lego - Estado de Minas - Em foco","og_description":"Com clima acolhedor e forte vida acad\u00eamica, Alfenas conquista moradores e turistas de todo o Brasil.","og_url":"https:\/\/www.em.com.br\/emfoco\/2025\/07\/13\/essa-cidade-mineira-esconde-paisagens-e-cultura-de-tirar-o-folego\/","og_site_name":"Estado de Minas - Em foco","article_published_time":"2025-07-13T22:48:00+00:00","article_modified_time":"2025-07-11T18:21:02+00:00","og_image":[{"width":1280,"height":720,"url":"https:\/\/www.em.com.br\/emfoco\/wp-content\/uploads\/2025\/05\/Serra_da_Chapada_-_Lavras_Novas_MG.jpg","type":"image\/jpeg"}],"author":"Andre\u0301 Rangel\u00a0","twitter_card":"summary_large_image","twitter_misc":{"Escrito por":"Andre\u0301 Rangel\u00a0","Est. tempo de leitura":"3 minutos"},"schema":{"@context":"https:\/\/schema.org","@graph":[{"@type":"WebPage","@id":"https:\/\/www.em.com.br\/emfoco\/2025\/07\/13\/essa-cidade-mineira-esconde-paisagens-e-cultura-de-tirar-o-folego\/","url":"https:\/\/www.em.com.br\/emfoco\/2025\/07\/13\/essa-cidade-mineira-esconde-paisagens-e-cultura-de-tirar-o-folego\/","name":"Essa cidade mineira esconde paisagens e cultura de tirar o f\u00f4lego - Estado de Minas - Em foco","isPartOf":{"@id":"https:\/\/www.em.com.br\/emfoco\/#website"},"primaryImageOfPage":{"@id":"https:\/\/www.em.com.br\/emfoco\/2025\/07\/13\/essa-cidade-mineira-esconde-paisagens-e-cultura-de-tirar-o-folego\/#primaryimage"},"image":{"@id":"https:\/\/www.em.com.br\/emfoco\/2025\/07\/13\/essa-cidade-mineira-esconde-paisagens-e-cultura-de-tirar-o-folego\/#primaryimage"},"thumbnailUrl":"https:\/\/www.em.com.br\/emfoco\/wp-content\/uploads\/2025\/05\/Serra_da_Chapada_-_Lavras_Novas_MG.jpg","datePublished":"2025-07-13T22:48:00+00:00","dateModified":"2025-07-11T18:21:02+00:00","author":{"@id":"https:\/\/www.em.com.br\/emfoco\/#\/schema\/person\/60eda09c1fedf0d6891f4cef4b60b8b8"},"description":"Com clima acolhedor e forte vida acad\u00eamica, Alfenas conquista moradores e turistas de todo o Brasil.","breadcrumb":{"@id":"https:\/\/www.em.com.br\/emfoco\/2025\/07\/13\/essa-cidade-mineira-esconde-paisagens-e-cultura-de-tirar-o-folego\/#breadcrumb"},"inLanguage":"pt-BR","potentialAction":[{"@type":"ReadAction","target":["https:\/\/www.em.com.br\/emfoco\/2025\/07\/13\/essa-cidade-mineira-esconde-paisagens-e-cultura-de-tirar-o-folego\/"]}]},{"@type":"ImageObject","inLanguage":"pt-BR","@id":"https:\/\/www.em.com.br\/emfoco\/2025\/07\/13\/essa-cidade-mineira-esconde-paisagens-e-cultura-de-tirar-o-folego\/#primaryimage","url":"https:\/\/www.em.com.br\/emfoco\/wp-content\/uploads\/2025\/05\/Serra_da_Chapada_-_Lavras_Novas_MG.jpg","contentUrl":"https:\/\/www.em.com.br\/emfoco\/wp-content\/uploads\/2025\/05\/Serra_da_Chapada_-_Lavras_Novas_MG.jpg","width":1280,"height":720,"caption":"Serra da Chapada - Lavras Novas MG - Cr\u00e9ditos: Divulga\u00e7\u00e3o\/Wikimedia Commons"},{"@type":"BreadcrumbList","@id":"https:\/\/www.em.com.br\/emfoco\/2025\/07\/13\/essa-cidade-mineira-esconde-paisagens-e-cultura-de-tirar-o-folego\/#breadcrumb","itemListElement":[{"@type":"ListItem","position":1,"name":"In\u00edcio","item":"https:\/\/www.em.com.br\/emfoco\/"},{"@type":"ListItem","position":2,"name":"Essa cidade mineira esconde paisagens e cultura de tirar o f\u00f4lego"}]},{"@type":"WebSite","@id":"https:\/\/www.em.com.br\/emfoco\/#website","url":"https:\/\/www.em.com.br\/emfoco\/","name":"Estado de Minas - Em foco","description":"Acompanhe as \u00faltimas not\u00edcias e fique bem informado sobre tudo o que acontece em Minas Gerais, Brasil e no mundo.","potentialAction":[{"@type":"SearchAction","target":{"@type":"EntryPoint","urlTemplate":"https:\/\/www.em.com.br\/emfoco\/?s={search_term_string}"},"query-input":{"@type":"PropertyValueSpecification","valueRequired":true,"valueName":"search_term_string"}}],"inLanguage":"pt-BR"},{"@type":"Person","@id":"https:\/\/www.em.com.br\/emfoco\/#\/schema\/person\/60eda09c1fedf0d6891f4cef4b60b8b8","name":"Andre\u0301 Rangel\u00a0","image":{"@type":"ImageObject","inLanguage":"pt-BR","@id":"https:\/\/www.em.com.br\/emfoco\/#\/schema\/person\/image\/","url":"https:\/\/secure.gravatar.com\/avatar\/6234dc814c77c8ef6d8bba622c787efc?s=96&d=mm&r=g","contentUrl":"https:\/\/secure.gravatar.com\/avatar\/6234dc814c77c8ef6d8bba622c787efc?s=96&d=mm&r=g","caption":"Andre\u0301 Rangel\u00a0"},"url":"https:\/\/www.em.com.br\/emfoco\/author\/luizmyth\/"}]}},"_links":{"self":[{"href":"https:\/\/www.em.com.br\/emfoco\/wp-json\/wp\/v2\/posts\/74579","targetHints":{"allow":["GET"]}}],"collection":[{"href":"https:\/\/www.em.com.br\/emfoco\/wp-json\/wp\/v2\/posts"}],"about":[{"href":"https:\/\/www.em.com.br\/emfoco\/wp-json\/wp\/v2\/types\/post"}],"author":[{"embeddable":true,"href":"https:\/\/www.em.com.br\/emfoco\/wp-json\/wp\/v2\/users\/11"}],"replies":[{"embeddable":true,"href":"https:\/\/www.em.com.br\/emfoco\/wp-json\/wp\/v2\/comments?post=74579"}],"version-history":[{"count":4,"href":"https:\/\/www.em.com.br\/emfoco\/wp-json\/wp\/v2\/posts\/74579\/revisions"}],"predecessor-version":[{"id":74654,"href":"https:\/\/www.em.com.br\/emfoco\/wp-json\/wp\/v2\/posts\/74579\/revisions\/74654"}],"wp:featuredmedia":[{"embeddable":true,"href":"https:\/\/www.em.com.br\/emfoco\/wp-json\/wp\/v2\/media\/44639"}],"wp:attachment":[{"href":"https:\/\/www.em.com.br\/emfoco\/wp-json\/wp\/v2\/media?parent=74579"}],"wp:term":[{"taxonomy":"category","embeddable":true,"href":"https:\/\/www.em.com.br\/emfoco\/wp-json\/wp\/v2\/categories?post=74579"},{"taxonomy":"post_tag","embeddable":true,"href":"https:\/\/www.em.com.br\/emfoco\/wp-json\/wp\/v2\/tags?post=74579"}],"curies":[{"name":"wp","href":"https:\/\/api.w.org\/{rel}","templated":true}]}}