{"id":74200,"date":"2025-07-14T16:28:00","date_gmt":"2025-07-14T19:28:00","guid":{"rendered":"https:\/\/www.em.com.br\/emfoco\/?p=74200"},"modified":"2025-07-14T06:47:42","modified_gmt":"2025-07-14T09:47:42","slug":"aprenda-a-cultivar-a-flor-favorita-das-vovos-para-curar-o-estomago-e-ma-digestao","status":"publish","type":"post","link":"https:\/\/www.em.com.br\/emfoco\/2025\/07\/14\/aprenda-a-cultivar-a-flor-favorita-das-vovos-para-curar-o-estomago-e-ma-digestao\/","title":{"rendered":"Aprenda a cultivar a flor favorita das vov\u00f3s para curar o est\u00f4mago e m\u00e1 digest\u00e3o"},"content":{"rendered":"\n<p>O boldo \u00e9 uma planta muito conhecida por suas propriedades medicinais e capacidade de ajudar no tratamento de v\u00e1rios problemas de sa\u00fade. Com suas folhas de tom verde-escuro e um aroma caracter\u00edstico, o boldo tornou-se uma op\u00e7\u00e3o popular entre aqueles que buscam rem\u00e9dios naturais para aliviar desconfortos digestivos. A planta, nativa da regi\u00e3o dos <strong>Andes<\/strong>, no <strong><a href=\"https:\/\/www.em.com.br\/emfoco\/2025\/06\/24\/o-roteiro-dos-sonhos-no-chile-cabe-no-seu-orcamento-veja-como-economizar\/\" target=\"_blank\" rel=\"noreferrer noopener\">Chile<\/a><\/strong>, oferece uma variedade de benef\u00edcios que v\u00e3o al\u00e9m de suas propriedades digestivas.<\/p>\n\n\n\n<p>Al\u00e9m disso, o boldo \u00e9 relativamente f\u00e1cil de cultivar em casa, exigindo apenas alguns cuidados b\u00e1sicos para prosperar. Seu cultivo pode ser uma maneira econ\u00f4mica e sustent\u00e1vel de ter sempre ao alcance um aliado para a sa\u00fade. Tomar boldo de forma respons\u00e1vel \u00e9 essencial, j\u00e1 que, como qualquer planta medicinal, seu uso deve ser apropriado e moderado para evitar efeitos colaterais.<\/p>\n\n\n\n<h2 class=\"wp-block-heading\">Como cultivar boldo em casa de forma eficiente?<\/h2>\n\n\n\n<p><strong>O cultivo do boldo em casa \u00e9 uma tarefa simples que pode ser realizada por qualquer pessoa, mesmo aquelas sem experi\u00eancia em jardinagem.<\/strong> O boldo, sendo uma planta resistente, n\u00e3o demanda cuidados complexos, mas \u00e9 importante garantir um ambiente prop\u00edcio para seu desenvolvimento. Escolha um local com boa incid\u00eancia de luz solar, pois o boldo aprecia climas quentes e bem iluminados.<\/p>\n\n\n\n<p><strong>Para plantar boldo, utilize solo bem drenado e enriquecido com mat\u00e9ria org\u00e2nica.<\/strong> A irriga\u00e7\u00e3o deve ser moderada \u2014 mantenha o solo \u00famido, mas evite o encharcamento, que pode causar apodrecimento das ra\u00edzes. O boldo tamb\u00e9m pode ser cultivado em vasos, o que facilita seu manejo e permite que seja levado para ambientes internos durante o inverno, quando as temperaturas caem. Uma dica extra \u00e9 eliminar regularmente folhas secas ou danificadas, incentivando o crescimento saud\u00e1vel da planta.<\/p>\n\n\n\n<figure class=\"wp-block-image size-large\"><img loading=\"lazy\" decoding=\"async\" width=\"1024\" height=\"576\" src=\"https:\/\/www.em.com.br\/emfoco\/wp-content\/uploads\/2025\/04\/Boldo_1743872183236-1024x576.jpg\" alt=\"Voc\u00ea sabia? O ch\u00e1 de boldo pode transformar sua sa\u00fade digestiva!\" class=\"wp-image-35606\" srcset=\"https:\/\/www.em.com.br\/emfoco\/wp-content\/uploads\/2025\/04\/Boldo_1743872183236-1024x576.jpg 1024w, https:\/\/www.em.com.br\/emfoco\/wp-content\/uploads\/2025\/04\/Boldo_1743872183236-300x169.jpg 300w, https:\/\/www.em.com.br\/emfoco\/wp-content\/uploads\/2025\/04\/Boldo_1743872183236-768x432.jpg 768w, https:\/\/www.em.com.br\/emfoco\/wp-content\/uploads\/2025\/04\/Boldo_1743872183236-750x422.jpg 750w, https:\/\/www.em.com.br\/emfoco\/wp-content\/uploads\/2025\/04\/Boldo_1743872183236-1140x641.jpg 1140w, https:\/\/www.em.com.br\/emfoco\/wp-content\/uploads\/2025\/04\/Boldo_1743872183236.jpg 1280w\" sizes=\"auto, (max-width: 1024px) 100vw, 1024px\" \/><figcaption class=\"wp-element-caption\">Ch\u00e1 de boldo &#8211; Cr\u00e9ditos: depositphotos.com \/ vbacarin<\/figcaption><\/figure>\n\n\n\n<h2 class=\"wp-block-heading\">Quais s\u00e3o os benef\u00edcios comprovados do boldo para a sa\u00fade?<\/h2>\n\n\n\n<p><strong>O boldo \u00e9 reconhecido por suas propriedades digestivas, sendo frequentemente utilizado para tratar desordens no sistema gastrointestinal, como m\u00e1 digest\u00e3o e constipa\u00e7\u00e3o.<\/strong> Ele cont\u00e9m compostos ativos que ajudam a estimular a produ\u00e7\u00e3o de bile, essencial para um processo digestivo eficiente. <strong>Al\u00e9m disso, o boldo possui efeitos <a href=\"https:\/\/www.tuasaude.com\/anti-inflamatorios\/\" target=\"_blank\" rel=\"noreferrer noopener\">anti-inflamat\u00f3rios<\/a> e hepatoprotetores que beneficiam a sa\u00fade do f\u00edgado.<\/strong><\/p>\n\n\n\n<p><strong>Outro benef\u00edcio importante do boldo \u00e9 a sua a\u00e7\u00e3o antioxidante.<\/strong> Isso significa que ele ajuda a combater os radicais livres, mol\u00e9culas que podem causar danos celulares e levar ao envelhecimento precoce e ao desenvolvimento de doen\u00e7as cr\u00f4nicas. Estudos tamb\u00e9m sugerem que seu consumo pode contribuir para o al\u00edvio de dores de cabe\u00e7a e redu\u00e7\u00e3o de gases intestinais. Embora eficaz, o uso do boldo deve ser feito com cautela e, de prefer\u00eancia, sob orienta\u00e7\u00e3o de um profissional de sa\u00fade, evitando-se o consumo exagerado.<\/p>\n\n\n\n<h2 class=\"wp-block-heading\">Quais s\u00e3o as melhores pr\u00e1ticas para colher e usar o boldo com seguran\u00e7a?<\/h2>\n\n\n\n<p><strong>Colher boldo de maneira correta \u00e9 fundamental para garantir o m\u00e1ximo de benef\u00edcios de suas folhas.<\/strong> A colheita deve ser feita preferencialmente durante a manh\u00e3, quando os compostos ativos est\u00e3o mais concentrados. Usar uma tesoura de jardinagem limpa ajuda a evitar danos \u00e0 planta e a prolifera\u00e7\u00e3o de pragas. As folhas devem ser lavadas e secas antes do uso para remover impurezas.<\/p>\n\n\n\n<p><strong>Quanto ao uso, \u00e9 comum preparar ch\u00e1s a partir das folhas do boldo.<\/strong> Por\u00e9m, \u00e9 importante respeitar as quantidades recomendadas, pois o consumo excessivo pode causar efeitos adversos, como irrita\u00e7\u00e3o g\u00e1strica. Quando utilizado na dose certa, o boldo pode ser um aliado poderoso na promo\u00e7\u00e3o da sa\u00fade digestiva e no al\u00edvio de desconfortos ocasionais.<\/p>\n\n\n\n<h2 class=\"wp-block-heading\">Por que o boldo \u00e9 uma escolha popular na medicina tradicional?<\/h2>\n\n\n\n<p><strong>Na medicina tradicional, o boldo \u00e9 valorizado n\u00e3o apenas por seu poder digestivo, mas tamb\u00e9m por suas propriedades calmantes e desintoxicantes.<\/strong> Ele \u00e9 utilizado h\u00e1 s\u00e9culos por comunidades ind\u00edgenas para tratar uma variedade de males, incluindo problemas hep\u00e1ticos e inflama\u00e7\u00f5es. Seu uso tradicional est\u00e1 bem documentado, e sua efic\u00e1cia tem sido aclamada por muitos praticantes de medicina alternativa.<\/p>\n\n\n\n<p><strong>A popularidade do boldo na medicina tradicional reflete sua acessibilidade e facilidade de uso.<\/strong> Sendo uma planta que pode ser cultivada no quintal de casa, ela se torna uma op\u00e7\u00e3o sustent\u00e1vel para cuidados de sa\u00fade rotineiros. A simplicidade de seu preparo e administra\u00e7\u00e3o tamb\u00e9m contribui para sua ampla aceita\u00e7\u00e3o como um rem\u00e9dio caseiro eficaz, destacando-se como um exemplo cl\u00e1ssico de como a natureza pode oferecer solu\u00e7\u00f5es valiosas para o bem-estar humano.<\/p>\n","protected":false},"excerpt":{"rendered":"<p>O boldo \u00e9 uma planta muito conhecida por suas propriedades medicinais e capacidade de ajudar no tratamento de v\u00e1rios problemas de sa\u00fade. Com suas folhas de tom verde-escuro e um aroma caracter\u00edstico, o boldo tornou-se uma op\u00e7\u00e3o popular entre aqueles que buscam rem\u00e9dios naturais para aliviar desconfortos digestivos. A planta, nativa da regi\u00e3o dos Andes, [&hellip;]<\/p>\n","protected":false},"author":13,"featured_media":74202,"comment_status":"open","ping_status":"open","sticky":false,"template":"","format":"standard","meta":{"jnews-multi-image_gallery":[],"jnews_single_post":{"format":"standard"},"jnews_primary_category":[],"jnews_social_meta":[],"jnews_override_counter":[],"footnotes":""},"categories":[8819,1],"tags":[7188,5608,8026,9087],"class_list":["post-74200","post","type-post","status-publish","format-standard","has-post-thumbnail","hentry","category-curiosidades","category-noticias","tag-boldo","tag-cultivo-caseiro","tag-planta-medicinal","tag-saude-digestiva"],"yoast_head":"<!-- This site is optimized with the Yoast SEO plugin v23.8 - https:\/\/yoast.com\/wordpress\/plugins\/seo\/ -->\n<title>Aprenda a cultivar a flor favorita das vov\u00f3s para curar o est\u00f4mago e m\u00e1 digest\u00e3o - Estado de Minas - Em foco<\/title>\n<meta name=\"description\" content=\"O boldo pode aliviar problemas digestivos e melhorar sua sa\u00fade de forma natural. Veja como cultivar essa planta e usar sem riscos.\" \/>\n<meta name=\"robots\" content=\"index, follow, max-snippet:-1, max-image-preview:large, max-video-preview:-1\" \/>\n<link rel=\"canonical\" href=\"https:\/\/www.em.com.br\/emfoco\/2025\/07\/14\/aprenda-a-cultivar-a-flor-favorita-das-vovos-para-curar-o-estomago-e-ma-digestao\/\" \/>\n<meta property=\"og:locale\" content=\"pt_BR\" \/>\n<meta property=\"og:type\" content=\"article\" \/>\n<meta property=\"og:title\" content=\"Aprenda a cultivar a flor favorita das vov\u00f3s para curar o est\u00f4mago e m\u00e1 digest\u00e3o - Estado de Minas - Em foco\" \/>\n<meta property=\"og:description\" content=\"O boldo pode aliviar problemas digestivos e melhorar sua sa\u00fade de forma natural. Veja como cultivar essa planta e usar sem riscos.\" \/>\n<meta property=\"og:url\" content=\"https:\/\/www.em.com.br\/emfoco\/2025\/07\/14\/aprenda-a-cultivar-a-flor-favorita-das-vovos-para-curar-o-estomago-e-ma-digestao\/\" \/>\n<meta property=\"og:site_name\" content=\"Estado de Minas - Em foco\" \/>\n<meta property=\"article:published_time\" content=\"2025-07-14T19:28:00+00:00\" \/>\n<meta property=\"article:modified_time\" content=\"2025-07-14T09:47:42+00:00\" \/>\n<meta property=\"og:image\" content=\"https:\/\/www.em.com.br\/emfoco\/wp-content\/uploads\/2025\/07\/Boldo_1752183455016.jpg\" \/>\n\t<meta property=\"og:image:width\" content=\"1280\" \/>\n\t<meta property=\"og:image:height\" content=\"720\" \/>\n\t<meta property=\"og:image:type\" content=\"image\/jpeg\" \/>\n<meta name=\"author\" content=\"Gabriel Martins\" \/>\n<meta name=\"twitter:card\" content=\"summary_large_image\" \/>\n<meta name=\"twitter:label1\" content=\"Escrito por\" \/>\n\t<meta name=\"twitter:data1\" content=\"Gabriel Martins\" \/>\n\t<meta name=\"twitter:label2\" content=\"Est. tempo de leitura\" \/>\n\t<meta name=\"twitter:data2\" content=\"5 minutos\" \/>\n<!-- \/ Yoast SEO plugin. -->","yoast_head_json":{"title":"Aprenda a cultivar a flor favorita das vov\u00f3s para curar o est\u00f4mago e m\u00e1 digest\u00e3o - Estado de Minas - Em foco","description":"O boldo pode aliviar problemas digestivos e melhorar sua sa\u00fade de forma natural. Veja como cultivar essa planta e usar sem riscos.","robots":{"index":"index","follow":"follow","max-snippet":"max-snippet:-1","max-image-preview":"max-image-preview:large","max-video-preview":"max-video-preview:-1"},"canonical":"https:\/\/www.em.com.br\/emfoco\/2025\/07\/14\/aprenda-a-cultivar-a-flor-favorita-das-vovos-para-curar-o-estomago-e-ma-digestao\/","og_locale":"pt_BR","og_type":"article","og_title":"Aprenda a cultivar a flor favorita das vov\u00f3s para curar o est\u00f4mago e m\u00e1 digest\u00e3o - Estado de Minas - Em foco","og_description":"O boldo pode aliviar problemas digestivos e melhorar sua sa\u00fade de forma natural. Veja como cultivar essa planta e usar sem riscos.","og_url":"https:\/\/www.em.com.br\/emfoco\/2025\/07\/14\/aprenda-a-cultivar-a-flor-favorita-das-vovos-para-curar-o-estomago-e-ma-digestao\/","og_site_name":"Estado de Minas - Em foco","article_published_time":"2025-07-14T19:28:00+00:00","article_modified_time":"2025-07-14T09:47:42+00:00","og_image":[{"width":1280,"height":720,"url":"https:\/\/www.em.com.br\/emfoco\/wp-content\/uploads\/2025\/07\/Boldo_1752183455016.jpg","type":"image\/jpeg"}],"author":"Gabriel Martins","twitter_card":"summary_large_image","twitter_misc":{"Escrito por":"Gabriel Martins","Est. tempo de leitura":"5 minutos"},"schema":{"@context":"https:\/\/schema.org","@graph":[{"@type":"WebPage","@id":"https:\/\/www.em.com.br\/emfoco\/2025\/07\/14\/aprenda-a-cultivar-a-flor-favorita-das-vovos-para-curar-o-estomago-e-ma-digestao\/","url":"https:\/\/www.em.com.br\/emfoco\/2025\/07\/14\/aprenda-a-cultivar-a-flor-favorita-das-vovos-para-curar-o-estomago-e-ma-digestao\/","name":"Aprenda a cultivar a flor favorita das vov\u00f3s para curar o est\u00f4mago e m\u00e1 digest\u00e3o - Estado de Minas - Em foco","isPartOf":{"@id":"https:\/\/www.em.com.br\/emfoco\/#website"},"primaryImageOfPage":{"@id":"https:\/\/www.em.com.br\/emfoco\/2025\/07\/14\/aprenda-a-cultivar-a-flor-favorita-das-vovos-para-curar-o-estomago-e-ma-digestao\/#primaryimage"},"image":{"@id":"https:\/\/www.em.com.br\/emfoco\/2025\/07\/14\/aprenda-a-cultivar-a-flor-favorita-das-vovos-para-curar-o-estomago-e-ma-digestao\/#primaryimage"},"thumbnailUrl":"https:\/\/www.em.com.br\/emfoco\/wp-content\/uploads\/2025\/07\/Boldo_1752183455016.jpg","datePublished":"2025-07-14T19:28:00+00:00","dateModified":"2025-07-14T09:47:42+00:00","author":{"@id":"https:\/\/www.em.com.br\/emfoco\/#\/schema\/person\/1c9ddeab18b98abeffef834667bcf08a"},"description":"O boldo pode aliviar problemas digestivos e melhorar sua sa\u00fade de forma natural. Veja como cultivar essa planta e usar sem riscos.","breadcrumb":{"@id":"https:\/\/www.em.com.br\/emfoco\/2025\/07\/14\/aprenda-a-cultivar-a-flor-favorita-das-vovos-para-curar-o-estomago-e-ma-digestao\/#breadcrumb"},"inLanguage":"pt-BR","potentialAction":[{"@type":"ReadAction","target":["https:\/\/www.em.com.br\/emfoco\/2025\/07\/14\/aprenda-a-cultivar-a-flor-favorita-das-vovos-para-curar-o-estomago-e-ma-digestao\/"]}]},{"@type":"ImageObject","inLanguage":"pt-BR","@id":"https:\/\/www.em.com.br\/emfoco\/2025\/07\/14\/aprenda-a-cultivar-a-flor-favorita-das-vovos-para-curar-o-estomago-e-ma-digestao\/#primaryimage","url":"https:\/\/www.em.com.br\/emfoco\/wp-content\/uploads\/2025\/07\/Boldo_1752183455016.jpg","contentUrl":"https:\/\/www.em.com.br\/emfoco\/wp-content\/uploads\/2025\/07\/Boldo_1752183455016.jpg","width":1280,"height":720,"caption":"Boldo - Cr\u00e9ditos: depositphotos.com \/ brunomartins246"},{"@type":"BreadcrumbList","@id":"https:\/\/www.em.com.br\/emfoco\/2025\/07\/14\/aprenda-a-cultivar-a-flor-favorita-das-vovos-para-curar-o-estomago-e-ma-digestao\/#breadcrumb","itemListElement":[{"@type":"ListItem","position":1,"name":"In\u00edcio","item":"https:\/\/www.em.com.br\/emfoco\/"},{"@type":"ListItem","position":2,"name":"Aprenda a cultivar a flor favorita das vov\u00f3s para curar o est\u00f4mago e m\u00e1 digest\u00e3o"}]},{"@type":"WebSite","@id":"https:\/\/www.em.com.br\/emfoco\/#website","url":"https:\/\/www.em.com.br\/emfoco\/","name":"Estado de Minas - Em foco","description":"Acompanhe as \u00faltimas not\u00edcias e fique bem informado sobre tudo o que acontece em Minas Gerais, Brasil e no mundo.","potentialAction":[{"@type":"SearchAction","target":{"@type":"EntryPoint","urlTemplate":"https:\/\/www.em.com.br\/emfoco\/?s={search_term_string}"},"query-input":{"@type":"PropertyValueSpecification","valueRequired":true,"valueName":"search_term_string"}}],"inLanguage":"pt-BR"},{"@type":"Person","@id":"https:\/\/www.em.com.br\/emfoco\/#\/schema\/person\/1c9ddeab18b98abeffef834667bcf08a","name":"Gabriel Martins","image":{"@type":"ImageObject","inLanguage":"pt-BR","@id":"https:\/\/www.em.com.br\/emfoco\/#\/schema\/person\/image\/","url":"https:\/\/secure.gravatar.com\/avatar\/f0f1e2efdfd88f1ad2cb08c5c2731e50?s=96&d=mm&r=g","contentUrl":"https:\/\/secure.gravatar.com\/avatar\/f0f1e2efdfd88f1ad2cb08c5c2731e50?s=96&d=mm&r=g","caption":"Gabriel Martins"},"sameAs":["https:\/\/www.em.com.br\/emfoco\/"],"url":"https:\/\/www.em.com.br\/emfoco\/author\/gabrielmartinsmyth\/"}]}},"_links":{"self":[{"href":"https:\/\/www.em.com.br\/emfoco\/wp-json\/wp\/v2\/posts\/74200","targetHints":{"allow":["GET"]}}],"collection":[{"href":"https:\/\/www.em.com.br\/emfoco\/wp-json\/wp\/v2\/posts"}],"about":[{"href":"https:\/\/www.em.com.br\/emfoco\/wp-json\/wp\/v2\/types\/post"}],"author":[{"embeddable":true,"href":"https:\/\/www.em.com.br\/emfoco\/wp-json\/wp\/v2\/users\/13"}],"replies":[{"embeddable":true,"href":"https:\/\/www.em.com.br\/emfoco\/wp-json\/wp\/v2\/comments?post=74200"}],"version-history":[{"count":3,"href":"https:\/\/www.em.com.br\/emfoco\/wp-json\/wp\/v2\/posts\/74200\/revisions"}],"predecessor-version":[{"id":75375,"href":"https:\/\/www.em.com.br\/emfoco\/wp-json\/wp\/v2\/posts\/74200\/revisions\/75375"}],"wp:featuredmedia":[{"embeddable":true,"href":"https:\/\/www.em.com.br\/emfoco\/wp-json\/wp\/v2\/media\/74202"}],"wp:attachment":[{"href":"https:\/\/www.em.com.br\/emfoco\/wp-json\/wp\/v2\/media?parent=74200"}],"wp:term":[{"taxonomy":"category","embeddable":true,"href":"https:\/\/www.em.com.br\/emfoco\/wp-json\/wp\/v2\/categories?post=74200"},{"taxonomy":"post_tag","embeddable":true,"href":"https:\/\/www.em.com.br\/emfoco\/wp-json\/wp\/v2\/tags?post=74200"}],"curies":[{"name":"wp","href":"https:\/\/api.w.org\/{rel}","templated":true}]}}