{"id":74181,"date":"2025-07-11T18:58:00","date_gmt":"2025-07-11T21:58:00","guid":{"rendered":"https:\/\/www.em.com.br\/emfoco\/?p=74181"},"modified":"2025-07-11T19:12:56","modified_gmt":"2025-07-11T22:12:56","slug":"direito-garantido-para-maes-autonomas-com-nova-regra-do-inss","status":"publish","type":"post","link":"https:\/\/www.em.com.br\/emfoco\/2025\/07\/11\/direito-garantido-para-maes-autonomas-com-nova-regra-do-inss\/","title":{"rendered":"Direito garantido para m\u00e3es aut\u00f4nomas com nova regra do INSS"},"content":{"rendered":"\n<p>A partir de julho de 2025, o <strong>Instituto Nacional do Seguro Social<\/strong> (<a href=\"https:\/\/www.em.com.br\/emfoco\/2025\/07\/09\/novo-cronograma-do-inss-muda-planejamento-de-aposentados\/\" target=\"_blank\" rel=\"noreferrer noopener\">INSS<\/a>) implementar\u00e1 uma mudan\u00e7a significativa nas regras de concess\u00e3o do sal\u00e1rio-maternidade, promovendo maior acesso ao benef\u00edcio para as trabalhadoras aut\u00f4nomas. Esta altera\u00e7\u00e3o surge como consequ\u00eancia de uma decis\u00e3o do <strong>Supremo Tribunal Federal<\/strong> (<a href=\"https:\/\/portal.stf.jus.br\/\" target=\"_blank\" rel=\"noreferrer noopener\">STF<\/a>), que eliminou a exig\u00eancia de uma car\u00eancia m\u00ednima de dez contribui\u00e7\u00f5es para essas seguradas, sob a alega\u00e7\u00e3o de que tal requisito violava o princ\u00edpio da isonomia.<\/p>\n\n\n\n<p>A decis\u00e3o do <strong>STF<\/strong>, que ocorreu no \u00e2mbito da revis\u00e3o da vida toda, foi um marco importante no julgamento de benef\u00edcios previdenci\u00e1rios. O ministro <strong>Edson Fachin<\/strong>, relator do caso, destacou que condicionar o recebimento do sal\u00e1rio-maternidade a uma car\u00eancia r\u00edgida para uma categoria espec\u00edfica feria o direito \u00e0 igualdade inscrito na <strong>Constitui\u00e7\u00e3o<\/strong>. Diante da decis\u00e3o, o <strong>INSS <\/strong>foi incumbido de readequar suas normas e sistemas para atender a essa nova interpreta\u00e7\u00e3o jur\u00eddica.<\/p>\n\n\n\n<h2 class=\"wp-block-heading\">Qual o impacto destas mudan\u00e7as nas regras do sal\u00e1rio-maternidade?<\/h2>\n\n\n<div class=\"wp-block-image\">\n<figure class=\"aligncenter size-large\"><img loading=\"lazy\" decoding=\"async\" width=\"1024\" height=\"576\" src=\"https:\/\/www.em.com.br\/emfoco\/wp-content\/uploads\/2025\/06\/aposentado-dinheiro-reais_1743473149469-1024x576.jpg\" alt=\"Trabalhadores j\u00e1 comemoram o aumento no abono do PIS\" class=\"wp-image-54989\" srcset=\"https:\/\/www.em.com.br\/emfoco\/wp-content\/uploads\/2025\/06\/aposentado-dinheiro-reais_1743473149469-1024x576.jpg 1024w, https:\/\/www.em.com.br\/emfoco\/wp-content\/uploads\/2025\/06\/aposentado-dinheiro-reais_1743473149469-300x169.jpg 300w, https:\/\/www.em.com.br\/emfoco\/wp-content\/uploads\/2025\/06\/aposentado-dinheiro-reais_1743473149469-768x432.jpg 768w, https:\/\/www.em.com.br\/emfoco\/wp-content\/uploads\/2025\/06\/aposentado-dinheiro-reais_1743473149469-750x422.jpg 750w, https:\/\/www.em.com.br\/emfoco\/wp-content\/uploads\/2025\/06\/aposentado-dinheiro-reais_1743473149469-1140x641.jpg 1140w, https:\/\/www.em.com.br\/emfoco\/wp-content\/uploads\/2025\/06\/aposentado-dinheiro-reais_1743473149469.jpg 1280w\" sizes=\"auto, (max-width: 1024px) 100vw, 1024px\" \/><figcaption class=\"wp-element-caption\">Notas de cem Reais &#8211; Cr\u00e9ditos: depositphotos.com \/ verganifotografia<\/figcaption><\/figure><\/div>\n\n\n<p>A reformula\u00e7\u00e3o das regras promete facilitar o acesso ao benef\u00edcio para milhares de mulheres, especialmente aquelas envolvidas em atividades informais ou que est\u00e3o em transi\u00e7\u00e3o entre empregos. A expectativa \u00e9 que essas novas diretrizes assegurem tratamento previdenci\u00e1rio condizente com os direitos das demais seguradas. Al\u00e9m disso, as mudan\u00e7as devem ter um impacto fiscal significativo, estimado em um aumento de custos para o governo, atingindo cerca de R$ 16,7 bilh\u00f5es at\u00e9 2029.<\/p>\n\n\n\n<p>A altera\u00e7\u00e3o nas regras tamb\u00e9m oferece uma oportunidade para corrigir injusti\u00e7as do passado. H\u00e1 discuss\u00f5es sobre a possibilidade de reavaliar pedidos de benef\u00edcios negados entre os anos de 2020 e 2024. No entanto, at\u00e9 o momento, o <strong>INSS <\/strong>ainda n\u00e3o detalhou como esses casos ser\u00e3o tratados, se ser\u00e3o reanalisados automaticamente ou se exigir\u00e3o uma nova solicita\u00e7\u00e3o por parte das seguradas.<\/p>\n\n\n\n<h2 class=\"wp-block-heading\">Quem tem direito ao sal\u00e1rio-maternidade e como solicit\u00e1-lo?<\/h2>\n\n\n\n<p>O sal\u00e1rio-maternidade \u00e9 um direito garantido \u00e0s pessoas seguradas que se afastam do trabalho em decorr\u00eancia de nascimento de filho, aborto n\u00e3o criminoso, ado\u00e7\u00e3o ou guarda judicial para fins de ado\u00e7\u00e3o, e natimorto. Com as novas regulamenta\u00e7\u00f5es, todas as seguradas que tenham efetuado pelo menos uma contribui\u00e7\u00e3o v\u00e1lida ao <strong>INSS <\/strong>poder\u00e3o requerer o benef\u00edcio. Isso inclui contribuintes individuais, seguradas facultativas, empregadas dom\u00e9sticas, trabalhadoras avulsas, <strong>microempreendedoras individuais<\/strong> (MEI), e at\u00e9 mesmo pessoas desempregadas que mant\u00eam a condi\u00e7\u00e3o de segurada.<\/p>\n\n\n\n<p>Para requerer o sal\u00e1rio-maternidade, as seguradas podem utilizar a plataforma online atrav\u00e9s do site ou aplicativo <strong>Meu INSS<\/strong>. O processo requer autentica\u00e7\u00e3o e a apresenta\u00e7\u00e3o de documentos que comprovem a condi\u00e7\u00e3o geradora do benef\u00edcio. Em caso de d\u00favidas, a central telef\u00f4nica do <strong>INSS <\/strong>est\u00e1 dispon\u00edvel para assist\u00eancia.<\/p>\n\n\n\n<h2 class=\"wp-block-heading\">Qual \u00e9 a import\u00e2ncia desta decis\u00e3o para seguradas aut\u00f4nomas?<\/h2>\n\n\n\n<p>A decis\u00e3o do <strong>STF <\/strong>\u00e9 vista como um passo crucial para a inclus\u00e3o previdenci\u00e1ria e a prote\u00e7\u00e3o dos direitos das seguradas aut\u00f4nomas. Especialistas acreditam que a demoli\u00e7\u00e3o da car\u00eancia de dez contribui\u00e7\u00f5es elimina uma barreira significativa para essas mulheres, garantindo-lhes tratamento igualit\u00e1rio durante o per\u00edodo de maternidade. Segundo a advogada <strong>Ana Cl\u00e1udia Vianna<\/strong>, a mudan\u00e7a fortalece os princ\u00edpios da igualdade e dignidade da pessoa humana previstos na legisla\u00e7\u00e3o brasileira.<\/p>\n\n\n\n<p>Por fim, a atualiza\u00e7\u00e3o das regras do sal\u00e1rio-maternidade ter\u00e1 impacto direto sobre profissionais de contabilidade e consultoria previdenci\u00e1ria, que precisam estar atentos \u00e0s mudan\u00e7as para bem orientar seus clientes, especialmente <strong>MEIs <\/strong>e trabalhadoras aut\u00f4nomas. A expectativa \u00e9 que essa adequa\u00e7\u00e3o \u00e0s novas diretrizes promova um sistema previdenci\u00e1rio mais justo e acess\u00edvel para todas as seguradas do pa\u00eds.<\/p>\n","protected":false},"excerpt":{"rendered":"<p>A partir de julho de 2025, o Instituto Nacional do Seguro Social (INSS) implementar\u00e1 uma mudan\u00e7a significativa nas regras de concess\u00e3o do sal\u00e1rio-maternidade, promovendo maior acesso ao benef\u00edcio para as trabalhadoras aut\u00f4nomas. Esta altera\u00e7\u00e3o surge como consequ\u00eancia de uma decis\u00e3o do Supremo Tribunal Federal (STF), que eliminou a exig\u00eancia de uma car\u00eancia m\u00ednima de dez [&hellip;]<\/p>\n","protected":false},"author":20,"featured_media":58540,"comment_status":"open","ping_status":"open","sticky":false,"template":"","format":"standard","meta":{"jnews-multi-image_gallery":[],"jnews_single_post":{"format":"standard"},"jnews_primary_category":[],"jnews_social_meta":[],"jnews_override_counter":[],"footnotes":""},"categories":[28,1],"tags":[174,8646,11982,173],"class_list":["post-74181","post","type-post","status-publish","format-standard","has-post-thumbnail","hentry","category-economia","category-noticias","tag-inss","tag-salario-maternidade","tag-seguradas-autonomas","tag-stf"],"yoast_head":"<!-- This site is optimized with the Yoast SEO plugin v23.8 - https:\/\/yoast.com\/wordpress\/plugins\/seo\/ -->\n<title>Direito garantido para m\u00e3es aut\u00f4nomas com nova regra do INSS - Estado de Minas - Em foco<\/title>\n<meta name=\"description\" content=\"O INSS libera sal\u00e1rio-maternidade para aut\u00f4nomas sem car\u00eancia a partir de julho com nova regra que garante igualdade.\" \/>\n<meta name=\"robots\" content=\"index, follow, max-snippet:-1, max-image-preview:large, max-video-preview:-1\" \/>\n<link rel=\"canonical\" href=\"https:\/\/www.em.com.br\/emfoco\/2025\/07\/11\/direito-garantido-para-maes-autonomas-com-nova-regra-do-inss\/\" \/>\n<meta property=\"og:locale\" content=\"pt_BR\" \/>\n<meta property=\"og:type\" content=\"article\" \/>\n<meta property=\"og:title\" content=\"Direito garantido para m\u00e3es aut\u00f4nomas com nova regra do INSS - Estado de Minas - Em foco\" \/>\n<meta property=\"og:description\" content=\"O INSS libera sal\u00e1rio-maternidade para aut\u00f4nomas sem car\u00eancia a partir de julho com nova regra que garante igualdade.\" \/>\n<meta property=\"og:url\" content=\"https:\/\/www.em.com.br\/emfoco\/2025\/07\/11\/direito-garantido-para-maes-autonomas-com-nova-regra-do-inss\/\" \/>\n<meta property=\"og:site_name\" content=\"Estado de Minas - Em foco\" \/>\n<meta property=\"article:published_time\" content=\"2025-07-11T21:58:00+00:00\" \/>\n<meta property=\"article:modified_time\" content=\"2025-07-11T22:12:56+00:00\" \/>\n<meta property=\"og:image\" content=\"https:\/\/www.em.com.br\/emfoco\/wp-content\/uploads\/2025\/06\/gravida-trabalhando_1749545919753.jpg\" \/>\n\t<meta property=\"og:image:width\" content=\"1280\" \/>\n\t<meta property=\"og:image:height\" content=\"720\" \/>\n\t<meta property=\"og:image:type\" content=\"image\/jpeg\" \/>\n<meta name=\"author\" content=\"Ingrid Diniz\" \/>\n<meta name=\"twitter:card\" content=\"summary_large_image\" \/>\n<meta name=\"twitter:label1\" content=\"Escrito por\" \/>\n\t<meta name=\"twitter:data1\" content=\"Ingrid Diniz\" \/>\n\t<meta name=\"twitter:label2\" content=\"Est. tempo de leitura\" \/>\n\t<meta name=\"twitter:data2\" content=\"4 minutos\" \/>\n<!-- \/ Yoast SEO plugin. -->","yoast_head_json":{"title":"Direito garantido para m\u00e3es aut\u00f4nomas com nova regra do INSS - Estado de Minas - Em foco","description":"O INSS libera sal\u00e1rio-maternidade para aut\u00f4nomas sem car\u00eancia a partir de julho com nova regra que garante igualdade.","robots":{"index":"index","follow":"follow","max-snippet":"max-snippet:-1","max-image-preview":"max-image-preview:large","max-video-preview":"max-video-preview:-1"},"canonical":"https:\/\/www.em.com.br\/emfoco\/2025\/07\/11\/direito-garantido-para-maes-autonomas-com-nova-regra-do-inss\/","og_locale":"pt_BR","og_type":"article","og_title":"Direito garantido para m\u00e3es aut\u00f4nomas com nova regra do INSS - Estado de Minas - Em foco","og_description":"O INSS libera sal\u00e1rio-maternidade para aut\u00f4nomas sem car\u00eancia a partir de julho com nova regra que garante igualdade.","og_url":"https:\/\/www.em.com.br\/emfoco\/2025\/07\/11\/direito-garantido-para-maes-autonomas-com-nova-regra-do-inss\/","og_site_name":"Estado de Minas - Em foco","article_published_time":"2025-07-11T21:58:00+00:00","article_modified_time":"2025-07-11T22:12:56+00:00","og_image":[{"width":1280,"height":720,"url":"https:\/\/www.em.com.br\/emfoco\/wp-content\/uploads\/2025\/06\/gravida-trabalhando_1749545919753.jpg","type":"image\/jpeg"}],"author":"Ingrid Diniz","twitter_card":"summary_large_image","twitter_misc":{"Escrito por":"Ingrid Diniz","Est. tempo de leitura":"4 minutos"},"schema":{"@context":"https:\/\/schema.org","@graph":[{"@type":"WebPage","@id":"https:\/\/www.em.com.br\/emfoco\/2025\/07\/11\/direito-garantido-para-maes-autonomas-com-nova-regra-do-inss\/","url":"https:\/\/www.em.com.br\/emfoco\/2025\/07\/11\/direito-garantido-para-maes-autonomas-com-nova-regra-do-inss\/","name":"Direito garantido para m\u00e3es aut\u00f4nomas com nova regra do INSS - Estado de Minas - Em foco","isPartOf":{"@id":"https:\/\/www.em.com.br\/emfoco\/#website"},"primaryImageOfPage":{"@id":"https:\/\/www.em.com.br\/emfoco\/2025\/07\/11\/direito-garantido-para-maes-autonomas-com-nova-regra-do-inss\/#primaryimage"},"image":{"@id":"https:\/\/www.em.com.br\/emfoco\/2025\/07\/11\/direito-garantido-para-maes-autonomas-com-nova-regra-do-inss\/#primaryimage"},"thumbnailUrl":"https:\/\/www.em.com.br\/emfoco\/wp-content\/uploads\/2025\/06\/gravida-trabalhando_1749545919753.jpg","datePublished":"2025-07-11T21:58:00+00:00","dateModified":"2025-07-11T22:12:56+00:00","author":{"@id":"https:\/\/www.em.com.br\/emfoco\/#\/schema\/person\/649e610b4eb8fff87ff394e54fe17b2b"},"description":"O INSS libera sal\u00e1rio-maternidade para aut\u00f4nomas sem car\u00eancia a partir de julho com nova regra que garante igualdade.","breadcrumb":{"@id":"https:\/\/www.em.com.br\/emfoco\/2025\/07\/11\/direito-garantido-para-maes-autonomas-com-nova-regra-do-inss\/#breadcrumb"},"inLanguage":"pt-BR","potentialAction":[{"@type":"ReadAction","target":["https:\/\/www.em.com.br\/emfoco\/2025\/07\/11\/direito-garantido-para-maes-autonomas-com-nova-regra-do-inss\/"]}]},{"@type":"ImageObject","inLanguage":"pt-BR","@id":"https:\/\/www.em.com.br\/emfoco\/2025\/07\/11\/direito-garantido-para-maes-autonomas-com-nova-regra-do-inss\/#primaryimage","url":"https:\/\/www.em.com.br\/emfoco\/wp-content\/uploads\/2025\/06\/gravida-trabalhando_1749545919753.jpg","contentUrl":"https:\/\/www.em.com.br\/emfoco\/wp-content\/uploads\/2025\/06\/gravida-trabalhando_1749545919753.jpg","width":1280,"height":720,"caption":"Regras atualizadas do INSS e crit\u00e9rios essenciais da Previd\u00eancia - Cr\u00e9ditos: depositphotos.com \/ konstantynov"},{"@type":"BreadcrumbList","@id":"https:\/\/www.em.com.br\/emfoco\/2025\/07\/11\/direito-garantido-para-maes-autonomas-com-nova-regra-do-inss\/#breadcrumb","itemListElement":[{"@type":"ListItem","position":1,"name":"In\u00edcio","item":"https:\/\/www.em.com.br\/emfoco\/"},{"@type":"ListItem","position":2,"name":"Direito garantido para m\u00e3es aut\u00f4nomas com nova regra do INSS"}]},{"@type":"WebSite","@id":"https:\/\/www.em.com.br\/emfoco\/#website","url":"https:\/\/www.em.com.br\/emfoco\/","name":"Estado de Minas - Em foco","description":"Acompanhe as \u00faltimas not\u00edcias e fique bem informado sobre tudo o que acontece em Minas Gerais, Brasil e no mundo.","potentialAction":[{"@type":"SearchAction","target":{"@type":"EntryPoint","urlTemplate":"https:\/\/www.em.com.br\/emfoco\/?s={search_term_string}"},"query-input":{"@type":"PropertyValueSpecification","valueRequired":true,"valueName":"search_term_string"}}],"inLanguage":"pt-BR"},{"@type":"Person","@id":"https:\/\/www.em.com.br\/emfoco\/#\/schema\/person\/649e610b4eb8fff87ff394e54fe17b2b","name":"Ingrid Diniz","image":{"@type":"ImageObject","inLanguage":"pt-BR","@id":"https:\/\/www.em.com.br\/emfoco\/#\/schema\/person\/image\/","url":"https:\/\/secure.gravatar.com\/avatar\/a3baa1449ec5c39b4c42babc9d4f3951?s=96&d=mm&r=g","contentUrl":"https:\/\/secure.gravatar.com\/avatar\/a3baa1449ec5c39b4c42babc9d4f3951?s=96&d=mm&r=g","caption":"Ingrid Diniz"},"sameAs":["https:\/\/www.em.com.br\/"],"url":"https:\/\/www.em.com.br\/emfoco\/author\/ingridmyth\/"}]}},"_links":{"self":[{"href":"https:\/\/www.em.com.br\/emfoco\/wp-json\/wp\/v2\/posts\/74181","targetHints":{"allow":["GET"]}}],"collection":[{"href":"https:\/\/www.em.com.br\/emfoco\/wp-json\/wp\/v2\/posts"}],"about":[{"href":"https:\/\/www.em.com.br\/emfoco\/wp-json\/wp\/v2\/types\/post"}],"author":[{"embeddable":true,"href":"https:\/\/www.em.com.br\/emfoco\/wp-json\/wp\/v2\/users\/20"}],"replies":[{"embeddable":true,"href":"https:\/\/www.em.com.br\/emfoco\/wp-json\/wp\/v2\/comments?post=74181"}],"version-history":[{"count":1,"href":"https:\/\/www.em.com.br\/emfoco\/wp-json\/wp\/v2\/posts\/74181\/revisions"}],"predecessor-version":[{"id":74215,"href":"https:\/\/www.em.com.br\/emfoco\/wp-json\/wp\/v2\/posts\/74181\/revisions\/74215"}],"wp:featuredmedia":[{"embeddable":true,"href":"https:\/\/www.em.com.br\/emfoco\/wp-json\/wp\/v2\/media\/58540"}],"wp:attachment":[{"href":"https:\/\/www.em.com.br\/emfoco\/wp-json\/wp\/v2\/media?parent=74181"}],"wp:term":[{"taxonomy":"category","embeddable":true,"href":"https:\/\/www.em.com.br\/emfoco\/wp-json\/wp\/v2\/categories?post=74181"},{"taxonomy":"post_tag","embeddable":true,"href":"https:\/\/www.em.com.br\/emfoco\/wp-json\/wp\/v2\/tags?post=74181"}],"curies":[{"name":"wp","href":"https:\/\/api.w.org\/{rel}","templated":true}]}}