{"id":74162,"date":"2025-07-12T20:08:00","date_gmt":"2025-07-12T23:08:00","guid":{"rendered":"https:\/\/www.em.com.br\/emfoco\/?p=74162"},"modified":"2025-07-11T13:49:08","modified_gmt":"2025-07-11T16:49:08","slug":"o-planeta-esta-mudando-a-rotacao-e-o-impacto-pode-ser-maior-do-que-voce-pensa","status":"publish","type":"post","link":"https:\/\/www.em.com.br\/emfoco\/2025\/07\/12\/o-planeta-esta-mudando-a-rotacao-e-o-impacto-pode-ser-maior-do-que-voce-pensa\/","title":{"rendered":"O planeta est\u00e1 mudando a rota\u00e7\u00e3o e o impacto pode ser maior do que voc\u00ea pensa"},"content":{"rendered":"\n<p>Desde\u00a0<strong>2020<\/strong>, a <a href=\"https:\/\/www.em.com.br\/emfoco\/2025\/07\/03\/estamos-realmente-sozinhos-no-universo-conheca-os-metodos-mais-tecnologicos-nas-buscas-por-vida-fora-da-terra\/\" target=\"_blank\" rel=\"noreferrer noopener\">Terra <\/a>tem se comportado de maneira inusitada, apresentando uma acelera\u00e7\u00e3o em sua rota\u00e7\u00e3o que n\u00e3o era observada h\u00e1 d\u00e9cadas. Este fen\u00f4meno tem causado altera\u00e7\u00f5es no tempo como o conhecemos, resultando em dias mais curtos. Dados de institutos como o\u00a0<a href=\"https:\/\/www.iers.org\/\" target=\"_blank\" rel=\"noreferrer noopener\"><strong>Servi\u00e7o Internacional de Sistemas de Refer\u00eancia e Rota\u00e7\u00e3o da Terra (IERS)<\/strong>\u00a0<\/a>mostram que o planeta tem girado em seu eixo em tempos mais r\u00e1pidos, e h\u00e1 expectativas de que este ano de\u00a0<strong>2025<\/strong>\u00a0registre novas quebras de recordes com dias ainda mais curtos.<\/p>\n\n\n\n<p>A origem desse fen\u00f4meno n\u00e3o est\u00e1 completamente elucidada, mas algumas teorias s\u00e3o consideradas pelos especialistas. Entre elas, est\u00e3o as altera\u00e7\u00f5es nas correntes oce\u00e2nicas, mudan\u00e7as nos ventos e derretimento das grandes massas de gelo, al\u00e9m das oscila\u00e7\u00f5es nos polos conhecidos como &#8220;<strong>Chandler wobble<\/strong>&#8220;. Essas for\u00e7as combinadas podem estar contribuindo para a rota\u00e7\u00e3o acelerada que se observa atualmente.<\/p>\n\n\n\n<h2 class=\"wp-block-heading\">Qual \u00e9 o impacto dos dias mais curtos?<\/h2>\n\n\n\n<p>Os efeitos de dias mais curtos parecem \u00ednfimos \u00e0 primeira vista, mas tem grande import\u00e2ncia para a precis\u00e3o do tempo em todo o mundo. Em sistemas cr\u00edticos, como o de&nbsp;<strong>GPS<\/strong>, redes de telecomunica\u00e7\u00f5es e transa\u00e7\u00f5es financeiras, a sincronia precisa entre o tempo at\u00f4mico e a rota\u00e7\u00e3o da Terra \u00e9 crucial. Pequenas diverg\u00eancias, mesmo de milissegundos, podem acarretar problemas significativos em opera\u00e7\u00f5es globais.<\/p>\n\n\n\n<p>No passado, segundos bissextos eram adicionados para ajustar qualquer descompasso entre o tempo at\u00f4mico e o tempo tradicional. No entanto, com a rota\u00e7\u00e3o acelerada, a discuss\u00e3o passou a incluir a possibilidade de se retirar segundos do tempo, um conceito que ainda est\u00e1 em avalia\u00e7\u00e3o.<\/p>\n\n\n\n<figure class=\"wp-block-image\"><img decoding=\"async\" src=\"https:\/\/www.em.com.br\/emfoco\/wp-content\/uploads\/2025\/03\/planeta-terra_1742520591886-1024x576.jpg\" alt=\"\"\/><figcaption class=\"wp-element-caption\">Planeta Terra &#8211; Cr\u00e9ditos: depositphotos.com \/ JohanSwanepoel<\/figcaption><\/figure>\n\n\n\n<h2 class=\"wp-block-heading\">Por que a altera\u00e7\u00e3o do tempo \u00e9 importante para a tecnologia?<\/h2>\n\n\n\n<p>A tecnologia moderna depende de precis\u00e3o absoluta. O funcionamento eficiente de sat\u00e9lites, infraestrutura de redes digitais e at\u00e9 mesmo aplicativos que utilizam sistemas de navega\u00e7\u00e3o por sat\u00e9lite n\u00e3o conseguem operar corretamente sem um rel\u00f3gio mundialmente sincronizado. Qualquer ajuste no tempo, portanto, n\u00e3o \u00e9 um desafio apenas acad\u00eamico, mas uma necessidade t\u00e9cnica que impacta a sociedade como um todo. No contexto global, empresas e \u00f3rg\u00e3os governamentais trabalham juntos para garantir essa precis\u00e3o, mostrando como a coopera\u00e7\u00e3o internacional se torna cada vez mais essencial nesta era digital.<\/p>\n\n\n\n<h2 class=\"wp-block-heading\">Como \u00e9 poss\u00edvel manter a precis\u00e3o do tempo?<\/h2>\n\n\n\n<p>At\u00e9 o momento, os \u00f3rg\u00e3os respons\u00e1veis por manter o tempo mundialmente sincronizado, como o IERS, t\u00eam evitado modificar o tempo oficial, apesar dos desafios impostos pela acelera\u00e7\u00e3o da rota\u00e7\u00e3o da Terra. A \u00faltima altera\u00e7\u00e3o significativa ocorreu em&nbsp;<strong>2016<\/strong>, quando um segundo adicional foi incorporado. Contudo, a ind\u00fastria busca solu\u00e7\u00f5es, e a ideia de &#8220;segundos negativos&#8221; vem sendo discutida entre cientistas e t\u00e9cnicos. Adicionalmente, pesquisas recentes da&nbsp;<strong>Universidade de Genebra<\/strong>&nbsp;t\u00eam explorado novos m\u00e9todos de ajuste autom\u00e1tico para sistemas de tempo, visando evitar impactos abruptos para setores sens\u00edveis como transporte a\u00e9reo e bolsas de valores.<\/p>\n\n\n\n<h2 class=\"wp-block-heading\">Como o fen\u00f4meno atual muda a percep\u00e7\u00e3o sobre o planeta?<\/h2>\n\n\n\n<p>A rota\u00e7\u00e3o alterada da Terra oferece uma oportunidade \u00fanica para os cientistas estudarem o comportamento planet\u00e1rio sob um novo \u00e2ngulo. Se essa acelera\u00e7\u00e3o representa uma anomalia tempor\u00e1ria ou o in\u00edcio de uma nova fase no ritmo de rota\u00e7\u00e3o do planeta \u00e9 algo que permanece em aberto, mas que agu\u00e7a a curiosidade cient\u00edfica e tecnol\u00f3gica do mundo inteiro. Novos sat\u00e9lites de monitoramento lan\u00e7ados recentemente em parcerias globais, como o&nbsp;<strong>Copernicus Sentinel<\/strong>, proporcionam dados ainda mais detalhados sobre estas mudan\u00e7as.<\/p>\n\n\n\n<p>Em resumo, as mudan\u00e7as sutis na rota\u00e7\u00e3o do nosso planeta t\u00eam repercuss\u00f5es significativas, n\u00e3o apenas para as ci\u00eancias f\u00edsicas, mas tamb\u00e9m para a vida cotidiana que depende de uma medida precisa do tempo. \u00c0 medida que&nbsp;<strong>2025<\/strong>&nbsp;avan\u00e7a, os cientistas continuar\u00e3o a monitorar esse fen\u00f4meno, buscando explica\u00e7\u00f5es e solu\u00e7\u00f5es que assegurem a continuidade do nosso modo de vida cada vez mais conectado.<\/p>\n","protected":false},"excerpt":{"rendered":"<p>Desde\u00a02020, a Terra tem se comportado de maneira inusitada, apresentando uma acelera\u00e7\u00e3o em sua rota\u00e7\u00e3o que n\u00e3o era observada h\u00e1 d\u00e9cadas. Este fen\u00f4meno tem causado altera\u00e7\u00f5es no tempo como o conhecemos, resultando em dias mais curtos. Dados de institutos como o\u00a0Servi\u00e7o Internacional de Sistemas de Refer\u00eancia e Rota\u00e7\u00e3o da Terra (IERS)\u00a0mostram que o planeta tem [&hellip;]<\/p>\n","protected":false},"author":11,"featured_media":74540,"comment_status":"open","ping_status":"open","sticky":false,"template":"","format":"standard","meta":{"jnews-multi-image_gallery":[],"jnews_single_post":{"format":"standard"},"jnews_primary_category":[],"jnews_social_meta":[],"jnews_override_counter":[],"footnotes":""},"categories":[8819,1],"tags":[884,8978,155,5366],"class_list":["post-74162","post","type-post","status-publish","format-standard","has-post-thumbnail","hentry","category-curiosidades","category-noticias","tag-ciencia","tag-rotacao","tag-tempo","tag-terra"],"yoast_head":"<!-- This site is optimized with the Yoast SEO plugin v23.8 - https:\/\/yoast.com\/wordpress\/plugins\/seo\/ -->\n<title>O planeta est\u00e1 mudando a rota\u00e7\u00e3o e o impacto pode ser maior do que voc\u00ea pensa - Estado de Minas - Em foco<\/title>\n<meta name=\"description\" content=\"O planeta est\u00e1 girando mais r\u00e1pido do que o normal e especialistas explicam como isso afeta o tempo globalmente.\" \/>\n<meta name=\"robots\" content=\"index, follow, max-snippet:-1, max-image-preview:large, max-video-preview:-1\" \/>\n<link rel=\"canonical\" href=\"https:\/\/www.em.com.br\/emfoco\/2025\/07\/12\/o-planeta-esta-mudando-a-rotacao-e-o-impacto-pode-ser-maior-do-que-voce-pensa\/\" \/>\n<meta property=\"og:locale\" content=\"pt_BR\" \/>\n<meta property=\"og:type\" content=\"article\" \/>\n<meta property=\"og:title\" content=\"O planeta est\u00e1 mudando a rota\u00e7\u00e3o e o impacto pode ser maior do que voc\u00ea pensa - Estado de Minas - Em foco\" \/>\n<meta property=\"og:description\" content=\"O planeta est\u00e1 girando mais r\u00e1pido do que o normal e especialistas explicam como isso afeta o tempo globalmente.\" \/>\n<meta property=\"og:url\" content=\"https:\/\/www.em.com.br\/emfoco\/2025\/07\/12\/o-planeta-esta-mudando-a-rotacao-e-o-impacto-pode-ser-maior-do-que-voce-pensa\/\" \/>\n<meta property=\"og:site_name\" content=\"Estado de Minas - Em foco\" \/>\n<meta property=\"article:published_time\" content=\"2025-07-12T23:08:00+00:00\" \/>\n<meta property=\"article:modified_time\" content=\"2025-07-11T16:49:08+00:00\" \/>\n<meta property=\"og:image\" content=\"https:\/\/www.em.com.br\/emfoco\/wp-content\/uploads\/2025\/07\/Rotacao-da-terra_1752256093042.jpg\" \/>\n\t<meta property=\"og:image:width\" content=\"1280\" \/>\n\t<meta property=\"og:image:height\" content=\"720\" \/>\n\t<meta property=\"og:image:type\" content=\"image\/jpeg\" \/>\n<meta name=\"author\" content=\"Andre\u0301 Rangel\u00a0\" \/>\n<meta name=\"twitter:card\" content=\"summary_large_image\" \/>\n<meta name=\"twitter:label1\" content=\"Escrito por\" \/>\n\t<meta name=\"twitter:data1\" content=\"Andre\u0301 Rangel\u00a0\" \/>\n\t<meta name=\"twitter:label2\" content=\"Est. tempo de leitura\" \/>\n\t<meta name=\"twitter:data2\" content=\"4 minutos\" \/>\n<!-- \/ Yoast SEO plugin. -->","yoast_head_json":{"title":"O planeta est\u00e1 mudando a rota\u00e7\u00e3o e o impacto pode ser maior do que voc\u00ea pensa - Estado de Minas - Em foco","description":"O planeta est\u00e1 girando mais r\u00e1pido do que o normal e especialistas explicam como isso afeta o tempo globalmente.","robots":{"index":"index","follow":"follow","max-snippet":"max-snippet:-1","max-image-preview":"max-image-preview:large","max-video-preview":"max-video-preview:-1"},"canonical":"https:\/\/www.em.com.br\/emfoco\/2025\/07\/12\/o-planeta-esta-mudando-a-rotacao-e-o-impacto-pode-ser-maior-do-que-voce-pensa\/","og_locale":"pt_BR","og_type":"article","og_title":"O planeta est\u00e1 mudando a rota\u00e7\u00e3o e o impacto pode ser maior do que voc\u00ea pensa - Estado de Minas - Em foco","og_description":"O planeta est\u00e1 girando mais r\u00e1pido do que o normal e especialistas explicam como isso afeta o tempo globalmente.","og_url":"https:\/\/www.em.com.br\/emfoco\/2025\/07\/12\/o-planeta-esta-mudando-a-rotacao-e-o-impacto-pode-ser-maior-do-que-voce-pensa\/","og_site_name":"Estado de Minas - Em foco","article_published_time":"2025-07-12T23:08:00+00:00","article_modified_time":"2025-07-11T16:49:08+00:00","og_image":[{"width":1280,"height":720,"url":"https:\/\/www.em.com.br\/emfoco\/wp-content\/uploads\/2025\/07\/Rotacao-da-terra_1752256093042.jpg","type":"image\/jpeg"}],"author":"Andre\u0301 Rangel\u00a0","twitter_card":"summary_large_image","twitter_misc":{"Escrito por":"Andre\u0301 Rangel\u00a0","Est. tempo de leitura":"4 minutos"},"schema":{"@context":"https:\/\/schema.org","@graph":[{"@type":"WebPage","@id":"https:\/\/www.em.com.br\/emfoco\/2025\/07\/12\/o-planeta-esta-mudando-a-rotacao-e-o-impacto-pode-ser-maior-do-que-voce-pensa\/","url":"https:\/\/www.em.com.br\/emfoco\/2025\/07\/12\/o-planeta-esta-mudando-a-rotacao-e-o-impacto-pode-ser-maior-do-que-voce-pensa\/","name":"O planeta est\u00e1 mudando a rota\u00e7\u00e3o e o impacto pode ser maior do que voc\u00ea pensa - Estado de Minas - Em foco","isPartOf":{"@id":"https:\/\/www.em.com.br\/emfoco\/#website"},"primaryImageOfPage":{"@id":"https:\/\/www.em.com.br\/emfoco\/2025\/07\/12\/o-planeta-esta-mudando-a-rotacao-e-o-impacto-pode-ser-maior-do-que-voce-pensa\/#primaryimage"},"image":{"@id":"https:\/\/www.em.com.br\/emfoco\/2025\/07\/12\/o-planeta-esta-mudando-a-rotacao-e-o-impacto-pode-ser-maior-do-que-voce-pensa\/#primaryimage"},"thumbnailUrl":"https:\/\/www.em.com.br\/emfoco\/wp-content\/uploads\/2025\/07\/Rotacao-da-terra_1752256093042.jpg","datePublished":"2025-07-12T23:08:00+00:00","dateModified":"2025-07-11T16:49:08+00:00","author":{"@id":"https:\/\/www.em.com.br\/emfoco\/#\/schema\/person\/60eda09c1fedf0d6891f4cef4b60b8b8"},"description":"O planeta est\u00e1 girando mais r\u00e1pido do que o normal e especialistas explicam como isso afeta o tempo globalmente.","breadcrumb":{"@id":"https:\/\/www.em.com.br\/emfoco\/2025\/07\/12\/o-planeta-esta-mudando-a-rotacao-e-o-impacto-pode-ser-maior-do-que-voce-pensa\/#breadcrumb"},"inLanguage":"pt-BR","potentialAction":[{"@type":"ReadAction","target":["https:\/\/www.em.com.br\/emfoco\/2025\/07\/12\/o-planeta-esta-mudando-a-rotacao-e-o-impacto-pode-ser-maior-do-que-voce-pensa\/"]}]},{"@type":"ImageObject","inLanguage":"pt-BR","@id":"https:\/\/www.em.com.br\/emfoco\/2025\/07\/12\/o-planeta-esta-mudando-a-rotacao-e-o-impacto-pode-ser-maior-do-que-voce-pensa\/#primaryimage","url":"https:\/\/www.em.com.br\/emfoco\/wp-content\/uploads\/2025\/07\/Rotacao-da-terra_1752256093042.jpg","contentUrl":"https:\/\/www.em.com.br\/emfoco\/wp-content\/uploads\/2025\/07\/Rotacao-da-terra_1752256093042.jpg","width":1280,"height":720,"caption":"Rota\u00e7\u00e3o da Terra_ - Cr\u00e9ditos: depositphotos.com \/ robeo123"},{"@type":"BreadcrumbList","@id":"https:\/\/www.em.com.br\/emfoco\/2025\/07\/12\/o-planeta-esta-mudando-a-rotacao-e-o-impacto-pode-ser-maior-do-que-voce-pensa\/#breadcrumb","itemListElement":[{"@type":"ListItem","position":1,"name":"In\u00edcio","item":"https:\/\/www.em.com.br\/emfoco\/"},{"@type":"ListItem","position":2,"name":"O planeta est\u00e1 mudando a rota\u00e7\u00e3o e o impacto pode ser maior do que voc\u00ea pensa"}]},{"@type":"WebSite","@id":"https:\/\/www.em.com.br\/emfoco\/#website","url":"https:\/\/www.em.com.br\/emfoco\/","name":"Estado de Minas - Em foco","description":"Acompanhe as \u00faltimas not\u00edcias e fique bem informado sobre tudo o que acontece em Minas Gerais, Brasil e no mundo.","potentialAction":[{"@type":"SearchAction","target":{"@type":"EntryPoint","urlTemplate":"https:\/\/www.em.com.br\/emfoco\/?s={search_term_string}"},"query-input":{"@type":"PropertyValueSpecification","valueRequired":true,"valueName":"search_term_string"}}],"inLanguage":"pt-BR"},{"@type":"Person","@id":"https:\/\/www.em.com.br\/emfoco\/#\/schema\/person\/60eda09c1fedf0d6891f4cef4b60b8b8","name":"Andre\u0301 Rangel\u00a0","image":{"@type":"ImageObject","inLanguage":"pt-BR","@id":"https:\/\/www.em.com.br\/emfoco\/#\/schema\/person\/image\/","url":"https:\/\/secure.gravatar.com\/avatar\/6234dc814c77c8ef6d8bba622c787efc?s=96&d=mm&r=g","contentUrl":"https:\/\/secure.gravatar.com\/avatar\/6234dc814c77c8ef6d8bba622c787efc?s=96&d=mm&r=g","caption":"Andre\u0301 Rangel\u00a0"},"url":"https:\/\/www.em.com.br\/emfoco\/author\/luizmyth\/"}]}},"_links":{"self":[{"href":"https:\/\/www.em.com.br\/emfoco\/wp-json\/wp\/v2\/posts\/74162","targetHints":{"allow":["GET"]}}],"collection":[{"href":"https:\/\/www.em.com.br\/emfoco\/wp-json\/wp\/v2\/posts"}],"about":[{"href":"https:\/\/www.em.com.br\/emfoco\/wp-json\/wp\/v2\/types\/post"}],"author":[{"embeddable":true,"href":"https:\/\/www.em.com.br\/emfoco\/wp-json\/wp\/v2\/users\/11"}],"replies":[{"embeddable":true,"href":"https:\/\/www.em.com.br\/emfoco\/wp-json\/wp\/v2\/comments?post=74162"}],"version-history":[{"count":4,"href":"https:\/\/www.em.com.br\/emfoco\/wp-json\/wp\/v2\/posts\/74162\/revisions"}],"predecessor-version":[{"id":74541,"href":"https:\/\/www.em.com.br\/emfoco\/wp-json\/wp\/v2\/posts\/74162\/revisions\/74541"}],"wp:featuredmedia":[{"embeddable":true,"href":"https:\/\/www.em.com.br\/emfoco\/wp-json\/wp\/v2\/media\/74540"}],"wp:attachment":[{"href":"https:\/\/www.em.com.br\/emfoco\/wp-json\/wp\/v2\/media?parent=74162"}],"wp:term":[{"taxonomy":"category","embeddable":true,"href":"https:\/\/www.em.com.br\/emfoco\/wp-json\/wp\/v2\/categories?post=74162"},{"taxonomy":"post_tag","embeddable":true,"href":"https:\/\/www.em.com.br\/emfoco\/wp-json\/wp\/v2\/tags?post=74162"}],"curies":[{"name":"wp","href":"https:\/\/api.w.org\/{rel}","templated":true}]}}