{"id":74130,"date":"2025-07-10T19:50:00","date_gmt":"2025-07-10T22:50:00","guid":{"rendered":"https:\/\/www.em.com.br\/emfoco\/?p=74130"},"modified":"2025-07-10T17:48:41","modified_gmt":"2025-07-10T20:48:41","slug":"pudim-sem-ovo-conquista-pela-praticidade-e-sabor-marcante","status":"publish","type":"post","link":"https:\/\/www.em.com.br\/emfoco\/2025\/07\/10\/pudim-sem-ovo-conquista-pela-praticidade-e-sabor-marcante\/","title":{"rendered":"Pudim sem ovo conquista pela praticidade e sabor marcante"},"content":{"rendered":"\n<p>A sobremesa conhecida como pudim est\u00e1 presente em diversas mesas brasileiras, sendo s\u00edmbolo de tradi\u00e7\u00e3o e conforto. Seja em reuni\u00f5es familiares ou celebra\u00e7\u00f5es especiais, o pudim marca presen\u00e7a pela sua cremosidade e sabor marcante. Para aqueles momentos em que praticidade \u00e9 essencial, o pudim sem ovo, feito com apenas cinco ingredientes e sem uso de forno, tornou-se solu\u00e7\u00e3o que alia rapidez e resultado surpreendente, como mostra o site <a href=\"https:\/\/receitasdepesos.com.br\/pudim-sem-ovo-e-sem-assar-a-sobremesa-mais-facil-do-mundo.html\/\" target=\"_blank\" rel=\"noreferrer noopener\">Receitas de Peso.<\/a><\/p>\n\n\n\n<p>Ao dispensar o uso de ovos e o cozimento convencional, esse doce ganhou popularidade entre quem busca receitas r\u00e1pidas ou enfrenta restri\u00e7\u00f5es alimentares. Com textura suave e leve, seu preparo pode ser finalizado em poucos minutos, exigindo apenas descanso na geladeira para atingir o ponto ideal. Adapt\u00e1vel e democr\u00e1tica, essa receita mostra que \u00e9 poss\u00edvel saborear um cl\u00e1ssico sem complica\u00e7\u00e3o.<\/p>\n\n\n\n<h2 class=\"wp-block-heading\">Como surgiu o pudim?<\/h2>\n\n\n\n<p>A hist\u00f3ria do pudim remonta a tempos antigos, com registros de vers\u00f5es semelhantes j\u00e1 no Imp\u00e9rio Romano. Ao longo dos s\u00e9culos, a sobremesa foi modificada em diferentes regi\u00f5es do mundo, adquirindo caracter\u00edsticas locais. No Brasil, o pudim tradicional ganhou espa\u00e7o principalmente com a chegada do leite condensado, por volta do s\u00e9culo XX, tornando-se sobremesa apreciada em festas e almo\u00e7os em fam\u00edlia.<\/p>\n\n\n\n<p>Com o passar do tempo, surgiram varia\u00e7\u00f5es para adaptar o doce \u00e0s necessidades contempor\u00e2neas. O pudim sem ovo, preparado sem forno, reflete a evolu\u00e7\u00e3o culin\u00e1ria, oferecendo alternativas pr\u00e1ticas para o cotidiano. Al\u00e9m de manter o aroma e o sabor reconhecidos, essa vers\u00e3o possibilita que mais pessoas desfrutem da sobremesa, seja por falta de tempo ou restri\u00e7\u00f5es alimentares.<\/p>\n\n\n\n<h2 class=\"wp-block-heading\">Quais ingredientes s\u00e3o necess\u00e1rios para o pudim sem ovo?<\/h2>\n\n\n\n<p>O principal destaque dessa vers\u00e3o est\u00e1 na simplicidade do preparo e no uso de poucos componentes b\u00e1sicos, sempre f\u00e1ceis de encontrar no mercado. Os ingredientes fundamentais s\u00e3o respons\u00e1veis tanto pelo sabor quanto pela consist\u00eancia caracter\u00edstica do pudim. Confira a lista detalhada:<\/p>\n\n\n\n<ul class=\"wp-block-list\">\n<li><strong>Leite condensado:<\/strong> D\u00e1 cremosidade e dul\u00e7or \u00e0 sobremesa.<\/li>\n\n\n\n<li><strong>Creme de leite:<\/strong> Contribui para uma textura mais aerada e leve.<\/li>\n\n\n\n<li><strong>Leite:<\/strong> Ajuda na dilui\u00e7\u00e3o e comp\u00f5e o volume da massa.<\/li>\n\n\n\n<li><strong>Gelatina incolor sem sabor:<\/strong> Substitui o papel do ovo na estrutura do pudim, garantindo firmeza.<\/li>\n\n\n\n<li><strong>A\u00e7\u00facar:<\/strong> Utilizado para preparar a calda caramelizada, que completa o sabor.<\/li>\n<\/ul>\n\n\n\n<p>Al\u00e9m disso, ajustes e acr\u00e9scimos simples, como ess\u00eancia de baunilha ou raspas de lim\u00e3o, podem ser feitos para personalizar o resultado ao gosto pessoal.<\/p>\n\n\n\n<h2 class=\"wp-block-heading\">Como preparar pudim sem ovo, sem forno e com apenas 5 ingredientes?<\/h2>\n\n\n\n<p>O processo de preparo \u00e9 bastante vers\u00e1til e r\u00e1pido em compara\u00e7\u00e3o ao pudim tradicional. Observe o passo a passo para garantir uma sobremesa com textura impec\u00e1vel:<\/p>\n\n\n\n<ol class=\"wp-block-list\">\n<li>Comece preparando a calda: derreta meia x\u00edcara de a\u00e7\u00facar em fogo baixo para formar um caramelo dourado. Adicione cuidadosamente um pouco de \u00e1gua, mexendo at\u00e9 obter consist\u00eancia l\u00edquida. Espalhe essa calda na forma para pudim.<\/li>\n\n\n\n<li>Hidrate a gelatina incolor conforme as orienta\u00e7\u00f5es da embalagem, garantindo total dissolu\u00e7\u00e3o.<\/li>\n\n\n\n<li>No liquidificador, bata o leite condensado, o creme de leite e o leite por alguns minutos, at\u00e9 homogeneizar.<\/li>\n\n\n\n<li>Incorpore a gelatina j\u00e1 dissolvida \u00e0 mistura e bata novamente por mais um minuto.<\/li>\n\n\n\n<li>Transfira a mistura para a forma caramelizada e leve \u00e0 geladeira, deixando descansar por quatro horas at\u00e9 ficar firme.<\/li>\n<\/ol>\n\n\n\n<p>Ap\u00f3s esse tempo, basta desenformar e servir, mantendo o pudim sempre refrigerado para garantir sabor e textura agrad\u00e1veis.<\/p>\n\n\n<div class=\"wp-block-image\">\n<figure class=\"aligncenter size-large\"><img loading=\"lazy\" decoding=\"async\" width=\"1024\" height=\"576\" src=\"https:\/\/www.em.com.br\/emfoco\/wp-content\/uploads\/2025\/07\/pudim_1752179594230-1024x576.jpg\" alt=\"Pudim sem ovo conquista pela praticidade e sabor marcante\" class=\"wp-image-74133\" srcset=\"https:\/\/www.em.com.br\/emfoco\/wp-content\/uploads\/2025\/07\/pudim_1752179594230-1024x576.jpg 1024w, https:\/\/www.em.com.br\/emfoco\/wp-content\/uploads\/2025\/07\/pudim_1752179594230-300x169.jpg 300w, https:\/\/www.em.com.br\/emfoco\/wp-content\/uploads\/2025\/07\/pudim_1752179594230-768x432.jpg 768w, https:\/\/www.em.com.br\/emfoco\/wp-content\/uploads\/2025\/07\/pudim_1752179594230-750x422.jpg 750w, https:\/\/www.em.com.br\/emfoco\/wp-content\/uploads\/2025\/07\/pudim_1752179594230-1140x641.jpg 1140w, https:\/\/www.em.com.br\/emfoco\/wp-content\/uploads\/2025\/07\/pudim_1752179594230.jpg 1280w\" sizes=\"auto, (max-width: 1024px) 100vw, 1024px\" \/><figcaption class=\"wp-element-caption\">Pudim (Cr\u00e9ditos: depositphotos.com \/ gustavomello162.hotmail.com)<\/figcaption><\/figure><\/div>\n\n\n<h2 class=\"wp-block-heading\">Pudim sem ovo: quantas calorias possui e como servir?<\/h2>\n\n\n\n<p>Cada por\u00e7\u00e3o de 100g desse pudim apresenta, em m\u00e9dia, 180 calorias, tornando-o op\u00e7\u00e3o equilibrada para quem busca sobremesa mais leve em rela\u00e7\u00e3o \u00e0 <a href=\"https:\/\/www.em.com.br\/emfoco\/2025\/07\/09\/pao-leve-facil-e-nutritivo-que-cabe-na-rotina-e-faz-bem-de-verdade\/\" target=\"_blank\" rel=\"noreferrer noopener\">receita original<\/a>. O rendimento costuma ser de oito fatias generosas, suficiente para servir a fam\u00edlia ou dividir com amigos em momentos especiais.<\/p>\n\n\n\n<p>Para acompanhamento, \u00e9 poss\u00edvel acrescentar chantilly, frutas frescas ou cobrir com caldas de chocolate ou frutas vermelhas, oferecendo contraste de sabores. Recomenda-se conservar o pudim sempre coberto na geladeira, sendo ideal seu consumo em at\u00e9 cinco dias.<\/p>\n\n\n\n<h2 class=\"wp-block-heading\">\u00c9 poss\u00edvel personalizar a receita do pudim sem ovo?<\/h2>\n\n\n\n<p>Sim, esse doce vers\u00e1til comporta v\u00e1rias adapta\u00e7\u00f5es. Quem prefere sabores diferenciados pode adicionar ess\u00eancia de baunilha, extrato de laranja ou at\u00e9 mesmo coco ralado \u00e0 massa. Para um resultado mais firme, aumenta-se levemente a quantidade de gelatina. Usu\u00e1rios de dietas espec\u00edficas podem substituir o leite por vers\u00f5es vegetais, observando que cada mudan\u00e7a pode alterar levemente a textura.<\/p>\n\n\n\n<p>Por fim, o pudim sem ovo, feito sem forno e com poucos ingredientes, refor\u00e7a que praticidade e qualidade podem caminhar juntas na cozinha. Com passos simples, acessibilidade e sabor marcante, essa receita se firma como alternativa perfeita a quem deseja um doce tradicional revisitado para os dias atuais.<\/p>\n","protected":false},"excerpt":{"rendered":"<p>A sobremesa conhecida como pudim est\u00e1 presente em diversas mesas brasileiras, sendo s\u00edmbolo de tradi\u00e7\u00e3o e conforto. Seja em reuni\u00f5es familiares ou celebra\u00e7\u00f5es especiais, o pudim marca presen\u00e7a pela sua cremosidade e sabor marcante. Para aqueles momentos em que praticidade \u00e9 essencial, o pudim sem ovo, feito com apenas cinco ingredientes e sem uso de [&hellip;]<\/p>\n","protected":false},"author":10,"featured_media":74132,"comment_status":"open","ping_status":"open","sticky":false,"template":"","format":"standard","meta":{"jnews-multi-image_gallery":[],"jnews_single_post":{"format":"standard"},"jnews_primary_category":[],"jnews_social_meta":[],"jnews_override_counter":[],"footnotes":""},"categories":[29,1],"tags":[248,8072,3440,3441],"class_list":["post-74130","post","type-post","status-publish","format-standard","has-post-thumbnail","hentry","category-entretenimento","category-noticias","tag-culinaria","tag-pudim","tag-receita","tag-sobremesa"],"yoast_head":"<!-- This site is optimized with the Yoast SEO plugin v23.8 - https:\/\/yoast.com\/wordpress\/plugins\/seo\/ -->\n<title>Pudim sem ovo conquista pela praticidade e sabor marcante - Estado de Minas - Em foco<\/title>\n<meta name=\"description\" content=\"Com 5 ingredientes simples, essa receita de pudim sem ovo \u00e9 leve, r\u00e1pido de fazer e agrada toda a fam\u00edlia!\" \/>\n<meta name=\"robots\" content=\"index, follow, max-snippet:-1, max-image-preview:large, max-video-preview:-1\" \/>\n<link rel=\"canonical\" href=\"https:\/\/www.em.com.br\/emfoco\/2025\/07\/10\/pudim-sem-ovo-conquista-pela-praticidade-e-sabor-marcante\/\" \/>\n<meta property=\"og:locale\" content=\"pt_BR\" \/>\n<meta property=\"og:type\" content=\"article\" \/>\n<meta property=\"og:title\" content=\"Pudim sem ovo conquista pela praticidade e sabor marcante - Estado de Minas - Em foco\" \/>\n<meta property=\"og:description\" content=\"Com 5 ingredientes simples, essa receita de pudim sem ovo \u00e9 leve, r\u00e1pido de fazer e agrada toda a fam\u00edlia!\" \/>\n<meta property=\"og:url\" content=\"https:\/\/www.em.com.br\/emfoco\/2025\/07\/10\/pudim-sem-ovo-conquista-pela-praticidade-e-sabor-marcante\/\" \/>\n<meta property=\"og:site_name\" content=\"Estado de Minas - Em foco\" \/>\n<meta property=\"article:published_time\" content=\"2025-07-10T22:50:00+00:00\" \/>\n<meta property=\"article:modified_time\" content=\"2025-07-10T20:48:41+00:00\" \/>\n<meta property=\"og:image\" content=\"https:\/\/www.em.com.br\/emfoco\/wp-content\/uploads\/2025\/07\/pudim_1752179470720.jpg\" \/>\n\t<meta property=\"og:image:width\" content=\"1280\" \/>\n\t<meta property=\"og:image:height\" content=\"720\" \/>\n\t<meta property=\"og:image:type\" content=\"image\/jpeg\" \/>\n<meta name=\"author\" content=\"Patryck Reinehr\" \/>\n<meta name=\"twitter:card\" content=\"summary_large_image\" \/>\n<meta name=\"twitter:label1\" content=\"Escrito por\" \/>\n\t<meta name=\"twitter:data1\" content=\"Patryck Reinehr\" \/>\n\t<meta name=\"twitter:label2\" content=\"Est. tempo de leitura\" \/>\n\t<meta name=\"twitter:data2\" content=\"5 minutos\" \/>\n<!-- \/ Yoast SEO plugin. -->","yoast_head_json":{"title":"Pudim sem ovo conquista pela praticidade e sabor marcante - Estado de Minas - Em foco","description":"Com 5 ingredientes simples, essa receita de pudim sem ovo \u00e9 leve, r\u00e1pido de fazer e agrada toda a fam\u00edlia!","robots":{"index":"index","follow":"follow","max-snippet":"max-snippet:-1","max-image-preview":"max-image-preview:large","max-video-preview":"max-video-preview:-1"},"canonical":"https:\/\/www.em.com.br\/emfoco\/2025\/07\/10\/pudim-sem-ovo-conquista-pela-praticidade-e-sabor-marcante\/","og_locale":"pt_BR","og_type":"article","og_title":"Pudim sem ovo conquista pela praticidade e sabor marcante - Estado de Minas - Em foco","og_description":"Com 5 ingredientes simples, essa receita de pudim sem ovo \u00e9 leve, r\u00e1pido de fazer e agrada toda a fam\u00edlia!","og_url":"https:\/\/www.em.com.br\/emfoco\/2025\/07\/10\/pudim-sem-ovo-conquista-pela-praticidade-e-sabor-marcante\/","og_site_name":"Estado de Minas - Em foco","article_published_time":"2025-07-10T22:50:00+00:00","article_modified_time":"2025-07-10T20:48:41+00:00","og_image":[{"width":1280,"height":720,"url":"https:\/\/www.em.com.br\/emfoco\/wp-content\/uploads\/2025\/07\/pudim_1752179470720.jpg","type":"image\/jpeg"}],"author":"Patryck Reinehr","twitter_card":"summary_large_image","twitter_misc":{"Escrito por":"Patryck Reinehr","Est. tempo de leitura":"5 minutos"},"schema":{"@context":"https:\/\/schema.org","@graph":[{"@type":"WebPage","@id":"https:\/\/www.em.com.br\/emfoco\/2025\/07\/10\/pudim-sem-ovo-conquista-pela-praticidade-e-sabor-marcante\/","url":"https:\/\/www.em.com.br\/emfoco\/2025\/07\/10\/pudim-sem-ovo-conquista-pela-praticidade-e-sabor-marcante\/","name":"Pudim sem ovo conquista pela praticidade e sabor marcante - Estado de Minas - Em foco","isPartOf":{"@id":"https:\/\/www.em.com.br\/emfoco\/#website"},"primaryImageOfPage":{"@id":"https:\/\/www.em.com.br\/emfoco\/2025\/07\/10\/pudim-sem-ovo-conquista-pela-praticidade-e-sabor-marcante\/#primaryimage"},"image":{"@id":"https:\/\/www.em.com.br\/emfoco\/2025\/07\/10\/pudim-sem-ovo-conquista-pela-praticidade-e-sabor-marcante\/#primaryimage"},"thumbnailUrl":"https:\/\/www.em.com.br\/emfoco\/wp-content\/uploads\/2025\/07\/pudim_1752179470720.jpg","datePublished":"2025-07-10T22:50:00+00:00","dateModified":"2025-07-10T20:48:41+00:00","author":{"@id":"https:\/\/www.em.com.br\/emfoco\/#\/schema\/person\/43407752bebcbbb4d0ec79deedc0d7ce"},"description":"Com 5 ingredientes simples, essa receita de pudim sem ovo \u00e9 leve, r\u00e1pido de fazer e agrada toda a fam\u00edlia!","breadcrumb":{"@id":"https:\/\/www.em.com.br\/emfoco\/2025\/07\/10\/pudim-sem-ovo-conquista-pela-praticidade-e-sabor-marcante\/#breadcrumb"},"inLanguage":"pt-BR","potentialAction":[{"@type":"ReadAction","target":["https:\/\/www.em.com.br\/emfoco\/2025\/07\/10\/pudim-sem-ovo-conquista-pela-praticidade-e-sabor-marcante\/"]}]},{"@type":"ImageObject","inLanguage":"pt-BR","@id":"https:\/\/www.em.com.br\/emfoco\/2025\/07\/10\/pudim-sem-ovo-conquista-pela-praticidade-e-sabor-marcante\/#primaryimage","url":"https:\/\/www.em.com.br\/emfoco\/wp-content\/uploads\/2025\/07\/pudim_1752179470720.jpg","contentUrl":"https:\/\/www.em.com.br\/emfoco\/wp-content\/uploads\/2025\/07\/pudim_1752179470720.jpg","width":1280,"height":720,"caption":"Pudim (Cr\u00e9ditos: depositphotos.com \/ fnalphotos)"},{"@type":"BreadcrumbList","@id":"https:\/\/www.em.com.br\/emfoco\/2025\/07\/10\/pudim-sem-ovo-conquista-pela-praticidade-e-sabor-marcante\/#breadcrumb","itemListElement":[{"@type":"ListItem","position":1,"name":"In\u00edcio","item":"https:\/\/www.em.com.br\/emfoco\/"},{"@type":"ListItem","position":2,"name":"Pudim sem ovo conquista pela praticidade e sabor marcante"}]},{"@type":"WebSite","@id":"https:\/\/www.em.com.br\/emfoco\/#website","url":"https:\/\/www.em.com.br\/emfoco\/","name":"Estado de Minas - Em foco","description":"Acompanhe as \u00faltimas not\u00edcias e fique bem informado sobre tudo o que acontece em Minas Gerais, Brasil e no mundo.","potentialAction":[{"@type":"SearchAction","target":{"@type":"EntryPoint","urlTemplate":"https:\/\/www.em.com.br\/emfoco\/?s={search_term_string}"},"query-input":{"@type":"PropertyValueSpecification","valueRequired":true,"valueName":"search_term_string"}}],"inLanguage":"pt-BR"},{"@type":"Person","@id":"https:\/\/www.em.com.br\/emfoco\/#\/schema\/person\/43407752bebcbbb4d0ec79deedc0d7ce","name":"Patryck Reinehr","image":{"@type":"ImageObject","inLanguage":"pt-BR","@id":"https:\/\/www.em.com.br\/emfoco\/#\/schema\/person\/image\/","url":"https:\/\/secure.gravatar.com\/avatar\/570c7fb2898c0e2df0823196891bea88?s=96&d=mm&r=g","contentUrl":"https:\/\/secure.gravatar.com\/avatar\/570c7fb2898c0e2df0823196891bea88?s=96&d=mm&r=g","caption":"Patryck Reinehr"},"url":"https:\/\/www.em.com.br\/emfoco\/author\/patryckmyth\/"}]}},"_links":{"self":[{"href":"https:\/\/www.em.com.br\/emfoco\/wp-json\/wp\/v2\/posts\/74130","targetHints":{"allow":["GET"]}}],"collection":[{"href":"https:\/\/www.em.com.br\/emfoco\/wp-json\/wp\/v2\/posts"}],"about":[{"href":"https:\/\/www.em.com.br\/emfoco\/wp-json\/wp\/v2\/types\/post"}],"author":[{"embeddable":true,"href":"https:\/\/www.em.com.br\/emfoco\/wp-json\/wp\/v2\/users\/10"}],"replies":[{"embeddable":true,"href":"https:\/\/www.em.com.br\/emfoco\/wp-json\/wp\/v2\/comments?post=74130"}],"version-history":[{"count":1,"href":"https:\/\/www.em.com.br\/emfoco\/wp-json\/wp\/v2\/posts\/74130\/revisions"}],"predecessor-version":[{"id":74134,"href":"https:\/\/www.em.com.br\/emfoco\/wp-json\/wp\/v2\/posts\/74130\/revisions\/74134"}],"wp:featuredmedia":[{"embeddable":true,"href":"https:\/\/www.em.com.br\/emfoco\/wp-json\/wp\/v2\/media\/74132"}],"wp:attachment":[{"href":"https:\/\/www.em.com.br\/emfoco\/wp-json\/wp\/v2\/media?parent=74130"}],"wp:term":[{"taxonomy":"category","embeddable":true,"href":"https:\/\/www.em.com.br\/emfoco\/wp-json\/wp\/v2\/categories?post=74130"},{"taxonomy":"post_tag","embeddable":true,"href":"https:\/\/www.em.com.br\/emfoco\/wp-json\/wp\/v2\/tags?post=74130"}],"curies":[{"name":"wp","href":"https:\/\/api.w.org\/{rel}","templated":true}]}}