{"id":74089,"date":"2025-07-12T06:28:00","date_gmt":"2025-07-12T09:28:00","guid":{"rendered":"https:\/\/www.em.com.br\/emfoco\/?p=74089"},"modified":"2025-07-11T19:43:18","modified_gmt":"2025-07-11T22:43:18","slug":"o-clima-vai-virar-do-avesso-no-sudeste-e-os-sinais-ja-comecaram","status":"publish","type":"post","link":"https:\/\/www.em.com.br\/emfoco\/2025\/07\/12\/o-clima-vai-virar-do-avesso-no-sudeste-e-os-sinais-ja-comecaram\/","title":{"rendered":"O clima vai virar do avesso no Sudeste e os sinais j\u00e1 come\u00e7aram"},"content":{"rendered":"\n<p>O clima na regi\u00e3o\u00a0<strong><a href=\"https:\/\/www.em.com.br\/emfoco\/2025\/07\/10\/uma-mudanca-no-clima-vai-pegar-o-sudeste-de-surpresa\/\" target=\"_blank\" rel=\"noreferrer noopener\">Sudeste <\/a>do Brasil<\/strong>\u00a0sofre cada vez mais com os impactos das <a href=\"https:\/\/brasil.un.org\/pt-br\/175180-o-que-s%C3%A3o-mudan%C3%A7as-clim%C3%A1ticas\" target=\"_blank\" rel=\"noreferrer noopener\">mudan\u00e7as clim\u00e1ticas<\/a>. Observa-se um aumento de eventos extremos, como ondas de calor intensas e chuvas fortes que geram inunda\u00e7\u00f5es repentinamente. Esses fen\u00f4menos est\u00e3o associados ao aumento da temperatura m\u00e9dia global e \u00e0 modifica\u00e7\u00e3o dos padr\u00f5es clim\u00e1ticos que afetam diretamente estados como\u00a0<strong>S\u00e3o Paulo<\/strong>,\u00a0<strong>Rio de Janeiro<\/strong>,\u00a0<strong>Esp\u00edrito Santo<\/strong>\u00a0e\u00a0<strong>Minas Gerais<\/strong>.<\/p>\n\n\n\n<p>Al\u00e9m das altera\u00e7\u00f5es na temperatura, a variabilidade clim\u00e1tica tamb\u00e9m tem sido um fator preocupante. As esta\u00e7\u00f5es do ano t\u00eam se apresentado de maneira menos definida, levando a per\u00edodos de seca seguidos por chuvas intensas que causam danos \u00e0 infraestrutura e dificultam o cotidiano das cidades. Monitorar essas altera\u00e7\u00f5es e adaptar-se a elas tornou-se essencial para minimizar os efeitos adversos das mudan\u00e7as clim\u00e1ticas.<\/p>\n\n\n\n<h2 class=\"wp-block-heading\">Qual a previs\u00e3o de temperaturas para os dias 12 e 13 de junho de 2025 na regi\u00e3o sudeste?<\/h2>\n\n\n\n<p>A previs\u00e3o do tempo indica varia\u00e7\u00f5es de temperatura significativas para os dias&nbsp;<strong>12 e 13 de junho de 2025<\/strong>&nbsp;na regi\u00e3o Sudeste do Brasil. Abaixo est\u00e3o listadas as temperaturas m\u00e1ximas e m\u00ednimas esperadas em diferentes estados e cidades:<\/p>\n\n\n\n<ul class=\"wp-block-list\">\n<li><strong>S\u00e3o Paulo<\/strong>: M\u00e1xima de 26\u00b0C e m\u00ednima de 14\u00b0C.<\/li>\n\n\n\n<li><strong>Rio de Janeiro<\/strong>: M\u00e1xima de 28\u00b0C e m\u00ednima de 18\u00b0C.<\/li>\n\n\n\n<li><strong>Esp\u00edrito Santo<\/strong>: M\u00e1xima de 27\u00b0C e m\u00ednima de 19\u00b0C.<\/li>\n\n\n\n<li><strong>Minas Gerais<\/strong>: M\u00e1xima de 25\u00b0C e m\u00ednima de 15\u00b0C.<\/li>\n<\/ul>\n\n\n\n<h2 class=\"wp-block-heading\">Qual a previs\u00e3o de temperaturas para Belo Horizonte nos dois dias?<\/h2>\n\n\n\n<ul class=\"wp-block-list\">\n<li><strong>Belo Horizonte<\/strong>&nbsp;(12\/06): M\u00e1xima de 24\u00b0C, m\u00ednima de 16\u00b0C.<\/li>\n\n\n\n<li>Belo Horizonte (13\/06): M\u00e1xima de 23\u00b0C, m\u00ednima de 15\u00b0C.<\/li>\n<\/ul>\n\n\n\n<figure class=\"wp-block-image\"><img decoding=\"async\" src=\"https:\/\/www.em.com.br\/emfoco\/wp-content\/uploads\/2025\/04\/Clima-sol-ou-chuva_1745256516839-1024x576.jpg\" alt=\"\"\/><figcaption class=\"wp-element-caption\">Clima &#8211; Cr\u00e9ditos: depositphotos.com \/ pongsuwan<\/figcaption><\/figure>\n\n\n\n<h2 class=\"wp-block-heading\">Como ficam as temperaturas nas principais cidades de Minas Gerais?<\/h2>\n\n\n\n<ul class=\"wp-block-list\">\n<li><strong>Uberl\u00e2ndia<\/strong>: M\u00e1xima de 26\u00b0C, m\u00ednima de 16\u00b0C.<\/li>\n\n\n\n<li><strong>Juiz de Fora<\/strong>: M\u00e1xima de 23\u00b0C, m\u00ednima de 14\u00b0C.<\/li>\n\n\n\n<li><strong>Montes Claros<\/strong>: M\u00e1xima de 28\u00b0C, m\u00ednima de 17\u00b0C.<\/li>\n<\/ul>\n\n\n\n<h2 class=\"wp-block-heading\">O que esperar da frente fria e das condi\u00e7\u00f5es clim\u00e1ticas na semana?<\/h2>\n\n\n\n<p>Para esta semana, a previs\u00e3o inclui a passagem de uma frente fria que deve afetar principalmente a faixa litor\u00e2nea. Al\u00e9m do impacto nas temperaturas, podem ocorrer varia\u00e7\u00f5es nos ventos e umidade do ar. As previs\u00f5es indicam:<\/p>\n\n\n\n<ul class=\"wp-block-list\">\n<li>S\u00e3o Paulo: 60% de chance de chuva \u00e0 tarde e 40% de sol entre nuvens.<\/li>\n\n\n\n<li>Rio de Janeiro: 70% de possibilidade de chuvas no in\u00edcio da semana.<\/li>\n\n\n\n<li>Esp\u00edrito Santo: Sol predominante com 20% de chance de chuvas leves.<\/li>\n\n\n\n<li>Minas Gerais: C\u00e9u nublado com 35% de pancadas de chuva.<\/li>\n<\/ul>\n\n\n\n<h2 class=\"wp-block-heading\">Qual \u00e9 o ranking das cidades com menores temperaturas previstas?<\/h2>\n\n\n\n<ol class=\"wp-block-list\">\n<li><strong>Campos do Jord\u00e3o<\/strong>&nbsp;(7\u00b0C)<\/li>\n\n\n\n<li><strong>Petr\u00f3polis<\/strong>&nbsp;(9\u00b0C)<\/li>\n\n\n\n<li><strong>Serra Negra<\/strong>&nbsp;(10\u00b0C)<\/li>\n\n\n\n<li><strong>Caxambu<\/strong>&nbsp;(11\u00b0C)<\/li>\n\n\n\n<li><strong>Friburgo<\/strong>&nbsp;(11\u00b0C)<\/li>\n\n\n\n<li><strong>S\u00e3o Louren\u00e7o<\/strong>&nbsp;(12\u00b0C)<\/li>\n\n\n\n<li><strong>Pouso Alto<\/strong>&nbsp;(13\u00b0C)<\/li>\n\n\n\n<li><strong>Mantiqueira de Minas<\/strong>&nbsp;(13\u00b0C)<\/li>\n<\/ol>\n\n\n\n<h2 class=\"wp-block-heading\">O que dizem os sites especializados em previs\u00e3o do tempo?<\/h2>\n\n\n\n<p>Dados de sites especializados em meteorologia, como&nbsp;<strong>Climatempo<\/strong>&nbsp;e&nbsp;<strong>INMET<\/strong>, confirmam a chegada de uma massa de ar frio que influenciar\u00e1 as temperaturas nos pr\u00f3ximos dias. Esses portais destacam a irregularidade das condi\u00e7\u00f5es clim\u00e1ticas, refor\u00e7ando a import\u00e2ncia de se estar preparado para mudan\u00e7as abruptas no clima. Portais internacionais, como o&nbsp;<strong>Weather Channel<\/strong>, tamb\u00e9m v\u00eam registrando as tend\u00eancias clim\u00e1ticas brasileiras e destacam a import\u00e2ncia de cruzar informa\u00e7\u00f5es.<\/p>\n\n\n\n<h2 class=\"wp-block-heading\">Como interpretar corretamente a previs\u00e3o do tempo?<\/h2>\n\n\n\n<p>Entender a previs\u00e3o do tempo pode ser um desafio, mas algumas dicas podem ajudar a evitar erros ao planejar atividades ao ar livre:<\/p>\n\n\n\n<ul class=\"wp-block-list\">\n<li><strong>Verifique previs\u00f5es de v\u00e1rias fontes:<\/strong>&nbsp;Diversificar a consulta a diferentes sites e meios pode ajudar a ter uma vis\u00e3o mais ampla das condi\u00e7\u00f5es clim\u00e1ticas.<\/li>\n\n\n\n<li><strong>Entenda os s\u00edmbolos usados:<\/strong>&nbsp;Nuvens, raios e gotas de chuva s\u00e3o apenas alguns dos s\u00edmbolos utilizados que podem ajudar na compreens\u00e3o das previs\u00f5es.<\/li>\n\n\n\n<li><strong>Considere a margem de erro:<\/strong>&nbsp;Embora a previs\u00e3o do tempo seja baseada em modelos precisos, condi\u00e7\u00f5es podem mudar rapidamente, e \u00e9 importante estar sempre preparado.<\/li>\n<\/ul>\n\n\n\n<p>Compreender as nuances das previs\u00f5es clim\u00e1ticas e seu impacto \u00e9 vital, especialmente frente \u00e0s mudan\u00e7as clim\u00e1ticas, que t\u00eam tornado o clima cada vez mais imprevis\u00edvel. Adaptar-se \u00e9 imperativo para enfrentar esses desafios com efic\u00e1cia.<\/p>\n","protected":false},"excerpt":{"rendered":"<p>O clima na regi\u00e3o\u00a0Sudeste do Brasil\u00a0sofre cada vez mais com os impactos das mudan\u00e7as clim\u00e1ticas. Observa-se um aumento de eventos extremos, como ondas de calor intensas e chuvas fortes que geram inunda\u00e7\u00f5es repentinamente. Esses fen\u00f4menos est\u00e3o associados ao aumento da temperatura m\u00e9dia global e \u00e0 modifica\u00e7\u00e3o dos padr\u00f5es clim\u00e1ticos que afetam diretamente estados como\u00a0S\u00e3o Paulo,\u00a0Rio [&hellip;]<\/p>\n","protected":false},"author":11,"featured_media":45485,"comment_status":"open","ping_status":"open","sticky":false,"template":"","format":"standard","meta":{"jnews-multi-image_gallery":[],"jnews_single_post":{"format":"standard"},"jnews_primary_category":[],"jnews_social_meta":[],"jnews_override_counter":[],"footnotes":""},"categories":[30,1],"tags":[156,152,2089,249],"class_list":["post-74089","post","type-post","status-publish","format-standard","has-post-thumbnail","hentry","category-clima","category-noticias","tag-chuva","tag-clima","tag-frio","tag-temperatura"],"yoast_head":"<!-- This site is optimized with the Yoast SEO plugin v23.8 - https:\/\/yoast.com\/wordpress\/plugins\/seo\/ -->\n<title>O clima vai virar do avesso no Sudeste e os sinais j\u00e1 come\u00e7aram - Estado de Minas - Em foco<\/title>\n<meta name=\"description\" content=\"Uma frente fria vai transformar o clima no Sudeste com frio, sol e chuva em poucos dias. Veja como isso vai afetar sua cidade.\" \/>\n<meta name=\"robots\" content=\"index, follow, max-snippet:-1, max-image-preview:large, max-video-preview:-1\" \/>\n<link rel=\"canonical\" href=\"https:\/\/www.em.com.br\/emfoco\/2025\/07\/12\/o-clima-vai-virar-do-avesso-no-sudeste-e-os-sinais-ja-comecaram\/\" \/>\n<meta property=\"og:locale\" content=\"pt_BR\" \/>\n<meta property=\"og:type\" content=\"article\" \/>\n<meta property=\"og:title\" content=\"O clima vai virar do avesso no Sudeste e os sinais j\u00e1 come\u00e7aram - Estado de Minas - Em foco\" \/>\n<meta property=\"og:description\" content=\"Uma frente fria vai transformar o clima no Sudeste com frio, sol e chuva em poucos dias. Veja como isso vai afetar sua cidade.\" \/>\n<meta property=\"og:url\" content=\"https:\/\/www.em.com.br\/emfoco\/2025\/07\/12\/o-clima-vai-virar-do-avesso-no-sudeste-e-os-sinais-ja-comecaram\/\" \/>\n<meta property=\"og:site_name\" content=\"Estado de Minas - Em foco\" \/>\n<meta property=\"article:published_time\" content=\"2025-07-12T09:28:00+00:00\" \/>\n<meta property=\"article:modified_time\" content=\"2025-07-11T22:43:18+00:00\" \/>\n<meta property=\"og:image\" content=\"https:\/\/www.em.com.br\/emfoco\/wp-content\/uploads\/2025\/05\/clima-celular_1746660030014.jpg\" \/>\n\t<meta property=\"og:image:width\" content=\"1280\" \/>\n\t<meta property=\"og:image:height\" content=\"720\" \/>\n\t<meta property=\"og:image:type\" content=\"image\/jpeg\" \/>\n<meta name=\"author\" content=\"Andre\u0301 Rangel\u00a0\" \/>\n<meta name=\"twitter:card\" content=\"summary_large_image\" \/>\n<meta name=\"twitter:label1\" content=\"Escrito por\" \/>\n\t<meta name=\"twitter:data1\" content=\"Andre\u0301 Rangel\u00a0\" \/>\n\t<meta name=\"twitter:label2\" content=\"Est. tempo de leitura\" \/>\n\t<meta name=\"twitter:data2\" content=\"4 minutos\" \/>\n<!-- \/ Yoast SEO plugin. -->","yoast_head_json":{"title":"O clima vai virar do avesso no Sudeste e os sinais j\u00e1 come\u00e7aram - Estado de Minas - Em foco","description":"Uma frente fria vai transformar o clima no Sudeste com frio, sol e chuva em poucos dias. Veja como isso vai afetar sua cidade.","robots":{"index":"index","follow":"follow","max-snippet":"max-snippet:-1","max-image-preview":"max-image-preview:large","max-video-preview":"max-video-preview:-1"},"canonical":"https:\/\/www.em.com.br\/emfoco\/2025\/07\/12\/o-clima-vai-virar-do-avesso-no-sudeste-e-os-sinais-ja-comecaram\/","og_locale":"pt_BR","og_type":"article","og_title":"O clima vai virar do avesso no Sudeste e os sinais j\u00e1 come\u00e7aram - Estado de Minas - Em foco","og_description":"Uma frente fria vai transformar o clima no Sudeste com frio, sol e chuva em poucos dias. Veja como isso vai afetar sua cidade.","og_url":"https:\/\/www.em.com.br\/emfoco\/2025\/07\/12\/o-clima-vai-virar-do-avesso-no-sudeste-e-os-sinais-ja-comecaram\/","og_site_name":"Estado de Minas - Em foco","article_published_time":"2025-07-12T09:28:00+00:00","article_modified_time":"2025-07-11T22:43:18+00:00","og_image":[{"width":1280,"height":720,"url":"https:\/\/www.em.com.br\/emfoco\/wp-content\/uploads\/2025\/05\/clima-celular_1746660030014.jpg","type":"image\/jpeg"}],"author":"Andre\u0301 Rangel\u00a0","twitter_card":"summary_large_image","twitter_misc":{"Escrito por":"Andre\u0301 Rangel\u00a0","Est. tempo de leitura":"4 minutos"},"schema":{"@context":"https:\/\/schema.org","@graph":[{"@type":"WebPage","@id":"https:\/\/www.em.com.br\/emfoco\/2025\/07\/12\/o-clima-vai-virar-do-avesso-no-sudeste-e-os-sinais-ja-comecaram\/","url":"https:\/\/www.em.com.br\/emfoco\/2025\/07\/12\/o-clima-vai-virar-do-avesso-no-sudeste-e-os-sinais-ja-comecaram\/","name":"O clima vai virar do avesso no Sudeste e os sinais j\u00e1 come\u00e7aram - Estado de Minas - Em foco","isPartOf":{"@id":"https:\/\/www.em.com.br\/emfoco\/#website"},"primaryImageOfPage":{"@id":"https:\/\/www.em.com.br\/emfoco\/2025\/07\/12\/o-clima-vai-virar-do-avesso-no-sudeste-e-os-sinais-ja-comecaram\/#primaryimage"},"image":{"@id":"https:\/\/www.em.com.br\/emfoco\/2025\/07\/12\/o-clima-vai-virar-do-avesso-no-sudeste-e-os-sinais-ja-comecaram\/#primaryimage"},"thumbnailUrl":"https:\/\/www.em.com.br\/emfoco\/wp-content\/uploads\/2025\/05\/clima-celular_1746660030014.jpg","datePublished":"2025-07-12T09:28:00+00:00","dateModified":"2025-07-11T22:43:18+00:00","author":{"@id":"https:\/\/www.em.com.br\/emfoco\/#\/schema\/person\/60eda09c1fedf0d6891f4cef4b60b8b8"},"description":"Uma frente fria vai transformar o clima no Sudeste com frio, sol e chuva em poucos dias. Veja como isso vai afetar sua cidade.","breadcrumb":{"@id":"https:\/\/www.em.com.br\/emfoco\/2025\/07\/12\/o-clima-vai-virar-do-avesso-no-sudeste-e-os-sinais-ja-comecaram\/#breadcrumb"},"inLanguage":"pt-BR","potentialAction":[{"@type":"ReadAction","target":["https:\/\/www.em.com.br\/emfoco\/2025\/07\/12\/o-clima-vai-virar-do-avesso-no-sudeste-e-os-sinais-ja-comecaram\/"]}]},{"@type":"ImageObject","inLanguage":"pt-BR","@id":"https:\/\/www.em.com.br\/emfoco\/2025\/07\/12\/o-clima-vai-virar-do-avesso-no-sudeste-e-os-sinais-ja-comecaram\/#primaryimage","url":"https:\/\/www.em.com.br\/emfoco\/wp-content\/uploads\/2025\/05\/clima-celular_1746660030014.jpg","contentUrl":"https:\/\/www.em.com.br\/emfoco\/wp-content\/uploads\/2025\/05\/clima-celular_1746660030014.jpg","width":1280,"height":720,"caption":"Clima no celular - Cr\u00e9ditos: depositphotos.com \/ seemantaduttaskv@gmail.com"},{"@type":"BreadcrumbList","@id":"https:\/\/www.em.com.br\/emfoco\/2025\/07\/12\/o-clima-vai-virar-do-avesso-no-sudeste-e-os-sinais-ja-comecaram\/#breadcrumb","itemListElement":[{"@type":"ListItem","position":1,"name":"In\u00edcio","item":"https:\/\/www.em.com.br\/emfoco\/"},{"@type":"ListItem","position":2,"name":"O clima vai virar do avesso no Sudeste e os sinais j\u00e1 come\u00e7aram"}]},{"@type":"WebSite","@id":"https:\/\/www.em.com.br\/emfoco\/#website","url":"https:\/\/www.em.com.br\/emfoco\/","name":"Estado de Minas - Em foco","description":"Acompanhe as \u00faltimas not\u00edcias e fique bem informado sobre tudo o que acontece em Minas Gerais, Brasil e no mundo.","potentialAction":[{"@type":"SearchAction","target":{"@type":"EntryPoint","urlTemplate":"https:\/\/www.em.com.br\/emfoco\/?s={search_term_string}"},"query-input":{"@type":"PropertyValueSpecification","valueRequired":true,"valueName":"search_term_string"}}],"inLanguage":"pt-BR"},{"@type":"Person","@id":"https:\/\/www.em.com.br\/emfoco\/#\/schema\/person\/60eda09c1fedf0d6891f4cef4b60b8b8","name":"Andre\u0301 Rangel\u00a0","image":{"@type":"ImageObject","inLanguage":"pt-BR","@id":"https:\/\/www.em.com.br\/emfoco\/#\/schema\/person\/image\/","url":"https:\/\/secure.gravatar.com\/avatar\/6234dc814c77c8ef6d8bba622c787efc?s=96&d=mm&r=g","contentUrl":"https:\/\/secure.gravatar.com\/avatar\/6234dc814c77c8ef6d8bba622c787efc?s=96&d=mm&r=g","caption":"Andre\u0301 Rangel\u00a0"},"url":"https:\/\/www.em.com.br\/emfoco\/author\/luizmyth\/"}]}},"_links":{"self":[{"href":"https:\/\/www.em.com.br\/emfoco\/wp-json\/wp\/v2\/posts\/74089","targetHints":{"allow":["GET"]}}],"collection":[{"href":"https:\/\/www.em.com.br\/emfoco\/wp-json\/wp\/v2\/posts"}],"about":[{"href":"https:\/\/www.em.com.br\/emfoco\/wp-json\/wp\/v2\/types\/post"}],"author":[{"embeddable":true,"href":"https:\/\/www.em.com.br\/emfoco\/wp-json\/wp\/v2\/users\/11"}],"replies":[{"embeddable":true,"href":"https:\/\/www.em.com.br\/emfoco\/wp-json\/wp\/v2\/comments?post=74089"}],"version-history":[{"count":3,"href":"https:\/\/www.em.com.br\/emfoco\/wp-json\/wp\/v2\/posts\/74089\/revisions"}],"predecessor-version":[{"id":74479,"href":"https:\/\/www.em.com.br\/emfoco\/wp-json\/wp\/v2\/posts\/74089\/revisions\/74479"}],"wp:featuredmedia":[{"embeddable":true,"href":"https:\/\/www.em.com.br\/emfoco\/wp-json\/wp\/v2\/media\/45485"}],"wp:attachment":[{"href":"https:\/\/www.em.com.br\/emfoco\/wp-json\/wp\/v2\/media?parent=74089"}],"wp:term":[{"taxonomy":"category","embeddable":true,"href":"https:\/\/www.em.com.br\/emfoco\/wp-json\/wp\/v2\/categories?post=74089"},{"taxonomy":"post_tag","embeddable":true,"href":"https:\/\/www.em.com.br\/emfoco\/wp-json\/wp\/v2\/tags?post=74089"}],"curies":[{"name":"wp","href":"https:\/\/api.w.org\/{rel}","templated":true}]}}