{"id":74077,"date":"2025-07-14T08:48:00","date_gmt":"2025-07-14T11:48:00","guid":{"rendered":"https:\/\/www.em.com.br\/emfoco\/?p=74077"},"modified":"2025-07-12T17:30:17","modified_gmt":"2025-07-12T20:30:17","slug":"como-dormir-melhor-pode-salvar-sua-saude-mental-segundo-especialistas","status":"publish","type":"post","link":"https:\/\/www.em.com.br\/emfoco\/2025\/07\/14\/como-dormir-melhor-pode-salvar-sua-saude-mental-segundo-especialistas\/","title":{"rendered":"Como dormir melhor pode salvar sua sa\u00fade mental segundo especialistas"},"content":{"rendered":"\n<p>A rela\u00e7\u00e3o entre ins\u00f4nia e ansiedade \u00e9 algo que muitas pessoas podem n\u00e3o perceber de imediato. A ins\u00f4nia, caracterizada pela dificuldade em adormecer ou permanecer dormindo, pode ter um impacto significativo nos n\u00edveis de ansiedade. Este fen\u00f4meno contribui para um ciclo vicioso, onde a falta de sono pode aumentar a <strong><a href=\"https:\/\/www.em.com.br\/emfoco\/2025\/07\/09\/o-melhor-alimento-que-reduz-a-ansiedade-e-voce-provavelmente-tem-em-casa\/\" target=\"_blank\" rel=\"noreferrer noopener\">ansiedade <\/a><\/strong>e, por sua vez, dificultar ainda mais o sono.<\/p>\n\n\n\n<p>Estudos demonstram que o sono \u00e9 essencial para a sa\u00fade mental. Quando n\u00e3o dormimos o suficiente, nosso corpo experimenta um aumento nos n\u00edveis de horm\u00f4nios do estresse, como o cortisol, que pode agravar os sintomas de ansiedade. Isso significa que a ins\u00f4nia n\u00e3o tratada pode desencadear ou piorar problemas de sa\u00fade mental, criando um ambiente prop\u00edcio para o desenvolvimento de transtornos de ansiedade.<\/p>\n\n\n\n<h2 class=\"wp-block-heading\">Como a falta de sono interfere na sa\u00fade mental?<\/h2>\n\n\n\n<p><strong>A quantidade e qualidade do sono t\u00eam um papel crucial na regula\u00e7\u00e3o das emo\u00e7\u00f5es.<\/strong> Durante o sono, o c\u00e9rebro processa as experi\u00eancias emocionais do dia, ajudando a formar mem\u00f3rias e gerenciar a resposta emocional. Quando o sono \u00e9 interrompido, essa fun\u00e7\u00e3o \u00e9 comprometida, resultando em uma capacidade reduzida de lidar com o estresse e um aumento potencial na irritabilidade.<\/p>\n\n\n\n<p>Al\u00e9m disso, a priva\u00e7\u00e3o de sono pode interferir nas fun\u00e7\u00f5es cognitivas. Isso pode levar a uma queda na concentra\u00e7\u00e3o, tomada de decis\u00f5es prec\u00e1rias e um ciclo de pensamentos negativos que alimentam a ansiedade. <strong>A falta de sono cont\u00ednua pode causar mudan\u00e7as cerebrais estruturais semelhantes \u00e0quelas observadas em pessoas com depress\u00e3o e ansiedade cr\u00f4nica.<\/strong><\/p>\n\n\n\n<figure class=\"wp-block-image size-large\"><img loading=\"lazy\" decoding=\"async\" width=\"1024\" height=\"576\" src=\"https:\/\/www.em.com.br\/emfoco\/wp-content\/uploads\/2025\/04\/Couple-sleeping_1745505235671-1024x576.jpg\" alt=\"Entenda o &quot;div\u00f3rcio do sono&quot; e como isso pode salvar sua sa\u00fade mental\" class=\"wp-image-41243\" srcset=\"https:\/\/www.em.com.br\/emfoco\/wp-content\/uploads\/2025\/04\/Couple-sleeping_1745505235671-1024x576.jpg 1024w, https:\/\/www.em.com.br\/emfoco\/wp-content\/uploads\/2025\/04\/Couple-sleeping_1745505235671-300x169.jpg 300w, https:\/\/www.em.com.br\/emfoco\/wp-content\/uploads\/2025\/04\/Couple-sleeping_1745505235671-768x432.jpg 768w, https:\/\/www.em.com.br\/emfoco\/wp-content\/uploads\/2025\/04\/Couple-sleeping_1745505235671-750x422.jpg 750w, https:\/\/www.em.com.br\/emfoco\/wp-content\/uploads\/2025\/04\/Couple-sleeping_1745505235671-1140x641.jpg 1140w, https:\/\/www.em.com.br\/emfoco\/wp-content\/uploads\/2025\/04\/Couple-sleeping_1745505235671.jpg 1280w\" sizes=\"auto, (max-width: 1024px) 100vw, 1024px\" \/><figcaption class=\"wp-element-caption\">Casal dormindo &#8211; Cr\u00e9ditos: depositphotos.com \/ Milkos<\/figcaption><\/figure>\n\n\n\n<h2 class=\"wp-block-heading\">Quais s\u00e3o os sinais de que a ins\u00f4nia est\u00e1 aumentando sua ansiedade?<\/h2>\n\n\n\n<p><strong>Os sinais de que a ins\u00f4nia est\u00e1 afetando a ansiedade incluem um aumento na sensibilidade ao estresse, onde situa\u00e7\u00f5es que antes eram gerenci\u00e1veis se tornam avassaladoras.<\/strong> Pode-se notar tamb\u00e9m um aumento nos <strong><a href=\"https:\/\/institutodepsiquiatriapr.com.br\/blog\/pensamentos-ruminativos-o-que-sao-e-como-lidar\/\" target=\"_blank\" rel=\"noreferrer noopener\">pensamentos ruminantes<\/a><\/strong>, que s\u00e3o pensamentos negativos persistentes que invadem a mente repetidamente.<\/p>\n\n\n\n<p>Outro sinal \u00e9 o aumento da irritabilidade e mudan\u00e7as de humor frequentes. <strong>Pessoas com ins\u00f4nia podem perceber que est\u00e3o mais propensas a explos\u00f5es emocionais ou se sentindo frequentemente cansadas e incapazes de realizar tarefas di\u00e1rias eficientemente, o que s\u00f3 acrescenta ao n\u00edvel de ansiedade percebida.<\/strong><\/p>\n\n\n\n<h2 class=\"wp-block-heading\">Como quebrar o ciclo vicioso entre ins\u00f4nia e ansiedade?<\/h2>\n\n\n\n<p><strong>Melhorar a higiene do sono \u00e9 um passo crucial.<\/strong> Isso inclui estabelecer uma rotina de sono consistente, criar um ambiente de sono relaxante e evitar estimulantes como cafe\u00edna e telas eletr\u00f4nicas antes de dormir. Al\u00e9m disso, a pr\u00e1tica regular de t\u00e9cnicas de relaxamento, como medita\u00e7\u00e3o e exerc\u00edcios de respira\u00e7\u00e3o, pode ajudar a reduzir a ansiedade.<\/p>\n\n\n\n<p>Tamb\u00e9m \u00e9 importante buscar ajuda profissional, se necess\u00e1rio. <strong>Terapias como a Terapia Cognitivo-Comportamental (TCC) para ins\u00f4nia e ansiedade t\u00eam se mostrado eficazes.<\/strong> O tratamento adequado pode quebrar o ciclo vicioso da ins\u00f4nia e ansiedade, promovendo melhor qualidade de vida.<\/p>\n\n\n\n<h2 class=\"wp-block-heading\">Que pequenas mudan\u00e7as di\u00e1rias podem ajudar a melhorar o sono?<\/h2>\n\n\n\n<p><strong>Incorporar pequenos ajustes na rotina pode ter um impacto significativo.<\/strong> Manter uma programa\u00e7\u00e3o regular para dormir e acordar ajuda a regular o rel\u00f3gio biol\u00f3gico. Criar um ritual relaxante antes de dormir, como tomar um banho quente ou ler, pode sinalizar ao corpo que \u00e9 hora de se preparar para o sono.<\/p>\n\n\n\n<p><strong>Al\u00e9m disso, garantir que o quarto esteja escuro, silencioso e fresco pode melhorar significativamente a qualidade do sono.<\/strong> Praticar atividade f\u00edsica regularmente, mas n\u00e3o pr\u00f3xima \u00e0 hora de dormir, pode tamb\u00e9m ajudar a promover um sono mais profundo e reparador.<\/p>\n","protected":false},"excerpt":{"rendered":"<p>A rela\u00e7\u00e3o entre ins\u00f4nia e ansiedade \u00e9 algo que muitas pessoas podem n\u00e3o perceber de imediato. A ins\u00f4nia, caracterizada pela dificuldade em adormecer ou permanecer dormindo, pode ter um impacto significativo nos n\u00edveis de ansiedade. Este fen\u00f4meno contribui para um ciclo vicioso, onde a falta de sono pode aumentar a ansiedade e, por sua vez, [&hellip;]<\/p>\n","protected":false},"author":13,"featured_media":35851,"comment_status":"open","ping_status":"open","sticky":false,"template":"","format":"standard","meta":{"jnews-multi-image_gallery":[],"jnews_single_post":{"format":"standard"},"jnews_primary_category":[],"jnews_social_meta":[],"jnews_override_counter":[],"footnotes":""},"categories":[8691,1],"tags":[4947,3420,410,1925],"class_list":["post-74077","post","type-post","status-publish","format-standard","has-post-thumbnail","hentry","category-bem-estar","category-noticias","tag-ansiedade","tag-insonia","tag-saude-mental","tag-sono"],"yoast_head":"<!-- This site is optimized with the Yoast SEO plugin v23.8 - https:\/\/yoast.com\/wordpress\/plugins\/seo\/ -->\n<title>Como dormir melhor pode salvar sua sa\u00fade mental segundo especialistas - Estado de Minas - Em foco<\/title>\n<meta name=\"description\" content=\"Dormir mal pode estar afetando sua sa\u00fade mental mais do que voc\u00ea imagina. Veja os sinais que indicam um ciclo perigoso.\" \/>\n<meta name=\"robots\" content=\"index, follow, max-snippet:-1, max-image-preview:large, max-video-preview:-1\" \/>\n<link rel=\"canonical\" href=\"https:\/\/www.em.com.br\/emfoco\/2025\/07\/14\/como-dormir-melhor-pode-salvar-sua-saude-mental-segundo-especialistas\/\" \/>\n<meta property=\"og:locale\" content=\"pt_BR\" \/>\n<meta property=\"og:type\" content=\"article\" \/>\n<meta property=\"og:title\" content=\"Como dormir melhor pode salvar sua sa\u00fade mental segundo especialistas - Estado de Minas - Em foco\" \/>\n<meta property=\"og:description\" content=\"Dormir mal pode estar afetando sua sa\u00fade mental mais do que voc\u00ea imagina. Veja os sinais que indicam um ciclo perigoso.\" \/>\n<meta property=\"og:url\" content=\"https:\/\/www.em.com.br\/emfoco\/2025\/07\/14\/como-dormir-melhor-pode-salvar-sua-saude-mental-segundo-especialistas\/\" \/>\n<meta property=\"og:site_name\" content=\"Estado de Minas - Em foco\" \/>\n<meta property=\"article:published_time\" content=\"2025-07-14T11:48:00+00:00\" \/>\n<meta property=\"article:modified_time\" content=\"2025-07-12T20:30:17+00:00\" \/>\n<meta property=\"og:image\" content=\"https:\/\/www.em.com.br\/emfoco\/wp-content\/uploads\/2025\/04\/Sleep_1744034729574.jpg\" \/>\n\t<meta property=\"og:image:width\" content=\"1280\" \/>\n\t<meta property=\"og:image:height\" content=\"720\" \/>\n\t<meta property=\"og:image:type\" content=\"image\/jpeg\" \/>\n<meta name=\"author\" content=\"Gabriel Martins\" \/>\n<meta name=\"twitter:card\" content=\"summary_large_image\" \/>\n<meta name=\"twitter:label1\" content=\"Escrito por\" \/>\n\t<meta name=\"twitter:data1\" content=\"Gabriel Martins\" \/>\n\t<meta name=\"twitter:label2\" content=\"Est. tempo de leitura\" \/>\n\t<meta name=\"twitter:data2\" content=\"4 minutos\" \/>\n<!-- \/ Yoast SEO plugin. -->","yoast_head_json":{"title":"Como dormir melhor pode salvar sua sa\u00fade mental segundo especialistas - Estado de Minas - Em foco","description":"Dormir mal pode estar afetando sua sa\u00fade mental mais do que voc\u00ea imagina. Veja os sinais que indicam um ciclo perigoso.","robots":{"index":"index","follow":"follow","max-snippet":"max-snippet:-1","max-image-preview":"max-image-preview:large","max-video-preview":"max-video-preview:-1"},"canonical":"https:\/\/www.em.com.br\/emfoco\/2025\/07\/14\/como-dormir-melhor-pode-salvar-sua-saude-mental-segundo-especialistas\/","og_locale":"pt_BR","og_type":"article","og_title":"Como dormir melhor pode salvar sua sa\u00fade mental segundo especialistas - Estado de Minas - Em foco","og_description":"Dormir mal pode estar afetando sua sa\u00fade mental mais do que voc\u00ea imagina. Veja os sinais que indicam um ciclo perigoso.","og_url":"https:\/\/www.em.com.br\/emfoco\/2025\/07\/14\/como-dormir-melhor-pode-salvar-sua-saude-mental-segundo-especialistas\/","og_site_name":"Estado de Minas - Em foco","article_published_time":"2025-07-14T11:48:00+00:00","article_modified_time":"2025-07-12T20:30:17+00:00","og_image":[{"width":1280,"height":720,"url":"https:\/\/www.em.com.br\/emfoco\/wp-content\/uploads\/2025\/04\/Sleep_1744034729574.jpg","type":"image\/jpeg"}],"author":"Gabriel Martins","twitter_card":"summary_large_image","twitter_misc":{"Escrito por":"Gabriel Martins","Est. tempo de leitura":"4 minutos"},"schema":{"@context":"https:\/\/schema.org","@graph":[{"@type":"WebPage","@id":"https:\/\/www.em.com.br\/emfoco\/2025\/07\/14\/como-dormir-melhor-pode-salvar-sua-saude-mental-segundo-especialistas\/","url":"https:\/\/www.em.com.br\/emfoco\/2025\/07\/14\/como-dormir-melhor-pode-salvar-sua-saude-mental-segundo-especialistas\/","name":"Como dormir melhor pode salvar sua sa\u00fade mental segundo especialistas - Estado de Minas - Em foco","isPartOf":{"@id":"https:\/\/www.em.com.br\/emfoco\/#website"},"primaryImageOfPage":{"@id":"https:\/\/www.em.com.br\/emfoco\/2025\/07\/14\/como-dormir-melhor-pode-salvar-sua-saude-mental-segundo-especialistas\/#primaryimage"},"image":{"@id":"https:\/\/www.em.com.br\/emfoco\/2025\/07\/14\/como-dormir-melhor-pode-salvar-sua-saude-mental-segundo-especialistas\/#primaryimage"},"thumbnailUrl":"https:\/\/www.em.com.br\/emfoco\/wp-content\/uploads\/2025\/04\/Sleep_1744034729574.jpg","datePublished":"2025-07-14T11:48:00+00:00","dateModified":"2025-07-12T20:30:17+00:00","author":{"@id":"https:\/\/www.em.com.br\/emfoco\/#\/schema\/person\/1c9ddeab18b98abeffef834667bcf08a"},"description":"Dormir mal pode estar afetando sua sa\u00fade mental mais do que voc\u00ea imagina. Veja os sinais que indicam um ciclo perigoso.","breadcrumb":{"@id":"https:\/\/www.em.com.br\/emfoco\/2025\/07\/14\/como-dormir-melhor-pode-salvar-sua-saude-mental-segundo-especialistas\/#breadcrumb"},"inLanguage":"pt-BR","potentialAction":[{"@type":"ReadAction","target":["https:\/\/www.em.com.br\/emfoco\/2025\/07\/14\/como-dormir-melhor-pode-salvar-sua-saude-mental-segundo-especialistas\/"]}]},{"@type":"ImageObject","inLanguage":"pt-BR","@id":"https:\/\/www.em.com.br\/emfoco\/2025\/07\/14\/como-dormir-melhor-pode-salvar-sua-saude-mental-segundo-especialistas\/#primaryimage","url":"https:\/\/www.em.com.br\/emfoco\/wp-content\/uploads\/2025\/04\/Sleep_1744034729574.jpg","contentUrl":"https:\/\/www.em.com.br\/emfoco\/wp-content\/uploads\/2025\/04\/Sleep_1744034729574.jpg","width":1280,"height":720,"caption":"Qualidade do sono - Cr\u00e9ditos: depositphotos.com \/ Milkos"},{"@type":"BreadcrumbList","@id":"https:\/\/www.em.com.br\/emfoco\/2025\/07\/14\/como-dormir-melhor-pode-salvar-sua-saude-mental-segundo-especialistas\/#breadcrumb","itemListElement":[{"@type":"ListItem","position":1,"name":"In\u00edcio","item":"https:\/\/www.em.com.br\/emfoco\/"},{"@type":"ListItem","position":2,"name":"Como dormir melhor pode salvar sua sa\u00fade mental segundo especialistas"}]},{"@type":"WebSite","@id":"https:\/\/www.em.com.br\/emfoco\/#website","url":"https:\/\/www.em.com.br\/emfoco\/","name":"Estado de Minas - Em foco","description":"Acompanhe as \u00faltimas not\u00edcias e fique bem informado sobre tudo o que acontece em Minas Gerais, Brasil e no mundo.","potentialAction":[{"@type":"SearchAction","target":{"@type":"EntryPoint","urlTemplate":"https:\/\/www.em.com.br\/emfoco\/?s={search_term_string}"},"query-input":{"@type":"PropertyValueSpecification","valueRequired":true,"valueName":"search_term_string"}}],"inLanguage":"pt-BR"},{"@type":"Person","@id":"https:\/\/www.em.com.br\/emfoco\/#\/schema\/person\/1c9ddeab18b98abeffef834667bcf08a","name":"Gabriel Martins","image":{"@type":"ImageObject","inLanguage":"pt-BR","@id":"https:\/\/www.em.com.br\/emfoco\/#\/schema\/person\/image\/","url":"https:\/\/secure.gravatar.com\/avatar\/f0f1e2efdfd88f1ad2cb08c5c2731e50?s=96&d=mm&r=g","contentUrl":"https:\/\/secure.gravatar.com\/avatar\/f0f1e2efdfd88f1ad2cb08c5c2731e50?s=96&d=mm&r=g","caption":"Gabriel Martins"},"sameAs":["https:\/\/www.em.com.br\/emfoco\/"],"url":"https:\/\/www.em.com.br\/emfoco\/author\/gabrielmartinsmyth\/"}]}},"_links":{"self":[{"href":"https:\/\/www.em.com.br\/emfoco\/wp-json\/wp\/v2\/posts\/74077","targetHints":{"allow":["GET"]}}],"collection":[{"href":"https:\/\/www.em.com.br\/emfoco\/wp-json\/wp\/v2\/posts"}],"about":[{"href":"https:\/\/www.em.com.br\/emfoco\/wp-json\/wp\/v2\/types\/post"}],"author":[{"embeddable":true,"href":"https:\/\/www.em.com.br\/emfoco\/wp-json\/wp\/v2\/users\/13"}],"replies":[{"embeddable":true,"href":"https:\/\/www.em.com.br\/emfoco\/wp-json\/wp\/v2\/comments?post=74077"}],"version-history":[{"count":2,"href":"https:\/\/www.em.com.br\/emfoco\/wp-json\/wp\/v2\/posts\/74077\/revisions"}],"predecessor-version":[{"id":74081,"href":"https:\/\/www.em.com.br\/emfoco\/wp-json\/wp\/v2\/posts\/74077\/revisions\/74081"}],"wp:featuredmedia":[{"embeddable":true,"href":"https:\/\/www.em.com.br\/emfoco\/wp-json\/wp\/v2\/media\/35851"}],"wp:attachment":[{"href":"https:\/\/www.em.com.br\/emfoco\/wp-json\/wp\/v2\/media?parent=74077"}],"wp:term":[{"taxonomy":"category","embeddable":true,"href":"https:\/\/www.em.com.br\/emfoco\/wp-json\/wp\/v2\/categories?post=74077"},{"taxonomy":"post_tag","embeddable":true,"href":"https:\/\/www.em.com.br\/emfoco\/wp-json\/wp\/v2\/tags?post=74077"}],"curies":[{"name":"wp","href":"https:\/\/api.w.org\/{rel}","templated":true}]}}