{"id":74000,"date":"2025-07-13T06:08:00","date_gmt":"2025-07-13T09:08:00","guid":{"rendered":"https:\/\/www.em.com.br\/emfoco\/?p=74000"},"modified":"2025-07-12T16:26:04","modified_gmt":"2025-07-12T19:26:04","slug":"ford-lanca-a-nova-ranger-2026-agora-muito-mais-tecnologia-e-bruta-com-motor-v6","status":"publish","type":"post","link":"https:\/\/www.em.com.br\/emfoco\/2025\/07\/13\/ford-lanca-a-nova-ranger-2026-agora-muito-mais-tecnologia-e-bruta-com-motor-v6\/","title":{"rendered":"Ford lan\u00e7a a nova Ranger 2026! Agora muito mais tecnologia e bruta com motor V6"},"content":{"rendered":"\n<p>A <strong>Ford <\/strong>lan\u00e7ou recentemente seu modelo de picape <strong>Ranger 2026<\/strong> no <strong>Brasil<\/strong>, destacando-se por sua robustez e tecnologia. Mesmo com poucas altera\u00e7\u00f5es em rela\u00e7\u00e3o \u00e0 linha 2025, o novo modelo mant\u00e9m o foco em desempenho e efici\u00eancia, especialmente atrav\u00e9s de duas op\u00e7\u00f5es de motoriza\u00e7\u00e3o turbodiesel. Esta vers\u00e3o visa consolidar ainda mais a posi\u00e7\u00e3o da Ford no segmento de picapes, oferecendo um equil\u00edbrio entre capacidade de carga e recursos modernos de seguran\u00e7a e entretenimento.<\/p>\n\n\n\n<p>Na motoriza\u00e7\u00e3o, a Ford Ranger 2026 preserva as op\u00e7\u00f5es 2.0 Turbodiesel e 3.0 V6 Turbodiesel. O motor 2.0 Turbodiesel fornece 170 cavalos de pot\u00eancia, dispon\u00edvel nas vers\u00f5es de entrada e intermedi\u00e1rias, com op\u00e7\u00f5es de c\u00e2mbio manual ou autom\u00e1tico. J\u00e1 o 3.0 V6, voltado para vers\u00f5es mais equipadas, proporciona 250 cavalos e \u00e9 sempre acompanhado por um c\u00e2mbio autom\u00e1tico de 10 marchas, oferecendo experi\u00eancias de dire\u00e7\u00e3o mais potentes.<\/p>\n\n\n\n<h2 class=\"wp-block-heading\">Quais s\u00e3o as vers\u00f5es e equipamentos dispon\u00edveis na Ford Ranger 2026?<\/h2>\n\n\n\n<p><strong>A gama de vers\u00f5es da Ford Ranger 2026 \u00e9 extensa, para atender diversos perfis consumidores.<\/strong> Destacam-se itens tecnol\u00f3gicos como a Central Multim\u00eddia SYNC 4, que vem em telas de 10 ou 12 polegadas e oferece conectividade sem fio com <strong>Android Auto<\/strong> e <strong><a href=\"https:\/\/www.apple.com\/ios\/carplay\/\" target=\"_blank\" rel=\"noreferrer noopener\">Apple CarPlay<\/a><\/strong>. Al\u00e9m disso, h\u00e1 o painel de instrumentos digital, que varia em tamanho conforme a vers\u00e3o. Para complementar, algumas vers\u00f5es v\u00eam com assistente de manuten\u00e7\u00e3o em faixa e far\u00f3is full LED, refor\u00e7ando ainda mais a modernidade do modelo.<\/p>\n\n\n\n<figure class=\"wp-block-image size-large\"><img loading=\"lazy\" decoding=\"async\" width=\"1024\" height=\"576\" src=\"https:\/\/www.em.com.br\/emfoco\/wp-content\/uploads\/2025\/07\/ad-2-10-1024x576.jpg\" alt=\"Ford lan\u00e7a a nova Ranger 2026! Agora muito mais tecnologia e bruta com motor V6\" class=\"wp-image-74010\" srcset=\"https:\/\/www.em.com.br\/emfoco\/wp-content\/uploads\/2025\/07\/ad-2-10-1024x576.jpg 1024w, https:\/\/www.em.com.br\/emfoco\/wp-content\/uploads\/2025\/07\/ad-2-10-300x169.jpg 300w, https:\/\/www.em.com.br\/emfoco\/wp-content\/uploads\/2025\/07\/ad-2-10-768x432.jpg 768w, https:\/\/www.em.com.br\/emfoco\/wp-content\/uploads\/2025\/07\/ad-2-10-750x422.jpg 750w, https:\/\/www.em.com.br\/emfoco\/wp-content\/uploads\/2025\/07\/ad-2-10-1140x641.jpg 1140w, https:\/\/www.em.com.br\/emfoco\/wp-content\/uploads\/2025\/07\/ad-2-10.jpg 1280w\" sizes=\"auto, (max-width: 1024px) 100vw, 1024px\" \/><figcaption class=\"wp-element-caption\">Ford Ranger Black &#8211; Cr\u00e9ditos: Ford\/Divulga\u00e7\u00e3o<\/figcaption><\/figure>\n\n\n\n<h2 class=\"wp-block-heading\">Quais sistemas de seguran\u00e7a e conforto est\u00e3o integrados na Ranger 2026?<\/h2>\n\n\n\n<p><strong>Em rela\u00e7\u00e3o \u00e0 seguran\u00e7a, a Ranger 2026 n\u00e3o fica atr\u00e1s, equipada com sete airbags e recursos como piloto autom\u00e1tico adaptativo em vers\u00f5es mais altas.<\/strong> Ademais, algumas vers\u00f5es contam com pacote ADAS, que inclui tecnologias de assist\u00eancia ao motorista que aprimoram a seguran\u00e7a ativa do ve\u00edculo. Em termos de conforto, h\u00e1 desde ar-condicionado dual zone at\u00e9 carregadores de celular por indu\u00e7\u00e3o, que elevam a experi\u00eancia dos ocupantes. Vale ainda mencionar a presen\u00e7a de bancos com ajustes el\u00e9tricos e acabamento premium nas op\u00e7\u00f5es topo de linha. Outra novidade para 2026 \u00e9 a inclus\u00e3o opcional de um sistema de som premium em parceria com a Bang &amp; Olufsen, ampliando o conforto e entretenimento a bordo.<\/p>\n\n\n\n<figure class=\"wp-block-image size-large\"><img loading=\"lazy\" decoding=\"async\" width=\"1024\" height=\"576\" src=\"https:\/\/www.em.com.br\/emfoco\/wp-content\/uploads\/2025\/07\/ad-3-5-1024x576.jpg\" alt=\"Ford lan\u00e7a a nova Ranger 2026! Agora muito mais tecnologia e bruta com motor V6\" class=\"wp-image-74009\" srcset=\"https:\/\/www.em.com.br\/emfoco\/wp-content\/uploads\/2025\/07\/ad-3-5-1024x576.jpg 1024w, https:\/\/www.em.com.br\/emfoco\/wp-content\/uploads\/2025\/07\/ad-3-5-300x169.jpg 300w, https:\/\/www.em.com.br\/emfoco\/wp-content\/uploads\/2025\/07\/ad-3-5-768x432.jpg 768w, https:\/\/www.em.com.br\/emfoco\/wp-content\/uploads\/2025\/07\/ad-3-5-750x422.jpg 750w, https:\/\/www.em.com.br\/emfoco\/wp-content\/uploads\/2025\/07\/ad-3-5-1140x641.jpg 1140w, https:\/\/www.em.com.br\/emfoco\/wp-content\/uploads\/2025\/07\/ad-3-5.jpg 1280w\" sizes=\"auto, (max-width: 1024px) 100vw, 1024px\" \/><figcaption class=\"wp-element-caption\">Ford Ranger Black &#8211; Cr\u00e9ditos: Ford\/Divulga\u00e7\u00e3o<\/figcaption><\/figure>\n\n\n\n<h2 class=\"wp-block-heading\">Como se comportam as capacidades off-road e quais s\u00e3o os pre\u00e7os da Ranger 2026?<\/h2>\n\n\n\n<p><strong>Para quem busca aventura, a capacidade off-road da Ranger \u00e9 ampliada com tra\u00e7\u00e3o 4&#215;4, modos de condu\u00e7\u00e3o espec\u00edficos e diferencial traseiro blocante, dependendo da vers\u00e3o.<\/strong> Os pre\u00e7os, importantes para o planejamento de compra, variam consideravelmente entre as vers\u00f5es, come\u00e7ando em R$ 238.900 para a vers\u00e3o Black e podendo alcan\u00e7ar R$ 490.000 para modelos como a Raptor. Essas cifras refletem n\u00e3o s\u00f3 as capacidades do ve\u00edculo, mas tamb\u00e9m o pacote de equipamentos embarcado em cada vers\u00e3o. A Ford tamb\u00e9m oferece condi\u00e7\u00f5es especiais de financiamento e planos de manuten\u00e7\u00e3o programada, trazendo mais comodidade para os compradores do modelo 2026.<\/p>\n\n\n\n<h2 class=\"wp-block-heading\">A Ford Ranger 2026 est\u00e1 realmente preparada para liderar o mercado brasileiro de picapes?<\/h2>\n\n\n\n<p><strong>Com todas essas caracter\u00edsticas, a Ford Ranger 2026 se mant\u00e9m como uma competidora formid\u00e1vel no mercado de <a href=\"https:\/\/www.em.com.br\/emfoco\/2025\/06\/01\/ford-apresenta-nova-linha-da-maverick-2026-e-promete-mudar-o-mercado-de-picapes-no-brasil\/\" target=\"_blank\" rel=\"noreferrer noopener\">picapes <\/a>m\u00e9dias.<\/strong> Suas combina\u00e7\u00f5es de desempenho, conforto e seguran\u00e7a a tornam uma op\u00e7\u00e3o atraente tanto para o trabalho quanto para o lazer, sendo uma escolha vers\u00e1til para consumidores urbanos e aqueles que buscam aventuras off-road. A Ford continua a inovar e atender \u00e0s demandas do mercado brasileiro, adaptando suas ofertas para equilibrar pre\u00e7o e valor percebido. Al\u00e9m disso, o p\u00f3s-venda da marca e a oferta de acess\u00f3rios originais contribuem para consolidar ainda mais a atratividade do modelo no Brasil. Para o ciclo 2026, a montadora refor\u00e7a seu portf\u00f3lio de acess\u00f3rios, como protetores de ca\u00e7amba, estribos laterais e kits de personaliza\u00e7\u00e3o externa, ampliando as op\u00e7\u00f5es de customiza\u00e7\u00e3o para o cliente.<\/p>\n","protected":false},"excerpt":{"rendered":"<p>A Ford lan\u00e7ou recentemente seu modelo de picape Ranger 2026 no Brasil, destacando-se por sua robustez e tecnologia. Mesmo com poucas altera\u00e7\u00f5es em rela\u00e7\u00e3o \u00e0 linha 2025, o novo modelo mant\u00e9m o foco em desempenho e efici\u00eancia, especialmente atrav\u00e9s de duas op\u00e7\u00f5es de motoriza\u00e7\u00e3o turbodiesel. Esta vers\u00e3o visa consolidar ainda mais a posi\u00e7\u00e3o da Ford [&hellip;]<\/p>\n","protected":false},"author":13,"featured_media":74011,"comment_status":"open","ping_status":"open","sticky":false,"template":"","format":"standard","meta":{"jnews-multi-image_gallery":[],"jnews_single_post":{"format":"standard"},"jnews_primary_category":[],"jnews_social_meta":[],"jnews_override_counter":[],"footnotes":""},"categories":[27,1],"tags":[1906,1117,2861,11960],"class_list":["post-74000","post","type-post","status-publish","format-standard","has-post-thumbnail","hentry","category-carros","category-noticias","tag-ford","tag-lancamentos","tag-picapes","tag-ranger"],"yoast_head":"<!-- This site is optimized with the Yoast SEO plugin v23.8 - https:\/\/yoast.com\/wordpress\/plugins\/seo\/ -->\n<title>Ford lan\u00e7a a nova Ranger 2026! Agora muito mais tecnologia e bruta com motor V6 - Estado de Minas - Em foco<\/title>\n<meta name=\"description\" content=\"A Ford Ranger 2026 estreia no Brasil com motor V6, novo visual e muita tecnologia. Confira vers\u00f5es, pre\u00e7os e destaques da picape.\" \/>\n<meta name=\"robots\" content=\"index, follow, max-snippet:-1, max-image-preview:large, max-video-preview:-1\" \/>\n<link rel=\"canonical\" href=\"https:\/\/www.em.com.br\/emfoco\/2025\/07\/13\/ford-lanca-a-nova-ranger-2026-agora-muito-mais-tecnologia-e-bruta-com-motor-v6\/\" \/>\n<meta property=\"og:locale\" content=\"pt_BR\" \/>\n<meta property=\"og:type\" content=\"article\" \/>\n<meta property=\"og:title\" content=\"Ford lan\u00e7a a nova Ranger 2026! Agora muito mais tecnologia e bruta com motor V6 - Estado de Minas - Em foco\" \/>\n<meta property=\"og:description\" content=\"A Ford Ranger 2026 estreia no Brasil com motor V6, novo visual e muita tecnologia. Confira vers\u00f5es, pre\u00e7os e destaques da picape.\" \/>\n<meta property=\"og:url\" content=\"https:\/\/www.em.com.br\/emfoco\/2025\/07\/13\/ford-lanca-a-nova-ranger-2026-agora-muito-mais-tecnologia-e-bruta-com-motor-v6\/\" \/>\n<meta property=\"og:site_name\" content=\"Estado de Minas - Em foco\" \/>\n<meta property=\"article:published_time\" content=\"2025-07-13T09:08:00+00:00\" \/>\n<meta property=\"article:modified_time\" content=\"2025-07-12T19:26:04+00:00\" \/>\n<meta property=\"og:image\" content=\"https:\/\/www.em.com.br\/emfoco\/wp-content\/uploads\/2025\/07\/ad-1-14.jpg\" \/>\n\t<meta property=\"og:image:width\" content=\"1280\" \/>\n\t<meta property=\"og:image:height\" content=\"720\" \/>\n\t<meta property=\"og:image:type\" content=\"image\/jpeg\" \/>\n<meta name=\"author\" content=\"Gabriel Martins\" \/>\n<meta name=\"twitter:card\" content=\"summary_large_image\" \/>\n<meta name=\"twitter:label1\" content=\"Escrito por\" \/>\n\t<meta name=\"twitter:data1\" content=\"Gabriel Martins\" \/>\n\t<meta name=\"twitter:label2\" content=\"Est. tempo de leitura\" \/>\n\t<meta name=\"twitter:data2\" content=\"4 minutos\" \/>\n<!-- \/ Yoast SEO plugin. -->","yoast_head_json":{"title":"Ford lan\u00e7a a nova Ranger 2026! Agora muito mais tecnologia e bruta com motor V6 - Estado de Minas - Em foco","description":"A Ford Ranger 2026 estreia no Brasil com motor V6, novo visual e muita tecnologia. Confira vers\u00f5es, pre\u00e7os e destaques da picape.","robots":{"index":"index","follow":"follow","max-snippet":"max-snippet:-1","max-image-preview":"max-image-preview:large","max-video-preview":"max-video-preview:-1"},"canonical":"https:\/\/www.em.com.br\/emfoco\/2025\/07\/13\/ford-lanca-a-nova-ranger-2026-agora-muito-mais-tecnologia-e-bruta-com-motor-v6\/","og_locale":"pt_BR","og_type":"article","og_title":"Ford lan\u00e7a a nova Ranger 2026! Agora muito mais tecnologia e bruta com motor V6 - Estado de Minas - Em foco","og_description":"A Ford Ranger 2026 estreia no Brasil com motor V6, novo visual e muita tecnologia. Confira vers\u00f5es, pre\u00e7os e destaques da picape.","og_url":"https:\/\/www.em.com.br\/emfoco\/2025\/07\/13\/ford-lanca-a-nova-ranger-2026-agora-muito-mais-tecnologia-e-bruta-com-motor-v6\/","og_site_name":"Estado de Minas - Em foco","article_published_time":"2025-07-13T09:08:00+00:00","article_modified_time":"2025-07-12T19:26:04+00:00","og_image":[{"width":1280,"height":720,"url":"https:\/\/www.em.com.br\/emfoco\/wp-content\/uploads\/2025\/07\/ad-1-14.jpg","type":"image\/jpeg"}],"author":"Gabriel Martins","twitter_card":"summary_large_image","twitter_misc":{"Escrito por":"Gabriel Martins","Est. tempo de leitura":"4 minutos"},"schema":{"@context":"https:\/\/schema.org","@graph":[{"@type":"WebPage","@id":"https:\/\/www.em.com.br\/emfoco\/2025\/07\/13\/ford-lanca-a-nova-ranger-2026-agora-muito-mais-tecnologia-e-bruta-com-motor-v6\/","url":"https:\/\/www.em.com.br\/emfoco\/2025\/07\/13\/ford-lanca-a-nova-ranger-2026-agora-muito-mais-tecnologia-e-bruta-com-motor-v6\/","name":"Ford lan\u00e7a a nova Ranger 2026! Agora muito mais tecnologia e bruta com motor V6 - Estado de Minas - Em foco","isPartOf":{"@id":"https:\/\/www.em.com.br\/emfoco\/#website"},"primaryImageOfPage":{"@id":"https:\/\/www.em.com.br\/emfoco\/2025\/07\/13\/ford-lanca-a-nova-ranger-2026-agora-muito-mais-tecnologia-e-bruta-com-motor-v6\/#primaryimage"},"image":{"@id":"https:\/\/www.em.com.br\/emfoco\/2025\/07\/13\/ford-lanca-a-nova-ranger-2026-agora-muito-mais-tecnologia-e-bruta-com-motor-v6\/#primaryimage"},"thumbnailUrl":"https:\/\/www.em.com.br\/emfoco\/wp-content\/uploads\/2025\/07\/ad-1-14.jpg","datePublished":"2025-07-13T09:08:00+00:00","dateModified":"2025-07-12T19:26:04+00:00","author":{"@id":"https:\/\/www.em.com.br\/emfoco\/#\/schema\/person\/1c9ddeab18b98abeffef834667bcf08a"},"description":"A Ford Ranger 2026 estreia no Brasil com motor V6, novo visual e muita tecnologia. Confira vers\u00f5es, pre\u00e7os e destaques da picape.","breadcrumb":{"@id":"https:\/\/www.em.com.br\/emfoco\/2025\/07\/13\/ford-lanca-a-nova-ranger-2026-agora-muito-mais-tecnologia-e-bruta-com-motor-v6\/#breadcrumb"},"inLanguage":"pt-BR","potentialAction":[{"@type":"ReadAction","target":["https:\/\/www.em.com.br\/emfoco\/2025\/07\/13\/ford-lanca-a-nova-ranger-2026-agora-muito-mais-tecnologia-e-bruta-com-motor-v6\/"]}]},{"@type":"ImageObject","inLanguage":"pt-BR","@id":"https:\/\/www.em.com.br\/emfoco\/2025\/07\/13\/ford-lanca-a-nova-ranger-2026-agora-muito-mais-tecnologia-e-bruta-com-motor-v6\/#primaryimage","url":"https:\/\/www.em.com.br\/emfoco\/wp-content\/uploads\/2025\/07\/ad-1-14.jpg","contentUrl":"https:\/\/www.em.com.br\/emfoco\/wp-content\/uploads\/2025\/07\/ad-1-14.jpg","width":1280,"height":720,"caption":"Ford Ranger Black - Cr\u00e9ditos: Ford\/Divulga\u00e7\u00e3o"},{"@type":"BreadcrumbList","@id":"https:\/\/www.em.com.br\/emfoco\/2025\/07\/13\/ford-lanca-a-nova-ranger-2026-agora-muito-mais-tecnologia-e-bruta-com-motor-v6\/#breadcrumb","itemListElement":[{"@type":"ListItem","position":1,"name":"In\u00edcio","item":"https:\/\/www.em.com.br\/emfoco\/"},{"@type":"ListItem","position":2,"name":"Ford lan\u00e7a a nova Ranger 2026! Agora muito mais tecnologia e bruta com motor V6"}]},{"@type":"WebSite","@id":"https:\/\/www.em.com.br\/emfoco\/#website","url":"https:\/\/www.em.com.br\/emfoco\/","name":"Estado de Minas - Em foco","description":"Acompanhe as \u00faltimas not\u00edcias e fique bem informado sobre tudo o que acontece em Minas Gerais, Brasil e no mundo.","potentialAction":[{"@type":"SearchAction","target":{"@type":"EntryPoint","urlTemplate":"https:\/\/www.em.com.br\/emfoco\/?s={search_term_string}"},"query-input":{"@type":"PropertyValueSpecification","valueRequired":true,"valueName":"search_term_string"}}],"inLanguage":"pt-BR"},{"@type":"Person","@id":"https:\/\/www.em.com.br\/emfoco\/#\/schema\/person\/1c9ddeab18b98abeffef834667bcf08a","name":"Gabriel Martins","image":{"@type":"ImageObject","inLanguage":"pt-BR","@id":"https:\/\/www.em.com.br\/emfoco\/#\/schema\/person\/image\/","url":"https:\/\/secure.gravatar.com\/avatar\/f0f1e2efdfd88f1ad2cb08c5c2731e50?s=96&d=mm&r=g","contentUrl":"https:\/\/secure.gravatar.com\/avatar\/f0f1e2efdfd88f1ad2cb08c5c2731e50?s=96&d=mm&r=g","caption":"Gabriel Martins"},"sameAs":["https:\/\/www.em.com.br\/emfoco\/"],"url":"https:\/\/www.em.com.br\/emfoco\/author\/gabrielmartinsmyth\/"}]}},"_links":{"self":[{"href":"https:\/\/www.em.com.br\/emfoco\/wp-json\/wp\/v2\/posts\/74000","targetHints":{"allow":["GET"]}}],"collection":[{"href":"https:\/\/www.em.com.br\/emfoco\/wp-json\/wp\/v2\/posts"}],"about":[{"href":"https:\/\/www.em.com.br\/emfoco\/wp-json\/wp\/v2\/types\/post"}],"author":[{"embeddable":true,"href":"https:\/\/www.em.com.br\/emfoco\/wp-json\/wp\/v2\/users\/13"}],"replies":[{"embeddable":true,"href":"https:\/\/www.em.com.br\/emfoco\/wp-json\/wp\/v2\/comments?post=74000"}],"version-history":[{"count":2,"href":"https:\/\/www.em.com.br\/emfoco\/wp-json\/wp\/v2\/posts\/74000\/revisions"}],"predecessor-version":[{"id":74012,"href":"https:\/\/www.em.com.br\/emfoco\/wp-json\/wp\/v2\/posts\/74000\/revisions\/74012"}],"wp:featuredmedia":[{"embeddable":true,"href":"https:\/\/www.em.com.br\/emfoco\/wp-json\/wp\/v2\/media\/74011"}],"wp:attachment":[{"href":"https:\/\/www.em.com.br\/emfoco\/wp-json\/wp\/v2\/media?parent=74000"}],"wp:term":[{"taxonomy":"category","embeddable":true,"href":"https:\/\/www.em.com.br\/emfoco\/wp-json\/wp\/v2\/categories?post=74000"},{"taxonomy":"post_tag","embeddable":true,"href":"https:\/\/www.em.com.br\/emfoco\/wp-json\/wp\/v2\/tags?post=74000"}],"curies":[{"name":"wp","href":"https:\/\/api.w.org\/{rel}","templated":true}]}}