{"id":73906,"date":"2025-07-13T08:48:00","date_gmt":"2025-07-13T11:48:00","guid":{"rendered":"https:\/\/www.em.com.br\/emfoco\/?p=73906"},"modified":"2025-07-12T16:26:38","modified_gmt":"2025-07-12T19:26:38","slug":"voce-sabia-que-o-habito-de-comer-rapido-pode-ser-mais-perigoso-do-que-voce-imagina","status":"publish","type":"post","link":"https:\/\/www.em.com.br\/emfoco\/2025\/07\/13\/voce-sabia-que-o-habito-de-comer-rapido-pode-ser-mais-perigoso-do-que-voce-imagina\/","title":{"rendered":"Voc\u00ea sabia que o h\u00e1bito de comer r\u00e1pido pode ser mais perigoso do que voc\u00ea imagina?"},"content":{"rendered":"\n<p>O ato de comer rapidamente, muitas vezes negligenciado por quem leva uma vida agitada, pode trazer consequ\u00eancias significativas para a sa\u00fade. Este h\u00e1bito, comumente associado a rotinas corridas e falta de tempo, est\u00e1 relacionado a diversos problemas que afetam o bem-estar geral. A ci\u00eancia aponta um n\u00famero crescente de evid\u00eancias que sugerem que o modo como nos alimentamos \u00e9 t\u00e3o importante quanto o que comemos.<\/p>\n\n\n\n<p>A alimenta\u00e7\u00e3o apressada pode potencialmente impactar a digest\u00e3o, levando a um menor aproveitamento dos nutrientes. Al\u00e9m disso, esse comportamento pode impedir que o organismo acione sinais adequados de saciedade, resultando em excesso de consumo alimentar. \u00c9 crucial examinar os riscos associados a esse h\u00e1bito para entender sua import\u00e2ncia e buscar alternativas vi\u00e1veis no cotidiano.<\/p>\n\n\n\n<h2 class=\"wp-block-heading\">Como o h\u00e1bito de comer r\u00e1pido afeta sua digest\u00e3o?<\/h2>\n\n\n\n<p><strong>Comer rapidamente pode prejudicar significativamente o funcionamento do sistema digestivo.<\/strong> Quando os alimentos n\u00e3o s\u00e3o mastigados adequadamente, o processo inicial da digest\u00e3o que ocorre na boca \u00e9 comprometido. Saliva insuficiente impede a degrada\u00e7\u00e3o eficaz dos alimentos, resultando em um aumento de trabalho para o est\u00f4mago e intestinos, o que pode desencadear desconforto digestivo.<\/p>\n\n\n\n<p>Al\u00e9m de problemas digestivos, a mastiga\u00e7\u00e3o incompleta e o consumo r\u00e1pido podem contribuir para a forma\u00e7\u00e3o de gases, incha\u00e7o e indigest\u00e3o. <strong>A <a href=\"https:\/\/www.em.com.br\/emfoco\/2025\/06\/28\/cha-de-folha-de-goiabeira-ajuda-na-digestao-e-ainda-combate-gases-e-colicas\/\" target=\"_blank\" rel=\"noreferrer noopener\">digest\u00e3o <\/a>inadequada pode impactar na absor\u00e7\u00e3o de nutrientes, levando a defici\u00eancias nutricionais ao longo do tempo.<\/strong> \u00c9 fundamental adotar pr\u00e1ticas alimentares mais conscientes para prevenir esses problemas. Para al\u00e9m disso, comer r\u00e1pido pode piorar quadros preexistentes como gastrite ou refluxo.<\/p>\n\n\n\n<figure class=\"wp-block-image size-large\"><img loading=\"lazy\" decoding=\"async\" width=\"1024\" height=\"576\" src=\"https:\/\/www.em.com.br\/emfoco\/wp-content\/uploads\/2025\/06\/mastigar_1750253282211-1024x576.jpg\" alt=\"Voc\u00ea sabia que mastigar devagar pode melhorar sua digest\u00e3o e at\u00e9 emagrecer?\" class=\"wp-image-62919\" srcset=\"https:\/\/www.em.com.br\/emfoco\/wp-content\/uploads\/2025\/06\/mastigar_1750253282211-1024x576.jpg 1024w, https:\/\/www.em.com.br\/emfoco\/wp-content\/uploads\/2025\/06\/mastigar_1750253282211-300x169.jpg 300w, https:\/\/www.em.com.br\/emfoco\/wp-content\/uploads\/2025\/06\/mastigar_1750253282211-768x432.jpg 768w, https:\/\/www.em.com.br\/emfoco\/wp-content\/uploads\/2025\/06\/mastigar_1750253282211-750x422.jpg 750w, https:\/\/www.em.com.br\/emfoco\/wp-content\/uploads\/2025\/06\/mastigar_1750253282211-1140x642.jpg 1140w, https:\/\/www.em.com.br\/emfoco\/wp-content\/uploads\/2025\/06\/mastigar_1750253282211.jpg 1279w\" sizes=\"auto, (max-width: 1024px) 100vw, 1024px\" \/><figcaption class=\"wp-element-caption\">Mulher comendo ma\u00e7\u00e3 &#8211; Cr\u00e9ditos: depositphotos.com \/ PetarPaunchev<\/figcaption><\/figure>\n\n\n\n<h2 class=\"wp-block-heading\">Quais s\u00e3o as liga\u00e7\u00f5es entre comer rapidamente e o ganho de peso?<\/h2>\n\n\n\n<p><strong>A conex\u00e3o entre refei\u00e7\u00f5es r\u00e1pidas e o acr\u00e9scimo de peso corporal n\u00e3o pode ser subestimada.<\/strong> Ao comer rapidamente, a sinaliza\u00e7\u00e3o de saciedade ao c\u00e9rebro \u00e9 retardada, fazendo com que a pessoa consuma mais calorias do que o necess\u00e1rio. Este h\u00e1bito pode facilmente se transformar em um padr\u00e3o de excessos alimentares.<\/p>\n\n\n\n<p>Estudos indicam que indiv\u00edduos que comem em um ritmo acelerado tendem a ter um \u00edndice de massa corporal mais elevado em compara\u00e7\u00e3o \u00e0queles que comem devagar. <strong>Incorporar um ritmo mais lento durante as refei\u00e7\u00f5es permite que o corpo sinalize a saciedade de forma mais eficaz, auxiliando na manuten\u00e7\u00e3o de um peso saud\u00e1vel.<\/strong> Al\u00e9m disso, a alimenta\u00e7\u00e3o desacelerada pode auxiliar no controle glic\u00eamico, importante para a preven\u00e7\u00e3o do <strong><a href=\"https:\/\/altadiagnosticos.com.br\/saude\/diabetes-tipo-2\/\" target=\"_blank\" rel=\"noreferrer noopener\">diabetes tipo 2<\/a><\/strong>.<\/p>\n\n\n\n<h2 class=\"wp-block-heading\">Comer r\u00e1pido pode influenciar na sa\u00fade cardiovascular?<\/h2>\n\n\n\n<p><strong>A rela\u00e7\u00e3o entre a alimenta\u00e7\u00e3o r\u00e1pida e a sa\u00fade do cora\u00e7\u00e3o tamb\u00e9m est\u00e1 sob an\u00e1lise de especialistas.<\/strong> Pesquisas sugerem que esse h\u00e1bito pode estar associado a fatores de risco ligados a doen\u00e7as cardiovasculares, como aumento de press\u00e3o arterial e eleva\u00e7\u00e3o dos n\u00edveis de colesterol no sangue.<\/p>\n\n\n\n<p>Pr\u00e1ticas alimentares apressadas tamb\u00e9m podem contribuir para o aumento de peso, que \u00e9 um fator de risco conhecido para doen\u00e7as card\u00edacas. <strong>Portanto, considerar a desacelera\u00e7\u00e3o durante as refei\u00e7\u00f5es pode ser uma estrat\u00e9gia para mitigar esses riscos e proteger a sa\u00fade cardiovascular.<\/strong> Vale lembrar que outras condi\u00e7\u00f5es, como resist\u00eancia \u00e0 insulina e s\u00edndrome metab\u00f3lica, tamb\u00e9m podem estar relacionadas ao ritmo alimentar.<\/p>\n\n\n\n<h2 class=\"wp-block-heading\">Quais estrat\u00e9gias podem ajudar a desacelerar o ato de comer?<\/h2>\n\n\n\n<p><strong>H\u00e1 diversas maneiras de cultivar o h\u00e1bito de comer em um ritmo mais tranquilo, promovendo a sa\u00fade digestiva e controlando melhor a ingest\u00e3o cal\u00f3rica.<\/strong> Uma estrat\u00e9gia eficaz \u00e9 estabelecer um ambiente de refei\u00e7\u00e3o tranquilo, livre de distra\u00e7\u00f5es como televis\u00f5es ou celulares, que podem estimular comer sem aten\u00e7\u00e3o.<\/p>\n\n\n\n<p><strong>Outra sugest\u00e3o \u00e9 praticar a mastiga\u00e7\u00e3o consciente, que envolve prestar aten\u00e7\u00e3o no sabor e textura dos alimentos.<\/strong> Essa pr\u00e1tica n\u00e3o s\u00f3 melhora a digest\u00e3o, como tamb\u00e9m proporciona uma experi\u00eancia gastron\u00f4mica mais rica e satisfat\u00f3ria. Adotar esses comportamentos pode ser instrumental para melhorar a qualidade de vida a longo prazo. Outras dicas incluem repousar os talheres entre as garfadas e programar pequenas pausas durante a refei\u00e7\u00e3o, al\u00e9m de priorizar refei\u00e7\u00f5es em hor\u00e1rios regulares sempre que poss\u00edvel.<\/p>\n","protected":false},"excerpt":{"rendered":"<p>O ato de comer rapidamente, muitas vezes negligenciado por quem leva uma vida agitada, pode trazer consequ\u00eancias significativas para a sa\u00fade. Este h\u00e1bito, comumente associado a rotinas corridas e falta de tempo, est\u00e1 relacionado a diversos problemas que afetam o bem-estar geral. A ci\u00eancia aponta um n\u00famero crescente de evid\u00eancias que sugerem que o modo [&hellip;]<\/p>\n","protected":false},"author":13,"featured_media":66702,"comment_status":"open","ping_status":"open","sticky":false,"template":"","format":"standard","meta":{"jnews-multi-image_gallery":[],"jnews_single_post":{"format":"standard"},"jnews_primary_category":[],"jnews_social_meta":[],"jnews_override_counter":[],"footnotes":""},"categories":[1,9053],"tags":[2856,4205,10474,9087],"class_list":["post-73906","post","type-post","status-publish","format-standard","has-post-thumbnail","hentry","category-noticias","category-saude","tag-comida","tag-digestao","tag-habitos-alimentares","tag-saude-digestiva"],"yoast_head":"<!-- This site is optimized with the Yoast SEO plugin v23.8 - https:\/\/yoast.com\/wordpress\/plugins\/seo\/ -->\n<title>Voc\u00ea sabia que o h\u00e1bito de comer r\u00e1pido pode ser mais perigoso do que voc\u00ea imagina? - Estado de Minas - Em foco<\/title>\n<meta name=\"description\" content=\"Comer r\u00e1pido demais pode causar problemas digestivos e at\u00e9 afetar o cora\u00e7\u00e3o. Veja os riscos e como mudar esse h\u00e1bito comum.\" \/>\n<meta name=\"robots\" content=\"index, follow, max-snippet:-1, max-image-preview:large, max-video-preview:-1\" \/>\n<link rel=\"canonical\" href=\"https:\/\/www.em.com.br\/emfoco\/2025\/07\/13\/voce-sabia-que-o-habito-de-comer-rapido-pode-ser-mais-perigoso-do-que-voce-imagina\/\" \/>\n<meta property=\"og:locale\" content=\"pt_BR\" \/>\n<meta property=\"og:type\" content=\"article\" \/>\n<meta property=\"og:title\" content=\"Voc\u00ea sabia que o h\u00e1bito de comer r\u00e1pido pode ser mais perigoso do que voc\u00ea imagina? - Estado de Minas - Em foco\" \/>\n<meta property=\"og:description\" content=\"Comer r\u00e1pido demais pode causar problemas digestivos e at\u00e9 afetar o cora\u00e7\u00e3o. Veja os riscos e como mudar esse h\u00e1bito comum.\" \/>\n<meta property=\"og:url\" content=\"https:\/\/www.em.com.br\/emfoco\/2025\/07\/13\/voce-sabia-que-o-habito-de-comer-rapido-pode-ser-mais-perigoso-do-que-voce-imagina\/\" \/>\n<meta property=\"og:site_name\" content=\"Estado de Minas - Em foco\" \/>\n<meta property=\"article:published_time\" content=\"2025-07-13T11:48:00+00:00\" \/>\n<meta property=\"article:modified_time\" content=\"2025-07-12T19:26:38+00:00\" \/>\n<meta property=\"og:image\" content=\"https:\/\/www.em.com.br\/emfoco\/wp-content\/uploads\/2025\/06\/comendo_1750856911736.jpg\" \/>\n\t<meta property=\"og:image:width\" content=\"1280\" \/>\n\t<meta property=\"og:image:height\" content=\"720\" \/>\n\t<meta property=\"og:image:type\" content=\"image\/jpeg\" \/>\n<meta name=\"author\" content=\"Gabriel Martins\" \/>\n<meta name=\"twitter:card\" content=\"summary_large_image\" \/>\n<meta name=\"twitter:label1\" content=\"Escrito por\" \/>\n\t<meta name=\"twitter:data1\" content=\"Gabriel Martins\" \/>\n\t<meta name=\"twitter:label2\" content=\"Est. tempo de leitura\" \/>\n\t<meta name=\"twitter:data2\" content=\"4 minutos\" \/>\n<!-- \/ Yoast SEO plugin. -->","yoast_head_json":{"title":"Voc\u00ea sabia que o h\u00e1bito de comer r\u00e1pido pode ser mais perigoso do que voc\u00ea imagina? - Estado de Minas - Em foco","description":"Comer r\u00e1pido demais pode causar problemas digestivos e at\u00e9 afetar o cora\u00e7\u00e3o. Veja os riscos e como mudar esse h\u00e1bito comum.","robots":{"index":"index","follow":"follow","max-snippet":"max-snippet:-1","max-image-preview":"max-image-preview:large","max-video-preview":"max-video-preview:-1"},"canonical":"https:\/\/www.em.com.br\/emfoco\/2025\/07\/13\/voce-sabia-que-o-habito-de-comer-rapido-pode-ser-mais-perigoso-do-que-voce-imagina\/","og_locale":"pt_BR","og_type":"article","og_title":"Voc\u00ea sabia que o h\u00e1bito de comer r\u00e1pido pode ser mais perigoso do que voc\u00ea imagina? - Estado de Minas - Em foco","og_description":"Comer r\u00e1pido demais pode causar problemas digestivos e at\u00e9 afetar o cora\u00e7\u00e3o. Veja os riscos e como mudar esse h\u00e1bito comum.","og_url":"https:\/\/www.em.com.br\/emfoco\/2025\/07\/13\/voce-sabia-que-o-habito-de-comer-rapido-pode-ser-mais-perigoso-do-que-voce-imagina\/","og_site_name":"Estado de Minas - Em foco","article_published_time":"2025-07-13T11:48:00+00:00","article_modified_time":"2025-07-12T19:26:38+00:00","og_image":[{"width":1280,"height":720,"url":"https:\/\/www.em.com.br\/emfoco\/wp-content\/uploads\/2025\/06\/comendo_1750856911736.jpg","type":"image\/jpeg"}],"author":"Gabriel Martins","twitter_card":"summary_large_image","twitter_misc":{"Escrito por":"Gabriel Martins","Est. tempo de leitura":"4 minutos"},"schema":{"@context":"https:\/\/schema.org","@graph":[{"@type":"WebPage","@id":"https:\/\/www.em.com.br\/emfoco\/2025\/07\/13\/voce-sabia-que-o-habito-de-comer-rapido-pode-ser-mais-perigoso-do-que-voce-imagina\/","url":"https:\/\/www.em.com.br\/emfoco\/2025\/07\/13\/voce-sabia-que-o-habito-de-comer-rapido-pode-ser-mais-perigoso-do-que-voce-imagina\/","name":"Voc\u00ea sabia que o h\u00e1bito de comer r\u00e1pido pode ser mais perigoso do que voc\u00ea imagina? - Estado de Minas - Em foco","isPartOf":{"@id":"https:\/\/www.em.com.br\/emfoco\/#website"},"primaryImageOfPage":{"@id":"https:\/\/www.em.com.br\/emfoco\/2025\/07\/13\/voce-sabia-que-o-habito-de-comer-rapido-pode-ser-mais-perigoso-do-que-voce-imagina\/#primaryimage"},"image":{"@id":"https:\/\/www.em.com.br\/emfoco\/2025\/07\/13\/voce-sabia-que-o-habito-de-comer-rapido-pode-ser-mais-perigoso-do-que-voce-imagina\/#primaryimage"},"thumbnailUrl":"https:\/\/www.em.com.br\/emfoco\/wp-content\/uploads\/2025\/06\/comendo_1750856911736.jpg","datePublished":"2025-07-13T11:48:00+00:00","dateModified":"2025-07-12T19:26:38+00:00","author":{"@id":"https:\/\/www.em.com.br\/emfoco\/#\/schema\/person\/1c9ddeab18b98abeffef834667bcf08a"},"description":"Comer r\u00e1pido demais pode causar problemas digestivos e at\u00e9 afetar o cora\u00e7\u00e3o. Veja os riscos e como mudar esse h\u00e1bito comum.","breadcrumb":{"@id":"https:\/\/www.em.com.br\/emfoco\/2025\/07\/13\/voce-sabia-que-o-habito-de-comer-rapido-pode-ser-mais-perigoso-do-que-voce-imagina\/#breadcrumb"},"inLanguage":"pt-BR","potentialAction":[{"@type":"ReadAction","target":["https:\/\/www.em.com.br\/emfoco\/2025\/07\/13\/voce-sabia-que-o-habito-de-comer-rapido-pode-ser-mais-perigoso-do-que-voce-imagina\/"]}]},{"@type":"ImageObject","inLanguage":"pt-BR","@id":"https:\/\/www.em.com.br\/emfoco\/2025\/07\/13\/voce-sabia-que-o-habito-de-comer-rapido-pode-ser-mais-perigoso-do-que-voce-imagina\/#primaryimage","url":"https:\/\/www.em.com.br\/emfoco\/wp-content\/uploads\/2025\/06\/comendo_1750856911736.jpg","contentUrl":"https:\/\/www.em.com.br\/emfoco\/wp-content\/uploads\/2025\/06\/comendo_1750856911736.jpg","width":1280,"height":720,"caption":"Mulher comendo - Cr\u00e9ditos: depositphotos.com \/ ArturVerkhovetskiy"},{"@type":"BreadcrumbList","@id":"https:\/\/www.em.com.br\/emfoco\/2025\/07\/13\/voce-sabia-que-o-habito-de-comer-rapido-pode-ser-mais-perigoso-do-que-voce-imagina\/#breadcrumb","itemListElement":[{"@type":"ListItem","position":1,"name":"In\u00edcio","item":"https:\/\/www.em.com.br\/emfoco\/"},{"@type":"ListItem","position":2,"name":"Voc\u00ea sabia que o h\u00e1bito de comer r\u00e1pido pode ser mais perigoso do que voc\u00ea imagina?"}]},{"@type":"WebSite","@id":"https:\/\/www.em.com.br\/emfoco\/#website","url":"https:\/\/www.em.com.br\/emfoco\/","name":"Estado de Minas - Em foco","description":"Acompanhe as \u00faltimas not\u00edcias e fique bem informado sobre tudo o que acontece em Minas Gerais, Brasil e no mundo.","potentialAction":[{"@type":"SearchAction","target":{"@type":"EntryPoint","urlTemplate":"https:\/\/www.em.com.br\/emfoco\/?s={search_term_string}"},"query-input":{"@type":"PropertyValueSpecification","valueRequired":true,"valueName":"search_term_string"}}],"inLanguage":"pt-BR"},{"@type":"Person","@id":"https:\/\/www.em.com.br\/emfoco\/#\/schema\/person\/1c9ddeab18b98abeffef834667bcf08a","name":"Gabriel Martins","image":{"@type":"ImageObject","inLanguage":"pt-BR","@id":"https:\/\/www.em.com.br\/emfoco\/#\/schema\/person\/image\/","url":"https:\/\/secure.gravatar.com\/avatar\/f0f1e2efdfd88f1ad2cb08c5c2731e50?s=96&d=mm&r=g","contentUrl":"https:\/\/secure.gravatar.com\/avatar\/f0f1e2efdfd88f1ad2cb08c5c2731e50?s=96&d=mm&r=g","caption":"Gabriel Martins"},"sameAs":["https:\/\/www.em.com.br\/emfoco\/"],"url":"https:\/\/www.em.com.br\/emfoco\/author\/gabrielmartinsmyth\/"}]}},"_links":{"self":[{"href":"https:\/\/www.em.com.br\/emfoco\/wp-json\/wp\/v2\/posts\/73906","targetHints":{"allow":["GET"]}}],"collection":[{"href":"https:\/\/www.em.com.br\/emfoco\/wp-json\/wp\/v2\/posts"}],"about":[{"href":"https:\/\/www.em.com.br\/emfoco\/wp-json\/wp\/v2\/types\/post"}],"author":[{"embeddable":true,"href":"https:\/\/www.em.com.br\/emfoco\/wp-json\/wp\/v2\/users\/13"}],"replies":[{"embeddable":true,"href":"https:\/\/www.em.com.br\/emfoco\/wp-json\/wp\/v2\/comments?post=73906"}],"version-history":[{"count":2,"href":"https:\/\/www.em.com.br\/emfoco\/wp-json\/wp\/v2\/posts\/73906\/revisions"}],"predecessor-version":[{"id":73967,"href":"https:\/\/www.em.com.br\/emfoco\/wp-json\/wp\/v2\/posts\/73906\/revisions\/73967"}],"wp:featuredmedia":[{"embeddable":true,"href":"https:\/\/www.em.com.br\/emfoco\/wp-json\/wp\/v2\/media\/66702"}],"wp:attachment":[{"href":"https:\/\/www.em.com.br\/emfoco\/wp-json\/wp\/v2\/media?parent=73906"}],"wp:term":[{"taxonomy":"category","embeddable":true,"href":"https:\/\/www.em.com.br\/emfoco\/wp-json\/wp\/v2\/categories?post=73906"},{"taxonomy":"post_tag","embeddable":true,"href":"https:\/\/www.em.com.br\/emfoco\/wp-json\/wp\/v2\/tags?post=73906"}],"curies":[{"name":"wp","href":"https:\/\/api.w.org\/{rel}","templated":true}]}}