{"id":7377,"date":"2024-12-29T17:00:00","date_gmt":"2024-12-29T20:00:00","guid":{"rendered":"https:\/\/www.em.com.br\/emfoco\/?p=7377"},"modified":"2024-12-28T18:27:26","modified_gmt":"2024-12-28T21:27:26","slug":"as-regras-do-bpc-mudaram-voce-precisa-saber-disso","status":"publish","type":"post","link":"https:\/\/www.em.com.br\/emfoco\/2024\/12\/29\/as-regras-do-bpc-mudaram-voce-precisa-saber-disso\/","title":{"rendered":"As regras do BPC mudaram: voc\u00ea precisa saber disso!"},"content":{"rendered":"\n<p>O Benef\u00edcio de Presta\u00e7\u00e3o Continuada (<a href=\"https:\/\/www.gov.br\/mds\/pt-br\/acoes-e-programas\/suas\/beneficios-assistenciais\/beneficio-assistencial-ao-idoso-e-a-pessoa-com-deficiencia-bpc\" target=\"_blank\" rel=\"noreferrer noopener\">BPC<\/a>) \u00e9 um apoio financeiro destinado a pessoas idosas com 65 anos ou mais e indiv\u00edduos com defici\u00eancia que n\u00e3o conseguem prover o pr\u00f3prio sustento ou n\u00e3o s\u00e3o sustentados por suas fam\u00edlias. Este <a href=\"https:\/\/www.em.com.br\/emfoco\/2024\/12\/22\/reforma-no-beneficio-de-prestacao-continuada-impactos-e-desafios\/\" target=\"_blank\" rel=\"noreferrer noopener\">benef\u00edcio <\/a>garante um sal\u00e1rio m\u00ednimo mensal aos contemplados. Recentemente, o governo brasileiro introduziu altera\u00e7\u00f5es significativas na forma como o BPC \u00e9 administrado e concedido, buscando equilibrar as necessidades dos benefici\u00e1rios com a sustentabilidade fiscal.<\/p>\n\n\n\n<p>As altera\u00e7\u00f5es propostas pelo governo visam, em parte, restringir o acesso ao BPC em um primeiro momento, mas algumas dessas mudan\u00e7as foram suavizadas durante a tramita\u00e7\u00e3o no Congresso. O debate em torno desse benef\u00edcio reflete a complexidade de equilibrar assist\u00eancia social com responsabilidades fiscais. Examinaremos os aspectos principais dessas mudan\u00e7as, focando especialmente nas condi\u00e7\u00f5es para pessoas com defici\u00eancia e outras regras relacionadas.<\/p>\n\n\n\n<h2 class=\"wp-block-heading\">Quais s\u00e3o as mudan\u00e7as nas regras para pessoas com defici\u00eancia?<\/h2>\n\n\n\n<p>O projeto inicial do governo propunha endurecer as condi\u00e7\u00f5es de acesso ao BPC para pessoas com defici\u00eancia. A inten\u00e7\u00e3o era permitir o benef\u00edcio apenas para aqueles com defici\u00eancias classificadas como moderadas ou graves. Contudo, ap\u00f3s revis\u00f5es e an\u00e1lises, a vers\u00e3o final da lei brasileira suprimiu essa classifica\u00e7\u00e3o, permitindo que a avalia\u00e7\u00e3o se fa\u00e7a &#8220;nos termos de regulamento&#8221;, sem a exig\u00eancia de especificar a gravidade da defici\u00eancia.<\/p>\n\n\n\n<p>Essa abordagem visa a implementa\u00e7\u00e3o de um sistema de avalia\u00e7\u00e3o que ainda ser\u00e1 discutido em 2025. O objetivo \u00e9 estabelecer um m\u00e9todo claro para determinar quem se qualifica para o BPC entre as pessoas com defici\u00eancia. O governo e o Congresso devem se envolver em debates sobre quais crit\u00e9rios espec\u00edficos ser\u00e3o considerados adequados para esta avalia\u00e7\u00e3o, garantindo justi\u00e7a e sustentabilidade no acesso aos recursos.<\/p>\n\n\n<div class=\"wp-block-image\">\n<figure class=\"aligncenter size-large\"><img loading=\"lazy\" decoding=\"async\" width=\"1024\" height=\"576\" src=\"https:\/\/www.em.com.br\/emfoco\/wp-content\/uploads\/2024\/12\/Idosos_1734194756779-1024x576.jpg\" alt=\"\" class=\"wp-image-5003\" srcset=\"https:\/\/www.em.com.br\/emfoco\/wp-content\/uploads\/2024\/12\/Idosos_1734194756779-1024x576.jpg 1024w, https:\/\/www.em.com.br\/emfoco\/wp-content\/uploads\/2024\/12\/Idosos_1734194756779-300x169.jpg 300w, https:\/\/www.em.com.br\/emfoco\/wp-content\/uploads\/2024\/12\/Idosos_1734194756779-768x432.jpg 768w, https:\/\/www.em.com.br\/emfoco\/wp-content\/uploads\/2024\/12\/Idosos_1734194756779-750x422.jpg 750w, https:\/\/www.em.com.br\/emfoco\/wp-content\/uploads\/2024\/12\/Idosos_1734194756779-1140x641.jpg 1140w, https:\/\/www.em.com.br\/emfoco\/wp-content\/uploads\/2024\/12\/Idosos_1734194756779.jpg 1280w\" sizes=\"auto, (max-width: 1024px) 100vw, 1024px\" \/><figcaption class=\"wp-element-caption\">Aponsetado &#8211; Cr\u00e9ditos: depositphotos.com \/ AndrewLozovyi<\/figcaption><\/figure><\/div>\n\n\n<h2 class=\"wp-block-heading\">Como ficam as outras regras do BPC?<\/h2>\n\n\n\n<p>Al\u00e9m das mudan\u00e7as para pessoas com defici\u00eancia, a nova legisla\u00e7\u00e3o traz algumas atualiza\u00e7\u00f5es relevantes nas normas que regem o BPC. Primeiramente, a renda do c\u00f4njuge ou parceiro que n\u00e3o reside no mesmo endere\u00e7o n\u00e3o ser\u00e1 considerada no c\u00e1lculo da renda familiar. Essa modifica\u00e7\u00e3o visa aumentar o n\u00famero de benefici\u00e1rios ao n\u00e3o incluir esses rendimentos, ajustando-se ao cen\u00e1rio socioecon\u00f4mico dos requisitantes.<\/p>\n\n\n\n<p>Outra regra atualizada \u00e9 a exig\u00eancia de considerar todos os rendimentos brutos dos membros da fam\u00edlia que compartilham o mesmo domic\u00edlio no c\u00e1lculo da renda, independentemente de parentesco. No passado, esses detalhes n\u00e3o eram exigidos, mas a mudan\u00e7a agora aumenta a precis\u00e3o na avalia\u00e7\u00e3o das necessidades de cada solicitante.<\/p>\n\n\n\n<h2 class=\"wp-block-heading\">Quais s\u00e3o as implica\u00e7\u00f5es dessas mudan\u00e7as?<\/h2>\n\n\n\n<p>O governo estima que, com as altera\u00e7\u00f5es propostas inicialmente no projeto, haveria uma economia significativa, em torno de R$ 2 bilh\u00f5es anuais. Essas estimativas, no entanto, podem variar com as mudan\u00e7as no texto final aprovado. O impacto real das novas regras ainda depende de como as regulamenta\u00e7\u00f5es ser\u00e3o formalmente implementadas e como os \u00f3rg\u00e3os governamentais ir\u00e3o gerir os casos de benefici\u00e1rios do BPC.<\/p>\n\n\n\n<p>As novas medidas tamb\u00e9m preveem que cada benef\u00edcio do BPC deve ser revisado a cada 24 meses, com obrigatoriedade de biometria para evitar fraudes e garantir a precis\u00e3o no controle dos benefici\u00e1rios. Esta atualiza\u00e7\u00e3o de dados deve ser autom\u00e1tica, somente dispensada em regi\u00f5es onde a tecnologia necess\u00e1ria n\u00e3o est\u00e1 dispon\u00edvel.<\/p>\n\n\n\n<h2 class=\"wp-block-heading\">Qual \u00e9 o caminho futuro para o BPC?<\/h2>\n\n\n\n<p>Com as mudan\u00e7as atuais, o caminho futuro do Benef\u00edcio de Presta\u00e7\u00e3o Continuada parece focar em criar um sistema mais robusto e justo para a concess\u00e3o de aux\u00edlio \u00e0s pessoas com defici\u00eancia e idosos que mais precisam. As discuss\u00f5es futuras no Congresso, previstas para 2025, ser\u00e3o essenciais para delinear par\u00e2metros efetivos que equilibrem assist\u00eancia social e a sa\u00fade fiscal do pa\u00eds, sem descuidar do amparo \u00e0queles que realmente necessitam deste suporte. A preocupa\u00e7\u00e3o principal \u00e9 manter o benef\u00edcio acess\u00edvel e sustent\u00e1vel a longo prazo, garantindo suporte aos que vivem em situa\u00e7\u00e3o de vulnerabilidade social.<\/p>\n","protected":false},"excerpt":{"rendered":"<p>O Benef\u00edcio de Presta\u00e7\u00e3o Continuada (BPC) \u00e9 um apoio financeiro destinado a pessoas idosas com 65 anos ou mais e indiv\u00edduos com defici\u00eancia que n\u00e3o conseguem prover o pr\u00f3prio sustento ou n\u00e3o s\u00e3o sustentados por suas fam\u00edlias. Este benef\u00edcio garante um sal\u00e1rio m\u00ednimo mensal aos contemplados. Recentemente, o governo brasileiro introduziu altera\u00e7\u00f5es significativas na forma [&hellip;]<\/p>\n","protected":false},"author":7,"featured_media":0,"comment_status":"open","ping_status":"open","sticky":false,"template":"","format":"standard","meta":{"jnews-multi-image_gallery":[],"jnews_single_post":{"format":"standard"},"jnews_primary_category":[],"jnews_social_meta":[],"jnews_override_counter":[],"footnotes":""},"categories":[28],"tags":[498,2603,257,2605,1516,2604],"class_list":["post-7377","post","type-post","status-publish","format-standard","hentry","category-economia","tag-assistencia-social","tag-beneficio-financeiro","tag-bpc","tag-lei-brasileira","tag-pessoas-com-deficiencia","tag-pessoas-idosas"],"yoast_head":"<!-- This site is optimized with the Yoast SEO plugin v23.8 - https:\/\/yoast.com\/wordpress\/plugins\/seo\/ -->\n<title>As regras do BPC mudaram: voc\u00ea precisa saber disso! - Estado de Minas - Em foco<\/title>\n<meta name=\"description\" content=\"Entenda as mudan\u00e7as nas regras do Benef\u00edcio de Presta\u00e7\u00e3o Continuada (BPC) para acesso de pessoas idosas e com defici\u00eancia.\" \/>\n<meta name=\"robots\" content=\"index, follow, max-snippet:-1, max-image-preview:large, max-video-preview:-1\" \/>\n<link rel=\"canonical\" href=\"https:\/\/www.em.com.br\/emfoco\/2024\/12\/29\/as-regras-do-bpc-mudaram-voce-precisa-saber-disso\/\" \/>\n<meta property=\"og:locale\" content=\"pt_BR\" \/>\n<meta property=\"og:type\" content=\"article\" \/>\n<meta property=\"og:title\" content=\"As regras do BPC mudaram: voc\u00ea precisa saber disso! - Estado de Minas - Em foco\" \/>\n<meta property=\"og:description\" content=\"Entenda as mudan\u00e7as nas regras do Benef\u00edcio de Presta\u00e7\u00e3o Continuada (BPC) para acesso de pessoas idosas e com defici\u00eancia.\" \/>\n<meta property=\"og:url\" content=\"https:\/\/www.em.com.br\/emfoco\/2024\/12\/29\/as-regras-do-bpc-mudaram-voce-precisa-saber-disso\/\" \/>\n<meta property=\"og:site_name\" content=\"Estado de Minas - Em foco\" \/>\n<meta property=\"article:published_time\" content=\"2024-12-29T20:00:00+00:00\" \/>\n<meta property=\"article:modified_time\" content=\"2024-12-28T21:27:26+00:00\" \/>\n<meta property=\"og:image\" content=\"https:\/\/www.em.com.br\/emfoco\/wp-content\/uploads\/2024\/12\/Inauguracao_do_Centro_de_Convivencia_do_Idoso_37577064290.jpg\" \/>\n\t<meta property=\"og:image:width\" content=\"1200\" \/>\n\t<meta property=\"og:image:height\" content=\"825\" \/>\n\t<meta property=\"og:image:type\" content=\"image\/jpeg\" \/>\n<meta name=\"author\" content=\"Kelvin\" \/>\n<meta name=\"twitter:card\" content=\"summary_large_image\" \/>\n<meta name=\"twitter:label1\" content=\"Escrito por\" \/>\n\t<meta name=\"twitter:data1\" content=\"Kelvin\" \/>\n\t<meta name=\"twitter:label2\" content=\"Est. tempo de leitura\" \/>\n\t<meta name=\"twitter:data2\" content=\"4 minutos\" \/>\n<!-- \/ Yoast SEO plugin. -->","yoast_head_json":{"title":"As regras do BPC mudaram: voc\u00ea precisa saber disso! - Estado de Minas - Em foco","description":"Entenda as mudan\u00e7as nas regras do Benef\u00edcio de Presta\u00e7\u00e3o Continuada (BPC) para acesso de pessoas idosas e com defici\u00eancia.","robots":{"index":"index","follow":"follow","max-snippet":"max-snippet:-1","max-image-preview":"max-image-preview:large","max-video-preview":"max-video-preview:-1"},"canonical":"https:\/\/www.em.com.br\/emfoco\/2024\/12\/29\/as-regras-do-bpc-mudaram-voce-precisa-saber-disso\/","og_locale":"pt_BR","og_type":"article","og_title":"As regras do BPC mudaram: voc\u00ea precisa saber disso! - Estado de Minas - Em foco","og_description":"Entenda as mudan\u00e7as nas regras do Benef\u00edcio de Presta\u00e7\u00e3o Continuada (BPC) para acesso de pessoas idosas e com defici\u00eancia.","og_url":"https:\/\/www.em.com.br\/emfoco\/2024\/12\/29\/as-regras-do-bpc-mudaram-voce-precisa-saber-disso\/","og_site_name":"Estado de Minas - Em foco","article_published_time":"2024-12-29T20:00:00+00:00","article_modified_time":"2024-12-28T21:27:26+00:00","og_image":[{"width":1200,"height":825,"url":"https:\/\/www.em.com.br\/emfoco\/wp-content\/uploads\/2024\/12\/Inauguracao_do_Centro_de_Convivencia_do_Idoso_37577064290.jpg","type":"image\/jpeg"}],"author":"Kelvin","twitter_card":"summary_large_image","twitter_misc":{"Escrito por":"Kelvin","Est. tempo de leitura":"4 minutos"},"schema":{"@context":"https:\/\/schema.org","@graph":[{"@type":"WebPage","@id":"https:\/\/www.em.com.br\/emfoco\/2024\/12\/29\/as-regras-do-bpc-mudaram-voce-precisa-saber-disso\/","url":"https:\/\/www.em.com.br\/emfoco\/2024\/12\/29\/as-regras-do-bpc-mudaram-voce-precisa-saber-disso\/","name":"As regras do BPC mudaram: voc\u00ea precisa saber disso! - Estado de Minas - Em foco","isPartOf":{"@id":"https:\/\/www.em.com.br\/emfoco\/#website"},"primaryImageOfPage":{"@id":"https:\/\/www.em.com.br\/emfoco\/2024\/12\/29\/as-regras-do-bpc-mudaram-voce-precisa-saber-disso\/#primaryimage"},"image":{"@id":"https:\/\/www.em.com.br\/emfoco\/2024\/12\/29\/as-regras-do-bpc-mudaram-voce-precisa-saber-disso\/#primaryimage"},"thumbnailUrl":"https:\/\/www.em.com.br\/emfoco\/wp-content\/uploads\/2024\/12\/Idosos_1734194756779-1024x576.jpg","datePublished":"2024-12-29T20:00:00+00:00","dateModified":"2024-12-28T21:27:26+00:00","author":{"@id":"https:\/\/www.em.com.br\/emfoco\/#\/schema\/person\/fb0a7f48c6fbb94b83f413a80f61917d"},"description":"Entenda as mudan\u00e7as nas regras do Benef\u00edcio de Presta\u00e7\u00e3o Continuada (BPC) para acesso de pessoas idosas e com defici\u00eancia.","breadcrumb":{"@id":"https:\/\/www.em.com.br\/emfoco\/2024\/12\/29\/as-regras-do-bpc-mudaram-voce-precisa-saber-disso\/#breadcrumb"},"inLanguage":"pt-BR","potentialAction":[{"@type":"ReadAction","target":["https:\/\/www.em.com.br\/emfoco\/2024\/12\/29\/as-regras-do-bpc-mudaram-voce-precisa-saber-disso\/"]}]},{"@type":"ImageObject","inLanguage":"pt-BR","@id":"https:\/\/www.em.com.br\/emfoco\/2024\/12\/29\/as-regras-do-bpc-mudaram-voce-precisa-saber-disso\/#primaryimage","url":"https:\/\/www.em.com.br\/emfoco\/wp-content\/uploads\/2024\/12\/Idosos_1734194756779.jpg","contentUrl":"https:\/\/www.em.com.br\/emfoco\/wp-content\/uploads\/2024\/12\/Idosos_1734194756779.jpg","width":1280,"height":720,"caption":"Aponsetado - Cr\u00e9ditos: depositphotos.com \/ AndrewLozovyi"},{"@type":"BreadcrumbList","@id":"https:\/\/www.em.com.br\/emfoco\/2024\/12\/29\/as-regras-do-bpc-mudaram-voce-precisa-saber-disso\/#breadcrumb","itemListElement":[{"@type":"ListItem","position":1,"name":"In\u00edcio","item":"https:\/\/www.em.com.br\/emfoco\/"},{"@type":"ListItem","position":2,"name":"As regras do BPC mudaram: voc\u00ea precisa saber disso!"}]},{"@type":"WebSite","@id":"https:\/\/www.em.com.br\/emfoco\/#website","url":"https:\/\/www.em.com.br\/emfoco\/","name":"Estado de Minas - Em foco","description":"Acompanhe as \u00faltimas not\u00edcias e fique bem informado sobre tudo o que acontece em Minas Gerais, Brasil e no mundo.","potentialAction":[{"@type":"SearchAction","target":{"@type":"EntryPoint","urlTemplate":"https:\/\/www.em.com.br\/emfoco\/?s={search_term_string}"},"query-input":{"@type":"PropertyValueSpecification","valueRequired":true,"valueName":"search_term_string"}}],"inLanguage":"pt-BR"},{"@type":"Person","@id":"https:\/\/www.em.com.br\/emfoco\/#\/schema\/person\/fb0a7f48c6fbb94b83f413a80f61917d","name":"Kelvin","image":{"@type":"ImageObject","inLanguage":"pt-BR","@id":"https:\/\/www.em.com.br\/emfoco\/#\/schema\/person\/image\/","url":"https:\/\/secure.gravatar.com\/avatar\/e74f84337e6bf6c4c5e88fbdffa05270?s=96&d=mm&r=g","contentUrl":"https:\/\/secure.gravatar.com\/avatar\/e74f84337e6bf6c4c5e88fbdffa05270?s=96&d=mm&r=g","caption":"Kelvin"},"sameAs":["https:\/\/www.em.com.br\/emfoco"],"url":"https:\/\/www.em.com.br\/emfoco\/author\/kelvinmyth\/"}]}},"_links":{"self":[{"href":"https:\/\/www.em.com.br\/emfoco\/wp-json\/wp\/v2\/posts\/7377","targetHints":{"allow":["GET"]}}],"collection":[{"href":"https:\/\/www.em.com.br\/emfoco\/wp-json\/wp\/v2\/posts"}],"about":[{"href":"https:\/\/www.em.com.br\/emfoco\/wp-json\/wp\/v2\/types\/post"}],"author":[{"embeddable":true,"href":"https:\/\/www.em.com.br\/emfoco\/wp-json\/wp\/v2\/users\/7"}],"replies":[{"embeddable":true,"href":"https:\/\/www.em.com.br\/emfoco\/wp-json\/wp\/v2\/comments?post=7377"}],"version-history":[{"count":2,"href":"https:\/\/www.em.com.br\/emfoco\/wp-json\/wp\/v2\/posts\/7377\/revisions"}],"predecessor-version":[{"id":7380,"href":"https:\/\/www.em.com.br\/emfoco\/wp-json\/wp\/v2\/posts\/7377\/revisions\/7380"}],"wp:attachment":[{"href":"https:\/\/www.em.com.br\/emfoco\/wp-json\/wp\/v2\/media?parent=7377"}],"wp:term":[{"taxonomy":"category","embeddable":true,"href":"https:\/\/www.em.com.br\/emfoco\/wp-json\/wp\/v2\/categories?post=7377"},{"taxonomy":"post_tag","embeddable":true,"href":"https:\/\/www.em.com.br\/emfoco\/wp-json\/wp\/v2\/tags?post=7377"}],"curies":[{"name":"wp","href":"https:\/\/api.w.org\/{rel}","templated":true}]}}