{"id":73754,"date":"2025-07-11T15:18:18","date_gmt":"2025-07-11T18:18:18","guid":{"rendered":"https:\/\/www.em.com.br\/emfoco\/?p=73754"},"modified":"2025-07-10T09:08:37","modified_gmt":"2025-07-10T12:08:37","slug":"voce-sabia-novas-coberturas-prometem-mudar-os-planos-dos-idosos","status":"publish","type":"post","link":"https:\/\/www.em.com.br\/emfoco\/2025\/07\/11\/voce-sabia-novas-coberturas-prometem-mudar-os-planos-dos-idosos\/","title":{"rendered":"Voc\u00ea sabia? Novas coberturas prometem mudar os planos dos idosos"},"content":{"rendered":"\n<p>A <strong>Ag\u00eancia Nacional de Sa\u00fade Suplementar (ANS)<\/strong> tem adotado medidas significativas que ampliam o acesso dos idosos a novas tecnologias m\u00e9dicas em planos de sa\u00fade. Recentemente, essas iniciativas ganharam destaque com a inclus\u00e3o de procedimentos avan\u00e7ados no rol de coberturas obrigat\u00f3rias. Essa <a href=\"https:\/\/www.em.com.br\/emfoco\/2025\/07\/04\/o-que-muda-nos-planos-de-saude-para-idosos-a-partir-de-2025\/\" target=\"_blank\" rel=\"noreferrer noopener\">atualiza\u00e7\u00e3o <\/a>busca atender \u00e0 crescente demanda por tratamentos mais eficazes e modernos, garantindo que os benefici\u00e1rios idosos tenham acesso a servi\u00e7os de sa\u00fade de primeira linha.<\/p>\n\n\n\n<p>Com a popula\u00e7\u00e3o envelhecendo em ritmo acelerado, a necessidade de inova\u00e7\u00f5es no cuidado \u00e0 sa\u00fade se torna evidente. A <a href=\"https:\/\/www.gov.br\/ans\/pt-br\/assuntos\/noticias\/beneficiario\/ans-altera-regras-de-cobertura-para-tratamento-de-transtornos-globais-do-desenvolvimento\" target=\"_blank\" rel=\"noreferrer noopener\">inclus\u00e3o <\/a>de novas tecnologias, como terapias gen\u00e9ticas e medicamentos biol\u00f3gicos, visa n\u00e3o apenas tratar doen\u00e7as cr\u00f4nicas comuns na terceira idade, mas tamb\u00e9m melhorar a qualidade de vida dos idosos. Ao integrar essas inova\u00e7\u00f5es, a Ag\u00eancia Nacional de Sa\u00fade Suplementar demonstra seu compromisso em proporcionar cuidados de sa\u00fade abrangentes e atualizados.<\/p>\n\n\n\n<h2 class=\"wp-block-heading\">O que motivou a ANS a ampliar a cobertura?<\/h2>\n\n\n\n<p>A decis\u00e3o da Ag\u00eancia Nacional de Sa\u00fade Suplementar em incorporar novas tecnologias est\u00e1 fortemente ligada aos avan\u00e7os cient\u00edficos que v\u00eam transformando o setor de sa\u00fade globalmente. Tecnologias como diagn\u00f3sticos por imagem mais precisos e tratamentos minimamente invasivos agora fazem parte da realidade dos idosos nos planos de sa\u00fade. Essa incorpora\u00e7\u00e3o \u00e9 motivada por dados que indicam melhoras significativas nos resultados dos tratamentos e na longevidade dos benefici\u00e1rios.<\/p>\n\n\n\n<p>Al\u00e9m disso, houve um forte envolvimento de entidades de defesa dos direitos dos idosos e de profissionais da sa\u00fade ao longo do processo de revis\u00e3o das coberturas. Este di\u00e1logo cont\u00ednuo com a sociedade civil e os especialistas permitiu \u00e0 Ag\u00eancia Nacional de Sa\u00fade Suplementar identificar as principais necessidades no cuidado \u00e0 sa\u00fade geri\u00e1trica, incentivando uma atualiza\u00e7\u00e3o frequente e din\u00e2mica do rol de coberturas.<\/p>\n\n\n\n<h2 class=\"wp-block-heading\">Quais novas tecnologias foram adicionadas?<\/h2>\n\n\n\n<p>Recentemente, a Ag\u00eancia Nacional de Sa\u00fade Suplementar incluiu uma variedade de tecnologias no rol de coberturas obrigat\u00f3rias. Entre as novas adi\u00e7\u00f5es est\u00e3o os tratamentos oncol\u00f3gicos de \u00faltima gera\u00e7\u00e3o, como a <strong>terapia CAR-T<\/strong>, que tem revolucionado o tratamento de certos tipos de c\u00e2ncer. Tamb\u00e9m foram inclu\u00eddas diferentes formas de <strong>radioterapia avan\u00e7ada<\/strong>, que oferecem precis\u00e3o e menos efeitos colaterais para pacientes mais velhos.<\/p>\n\n\n\n<p>Al\u00e9m desses, dispositivos m\u00e9dicos como <strong>marcapassos de \u00faltima gera\u00e7\u00e3o<\/strong> e <strong>stents bioabsorv\u00edveis<\/strong> foram incorporados, considerando que apresentam resultados melhores e maior seguran\u00e7a para pacientes idosos. As tecnologias diagn\u00f3sticas foram ampliadas com novos exames de imagem, destacando-se avan\u00e7os no campo da <strong>resson\u00e2ncia magn\u00e9tica<\/strong> e <strong>tomografia computadorizada<\/strong>. Outros exemplos, como a introdu\u00e7\u00e3o do <strong>PET-CT<\/strong> e do <strong>monitor de glicose cont\u00ednua<\/strong>, tamb\u00e9m merecem destaque por oferecerem monitoramento avan\u00e7ado e diagn\u00f3stico precoce, especialmente importantes para quem possui doen\u00e7as cr\u00f4nicas comuns na longevidade.<\/p>\n\n\n\n<figure class=\"wp-block-image size-large\"><img loading=\"lazy\" decoding=\"async\" width=\"1024\" height=\"576\" src=\"https:\/\/www.em.com.br\/emfoco\/wp-content\/uploads\/2025\/07\/ressonancia-magnetica_1752149134876-1024x576.jpg\" alt=\"Voc\u00ea sabia? Novas coberturas prometem mudar os planos dos idosos\" class=\"wp-image-73766\" srcset=\"https:\/\/www.em.com.br\/emfoco\/wp-content\/uploads\/2025\/07\/ressonancia-magnetica_1752149134876-1024x576.jpg 1024w, https:\/\/www.em.com.br\/emfoco\/wp-content\/uploads\/2025\/07\/ressonancia-magnetica_1752149134876-300x169.jpg 300w, https:\/\/www.em.com.br\/emfoco\/wp-content\/uploads\/2025\/07\/ressonancia-magnetica_1752149134876-768x432.jpg 768w, https:\/\/www.em.com.br\/emfoco\/wp-content\/uploads\/2025\/07\/ressonancia-magnetica_1752149134876-750x422.jpg 750w, https:\/\/www.em.com.br\/emfoco\/wp-content\/uploads\/2025\/07\/ressonancia-magnetica_1752149134876-1140x641.jpg 1140w, https:\/\/www.em.com.br\/emfoco\/wp-content\/uploads\/2025\/07\/ressonancia-magnetica_1752149134876.jpg 1280w\" sizes=\"auto, (max-width: 1024px) 100vw, 1024px\" \/><figcaption class=\"wp-element-caption\">Fazendo resson\u00e2ncia magn\u00e9tica &#8211; Cr\u00e9ditos: depositphotos.com \/ VitalikRadko<\/figcaption><\/figure>\n\n\n\n<h2 class=\"wp-block-heading\">Impactos das novas medidas nos planos de sa\u00fade<\/h2>\n\n\n\n<p>A amplia\u00e7\u00e3o do rol de coberturas pela Ag\u00eancia Nacional de Sa\u00fade Suplementar gera impacto direto tanto nos prestadores de servi\u00e7os quanto nos usu\u00e1rios dos planos de sa\u00fade. Para as operadoras, h\u00e1 o desafio de adaptar seus servi\u00e7os para oferecer suporte adequado \u00e0s novas tecnologias incorporadas. Isso implica em investimentos em infraestrutura e treinamento para estar em conformidade com as novas exig\u00eancias.<\/p>\n\n\n\n<p>Para os benefici\u00e1rios, especialmente idosos, a not\u00edcia representa um avan\u00e7o significativo na forma como t\u00eam acesso a cuidados m\u00e9dicos. Eles passam a ter um suporte mais abrangente e de maior qualidade, o que pode contribuir para um aumento na satisfa\u00e7\u00e3o com os planos de sa\u00fade e na confian\u00e7a de que seus cuidados de sa\u00fade s\u00e3o abrangentes e atualizados. Vale lembrar que alguns dos procedimentos e tratamentos j\u00e1 est\u00e3o em uso em grandes centros urbanos, como <strong>S\u00e3o Paulo<\/strong> e <strong>Rio de Janeiro<\/strong>, mas a Ag\u00eancia Nacional de Sa\u00fade Suplementar tem o compromisso de estimular a implementa\u00e7\u00e3o em todo o territ\u00f3rio brasileiro.<\/p>\n\n\n\n<h2 class=\"wp-block-heading\">Perguntas e respostas<\/h2>\n\n\n\n<ol class=\"wp-block-list\">\n<li><strong>Quais s\u00e3o os benef\u00edcios das novas coberturas para os idosos?<\/strong> <br>As novas coberturas proporcionam acesso a tratamentos mais modernos e eficazes, melhorando o resultado dos tratamentos e a qualidade de vida.<\/li>\n\n\n\n<li><strong>Como a ANS decide quais tecnologias incluir?<\/strong> <br>A decis\u00e3o \u00e9 baseada em evid\u00eancias cient\u00edficas, di\u00e1logo com entidades m\u00e9dicas e demanda social.<\/li>\n\n\n\n<li><strong>Qual o impacto financeiro para as operadoras de sa\u00fade?<\/strong> <br>As operadoras precisam investir em novas tecnologias e treinamento, mas os custos s\u00e3o compensados por uma melhor presta\u00e7\u00e3o de servi\u00e7os e potencial redu\u00e7\u00e3o de interna\u00e7\u00f5es ou procedimentos repetitivos.<\/li>\n\n\n\n<li><strong>Essas tecnologias est\u00e3o dispon\u00edveis em todo o pa\u00eds?<\/strong> <br>O acesso pode variar dependendo da infraestrutura dispon\u00edvel em determinadas regi\u00f5es, mas a Ag\u00eancia Nacional de Sa\u00fade Suplementar trabalha para que haja um acesso mais equitativo. Em estados como <strong>Minas Gerais<\/strong> e <strong>Paran\u00e1<\/strong>, institui\u00e7\u00f5es de refer\u00eancia j\u00e1 come\u00e7am a adotar as novidades.<\/li>\n<\/ol>\n","protected":false},"excerpt":{"rendered":"<p>A Ag\u00eancia Nacional de Sa\u00fade Suplementar (ANS) tem adotado medidas significativas que ampliam o acesso dos idosos a novas tecnologias m\u00e9dicas em planos de sa\u00fade. Recentemente, essas iniciativas ganharam destaque com a inclus\u00e3o de procedimentos avan\u00e7ados no rol de coberturas obrigat\u00f3rias. Essa atualiza\u00e7\u00e3o busca atender \u00e0 crescente demanda por tratamentos mais eficazes e modernos, garantindo [&hellip;]<\/p>\n","protected":false},"author":18,"featured_media":73762,"comment_status":"open","ping_status":"open","sticky":false,"template":"","format":"standard","meta":{"jnews-multi-image_gallery":[],"jnews_single_post":{"format":"standard"},"jnews_primary_category":[],"jnews_social_meta":[],"jnews_override_counter":[],"footnotes":""},"categories":[1],"tags":[490,11923,4366,11922],"class_list":["post-73754","post","type-post","status-publish","format-standard","has-post-thumbnail","hentry","category-noticias","tag-idoso","tag-novas-coberturas","tag-plano-de-saude","tag-plano-de-saude-idosos"],"yoast_head":"<!-- This site is optimized with the Yoast SEO plugin v23.8 - https:\/\/yoast.com\/wordpress\/plugins\/seo\/ -->\n<title>Voc\u00ea sabia? Novas coberturas prometem mudar os planos dos idosos - Estado de Minas - Em foco<\/title>\n<meta name=\"description\" content=\"Planos de sa\u00fade para idosos agora incluem tecnologias que antes eram inacess\u00edveis. Veja o que mudou e como isso pode impactar milh\u00f5es de vidas.\" \/>\n<meta name=\"robots\" content=\"index, follow, max-snippet:-1, max-image-preview:large, max-video-preview:-1\" \/>\n<link rel=\"canonical\" href=\"https:\/\/www.em.com.br\/emfoco\/2025\/07\/11\/voce-sabia-novas-coberturas-prometem-mudar-os-planos-dos-idosos\/\" \/>\n<meta property=\"og:locale\" content=\"pt_BR\" \/>\n<meta property=\"og:type\" content=\"article\" \/>\n<meta property=\"og:title\" content=\"Voc\u00ea sabia? Novas coberturas prometem mudar os planos dos idosos - Estado de Minas - Em foco\" \/>\n<meta property=\"og:description\" content=\"Planos de sa\u00fade para idosos agora incluem tecnologias que antes eram inacess\u00edveis. Veja o que mudou e como isso pode impactar milh\u00f5es de vidas.\" \/>\n<meta property=\"og:url\" content=\"https:\/\/www.em.com.br\/emfoco\/2025\/07\/11\/voce-sabia-novas-coberturas-prometem-mudar-os-planos-dos-idosos\/\" \/>\n<meta property=\"og:site_name\" content=\"Estado de Minas - Em foco\" \/>\n<meta property=\"article:published_time\" content=\"2025-07-11T18:18:18+00:00\" \/>\n<meta property=\"article:modified_time\" content=\"2025-07-10T12:08:37+00:00\" \/>\n<meta property=\"og:image\" content=\"https:\/\/www.em.com.br\/emfoco\/wp-content\/uploads\/2025\/07\/PLANO-DE-SAUDE_1752149055146-1.jpg\" \/>\n\t<meta property=\"og:image:width\" content=\"1280\" \/>\n\t<meta property=\"og:image:height\" content=\"720\" \/>\n\t<meta property=\"og:image:type\" content=\"image\/jpeg\" \/>\n<meta name=\"author\" content=\"Julio Cesar\" \/>\n<meta name=\"twitter:card\" content=\"summary_large_image\" \/>\n<meta name=\"twitter:label1\" content=\"Escrito por\" \/>\n\t<meta name=\"twitter:data1\" content=\"Julio Cesar\" \/>\n\t<meta name=\"twitter:label2\" content=\"Est. tempo de leitura\" \/>\n\t<meta name=\"twitter:data2\" content=\"5 minutos\" \/>\n<!-- \/ Yoast SEO plugin. -->","yoast_head_json":{"title":"Voc\u00ea sabia? Novas coberturas prometem mudar os planos dos idosos - Estado de Minas - Em foco","description":"Planos de sa\u00fade para idosos agora incluem tecnologias que antes eram inacess\u00edveis. Veja o que mudou e como isso pode impactar milh\u00f5es de vidas.","robots":{"index":"index","follow":"follow","max-snippet":"max-snippet:-1","max-image-preview":"max-image-preview:large","max-video-preview":"max-video-preview:-1"},"canonical":"https:\/\/www.em.com.br\/emfoco\/2025\/07\/11\/voce-sabia-novas-coberturas-prometem-mudar-os-planos-dos-idosos\/","og_locale":"pt_BR","og_type":"article","og_title":"Voc\u00ea sabia? Novas coberturas prometem mudar os planos dos idosos - Estado de Minas - Em foco","og_description":"Planos de sa\u00fade para idosos agora incluem tecnologias que antes eram inacess\u00edveis. Veja o que mudou e como isso pode impactar milh\u00f5es de vidas.","og_url":"https:\/\/www.em.com.br\/emfoco\/2025\/07\/11\/voce-sabia-novas-coberturas-prometem-mudar-os-planos-dos-idosos\/","og_site_name":"Estado de Minas - Em foco","article_published_time":"2025-07-11T18:18:18+00:00","article_modified_time":"2025-07-10T12:08:37+00:00","og_image":[{"width":1280,"height":720,"url":"https:\/\/www.em.com.br\/emfoco\/wp-content\/uploads\/2025\/07\/PLANO-DE-SAUDE_1752149055146-1.jpg","type":"image\/jpeg"}],"author":"Julio Cesar","twitter_card":"summary_large_image","twitter_misc":{"Escrito por":"Julio Cesar","Est. tempo de leitura":"5 minutos"},"schema":{"@context":"https:\/\/schema.org","@graph":[{"@type":"WebPage","@id":"https:\/\/www.em.com.br\/emfoco\/2025\/07\/11\/voce-sabia-novas-coberturas-prometem-mudar-os-planos-dos-idosos\/","url":"https:\/\/www.em.com.br\/emfoco\/2025\/07\/11\/voce-sabia-novas-coberturas-prometem-mudar-os-planos-dos-idosos\/","name":"Voc\u00ea sabia? Novas coberturas prometem mudar os planos dos idosos - Estado de Minas - Em foco","isPartOf":{"@id":"https:\/\/www.em.com.br\/emfoco\/#website"},"primaryImageOfPage":{"@id":"https:\/\/www.em.com.br\/emfoco\/2025\/07\/11\/voce-sabia-novas-coberturas-prometem-mudar-os-planos-dos-idosos\/#primaryimage"},"image":{"@id":"https:\/\/www.em.com.br\/emfoco\/2025\/07\/11\/voce-sabia-novas-coberturas-prometem-mudar-os-planos-dos-idosos\/#primaryimage"},"thumbnailUrl":"https:\/\/www.em.com.br\/emfoco\/wp-content\/uploads\/2025\/07\/PLANO-DE-SAUDE_1752149055146-1.jpg","datePublished":"2025-07-11T18:18:18+00:00","dateModified":"2025-07-10T12:08:37+00:00","author":{"@id":"https:\/\/www.em.com.br\/emfoco\/#\/schema\/person\/08c4a03e38018bbab9038d5f788321fc"},"description":"Planos de sa\u00fade para idosos agora incluem tecnologias que antes eram inacess\u00edveis. Veja o que mudou e como isso pode impactar milh\u00f5es de vidas.","breadcrumb":{"@id":"https:\/\/www.em.com.br\/emfoco\/2025\/07\/11\/voce-sabia-novas-coberturas-prometem-mudar-os-planos-dos-idosos\/#breadcrumb"},"inLanguage":"pt-BR","potentialAction":[{"@type":"ReadAction","target":["https:\/\/www.em.com.br\/emfoco\/2025\/07\/11\/voce-sabia-novas-coberturas-prometem-mudar-os-planos-dos-idosos\/"]}]},{"@type":"ImageObject","inLanguage":"pt-BR","@id":"https:\/\/www.em.com.br\/emfoco\/2025\/07\/11\/voce-sabia-novas-coberturas-prometem-mudar-os-planos-dos-idosos\/#primaryimage","url":"https:\/\/www.em.com.br\/emfoco\/wp-content\/uploads\/2025\/07\/PLANO-DE-SAUDE_1752149055146-1.jpg","contentUrl":"https:\/\/www.em.com.br\/emfoco\/wp-content\/uploads\/2025\/07\/PLANO-DE-SAUDE_1752149055146-1.jpg","width":1280,"height":720,"caption":"Plano de sa\u00fade - Cr\u00e9ditos: depositphotos.com \/ VitalikRadko"},{"@type":"BreadcrumbList","@id":"https:\/\/www.em.com.br\/emfoco\/2025\/07\/11\/voce-sabia-novas-coberturas-prometem-mudar-os-planos-dos-idosos\/#breadcrumb","itemListElement":[{"@type":"ListItem","position":1,"name":"In\u00edcio","item":"https:\/\/www.em.com.br\/emfoco\/"},{"@type":"ListItem","position":2,"name":"Voc\u00ea sabia? Novas coberturas prometem mudar os planos dos idosos"}]},{"@type":"WebSite","@id":"https:\/\/www.em.com.br\/emfoco\/#website","url":"https:\/\/www.em.com.br\/emfoco\/","name":"Estado de Minas - Em foco","description":"Acompanhe as \u00faltimas not\u00edcias e fique bem informado sobre tudo o que acontece em Minas Gerais, Brasil e no mundo.","potentialAction":[{"@type":"SearchAction","target":{"@type":"EntryPoint","urlTemplate":"https:\/\/www.em.com.br\/emfoco\/?s={search_term_string}"},"query-input":{"@type":"PropertyValueSpecification","valueRequired":true,"valueName":"search_term_string"}}],"inLanguage":"pt-BR"},{"@type":"Person","@id":"https:\/\/www.em.com.br\/emfoco\/#\/schema\/person\/08c4a03e38018bbab9038d5f788321fc","name":"Julio Cesar","image":{"@type":"ImageObject","inLanguage":"pt-BR","@id":"https:\/\/www.em.com.br\/emfoco\/#\/schema\/person\/image\/","url":"https:\/\/secure.gravatar.com\/avatar\/ab1ea64f0d4f4c1385f8ef10d5a6e758?s=96&d=mm&r=g","contentUrl":"https:\/\/secure.gravatar.com\/avatar\/ab1ea64f0d4f4c1385f8ef10d5a6e758?s=96&d=mm&r=g","caption":"Julio Cesar"},"url":"https:\/\/www.em.com.br\/emfoco\/author\/juliomyth\/"}]}},"_links":{"self":[{"href":"https:\/\/www.em.com.br\/emfoco\/wp-json\/wp\/v2\/posts\/73754","targetHints":{"allow":["GET"]}}],"collection":[{"href":"https:\/\/www.em.com.br\/emfoco\/wp-json\/wp\/v2\/posts"}],"about":[{"href":"https:\/\/www.em.com.br\/emfoco\/wp-json\/wp\/v2\/types\/post"}],"author":[{"embeddable":true,"href":"https:\/\/www.em.com.br\/emfoco\/wp-json\/wp\/v2\/users\/18"}],"replies":[{"embeddable":true,"href":"https:\/\/www.em.com.br\/emfoco\/wp-json\/wp\/v2\/comments?post=73754"}],"version-history":[{"count":3,"href":"https:\/\/www.em.com.br\/emfoco\/wp-json\/wp\/v2\/posts\/73754\/revisions"}],"predecessor-version":[{"id":73769,"href":"https:\/\/www.em.com.br\/emfoco\/wp-json\/wp\/v2\/posts\/73754\/revisions\/73769"}],"wp:featuredmedia":[{"embeddable":true,"href":"https:\/\/www.em.com.br\/emfoco\/wp-json\/wp\/v2\/media\/73762"}],"wp:attachment":[{"href":"https:\/\/www.em.com.br\/emfoco\/wp-json\/wp\/v2\/media?parent=73754"}],"wp:term":[{"taxonomy":"category","embeddable":true,"href":"https:\/\/www.em.com.br\/emfoco\/wp-json\/wp\/v2\/categories?post=73754"},{"taxonomy":"post_tag","embeddable":true,"href":"https:\/\/www.em.com.br\/emfoco\/wp-json\/wp\/v2\/tags?post=73754"}],"curies":[{"name":"wp","href":"https:\/\/api.w.org\/{rel}","templated":true}]}}