{"id":73699,"date":"2025-07-11T07:08:00","date_gmt":"2025-07-11T10:08:00","guid":{"rendered":"https:\/\/www.em.com.br\/emfoco\/?p=73699"},"modified":"2025-07-11T08:14:36","modified_gmt":"2025-07-11T11:14:36","slug":"73699","status":"publish","type":"post","link":"https:\/\/www.em.com.br\/emfoco\/2025\/07\/11\/73699\/","title":{"rendered":"A mudan\u00e7a que salvou minha digest\u00e3o e pode ajudar voc\u00ea tamb\u00e9m"},"content":{"rendered":"\n<p>A <a href=\"https:\/\/www.em.com.br\/emfoco\/2025\/07\/09\/conheca-o-conceito-de-alimentacao-consciente-e-como-isso-pode-transformar-sua-saude-mental\/\" target=\"_blank\" rel=\"noreferrer noopener\">alimenta\u00e7\u00e3o <\/a>desempenha um papel crucial na manuten\u00e7\u00e3o de um sistema digestivo saud\u00e1vel. A pris\u00e3o de ventre, uma condi\u00e7\u00e3o que afeta a qualidade de vida de muitas pessoas, pode ser abordada de forma natural atrav\u00e9s de uma dieta rica em fibras. Segundo especialistas, a incorpora\u00e7\u00e3o de certos alimentos na dieta di\u00e1ria pode n\u00e3o s\u00f3 regular o tr\u00e2nsito intestinal como tamb\u00e9m equilibrar os n\u00edveis de a\u00e7\u00facar no sangue e melhorar a digest\u00e3o em geral.<\/p>\n\n\n\n<p>A<a href=\"https:\/\/www.tuasaude.com\/alimentos-ricos-em-fibras\/\" target=\"_blank\" rel=\"noreferrer noopener\"> ingest\u00e3o de\u00a0<strong>fibras<\/strong><\/a>\u00a0tem sido apontada como uma solu\u00e7\u00e3o natural eficaz para diversos problemas digestivos. Para entender quais alimentos podem ser mais ben\u00e9ficos neste contexto, \u00e9 importante destacar alguns dos principais contribuintes para o al\u00edvio da pris\u00e3o de ventre e para a promo\u00e7\u00e3o de uma digest\u00e3o eficiente.<\/p>\n\n\n\n<h2 class=\"wp-block-heading\">Quais s\u00e3o os alimentos que auxiliam na digest\u00e3o?<\/h2>\n\n\n\n<p>Os&nbsp;<strong>gr\u00e3os integrais<\/strong>&nbsp;est\u00e3o no topo da lista quando se fala em promo\u00e7\u00e3o de uma digest\u00e3o saud\u00e1vel. Ricos em fibras, vitaminas e minerais, eles desempenham um papel essencial na redu\u00e7\u00e3o da obstipa\u00e7\u00e3o e na promo\u00e7\u00e3o de uma digest\u00e3o eficiente. Outro alimento bastante eficaz \u00e9 a aveia, que cont\u00e9m fibras insol\u00faveis, al\u00e9m de ser rica em c\u00e1lcio, pot\u00e1ssio, magn\u00e9sio e vitaminas do complexo B. Consumir aveia regularmente pode aliviar a constipa\u00e7\u00e3o e estabilizar o a\u00e7\u00facar no sangue.<\/p>\n\n\n\n<p>O arroz integral tamb\u00e9m \u00e9 um aliado importante no combate \u00e0 pris\u00e3o de ventre. Por ser mais rico em fibras do que o arroz branco, ele contribui para o bom funcionamento do sistema digestivo e para a evacua\u00e7\u00e3o regular. J\u00e1 os vegetais de folha verde oferecem uma excelente fonte de fibras sol\u00faveis e insol\u00faveis que suavizam as fezes e previnem o crescimento de bact\u00e9rias nocivas no trato digestivo.<\/p>\n\n\n\n<figure class=\"wp-block-image size-large\"><img loading=\"lazy\" decoding=\"async\" width=\"1024\" height=\"576\" src=\"https:\/\/www.em.com.br\/emfoco\/wp-content\/uploads\/2025\/07\/fibras_1752154442260-1024x576.jpg\" alt=\"\" class=\"wp-image-73819\" srcset=\"https:\/\/www.em.com.br\/emfoco\/wp-content\/uploads\/2025\/07\/fibras_1752154442260-1024x576.jpg 1024w, https:\/\/www.em.com.br\/emfoco\/wp-content\/uploads\/2025\/07\/fibras_1752154442260-300x169.jpg 300w, https:\/\/www.em.com.br\/emfoco\/wp-content\/uploads\/2025\/07\/fibras_1752154442260-768x432.jpg 768w, https:\/\/www.em.com.br\/emfoco\/wp-content\/uploads\/2025\/07\/fibras_1752154442260-750x422.jpg 750w, https:\/\/www.em.com.br\/emfoco\/wp-content\/uploads\/2025\/07\/fibras_1752154442260-1140x641.jpg 1140w, https:\/\/www.em.com.br\/emfoco\/wp-content\/uploads\/2025\/07\/fibras_1752154442260.jpg 1280w\" sizes=\"auto, (max-width: 1024px) 100vw, 1024px\" \/><figcaption class=\"wp-element-caption\">Comida saud\u00e1vel &#8211; Cr\u00e9ditos: depositphotos.com \/ marrakeshh<\/figcaption><\/figure>\n\n\n\n<h2 class=\"wp-block-heading\">Como frutas e vegetais podem contribuir para a sa\u00fade digestiva?<\/h2>\n\n\n\n<p>As saladas cruas, compostas por uma variedade de frutas e vegetais, fornecem nutrientes essenciais e uma quantidade significativa de fibras. Estas saladas n\u00e3o apenas facilitam a digest\u00e3o como tamb\u00e9m aceleram o tr\u00e2nsito intestinal. Entre os vegetais, aqueles de raiz, como cenouras, beterrabas, nabos e rabanetes, s\u00e3o ricos em fibras e minerais que fortalecem o sistema imunol\u00f3gico e promovem um intestino saud\u00e1vel.<\/p>\n\n\n\n<ul class=\"wp-block-list\">\n<li><strong>Laranja<\/strong>: Al\u00e9m de ser rica em fibras, a laranja oferece vitamina C e minerais que ajudam a evitar a pris\u00e3o de ventre. O consumo do fruto inteiro \u00e9 mais ben\u00e9fico do que apenas o suco, devido ao maior conte\u00fado de fibras.<\/li>\n\n\n\n<li><strong>Milho<\/strong>: Este alimento ajuda a eliminar impurezas do sistema digestivo e cont\u00e9m \u00e1cido f\u00f3lico e vitamina B, sendo ben\u00e9fico especialmente para gr\u00e1vidas.<\/li>\n\n\n\n<li><strong>Mam\u00e3o (papaia)<\/strong>: Fruto tropical altamente fibroso, o mam\u00e3o ajuda quem sofre de obstipa\u00e7\u00e3o cr\u00f4nica. Consumir mam\u00e3o em jejum pode regular o intestino e estabilizar os n\u00edveis de a\u00e7\u00facar no sangue.<\/li>\n<\/ul>\n\n\n\n<h2 class=\"wp-block-heading\">Por que a fibra \u00e9 importante para a sa\u00fade intestinal?<\/h2>\n\n\n\n<p>A fibra \u00e9 crucial na dieta por v\u00e1rias raz\u00f5es. Primeiro, ela ajuda a manter a sa\u00fade do trato digestivo ao melhorar o tr\u00e2nsito intestinal. Al\u00e9m disso, uma dieta rica em fibras est\u00e1 associada \u00e0 estabiliza\u00e7\u00e3o dos n\u00edveis de a\u00e7\u00facar no sangue e \u00e0 preven\u00e7\u00e3o de doen\u00e7as digestivas. A ingest\u00e3o adequada de fibras pode resultar em uma digest\u00e3o mais suave e menos desconforto abdominal.<\/p>\n\n\n\n<p>Incorporar alimentos ricos em fibras na dieta di\u00e1ria \u00e9 uma estrat\u00e9gia natural e saud\u00e1vel para combater a pris\u00e3o de ventre e promover a sa\u00fade digestiva. Ao considerar a variedade de op\u00e7\u00f5es dispon\u00edveis, desde gr\u00e3os integrais e vegetais de folha verde at\u00e9 frutas e vegetais de raiz, \u00e9 poss\u00edvel criar uma dieta balanceada que apoia a fun\u00e7\u00e3o eficiente do sistema digestivo.<\/p>\n\n\n\n<h2 class=\"wp-block-heading\">Quais h\u00e1bitos al\u00e9m da alimenta\u00e7\u00e3o ajudam o sistema digestivo?<\/h2>\n\n\n\n<p>Al\u00e9m da escolha de alimentos adequados, manter-se hidratado \u00e9 fundamental para uma boa digest\u00e3o. Beber \u00e1gua regularmente facilita a a\u00e7\u00e3o das fibras e promove o bom funcionamento intestinal. Praticar exerc\u00edcios f\u00edsicos de forma regular tamb\u00e9m ajuda no est\u00edmulo do tr\u00e2nsito intestinal e na preven\u00e7\u00e3o da pris\u00e3o de ventre. Evitar o consumo excessivo de alimentos ultraprocessados e ricos em gordura pode contribuir para um sistema digestivo mais saud\u00e1vel.<\/p>\n\n\n\n<h2 class=\"wp-block-heading\">Quais s\u00e3o os benef\u00edcios do consumo de fibras para diferentes faixas et\u00e1rias?<\/h2>\n\n\n\n<p>O consumo de fibras traz vantagens para pessoas de todas as idades. Em crian\u00e7as, auxilia no desenvolvimento adequado do sistema digestivo e na forma\u00e7\u00e3o de h\u00e1bitos alimentares saud\u00e1veis. Em adultos, reduz riscos de doen\u00e7as gastrointestinais, controla os n\u00edveis de a\u00e7\u00facar no sangue e pode ajudar na manuten\u00e7\u00e3o do peso. Para idosos, as fibras s\u00e3o essenciais para prevenir a constipa\u00e7\u00e3o, muito comum nessa fase da vida, e para favorecer o equil\u00edbrio da flora intestinal.<\/p>\n","protected":false},"excerpt":{"rendered":"<p>A alimenta\u00e7\u00e3o desempenha um papel crucial na manuten\u00e7\u00e3o de um sistema digestivo saud\u00e1vel. A pris\u00e3o de ventre, uma condi\u00e7\u00e3o que afeta a qualidade de vida de muitas pessoas, pode ser abordada de forma natural atrav\u00e9s de uma dieta rica em fibras. Segundo especialistas, a incorpora\u00e7\u00e3o de certos alimentos na dieta di\u00e1ria pode n\u00e3o s\u00f3 regular [&hellip;]<\/p>\n","protected":false},"author":11,"featured_media":28978,"comment_status":"open","ping_status":"open","sticky":false,"template":"","format":"standard","meta":{"jnews-multi-image_gallery":[],"jnews_single_post":{"format":"standard"},"jnews_primary_category":[],"jnews_social_meta":[],"jnews_override_counter":[],"footnotes":""},"categories":[8819,1],"tags":[4205,5181,8900],"class_list":["post-73699","post","type-post","status-publish","format-standard","has-post-thumbnail","hentry","category-curiosidades","category-noticias","tag-digestao","tag-fibras","tag-intestino"],"yoast_head":"<!-- This site is optimized with the Yoast SEO plugin v23.8 - https:\/\/yoast.com\/wordpress\/plugins\/seo\/ -->\n<title>A mudan\u00e7a que salvou minha digest\u00e3o e pode ajudar voc\u00ea tamb\u00e9m - Estado de Minas - Em foco<\/title>\n<meta name=\"description\" content=\"Seu corpo pode mudar com pequenas escolhas. Conhe\u00e7a quais alimentos ajudam na digest\u00e3o e regulam o intestino de forma natural e eficaz.\" \/>\n<meta name=\"robots\" content=\"index, follow, max-snippet:-1, max-image-preview:large, max-video-preview:-1\" \/>\n<link rel=\"canonical\" href=\"https:\/\/www.em.com.br\/emfoco\/2025\/07\/11\/73699\/\" \/>\n<meta property=\"og:locale\" content=\"pt_BR\" \/>\n<meta property=\"og:type\" content=\"article\" \/>\n<meta property=\"og:title\" content=\"A mudan\u00e7a que salvou minha digest\u00e3o e pode ajudar voc\u00ea tamb\u00e9m - Estado de Minas - Em foco\" \/>\n<meta property=\"og:description\" content=\"Seu corpo pode mudar com pequenas escolhas. Conhe\u00e7a quais alimentos ajudam na digest\u00e3o e regulam o intestino de forma natural e eficaz.\" \/>\n<meta property=\"og:url\" content=\"https:\/\/www.em.com.br\/emfoco\/2025\/07\/11\/73699\/\" \/>\n<meta property=\"og:site_name\" content=\"Estado de Minas - Em foco\" \/>\n<meta property=\"article:published_time\" content=\"2025-07-11T10:08:00+00:00\" \/>\n<meta property=\"article:modified_time\" content=\"2025-07-11T11:14:36+00:00\" \/>\n<meta property=\"og:image\" content=\"https:\/\/www.em.com.br\/emfoco\/wp-content\/uploads\/2025\/03\/alimentacao-saudavel_1742000071866.jpg\" \/>\n\t<meta property=\"og:image:width\" content=\"1280\" \/>\n\t<meta property=\"og:image:height\" content=\"720\" \/>\n\t<meta property=\"og:image:type\" content=\"image\/jpeg\" \/>\n<meta name=\"author\" content=\"Andre\u0301 Rangel\u00a0\" \/>\n<meta name=\"twitter:card\" content=\"summary_large_image\" \/>\n<meta name=\"twitter:label1\" content=\"Escrito por\" \/>\n\t<meta name=\"twitter:data1\" content=\"Andre\u0301 Rangel\u00a0\" \/>\n\t<meta name=\"twitter:label2\" content=\"Est. tempo de leitura\" \/>\n\t<meta name=\"twitter:data2\" content=\"5 minutos\" \/>\n<!-- \/ Yoast SEO plugin. -->","yoast_head_json":{"title":"A mudan\u00e7a que salvou minha digest\u00e3o e pode ajudar voc\u00ea tamb\u00e9m - Estado de Minas - Em foco","description":"Seu corpo pode mudar com pequenas escolhas. Conhe\u00e7a quais alimentos ajudam na digest\u00e3o e regulam o intestino de forma natural e eficaz.","robots":{"index":"index","follow":"follow","max-snippet":"max-snippet:-1","max-image-preview":"max-image-preview:large","max-video-preview":"max-video-preview:-1"},"canonical":"https:\/\/www.em.com.br\/emfoco\/2025\/07\/11\/73699\/","og_locale":"pt_BR","og_type":"article","og_title":"A mudan\u00e7a que salvou minha digest\u00e3o e pode ajudar voc\u00ea tamb\u00e9m - Estado de Minas - Em foco","og_description":"Seu corpo pode mudar com pequenas escolhas. Conhe\u00e7a quais alimentos ajudam na digest\u00e3o e regulam o intestino de forma natural e eficaz.","og_url":"https:\/\/www.em.com.br\/emfoco\/2025\/07\/11\/73699\/","og_site_name":"Estado de Minas - Em foco","article_published_time":"2025-07-11T10:08:00+00:00","article_modified_time":"2025-07-11T11:14:36+00:00","og_image":[{"width":1280,"height":720,"url":"https:\/\/www.em.com.br\/emfoco\/wp-content\/uploads\/2025\/03\/alimentacao-saudavel_1742000071866.jpg","type":"image\/jpeg"}],"author":"Andre\u0301 Rangel\u00a0","twitter_card":"summary_large_image","twitter_misc":{"Escrito por":"Andre\u0301 Rangel\u00a0","Est. tempo de leitura":"5 minutos"},"schema":{"@context":"https:\/\/schema.org","@graph":[{"@type":"WebPage","@id":"https:\/\/www.em.com.br\/emfoco\/2025\/07\/11\/73699\/","url":"https:\/\/www.em.com.br\/emfoco\/2025\/07\/11\/73699\/","name":"A mudan\u00e7a que salvou minha digest\u00e3o e pode ajudar voc\u00ea tamb\u00e9m - Estado de Minas - Em foco","isPartOf":{"@id":"https:\/\/www.em.com.br\/emfoco\/#website"},"primaryImageOfPage":{"@id":"https:\/\/www.em.com.br\/emfoco\/2025\/07\/11\/73699\/#primaryimage"},"image":{"@id":"https:\/\/www.em.com.br\/emfoco\/2025\/07\/11\/73699\/#primaryimage"},"thumbnailUrl":"https:\/\/www.em.com.br\/emfoco\/wp-content\/uploads\/2025\/03\/alimentacao-saudavel_1742000071866.jpg","datePublished":"2025-07-11T10:08:00+00:00","dateModified":"2025-07-11T11:14:36+00:00","author":{"@id":"https:\/\/www.em.com.br\/emfoco\/#\/schema\/person\/60eda09c1fedf0d6891f4cef4b60b8b8"},"description":"Seu corpo pode mudar com pequenas escolhas. Conhe\u00e7a quais alimentos ajudam na digest\u00e3o e regulam o intestino de forma natural e eficaz.","breadcrumb":{"@id":"https:\/\/www.em.com.br\/emfoco\/2025\/07\/11\/73699\/#breadcrumb"},"inLanguage":"pt-BR","potentialAction":[{"@type":"ReadAction","target":["https:\/\/www.em.com.br\/emfoco\/2025\/07\/11\/73699\/"]}]},{"@type":"ImageObject","inLanguage":"pt-BR","@id":"https:\/\/www.em.com.br\/emfoco\/2025\/07\/11\/73699\/#primaryimage","url":"https:\/\/www.em.com.br\/emfoco\/wp-content\/uploads\/2025\/03\/alimentacao-saudavel_1742000071866.jpg","contentUrl":"https:\/\/www.em.com.br\/emfoco\/wp-content\/uploads\/2025\/03\/alimentacao-saudavel_1742000071866.jpg","width":1280,"height":720,"caption":"Alimenta\u00e7\u00e3o saud\u00e1vel - Cr\u00e9ditos: depositphotos.com \/ ArturVerkhovetskiy"},{"@type":"BreadcrumbList","@id":"https:\/\/www.em.com.br\/emfoco\/2025\/07\/11\/73699\/#breadcrumb","itemListElement":[{"@type":"ListItem","position":1,"name":"In\u00edcio","item":"https:\/\/www.em.com.br\/emfoco\/"},{"@type":"ListItem","position":2,"name":"A mudan\u00e7a que salvou minha digest\u00e3o e pode ajudar voc\u00ea tamb\u00e9m"}]},{"@type":"WebSite","@id":"https:\/\/www.em.com.br\/emfoco\/#website","url":"https:\/\/www.em.com.br\/emfoco\/","name":"Estado de Minas - Em foco","description":"Acompanhe as \u00faltimas not\u00edcias e fique bem informado sobre tudo o que acontece em Minas Gerais, Brasil e no mundo.","potentialAction":[{"@type":"SearchAction","target":{"@type":"EntryPoint","urlTemplate":"https:\/\/www.em.com.br\/emfoco\/?s={search_term_string}"},"query-input":{"@type":"PropertyValueSpecification","valueRequired":true,"valueName":"search_term_string"}}],"inLanguage":"pt-BR"},{"@type":"Person","@id":"https:\/\/www.em.com.br\/emfoco\/#\/schema\/person\/60eda09c1fedf0d6891f4cef4b60b8b8","name":"Andre\u0301 Rangel\u00a0","image":{"@type":"ImageObject","inLanguage":"pt-BR","@id":"https:\/\/www.em.com.br\/emfoco\/#\/schema\/person\/image\/","url":"https:\/\/secure.gravatar.com\/avatar\/6234dc814c77c8ef6d8bba622c787efc?s=96&d=mm&r=g","contentUrl":"https:\/\/secure.gravatar.com\/avatar\/6234dc814c77c8ef6d8bba622c787efc?s=96&d=mm&r=g","caption":"Andre\u0301 Rangel\u00a0"},"url":"https:\/\/www.em.com.br\/emfoco\/author\/luizmyth\/"}]}},"_links":{"self":[{"href":"https:\/\/www.em.com.br\/emfoco\/wp-json\/wp\/v2\/posts\/73699","targetHints":{"allow":["GET"]}}],"collection":[{"href":"https:\/\/www.em.com.br\/emfoco\/wp-json\/wp\/v2\/posts"}],"about":[{"href":"https:\/\/www.em.com.br\/emfoco\/wp-json\/wp\/v2\/types\/post"}],"author":[{"embeddable":true,"href":"https:\/\/www.em.com.br\/emfoco\/wp-json\/wp\/v2\/users\/11"}],"replies":[{"embeddable":true,"href":"https:\/\/www.em.com.br\/emfoco\/wp-json\/wp\/v2\/comments?post=73699"}],"version-history":[{"count":4,"href":"https:\/\/www.em.com.br\/emfoco\/wp-json\/wp\/v2\/posts\/73699\/revisions"}],"predecessor-version":[{"id":73821,"href":"https:\/\/www.em.com.br\/emfoco\/wp-json\/wp\/v2\/posts\/73699\/revisions\/73821"}],"wp:featuredmedia":[{"embeddable":true,"href":"https:\/\/www.em.com.br\/emfoco\/wp-json\/wp\/v2\/media\/28978"}],"wp:attachment":[{"href":"https:\/\/www.em.com.br\/emfoco\/wp-json\/wp\/v2\/media?parent=73699"}],"wp:term":[{"taxonomy":"category","embeddable":true,"href":"https:\/\/www.em.com.br\/emfoco\/wp-json\/wp\/v2\/categories?post=73699"},{"taxonomy":"post_tag","embeddable":true,"href":"https:\/\/www.em.com.br\/emfoco\/wp-json\/wp\/v2\/tags?post=73699"}],"curies":[{"name":"wp","href":"https:\/\/api.w.org\/{rel}","templated":true}]}}